{"id":180923,"date":"2026-03-13T12:45:00","date_gmt":"2026-03-13T15:45:00","guid":{"rendered":"https:\/\/www.em.com.br\/emfoco\/?p=180923"},"modified":"2026-03-12T23:51:00","modified_gmt":"2026-03-13T02:51:00","slug":"uma-mae-de-60-anos-adota-habito-simples-de-arrumar-a-casa-ao-sair-e-psicologa-explica-o-impacto","status":"publish","type":"post","link":"https:\/\/www.em.com.br\/emfoco\/2026\/03\/13\/uma-mae-de-60-anos-adota-habito-simples-de-arrumar-a-casa-ao-sair-e-psicologa-explica-o-impacto\/","title":{"rendered":"Uma m\u00e3e de 60 anos adota h\u00e1bito simples de arrumar a casa ao sair e psic\u00f3loga explica o impacto"},"content":{"rendered":"\n<div style=\"margin: 40px 0; display: flex; justify-content: center; width: 100%;\">\n    \n    <style>\n        .people-box-container {\n            position: relative;\n            max-width: 600px;\n            width: 100%;\n            margin: 0 15px;\n            font-family: sans-serif;\n        }\n\n        .people-box-container::after {\n            content: '';\n            position: absolute;\n            top: 8px;\n            left: 8px;\n            width: 100%;\n            height: 100%;\n            background: repeating-linear-gradient(-45deg, #000, #000 1px, transparent 1px, transparent 4px);\n            z-index: 1;\n        }\n\n        .people-box-content {\n            border: 1px solid #000;\n            background-color: #fff;\n            padding: 35px 25px 25px 25px;\n            position: relative;\n            z-index: 2;\n        }\n\n        .people-box-title {\n            position: absolute;\n            top: -10px;\n            left: 50%;\n            transform: translateX(-50%);\n            background: #fff;\n            padding: 0 15px;\n            margin: 0;\n            font-weight: bold;\n            font-size: 13px;\n            letter-spacing: 2px;\n            color: #000;\n            text-transform: uppercase;\n            white-space: nowrap;\n        }\n\n        .people-box-list {\n            list-style: none !important; \n            padding: 0 !important;\n            margin: 0;\n        }\n\n        .people-box-list li {\n            list-style-type: none !important;\n            position: relative;\n            padding-left: 20px;\n            margin-bottom: 20px;\n            line-height: 1.6;\n            color: #000;\n            font-size: 16px;\n        }\n\n        .people-box-list li:last-child {\n            margin-bottom: 0;\n        }\n\n        .people-box-list li::before {\n            content: '\u2022';\n            color: #0099cc;\n            font-size: 26px;\n            position: absolute;\n            left: 0;\n            top: -7px;\n        }\n    <\/style>\n\n    <div class=\"people-box-container\">\n        <div class=\"people-box-content\">\n            <h3 class=\"people-box-title\">Resumo<\/h3>\n\n            <ul class=\"people-box-list\">\n                <li><b>O peso da rotina:<\/b> Elisa, 60 anos, sofria de ins\u00f4nia e cansa\u00e7o extremo, agravados pela sensa\u00e7\u00e3o de que a bagun\u00e7a do lar exigia um novo expediente ao fim do dia.<\/li>\n\n                <li><b>A interven\u00e7\u00e3o:<\/b> Sua psic\u00f3loga prop\u00f4s um &#8220;ritual de sa\u00edda&#8221;, dedicando de 5 a 10 minutos di\u00e1rios para organizar o b\u00e1sico da casa antes de sair para trabalhar.<\/li>\n\n                <li><b>O al\u00edvio mental:<\/b> A mudan\u00e7a reduziu o estado de alerta do c\u00e9rebro. Ao retornar para um ambiente organizado, o estresse diminuiu e o descanso se tornou poss\u00edvel.<\/li>\n            <\/ul>\n\n        <\/div>\n    <\/div>\n<\/div>\n\n\n\n<p><strong>Elisa <\/strong>tem 60 anos e, h\u00e1 pouco tempo, passou a enxergar a pr\u00f3pria casa de um jeito totalmente novo. Depois de d\u00e9cadas vivendo entre trabalho, compromissos familiares e noites mal dormidas, ela descobriu, em sess\u00e3o de terapia, que o modo como deixava o apartamento antes de sair influenciava diretamente o que sentia ao voltar \u2014 e que pequenas a\u00e7\u00f5es di\u00e1rias poderiam mudar sua rela\u00e7\u00e3o com o cansa\u00e7o e a pr\u00f3pria rotina.<\/p>\n\n\n\n<h2 class=\"wp-block-heading\">Quem \u00e9 Elisa e por que a rotina dela n\u00e3o dava mais conta<\/h2>\n\n\n\n<p>Moradora da zona leste de <strong>S\u00e3o Paulo<\/strong>, divorciada e acostumada a cuidar de outras pessoas como profissional de apoio a <a href=\"https:\/\/www.em.com.br\/emfoco\/2026\/03\/06\/idosos-acima-de-60-anos-comemoram-nova-protecao-que-impede-bancos-de-tomar-toda-a-renda-em-dividas-atrasadas\/\" target=\"_blank\" rel=\"noreferrer noopener\">idosos<\/a>, Elisa raramente se colocava em primeiro plano. Sa\u00eda de casa \u00e0s pressas, quase sem olhar ao redor, e s\u00f3 \u00e0 noite percebia que a bagun\u00e7a parecia \u201cesperar por ela\u201d na volta.<\/p>\n\n\n\n<p>Ao procurar atendimento psicol\u00f3gico com<strong> Mariana Tavares<\/strong>, especialista em sa\u00fade mental de pessoas idosas, Elisa relatava mente acelerada, dificuldades para dormir e um cansa\u00e7o que n\u00e3o passava. A terapeuta percebeu que o desconforto ao abrir a porta de casa \u2014 descrito como \u201cum outro turno de servi\u00e7o\u201d \u2014 era um ponto a ser trabalhado.<\/p>\n\n\n\n<figure class=\"wp-block-image size-large\"><img loading=\"lazy\" decoding=\"async\" width=\"1024\" height=\"576\" src=\"https:\/\/www.em.com.br\/emfoco\/wp-content\/uploads\/2026\/03\/Gemini_Generated_Image_uyvnpxuyvnpxuyvn-1-1024x576.png\" alt=\"Um ritual antes de sair pode mudar sua volta\" class=\"wp-image-180949\" srcset=\"https:\/\/www.em.com.br\/emfoco\/wp-content\/uploads\/2026\/03\/Gemini_Generated_Image_uyvnpxuyvnpxuyvn-1-1024x576.png 1024w, https:\/\/www.em.com.br\/emfoco\/wp-content\/uploads\/2026\/03\/Gemini_Generated_Image_uyvnpxuyvnpxuyvn-1-300x169.png 300w, https:\/\/www.em.com.br\/emfoco\/wp-content\/uploads\/2026\/03\/Gemini_Generated_Image_uyvnpxuyvnpxuyvn-1-768x432.png 768w, https:\/\/www.em.com.br\/emfoco\/wp-content\/uploads\/2026\/03\/Gemini_Generated_Image_uyvnpxuyvnpxuyvn-1-750x422.png 750w, https:\/\/www.em.com.br\/emfoco\/wp-content\/uploads\/2026\/03\/Gemini_Generated_Image_uyvnpxuyvnpxuyvn-1-1140x641.png 1140w, https:\/\/www.em.com.br\/emfoco\/wp-content\/uploads\/2026\/03\/Gemini_Generated_Image_uyvnpxuyvnpxuyvn-1.png 1280w\" sizes=\"auto, (max-width: 1024px) 100vw, 1024px\" \/><figcaption class=\"wp-element-caption\">Um ritual antes de sair pode mudar sua volta<\/figcaption><\/figure>\n\n\n\n<h2 class=\"wp-block-heading\">Como o ritual de sa\u00edda se transformou em ferramenta terap\u00eautica<\/h2>\n\n\n\n<p>Em sess\u00e3o, Mariana prop\u00f4s um experimento simples: transformar os \u00faltimos minutos antes de sair de casa em um pequeno ritual. A ideia era dedicar de cinco a dez minutos para colocar um m\u00ednimo de ordem nos c\u00f4modos mais usados, sem perfeccionismo ou faxina pesada.<\/p>\n\n\n\n<p>O plano foi escrito em um bilhete vis\u00edvel, com orienta\u00e7\u00f5es diretas e realiz\u00e1veis para que Elisa pudesse testar no dia a dia e observar o impacto na volta para casa. Esse roteiro inclu\u00eda a\u00e7\u00f5es curtas, mas consistentes, como:<\/p>\n\n\n\n<ul class=\"wp-block-list\">\n<li><strong>Deixar a cama alinhada antes de fechar a porta.<\/strong><\/li>\n\n\n\n<li><strong>Lavar e guardar a lou\u00e7a do caf\u00e9, sempre que poss\u00edvel.<\/strong><\/li>\n\n\n\n<li><strong>Eleger um ponto fixo da casa para permanecer desocupado, como a mesa da sala.<\/strong><\/li>\n<\/ul>\n\n\n\n<h2 class=\"wp-block-heading\">De que forma o ambiente f\u00edsico afeta o c\u00e9rebro e as emo\u00e7\u00f5es<\/h2>\n\n\n\n<p>Mariana explicou a Elisa que ambientes desorganizados, cheios de est\u00edmulos visuais, funcionam como lembretes cont\u00ednuos de \u201ccoisas por fazer\u201d. Pilhas de objetos, lou\u00e7a acumulada e roupas espalhadas mant\u00eam o c\u00e9rebro em estado de alerta, dificultando o descanso ao fim do dia.<\/p>\n\n\n\n<p>Quando Elisa passou a encontrar cama feita, pia livre e ao menos uma superf\u00edcie vazia, seu c\u00e9rebro passou a registrar essas imagens como tarefas conclu\u00eddas, e n\u00e3o como pend\u00eancias. Ela relatou menos sensa\u00e7\u00e3o de estar sempre devendo algo, maior controle sobre a rotina e uma leve melhora para iniciar o sono, especialmente quando o quarto estava em ordem.<\/p>\n\n\n\n<figure class=\"wp-block-image size-large\"><img loading=\"lazy\" decoding=\"async\" width=\"1024\" height=\"576\" src=\"https:\/\/www.em.com.br\/emfoco\/wp-content\/uploads\/2026\/03\/Gemini_Generated_Image_5we8zl5we8zl5we8-1-1024x576.png\" alt=\"Um ritual antes de sair pode mudar sua volta\" class=\"wp-image-180950\" srcset=\"https:\/\/www.em.com.br\/emfoco\/wp-content\/uploads\/2026\/03\/Gemini_Generated_Image_5we8zl5we8zl5we8-1-1024x576.png 1024w, https:\/\/www.em.com.br\/emfoco\/wp-content\/uploads\/2026\/03\/Gemini_Generated_Image_5we8zl5we8zl5we8-1-300x169.png 300w, https:\/\/www.em.com.br\/emfoco\/wp-content\/uploads\/2026\/03\/Gemini_Generated_Image_5we8zl5we8zl5we8-1-768x432.png 768w, https:\/\/www.em.com.br\/emfoco\/wp-content\/uploads\/2026\/03\/Gemini_Generated_Image_5we8zl5we8zl5we8-1-750x422.png 750w, https:\/\/www.em.com.br\/emfoco\/wp-content\/uploads\/2026\/03\/Gemini_Generated_Image_5we8zl5we8zl5we8-1-1140x641.png 1140w, https:\/\/www.em.com.br\/emfoco\/wp-content\/uploads\/2026\/03\/Gemini_Generated_Image_5we8zl5we8zl5we8-1.png 1280w\" sizes=\"auto, (max-width: 1024px) 100vw, 1024px\" \/><figcaption class=\"wp-element-caption\">Um ritual antes de sair pode mudar sua volta<\/figcaption><\/figure>\n\n\n\n<h2 class=\"wp-block-heading\">Quais a\u00e7\u00f5es di\u00e1rias tornaram o lar de Elisa menos cansativo<\/h2>\n\n\n\n<p>Com o tempo, o \u201critual de sa\u00edda\u201d passou a ser autom\u00e1tico, como um fechamento do turno da manh\u00e3. Esses passos curtos, mas repetidos, ajudaram a transformar a casa de espa\u00e7o de cobran\u00e7a em espa\u00e7o de apoio, trazendo mais previsibilidade para o fim do dia.<\/p>\n\n\n\n<ol class=\"wp-block-list\">\n<li><strong>No quarto, abrir a janela, esticar len\u00e7\u00f3is, ajeitar travesseiros e tirar qualquer pe\u00e7a de roupa da cama.<\/strong><\/li>\n\n\n\n<li><strong>Na cozinha, lavar a lou\u00e7a do caf\u00e9, secar, guardar e passar um pano r\u00e1pido na pia.<\/strong><\/li>\n\n\n\n<li><strong>Na sala, manter a mesa como \u00e1rea \u201clivre de ac\u00famulos\u201d, evitando pap\u00e9is, contas ou bolsas no mesmo lugar.<\/strong><\/li>\n\n\n\n<li><strong>Antes de trancar a porta, fazer um olhar geral de poucos minutos e recolher o que estiver mais fora de lugar.<\/strong><\/li>\n<\/ol>\n\n\n\n<h2 class=\"wp-block-heading\">Como transformar sua casa em aliada do descanso a partir de hoje<\/h2>\n\n\n\n<p>O caso de Elisa mostra que, ao incluir a organiza\u00e7\u00e3o m\u00ednima no cuidado com a <a href=\"https:\/\/www.gov.br\/saude\/pt-br\/assuntos\/saude-de-a-a-z\/s\/saude-mental\" target=\"_blank\" rel=\"noreferrer noopener\">sa\u00fade mental<\/a>, o lar deixa de ser apenas cen\u00e1rio e passa a ser pe\u00e7a ativa no bem-estar. Ao chegar em casa e encontrar um ambiente menos ca\u00f3tico, ela consegue iniciar a noite em um terreno mais favor\u00e1vel ao descanso, sem a sensa\u00e7\u00e3o de come\u00e7ar um novo turno de trabalho.<\/p>\n\n\n\n<p>Se a sua casa tamb\u00e9m parece \u201cte cobrar\u201d quando voc\u00ea entra pela porta, comece hoje mesmo com um ritual de cinco minutos antes de sair: escolha uma cama feita, uma pia limpa ou uma mesa vazia e mantenha isso todos os dias. N\u00e3o espere o esgotamento total para agir \u2014 pequenas mudan\u00e7as di\u00e1rias podem ser o ponto de virada que seu corpo e sua mente est\u00e3o pedindo agora.<\/p>\n","protected":false},"excerpt":{"rendered":"<p>Resumo O peso da rotina: Elisa, 60 anos, sofria de ins\u00f4nia e cansa\u00e7o extremo, agravados pela sensa\u00e7\u00e3o de que a bagun\u00e7a do lar exigia um novo expediente ao fim do dia. A interven\u00e7\u00e3o: Sua psic\u00f3loga prop\u00f4s um &#8220;ritual de sa\u00edda&#8221;, dedicando de 5 a 10 minutos di\u00e1rios para organizar o b\u00e1sico da casa antes de [&hellip;]<\/p>\n","protected":false},"author":11,"featured_media":180944,"comment_status":"open","ping_status":"open","sticky":false,"template":"","format":"standard","meta":{"jnews-multi-image_gallery":[],"jnews_single_post":{"format":"standard"},"jnews_primary_category":[],"jnews_social_meta":[],"jnews_override_counter":[],"footnotes":""},"categories":[8819,1],"tags":[711,2911,9040,4478,16513],"class_list":["post-180923","post","type-post","status-publish","format-standard","has-post-thumbnail","hentry","category-curiosidades","category-noticias","tag-bem-estar","tag-casa","tag-habitos","tag-organizacao","tag-reduzir-o-estresse"],"yoast_head":"<!-- This site is optimized with the Yoast SEO plugin v23.8 - https:\/\/yoast.com\/wordpress\/plugins\/seo\/ -->\n<title>Uma m\u00e3e de 60 anos adota h\u00e1bito simples de arrumar a casa ao sair e psic\u00f3loga explica o impacto - Estado de Minas - Em foco<\/title>\n<meta name=\"description\" content=\"Um h\u00e1bito simples antes de sair pode mudar a forma como voc\u00ea volta para casa. Veja como pequenas a\u00e7\u00f5es ajudam no descanso.\" \/>\n<meta name=\"robots\" content=\"index, follow, max-snippet:-1, max-image-preview:large, max-video-preview:-1\" \/>\n<link rel=\"canonical\" href=\"https:\/\/www.em.com.br\/emfoco\/2026\/03\/13\/uma-mae-de-60-anos-adota-habito-simples-de-arrumar-a-casa-ao-sair-e-psicologa-explica-o-impacto\/\" \/>\n<meta property=\"og:locale\" content=\"pt_BR\" \/>\n<meta property=\"og:type\" content=\"article\" \/>\n<meta property=\"og:title\" content=\"Uma m\u00e3e de 60 anos adota h\u00e1bito simples de arrumar a casa ao sair e psic\u00f3loga explica o impacto - Estado de Minas - Em foco\" \/>\n<meta property=\"og:description\" content=\"Um h\u00e1bito simples antes de sair pode mudar a forma como voc\u00ea volta para casa. Veja como pequenas a\u00e7\u00f5es ajudam no descanso.\" \/>\n<meta property=\"og:url\" content=\"https:\/\/www.em.com.br\/emfoco\/2026\/03\/13\/uma-mae-de-60-anos-adota-habito-simples-de-arrumar-a-casa-ao-sair-e-psicologa-explica-o-impacto\/\" \/>\n<meta property=\"og:site_name\" content=\"Estado de Minas - Em foco\" \/>\n<meta property=\"article:published_time\" content=\"2026-03-13T15:45:00+00:00\" \/>\n<meta property=\"article:modified_time\" content=\"2026-03-13T02:51:00+00:00\" \/>\n<meta property=\"og:image\" content=\"https:\/\/www.em.com.br\/emfoco\/wp-content\/uploads\/2026\/03\/Gemini_Generated_Image_iqyuq5iqyuq5iqyu-1.png\" \/>\n\t<meta property=\"og:image:width\" content=\"1280\" \/>\n\t<meta property=\"og:image:height\" content=\"720\" \/>\n\t<meta property=\"og:image:type\" content=\"image\/png\" \/>\n<meta name=\"author\" content=\"Andre\u0301 Rangel\u00a0\" \/>\n<meta name=\"twitter:card\" content=\"summary_large_image\" \/>\n<meta name=\"twitter:label1\" content=\"Escrito por\" \/>\n\t<meta name=\"twitter:data1\" content=\"Andre\u0301 Rangel\u00a0\" \/>\n\t<meta name=\"twitter:label2\" content=\"Est. tempo de leitura\" \/>\n\t<meta name=\"twitter:data2\" content=\"5 minutos\" \/>\n<!-- \/ Yoast SEO plugin. -->","yoast_head_json":{"title":"Uma m\u00e3e de 60 anos adota h\u00e1bito simples de arrumar a casa ao sair e psic\u00f3loga explica o impacto - Estado de Minas - Em foco","description":"Um h\u00e1bito simples antes de sair pode mudar a forma como voc\u00ea volta para casa. Veja como pequenas a\u00e7\u00f5es ajudam no descanso.","robots":{"index":"index","follow":"follow","max-snippet":"max-snippet:-1","max-image-preview":"max-image-preview:large","max-video-preview":"max-video-preview:-1"},"canonical":"https:\/\/www.em.com.br\/emfoco\/2026\/03\/13\/uma-mae-de-60-anos-adota-habito-simples-de-arrumar-a-casa-ao-sair-e-psicologa-explica-o-impacto\/","og_locale":"pt_BR","og_type":"article","og_title":"Uma m\u00e3e de 60 anos adota h\u00e1bito simples de arrumar a casa ao sair e psic\u00f3loga explica o impacto - Estado de Minas - Em foco","og_description":"Um h\u00e1bito simples antes de sair pode mudar a forma como voc\u00ea volta para casa. Veja como pequenas a\u00e7\u00f5es ajudam no descanso.","og_url":"https:\/\/www.em.com.br\/emfoco\/2026\/03\/13\/uma-mae-de-60-anos-adota-habito-simples-de-arrumar-a-casa-ao-sair-e-psicologa-explica-o-impacto\/","og_site_name":"Estado de Minas - Em foco","article_published_time":"2026-03-13T15:45:00+00:00","article_modified_time":"2026-03-13T02:51:00+00:00","og_image":[{"width":1280,"height":720,"url":"https:\/\/www.em.com.br\/emfoco\/wp-content\/uploads\/2026\/03\/Gemini_Generated_Image_iqyuq5iqyuq5iqyu-1.png","type":"image\/png"}],"author":"Andre\u0301 Rangel\u00a0","twitter_card":"summary_large_image","twitter_misc":{"Escrito por":"Andre\u0301 Rangel\u00a0","Est. tempo de leitura":"5 minutos"},"schema":{"@context":"https:\/\/schema.org","@graph":[{"@type":"WebPage","@id":"https:\/\/www.em.com.br\/emfoco\/2026\/03\/13\/uma-mae-de-60-anos-adota-habito-simples-de-arrumar-a-casa-ao-sair-e-psicologa-explica-o-impacto\/","url":"https:\/\/www.em.com.br\/emfoco\/2026\/03\/13\/uma-mae-de-60-anos-adota-habito-simples-de-arrumar-a-casa-ao-sair-e-psicologa-explica-o-impacto\/","name":"Uma m\u00e3e de 60 anos adota h\u00e1bito simples de arrumar a casa ao sair e psic\u00f3loga explica o impacto - Estado de Minas - Em foco","isPartOf":{"@id":"https:\/\/www.em.com.br\/emfoco\/#website"},"primaryImageOfPage":{"@id":"https:\/\/www.em.com.br\/emfoco\/2026\/03\/13\/uma-mae-de-60-anos-adota-habito-simples-de-arrumar-a-casa-ao-sair-e-psicologa-explica-o-impacto\/#primaryimage"},"image":{"@id":"https:\/\/www.em.com.br\/emfoco\/2026\/03\/13\/uma-mae-de-60-anos-adota-habito-simples-de-arrumar-a-casa-ao-sair-e-psicologa-explica-o-impacto\/#primaryimage"},"thumbnailUrl":"https:\/\/www.em.com.br\/emfoco\/wp-content\/uploads\/2026\/03\/Gemini_Generated_Image_iqyuq5iqyuq5iqyu-1.png","datePublished":"2026-03-13T15:45:00+00:00","dateModified":"2026-03-13T02:51:00+00:00","author":{"@id":"https:\/\/www.em.com.br\/emfoco\/#\/schema\/person\/60eda09c1fedf0d6891f4cef4b60b8b8"},"description":"Um h\u00e1bito simples antes de sair pode mudar a forma como voc\u00ea volta para casa. Veja como pequenas a\u00e7\u00f5es ajudam no descanso.","breadcrumb":{"@id":"https:\/\/www.em.com.br\/emfoco\/2026\/03\/13\/uma-mae-de-60-anos-adota-habito-simples-de-arrumar-a-casa-ao-sair-e-psicologa-explica-o-impacto\/#breadcrumb"},"inLanguage":"pt-BR","potentialAction":[{"@type":"ReadAction","target":["https:\/\/www.em.com.br\/emfoco\/2026\/03\/13\/uma-mae-de-60-anos-adota-habito-simples-de-arrumar-a-casa-ao-sair-e-psicologa-explica-o-impacto\/"]}]},{"@type":"ImageObject","inLanguage":"pt-BR","@id":"https:\/\/www.em.com.br\/emfoco\/2026\/03\/13\/uma-mae-de-60-anos-adota-habito-simples-de-arrumar-a-casa-ao-sair-e-psicologa-explica-o-impacto\/#primaryimage","url":"https:\/\/www.em.com.br\/emfoco\/wp-content\/uploads\/2026\/03\/Gemini_Generated_Image_iqyuq5iqyuq5iqyu-1.png","contentUrl":"https:\/\/www.em.com.br\/emfoco\/wp-content\/uploads\/2026\/03\/Gemini_Generated_Image_iqyuq5iqyuq5iqyu-1.png","width":1280,"height":720,"caption":"Um ritual antes de sair pode mudar sua volta"},{"@type":"BreadcrumbList","@id":"https:\/\/www.em.com.br\/emfoco\/2026\/03\/13\/uma-mae-de-60-anos-adota-habito-simples-de-arrumar-a-casa-ao-sair-e-psicologa-explica-o-impacto\/#breadcrumb","itemListElement":[{"@type":"ListItem","position":1,"name":"In\u00edcio","item":"https:\/\/www.em.com.br\/emfoco\/"},{"@type":"ListItem","position":2,"name":"Uma m\u00e3e de 60 anos adota h\u00e1bito simples de arrumar a casa ao sair e psic\u00f3loga explica o impacto"}]},{"@type":"WebSite","@id":"https:\/\/www.em.com.br\/emfoco\/#website","url":"https:\/\/www.em.com.br\/emfoco\/","name":"Estado de Minas - Em foco","description":"Acompanhe as \u00faltimas not\u00edcias e fique bem informado sobre tudo o que acontece em Minas Gerais, Brasil e no mundo.","potentialAction":[{"@type":"SearchAction","target":{"@type":"EntryPoint","urlTemplate":"https:\/\/www.em.com.br\/emfoco\/?s={search_term_string}"},"query-input":{"@type":"PropertyValueSpecification","valueRequired":true,"valueName":"search_term_string"}}],"inLanguage":"pt-BR"},{"@type":"Person","@id":"https:\/\/www.em.com.br\/emfoco\/#\/schema\/person\/60eda09c1fedf0d6891f4cef4b60b8b8","name":"Andre\u0301 Rangel\u00a0","image":{"@type":"ImageObject","inLanguage":"pt-BR","@id":"https:\/\/www.em.com.br\/emfoco\/#\/schema\/person\/image\/","url":"https:\/\/secure.gravatar.com\/avatar\/6234dc814c77c8ef6d8bba622c787efc?s=96&d=mm&r=g","contentUrl":"https:\/\/secure.gravatar.com\/avatar\/6234dc814c77c8ef6d8bba622c787efc?s=96&d=mm&r=g","caption":"Andre\u0301 Rangel\u00a0"},"url":"https:\/\/www.em.com.br\/emfoco\/author\/luizmyth\/"}]}},"_links":{"self":[{"href":"https:\/\/www.em.com.br\/emfoco\/wp-json\/wp\/v2\/posts\/180923","targetHints":{"allow":["GET"]}}],"collection":[{"href":"https:\/\/www.em.com.br\/emfoco\/wp-json\/wp\/v2\/posts"}],"about":[{"href":"https:\/\/www.em.com.br\/emfoco\/wp-json\/wp\/v2\/types\/post"}],"author":[{"embeddable":true,"href":"https:\/\/www.em.com.br\/emfoco\/wp-json\/wp\/v2\/users\/11"}],"replies":[{"embeddable":true,"href":"https:\/\/www.em.com.br\/emfoco\/wp-json\/wp\/v2\/comments?post=180923"}],"version-history":[{"count":4,"href":"https:\/\/www.em.com.br\/emfoco\/wp-json\/wp\/v2\/posts\/180923\/revisions"}],"predecessor-version":[{"id":180955,"href":"https:\/\/www.em.com.br\/emfoco\/wp-json\/wp\/v2\/posts\/180923\/revisions\/180955"}],"wp:featuredmedia":[{"embeddable":true,"href":"https:\/\/www.em.com.br\/emfoco\/wp-json\/wp\/v2\/media\/180944"}],"wp:attachment":[{"href":"https:\/\/www.em.com.br\/emfoco\/wp-json\/wp\/v2\/media?parent=180923"}],"wp:term":[{"taxonomy":"category","embeddable":true,"href":"https:\/\/www.em.com.br\/emfoco\/wp-json\/wp\/v2\/categories?post=180923"},{"taxonomy":"post_tag","embeddable":true,"href":"https:\/\/www.em.com.br\/emfoco\/wp-json\/wp\/v2\/tags?post=180923"}],"curies":[{"name":"wp","href":"https:\/\/api.w.org\/{rel}","templated":true}]}}