{"id":180866,"date":"2026-03-13T17:45:00","date_gmt":"2026-03-13T20:45:00","guid":{"rendered":"https:\/\/www.em.com.br\/emfoco\/?p=180866"},"modified":"2026-03-12T23:53:46","modified_gmt":"2026-03-13T02:53:46","slug":"3-cores-de-blusa-que-podem-sair-de-moda-em-2026-e-os-tons-que-prometem-substitui-las","status":"publish","type":"post","link":"https:\/\/www.em.com.br\/emfoco\/2026\/03\/13\/3-cores-de-blusa-que-podem-sair-de-moda-em-2026-e-os-tons-que-prometem-substitui-las\/","title":{"rendered":"3 cores de blusa que podem sair de moda em 2026 e os tons que prometem substitu\u00ed-las"},"content":{"rendered":"\n<p>Blusas femininas em cores estrat\u00e9gicas voltam com for\u00e7a nas cole\u00e7\u00f5es de primavera\/ver\u00e3o 2026, atualizando o visual de forma pr\u00e1tica e moderna. Em vez de transformar todo o guarda-roupa, a ideia \u00e9 apostar em poucos tons-chave. Com isso, as 3 cores que est\u00e3o saindo de moda s\u00e3o o <strong>vermelho<\/strong> sendo substitu\u00eddo pelo <strong>azul<\/strong>, o<strong> amarelo pastel<\/strong> pelo <strong>rosa pastel<\/strong>, e finalmente o <strong>bege <\/strong>substitu\u00eddo pelo <strong>branco<\/strong>.<\/p>\n\n\n\n<h2 class=\"wp-block-heading\">Por que o azul \u00e9 a cor de destaque nas blusas de 2026<\/h2>\n\n\n\n<p>A cor azul assume o protagonismo nas <a href=\"https:\/\/www.em.com.br\/emfoco\/2026\/01\/05\/5-tipos-de-blusas-verao-tendencia-2026-para-renovar-seu-guarda-roupa-pecas-leves-e-cheias-de-personalidade\/\" target=\"_blank\" rel=\"noreferrer noopener\">blusas <\/a>da temporada, ocupando o espa\u00e7o que o vermelho manteve por v\u00e1rios anos. Em vers\u00f5es vibrantes, como azul-cobalto e azul el\u00e9trico, ela aparece em produ\u00e7\u00f5es monocrom\u00e1ticas ou combinada com pe\u00e7as neutras, garantindo impacto visual sem depender do cl\u00e1ssico vermelho.<\/p>\n\n\n\n<p>Estilistas t\u00eam explorado o azul em tecidos acetinados, modelagens amplas e detalhes modernos, refor\u00e7ando sua versatilidade para looks formais e casuais. Tons como azul-marinho e azul-claro tamb\u00e9m ganham espa\u00e7o em cortes cl\u00e1ssicos, que funcionam bem em ambientes profissionais e facilitam combina\u00e7\u00f5es com jeans, alfaiataria neutra e saias estampadas.<\/p>\n\n\n\n<iframe loading=\"lazy\" src=\"https:\/\/assets.pinterest.com\/ext\/embed.html?id=596023331930799789\" height=\"618\" width=\"345\" frameborder=\"0\" scrolling=\"no\" ><\/iframe>\n\n\n\n<h2 class=\"wp-block-heading\">Como o rosa pastel substitui o amarelo claro nos looks<\/h2>\n\n\n\n<p>O rosa pastel surge como um \u201cneutro colorido\u201d que substitui o amarelo clarinho, trazendo frescor com um toque mais atual. Ele aparece em blusas leves, com babados discretos, detalhes de lingerie e acabamentos rom\u00e2nticos, mas tamb\u00e9m em pe\u00e7as minimalistas, de linhas retas e visual sofisticado.<\/p>\n\n\n\n<p>Por funcionar bem tanto em contextos formais quanto casuais, o rosa pastel se adapta a diferentes estilos e rotinas. Para ajudar a montar looks equilibrados com esse tom suave, algumas combina\u00e7\u00f5es se destacam no dia a dia e nas produ\u00e7\u00f5es mais elaboradas:<\/p>\n\n\n\n<ul class=\"wp-block-list\">\n<li><strong>Para o trabalho:<\/strong>\u00a0blusa rosa pastel com cal\u00e7a preta, cinza ou marinho.<\/li>\n\n\n\n<li><strong>Para ocasi\u00f5es sociais:<\/strong>\u00a0modelos com transpar\u00eancias sutis, rendas ou tecidos acetinados.<\/li>\n\n\n\n<li><strong>Para o dia a dia:<\/strong>\u00a0pe\u00e7as em algod\u00e3o ou viscose, combinadas com jeans claro.<\/li>\n<\/ul>\n\n\n\n<iframe loading=\"lazy\" src=\"https:\/\/assets.pinterest.com\/ext\/embed.html?id=15129348741383820\" height=\"560\" width=\"345\" frameborder=\"0\" scrolling=\"no\" ><\/iframe>\n\n\n\n<h2 class=\"wp-block-heading\">Blusas brancas voltam como base neutra principal<\/h2>\n\n\n\n<p>Entre as cores neutras, o branco retoma o papel de protagonista nas blusas para a esta\u00e7\u00e3o mais quente, substituindo o bege e tons camel como base dos looks elegantes. A proposta \u00e9 criar visuais claros e luminosos, com blusas brancas que v\u00e3o al\u00e9m da camisa cl\u00e1ssica e carregam mais informa\u00e7\u00e3o de moda.<\/p>\n\n\n\n<p>Modelos assim\u00e9tricos, recortes estrat\u00e9gicos, transpar\u00eancias moderadas, bordados e golas marcantes aparecem com frequ\u00eancia nas cole\u00e7\u00f5es. Em produ\u00e7\u00f5es monocrom\u00e1ticas com cal\u00e7as ou saias brancas, essas pe\u00e7as garantem um visual sofisticado e vers\u00e1til, ocupando com mais frescor o espa\u00e7o antes dominado pelo bege.<\/p>\n\n\n\n<iframe loading=\"lazy\" src=\"https:\/\/assets.pinterest.com\/ext\/embed.html?id=182255116165829051\" height=\"560\" width=\"345\" frameborder=\"0\" scrolling=\"no\" ><\/iframe>\n\n\n\n<h2 class=\"wp-block-heading\">Como combinar azul, rosa pastel e branco no guarda-roupa<\/h2>\n\n\n\n<p>As tr\u00eas cores em destaque \u2014 azul, rosa pastel e branco \u2014 permitem looks que v\u00e3o do marcante ao delicado, sem perder a praticidade. O azul atende quem quer presen\u00e7a, o rosa pastel equilibra suavidade e modernidade, e o branco refor\u00e7a a ideia de base neutra atemporal para diferentes contextos.<\/p>\n\n\n\n<p>Para aproveitar melhor essas <a href=\"https:\/\/business.pinterest.com\/pt-br\/pinterest-predicts\/\" target=\"_blank\" rel=\"noreferrer noopener\">tend\u00eancias<\/a>, vale seguir alguns crit\u00e9rios simples ao escolher novas blusas e substituir, aos poucos, pe\u00e7as em vermelho, amarelo pastel e bege que j\u00e1 n\u00e3o representam tanto o momento atual:<\/p>\n\n\n\n<ul class=\"wp-block-list\">\n<li>Observar quais cores valorizam mais o tom de pele.<\/li>\n\n\n\n<li>Pensar na rotina di\u00e1ria e priorizar pe\u00e7as vers\u00e1teis.<\/li>\n\n\n\n<li>Investir em ao menos uma blusa azul marcante, uma rosa pastel e uma branca bem cortada.<\/li>\n\n\n\n<li>Dar prefer\u00eancia a tecidos leves e confort\u00e1veis para o calor.<\/li>\n<\/ul>\n\n\n\n<figure class=\"wp-block-image size-large\"><img loading=\"lazy\" decoding=\"async\" width=\"1024\" height=\"576\" src=\"https:\/\/www.em.com.br\/emfoco\/wp-content\/uploads\/2026\/03\/Gemini_Generated_Image_542ejm542ejm542e-1-1024x576.png\" alt=\"Blusas em novas cores renovam seu estilo\" class=\"wp-image-180884\" srcset=\"https:\/\/www.em.com.br\/emfoco\/wp-content\/uploads\/2026\/03\/Gemini_Generated_Image_542ejm542ejm542e-1-1024x576.png 1024w, https:\/\/www.em.com.br\/emfoco\/wp-content\/uploads\/2026\/03\/Gemini_Generated_Image_542ejm542ejm542e-1-300x169.png 300w, https:\/\/www.em.com.br\/emfoco\/wp-content\/uploads\/2026\/03\/Gemini_Generated_Image_542ejm542ejm542e-1-768x432.png 768w, https:\/\/www.em.com.br\/emfoco\/wp-content\/uploads\/2026\/03\/Gemini_Generated_Image_542ejm542ejm542e-1-750x422.png 750w, https:\/\/www.em.com.br\/emfoco\/wp-content\/uploads\/2026\/03\/Gemini_Generated_Image_542ejm542ejm542e-1-1140x641.png 1140w, https:\/\/www.em.com.br\/emfoco\/wp-content\/uploads\/2026\/03\/Gemini_Generated_Image_542ejm542ejm542e-1.png 1280w\" sizes=\"auto, (max-width: 1024px) 100vw, 1024px\" \/><figcaption class=\"wp-element-caption\">Blusas em novas cores renovam seu estilo<\/figcaption><\/figure>\n\n\n\n<h2 class=\"wp-block-heading\">Como atualizar seu estilo agora com as cores de 2026<\/h2>\n\n\n\n<p>Atualizar o guarda-roupa com blusas em azul, rosa pastel e branco \u00e9 uma forma direta de entrar nas tend\u00eancias de 2026 sem perder sua identidade. Essas cores substituem naturalmente o protagonismo de vermelho, amarelo pastel e bege, criando combina\u00e7\u00f5es modernas, frescas e f\u00e1ceis de usar em diferentes ocasi\u00f5es.<\/p>\n\n\n\n<p>N\u00e3o espere as pe\u00e7as sumirem das vitrines para come\u00e7ar a mudan\u00e7a: escolha hoje ao menos uma blusa em cada uma dessas cores-chave e teste novas combina\u00e7\u00f5es com o que voc\u00ea j\u00e1 tem. Esse \u00e9 o momento de experimentar, desapegar do que ficou datado e garantir um visual atual antes da pr\u00f3xima esta\u00e7\u00e3o chegar com for\u00e7a total.<\/p>\n","protected":false},"excerpt":{"rendered":"<p>Blusas femininas em cores estrat\u00e9gicas voltam com for\u00e7a nas cole\u00e7\u00f5es de primavera\/ver\u00e3o 2026, atualizando o visual de forma pr\u00e1tica e moderna. Em vez de transformar todo o guarda-roupa, a ideia \u00e9 apostar em poucos tons-chave. Com isso, as 3 cores que est\u00e3o saindo de moda s\u00e3o o vermelho sendo substitu\u00eddo pelo azul, o amarelo pastel [&hellip;]<\/p>\n","protected":false},"author":11,"featured_media":180890,"comment_status":"open","ping_status":"open","sticky":false,"template":"","format":"standard","meta":{"jnews-multi-image_gallery":[],"jnews_single_post":{"format":"standard"},"jnews_primary_category":[],"jnews_social_meta":[],"jnews_override_counter":[],"footnotes":""},"categories":[8819,1],"tags":[26103,18815,4977,1920,3096],"class_list":["post-180866","post","type-post","status-publish","format-standard","has-post-thumbnail","hentry","category-curiosidades","category-noticias","tag-cores-de-blusa","tag-look","tag-moda","tag-tendencia","tag-tendencias"],"yoast_head":"<!-- This site is optimized with the Yoast SEO plugin v23.8 - https:\/\/yoast.com\/wordpress\/plugins\/seo\/ -->\n<title>3 cores de blusa que podem sair de moda em 2026 e os tons que prometem substitu\u00ed-las - Estado de Minas - Em foco<\/title>\n<meta name=\"description\" content=\"As cores de blusa est\u00e3o mudando em 2026. Veja quais tons entram na moda e quais come\u00e7am a desaparecer.\" \/>\n<meta name=\"robots\" content=\"index, follow, max-snippet:-1, max-image-preview:large, max-video-preview:-1\" \/>\n<link rel=\"canonical\" href=\"https:\/\/www.em.com.br\/emfoco\/2026\/03\/13\/3-cores-de-blusa-que-podem-sair-de-moda-em-2026-e-os-tons-que-prometem-substitui-las\/\" \/>\n<meta property=\"og:locale\" content=\"pt_BR\" \/>\n<meta property=\"og:type\" content=\"article\" \/>\n<meta property=\"og:title\" content=\"3 cores de blusa que podem sair de moda em 2026 e os tons que prometem substitu\u00ed-las - Estado de Minas - Em foco\" \/>\n<meta property=\"og:description\" content=\"As cores de blusa est\u00e3o mudando em 2026. Veja quais tons entram na moda e quais come\u00e7am a desaparecer.\" \/>\n<meta property=\"og:url\" content=\"https:\/\/www.em.com.br\/emfoco\/2026\/03\/13\/3-cores-de-blusa-que-podem-sair-de-moda-em-2026-e-os-tons-que-prometem-substitui-las\/\" \/>\n<meta property=\"og:site_name\" content=\"Estado de Minas - Em foco\" \/>\n<meta property=\"article:published_time\" content=\"2026-03-13T20:45:00+00:00\" \/>\n<meta property=\"article:modified_time\" content=\"2026-03-13T02:53:46+00:00\" \/>\n<meta property=\"og:image\" content=\"https:\/\/www.em.com.br\/emfoco\/wp-content\/uploads\/2026\/03\/Gemini_Generated_Image_wbtm6pwbtm6pwbtm-1.png\" \/>\n\t<meta property=\"og:image:width\" content=\"1280\" \/>\n\t<meta property=\"og:image:height\" content=\"720\" \/>\n\t<meta property=\"og:image:type\" content=\"image\/png\" \/>\n<meta name=\"author\" content=\"Andre\u0301 Rangel\u00a0\" \/>\n<meta name=\"twitter:card\" content=\"summary_large_image\" \/>\n<meta name=\"twitter:label1\" content=\"Escrito por\" \/>\n\t<meta name=\"twitter:data1\" content=\"Andre\u0301 Rangel\u00a0\" \/>\n\t<meta name=\"twitter:label2\" content=\"Est. tempo de leitura\" \/>\n\t<meta name=\"twitter:data2\" content=\"5 minutos\" \/>\n<!-- \/ Yoast SEO plugin. -->","yoast_head_json":{"title":"3 cores de blusa que podem sair de moda em 2026 e os tons que prometem substitu\u00ed-las - Estado de Minas - Em foco","description":"As cores de blusa est\u00e3o mudando em 2026. Veja quais tons entram na moda e quais come\u00e7am a desaparecer.","robots":{"index":"index","follow":"follow","max-snippet":"max-snippet:-1","max-image-preview":"max-image-preview:large","max-video-preview":"max-video-preview:-1"},"canonical":"https:\/\/www.em.com.br\/emfoco\/2026\/03\/13\/3-cores-de-blusa-que-podem-sair-de-moda-em-2026-e-os-tons-que-prometem-substitui-las\/","og_locale":"pt_BR","og_type":"article","og_title":"3 cores de blusa que podem sair de moda em 2026 e os tons que prometem substitu\u00ed-las - Estado de Minas - Em foco","og_description":"As cores de blusa est\u00e3o mudando em 2026. Veja quais tons entram na moda e quais come\u00e7am a desaparecer.","og_url":"https:\/\/www.em.com.br\/emfoco\/2026\/03\/13\/3-cores-de-blusa-que-podem-sair-de-moda-em-2026-e-os-tons-que-prometem-substitui-las\/","og_site_name":"Estado de Minas - Em foco","article_published_time":"2026-03-13T20:45:00+00:00","article_modified_time":"2026-03-13T02:53:46+00:00","og_image":[{"width":1280,"height":720,"url":"https:\/\/www.em.com.br\/emfoco\/wp-content\/uploads\/2026\/03\/Gemini_Generated_Image_wbtm6pwbtm6pwbtm-1.png","type":"image\/png"}],"author":"Andre\u0301 Rangel\u00a0","twitter_card":"summary_large_image","twitter_misc":{"Escrito por":"Andre\u0301 Rangel\u00a0","Est. tempo de leitura":"5 minutos"},"schema":{"@context":"https:\/\/schema.org","@graph":[{"@type":"WebPage","@id":"https:\/\/www.em.com.br\/emfoco\/2026\/03\/13\/3-cores-de-blusa-que-podem-sair-de-moda-em-2026-e-os-tons-que-prometem-substitui-las\/","url":"https:\/\/www.em.com.br\/emfoco\/2026\/03\/13\/3-cores-de-blusa-que-podem-sair-de-moda-em-2026-e-os-tons-que-prometem-substitui-las\/","name":"3 cores de blusa que podem sair de moda em 2026 e os tons que prometem substitu\u00ed-las - Estado de Minas - Em foco","isPartOf":{"@id":"https:\/\/www.em.com.br\/emfoco\/#website"},"primaryImageOfPage":{"@id":"https:\/\/www.em.com.br\/emfoco\/2026\/03\/13\/3-cores-de-blusa-que-podem-sair-de-moda-em-2026-e-os-tons-que-prometem-substitui-las\/#primaryimage"},"image":{"@id":"https:\/\/www.em.com.br\/emfoco\/2026\/03\/13\/3-cores-de-blusa-que-podem-sair-de-moda-em-2026-e-os-tons-que-prometem-substitui-las\/#primaryimage"},"thumbnailUrl":"https:\/\/www.em.com.br\/emfoco\/wp-content\/uploads\/2026\/03\/Gemini_Generated_Image_wbtm6pwbtm6pwbtm-1.png","datePublished":"2026-03-13T20:45:00+00:00","dateModified":"2026-03-13T02:53:46+00:00","author":{"@id":"https:\/\/www.em.com.br\/emfoco\/#\/schema\/person\/60eda09c1fedf0d6891f4cef4b60b8b8"},"description":"As cores de blusa est\u00e3o mudando em 2026. Veja quais tons entram na moda e quais come\u00e7am a desaparecer.","breadcrumb":{"@id":"https:\/\/www.em.com.br\/emfoco\/2026\/03\/13\/3-cores-de-blusa-que-podem-sair-de-moda-em-2026-e-os-tons-que-prometem-substitui-las\/#breadcrumb"},"inLanguage":"pt-BR","potentialAction":[{"@type":"ReadAction","target":["https:\/\/www.em.com.br\/emfoco\/2026\/03\/13\/3-cores-de-blusa-que-podem-sair-de-moda-em-2026-e-os-tons-que-prometem-substitui-las\/"]}]},{"@type":"ImageObject","inLanguage":"pt-BR","@id":"https:\/\/www.em.com.br\/emfoco\/2026\/03\/13\/3-cores-de-blusa-que-podem-sair-de-moda-em-2026-e-os-tons-que-prometem-substitui-las\/#primaryimage","url":"https:\/\/www.em.com.br\/emfoco\/wp-content\/uploads\/2026\/03\/Gemini_Generated_Image_wbtm6pwbtm6pwbtm-1.png","contentUrl":"https:\/\/www.em.com.br\/emfoco\/wp-content\/uploads\/2026\/03\/Gemini_Generated_Image_wbtm6pwbtm6pwbtm-1.png","width":1280,"height":720,"caption":"Blusas em novas cores renovam seu estilo"},{"@type":"BreadcrumbList","@id":"https:\/\/www.em.com.br\/emfoco\/2026\/03\/13\/3-cores-de-blusa-que-podem-sair-de-moda-em-2026-e-os-tons-que-prometem-substitui-las\/#breadcrumb","itemListElement":[{"@type":"ListItem","position":1,"name":"In\u00edcio","item":"https:\/\/www.em.com.br\/emfoco\/"},{"@type":"ListItem","position":2,"name":"3 cores de blusa que podem sair de moda em 2026 e os tons que prometem substitu\u00ed-las"}]},{"@type":"WebSite","@id":"https:\/\/www.em.com.br\/emfoco\/#website","url":"https:\/\/www.em.com.br\/emfoco\/","name":"Estado de Minas - Em foco","description":"Acompanhe as \u00faltimas not\u00edcias e fique bem informado sobre tudo o que acontece em Minas Gerais, Brasil e no mundo.","potentialAction":[{"@type":"SearchAction","target":{"@type":"EntryPoint","urlTemplate":"https:\/\/www.em.com.br\/emfoco\/?s={search_term_string}"},"query-input":{"@type":"PropertyValueSpecification","valueRequired":true,"valueName":"search_term_string"}}],"inLanguage":"pt-BR"},{"@type":"Person","@id":"https:\/\/www.em.com.br\/emfoco\/#\/schema\/person\/60eda09c1fedf0d6891f4cef4b60b8b8","name":"Andre\u0301 Rangel\u00a0","image":{"@type":"ImageObject","inLanguage":"pt-BR","@id":"https:\/\/www.em.com.br\/emfoco\/#\/schema\/person\/image\/","url":"https:\/\/secure.gravatar.com\/avatar\/6234dc814c77c8ef6d8bba622c787efc?s=96&d=mm&r=g","contentUrl":"https:\/\/secure.gravatar.com\/avatar\/6234dc814c77c8ef6d8bba622c787efc?s=96&d=mm&r=g","caption":"Andre\u0301 Rangel\u00a0"},"url":"https:\/\/www.em.com.br\/emfoco\/author\/luizmyth\/"}]}},"_links":{"self":[{"href":"https:\/\/www.em.com.br\/emfoco\/wp-json\/wp\/v2\/posts\/180866","targetHints":{"allow":["GET"]}}],"collection":[{"href":"https:\/\/www.em.com.br\/emfoco\/wp-json\/wp\/v2\/posts"}],"about":[{"href":"https:\/\/www.em.com.br\/emfoco\/wp-json\/wp\/v2\/types\/post"}],"author":[{"embeddable":true,"href":"https:\/\/www.em.com.br\/emfoco\/wp-json\/wp\/v2\/users\/11"}],"replies":[{"embeddable":true,"href":"https:\/\/www.em.com.br\/emfoco\/wp-json\/wp\/v2\/comments?post=180866"}],"version-history":[{"count":3,"href":"https:\/\/www.em.com.br\/emfoco\/wp-json\/wp\/v2\/posts\/180866\/revisions"}],"predecessor-version":[{"id":180886,"href":"https:\/\/www.em.com.br\/emfoco\/wp-json\/wp\/v2\/posts\/180866\/revisions\/180886"}],"wp:featuredmedia":[{"embeddable":true,"href":"https:\/\/www.em.com.br\/emfoco\/wp-json\/wp\/v2\/media\/180890"}],"wp:attachment":[{"href":"https:\/\/www.em.com.br\/emfoco\/wp-json\/wp\/v2\/media?parent=180866"}],"wp:term":[{"taxonomy":"category","embeddable":true,"href":"https:\/\/www.em.com.br\/emfoco\/wp-json\/wp\/v2\/categories?post=180866"},{"taxonomy":"post_tag","embeddable":true,"href":"https:\/\/www.em.com.br\/emfoco\/wp-json\/wp\/v2\/tags?post=180866"}],"curies":[{"name":"wp","href":"https:\/\/api.w.org\/{rel}","templated":true}]}}