{"id":180820,"date":"2026-03-13T13:05:00","date_gmt":"2026-03-13T16:05:00","guid":{"rendered":"https:\/\/www.em.com.br\/emfoco\/?p=180820"},"modified":"2026-03-12T17:35:05","modified_gmt":"2026-03-12T20:35:05","slug":"o-fim-do-medo-da-panela-de-pressao-chegou-e-a-solucao-esta-em-um-botao-que-faz-tudo-sozinho","status":"publish","type":"post","link":"https:\/\/www.em.com.br\/emfoco\/2026\/03\/13\/o-fim-do-medo-da-panela-de-pressao-chegou-e-a-solucao-esta-em-um-botao-que-faz-tudo-sozinho\/","title":{"rendered":"O fim do medo da panela de press\u00e3o chegou e a solu\u00e7\u00e3o est\u00e1 em um bot\u00e3o que faz tudo sozinho"},"content":{"rendered":"\n<p>Imagine chegar em casa depois de um dia cheio, colocar os ingredientes na panela, apertar um bot\u00e3o e, enquanto toma banho ou ajuda as crian\u00e7as com a li\u00e7\u00e3o, o jantar j\u00e1 fica pronto. \u00c9 exatamente essa praticidade que a <strong>panela el\u00e9trica<\/strong> de press\u00e3o promete levar para a rotina de quem precisa cozinhar, mas n\u00e3o quer passar horas na frente do <strong>fog\u00e3o tradicional<\/strong>.<\/p>\n\n\n\n<h2 class=\"wp-block-heading\">O que \u00e9 a panela el\u00e9trica de press\u00e3o e como ela funciona no dia a dia<\/h2>\n\n\n\n<p>A <strong>panela el\u00e9trica<\/strong> de press\u00e3o \u00e9 um equipamento que usa vapor sob press\u00e3o para cozinhar os alimentos mais r\u00e1pido, mas com controle eletr\u00f4nico e funcionamento quase autom\u00e1tico. Em vez de chama de <strong>g\u00e1s convencional<\/strong>, ela tem uma resist\u00eancia interna ligada na tomada, que aquece a panela de forma est\u00e1vel e constante.<\/p>\n\n\n\n<p>Na pr\u00e1tica, o uso \u00e9 simples: voc\u00ea coloca os ingredientes, adiciona a quantidade indicada de \u00e1gua, fecha bem a tampa e escolhe o programa no painel. Quando a <strong>press\u00e3o interna<\/strong> chega ao ponto ideal, a panela mant\u00e9m o cozimento at\u00e9 o fim do tempo programado e, em muitos modelos, muda sozinha para a fun\u00e7\u00e3o de manter aquecido, evitando que o alimento queime ou esfrie rapidamente.<\/p>\n\n\n\n<figure class=\"wp-block-embed is-type-rich is-provider-pinterest wp-block-embed-pinterest\"><div class=\"wp-block-embed__wrapper\">\n<iframe loading=\"lazy\" title=\"Panela de press\u00e3o Brit\u00e2nia \u2728\ud83e\udd0d\" src=\"https:\/\/assets.pinterest.com\/ext\/embed.html?id=404831454027231630&#038;src=oembed\" height=\"663\" width=\"450\" frameborder=\"0\" scrolling=\"no\" ><\/iframe>\n<\/div><\/figure>\n\n\n\n<p>Leia tamb\u00e9m:&nbsp;<a href=\"https:\/\/www.em.com.br\/emfoco\/2026\/03\/11\/o-chocolate-derretido-que-revelou-por-acaso-a-tecnologia-do-forno-de-micro-ondas-em-1940\/\" target=\"_blank\" rel=\"noopener\">O chocolate derretido que revelou por acaso a tecnologia do forno de micro-ondas em 1940<\/a><\/p>\n\n\n\n<h2 class=\"wp-block-heading\">Quais s\u00e3o os principais benef\u00edcios da panela el\u00e9trica de press\u00e3o em casa<\/h2>\n\n\n\n<p>Entre os benef\u00edcios da <strong>panela el\u00e9trica<\/strong> de press\u00e3o est\u00e3o a praticidade, a seguran\u00e7a e a economia de tempo, algo muito bem-vindo para quem concilia trabalho, casa e fam\u00edlia. Os bot\u00f5es com fun\u00e7\u00f5es pr\u00e9-programadas ajudam a repetir receitas, como feij\u00e3o ou arroz, sem precisar decorar tempos de <strong>cozimento exato<\/strong> toda vez.<\/p>\n\n\n\n<p>Na parte de seguran\u00e7a, a maioria dos modelos traz v\u00e1rias travas na tampa, controle autom\u00e1tico de temperatura e sistemas que aliviam o excesso de vapor. Isso reduz o medo de acidentes e torna o uso mais tranquilo, al\u00e9m de deixar a cozinha menos quente que o uso prolongado de v\u00e1rias bocas do <strong>fog\u00e3o ligado<\/strong>.<\/p>\n\n\n\n<figure class=\"wp-block-embed is-type-rich is-provider-pinterest wp-block-embed-pinterest\"><div class=\"wp-block-embed__wrapper\">\n<iframe loading=\"lazy\" title=\"panela de press\u00e3o el\u00e9trica\" src=\"https:\/\/assets.pinterest.com\/ext\/embed.html?id=925489792190534820&#038;src=oembed\" height=\"899\" width=\"450\" frameborder=\"0\" scrolling=\"no\" ><\/iframe>\n<\/div><\/figure>\n\n\n\n<h2 class=\"wp-block-heading\">Como escolher a melhor panela el\u00e9trica de press\u00e3o para a sua rotina<\/h2>\n\n\n\n<p>Na hora de escolher uma <strong>panela el\u00e9trica<\/strong> de press\u00e3o, vale pensar primeiro no tamanho da sua fam\u00edlia e na forma como voc\u00ea costuma cozinhar. Panelas de 3 a 4 litros atendem bem quem mora sozinho ou em casal, enquanto modelos de 5 litros ou mais combinam melhor com fam\u00edlias maiores ou quem gosta de fazer comida em quantidade e <strong>congelar por\u00e7\u00f5es<\/strong>.<\/p>\n\n\n\n<p>Outro ponto \u00e9 o painel de controle: quanto mais claro e intuitivo, mais f\u00e1cil de usar no dia a dia, principalmente para quem n\u00e3o tem muita intimidade com eletrodom\u00e9sticos. Programas para arroz, feij\u00e3o, carnes, sopas e legumes ajudam quem quer apenas apertar um bot\u00e3o, enquanto ajustes manuais de tempo d\u00e3o mais liberdade para quem gosta de testar diferentes <strong>pontos do cozimento<\/strong>.<\/p>\n\n\n\n<p>Para voc\u00ea que gosta de praticidade, separamos um v\u00eddeo do canal <a href=\"https:\/\/www.youtube.com\/@ComprouAvaliou\" target=\"_blank\" rel=\"noreferrer noopener\">Comprou Avaliou <\/a>com dicas para comrpar uma panela de press\u00e3o el\u00e9trica:<\/p>\n\n\n\n<figure class=\"wp-block-embed is-type-video is-provider-youtube wp-block-embed-youtube wp-embed-aspect-16-9 wp-has-aspect-ratio\"><div class=\"wp-block-embed__wrapper\">\n<div class=\"jeg_video_container jeg_video_content\"><iframe loading=\"lazy\" title=\"As 5 Melhores Panela De Press\u00e3o Eletrica Em 2025!\" width=\"500\" height=\"281\" src=\"https:\/\/www.youtube.com\/embed\/GuhBDzKzRC4?feature=oembed\" frameborder=\"0\" allow=\"accelerometer; autoplay; clipboard-write; encrypted-media; gyroscope; picture-in-picture; web-share\" referrerpolicy=\"strict-origin-when-cross-origin\" allowfullscreen><\/iframe><\/div>\n<\/div><\/figure>\n\n\n\n<h2 class=\"wp-block-heading\">Quais crit\u00e9rios pr\u00e1ticos ajudam a comparar diferentes modelos de panela<\/h2>\n\n\n\n<p>Alguns crit\u00e9rios simples ajudam muito na hora de comparar modelos e entender qual panela combina mais com o seu jeito de cozinhar. Ao avaliar cada item com calma, voc\u00ea evita frustra\u00e7\u00f5es e aumenta as chances de realmente usar o equipamento com frequ\u00eancia, em vez de deix\u00e1-lo esquecido no <strong>arm\u00e1rio da cozinha<\/strong>.<\/p>\n\n\n\n<ul class=\"wp-block-list\">\n<li><strong>Capacidade:<\/strong> escolha o volume de acordo com o n\u00famero de moradores e o h\u00e1bito de cozinhar em maior quantidade.<\/li>\n\n\n\n<li><strong>Pot\u00eancia:<\/strong> modelos mais potentes costumam esquentar e cozinhar mais r\u00e1pido os <strong>alimentos variados<\/strong>.<\/li>\n\n\n\n<li><strong>Fun\u00e7\u00f5es:<\/strong> verifique se h\u00e1 programas pr\u00e9-definidos e op\u00e7\u00e3o de manter aquecido ap\u00f3s o t\u00e9rmino do preparo.<\/li>\n\n\n\n<li><strong>Seguran\u00e7a:<\/strong> observe o n\u00famero de v\u00e1lvulas, travas na tampa e eventuais certifica\u00e7\u00f5es do <strong>produto el\u00e9trico<\/strong>.<\/li>\n\n\n\n<li><strong>Limpeza:<\/strong> panela interna remov\u00edvel e, se poss\u00edvel, revestimento antiaderente facilitam bastante a higieniza\u00e7\u00e3o.<\/li>\n<\/ul>\n\n\n\n<figure class=\"wp-block-embed is-type-rich is-provider-pinterest wp-block-embed-pinterest\"><div class=\"wp-block-embed__wrapper\">\n<iframe loading=\"lazy\" title=\"Check out my video on Shopee Video\" src=\"https:\/\/assets.pinterest.com\/ext\/embed.html?id=1105070827334122054&#038;src=oembed\" height=\"899\" width=\"450\" frameborder=\"0\" scrolling=\"no\" ><\/iframe>\n<\/div><\/figure>\n\n\n\n<h2 class=\"wp-block-heading\">Quais cuidados e boas pr\u00e1ticas garantem um uso seguro da panela<\/h2>\n\n\n\n<p>Para usar a panela el\u00e9trica de press\u00e3o com tranquilidade, alguns cuidados simples fazem toda a diferen\u00e7a no dia a dia. \u00c9 essencial respeitar o limite m\u00e1ximo de volume indicado no manual, geralmente at\u00e9 dois ter\u00e7os da capacidade, e usar ainda menos \u00e1gua e alimento quando se trata de comidas que <strong>espumam mais<\/strong>, como feij\u00e3o, para evitar entupimento das v\u00e1lvulas.<\/p>\n\n\n\n<p>Depois de cada uso, espere a panela esfriar totalmente para fazer a limpeza com calma, retirando a panela interna e lavando a tampa com aten\u00e7\u00e3o \u00e0s sa\u00eddas de vapor. Manter a borracha de veda\u00e7\u00e3o em bom estado, sem rachaduras, ajuda a preservar a press\u00e3o correta e evita vazamentos de <strong>vapor quente<\/strong> pelas laterais, garantindo mais seguran\u00e7a.<\/p>\n","protected":false},"excerpt":{"rendered":"<p>Imagine chegar em casa depois de um dia cheio, colocar os ingredientes na panela, apertar um bot\u00e3o e, enquanto toma banho ou ajuda as crian\u00e7as com a li\u00e7\u00e3o, o jantar j\u00e1 fica pronto. \u00c9 exatamente essa praticidade que a panela el\u00e9trica de press\u00e3o promete levar para a rotina de quem precisa cozinhar, mas n\u00e3o quer [&hellip;]<\/p>\n","protected":false},"author":9,"featured_media":180927,"comment_status":"open","ping_status":"open","sticky":false,"template":"","format":"standard","meta":{"jnews-multi-image_gallery":[],"jnews_single_post":{"format":"standard"},"jnews_primary_category":[],"jnews_social_meta":[],"jnews_override_counter":[],"footnotes":""},"categories":[1,4204],"tags":[3562,25931],"class_list":["post-180820","post","type-post","status-publish","format-standard","has-post-thumbnail","hentry","category-noticias","category-tecnologia","tag-panela-de-pressao","tag-panela-eletrica"],"yoast_head":"<!-- This site is optimized with the Yoast SEO plugin v23.8 - https:\/\/yoast.com\/wordpress\/plugins\/seo\/ -->\n<title>O fim do medo da panela de press\u00e3o chegou e a solu\u00e7\u00e3o est\u00e1 em um bot\u00e3o que faz tudo sozinho - Estado de Minas - Em foco<\/title>\n<meta name=\"description\" content=\"Descubra as vantagens da panela el\u00e9trica de press\u00e3o e aprenda como escolher o modelo ideal para sua rotina\" \/>\n<meta name=\"robots\" content=\"index, follow, max-snippet:-1, max-image-preview:large, max-video-preview:-1\" \/>\n<link rel=\"canonical\" href=\"https:\/\/www.em.com.br\/emfoco\/2026\/03\/13\/o-fim-do-medo-da-panela-de-pressao-chegou-e-a-solucao-esta-em-um-botao-que-faz-tudo-sozinho\/\" \/>\n<meta property=\"og:locale\" content=\"pt_BR\" \/>\n<meta property=\"og:type\" content=\"article\" \/>\n<meta property=\"og:title\" content=\"O fim do medo da panela de press\u00e3o chegou e a solu\u00e7\u00e3o est\u00e1 em um bot\u00e3o que faz tudo sozinho - Estado de Minas - Em foco\" \/>\n<meta property=\"og:description\" content=\"Descubra as vantagens da panela el\u00e9trica de press\u00e3o e aprenda como escolher o modelo ideal para sua rotina\" \/>\n<meta property=\"og:url\" content=\"https:\/\/www.em.com.br\/emfoco\/2026\/03\/13\/o-fim-do-medo-da-panela-de-pressao-chegou-e-a-solucao-esta-em-um-botao-que-faz-tudo-sozinho\/\" \/>\n<meta property=\"og:site_name\" content=\"Estado de Minas - Em foco\" \/>\n<meta property=\"article:published_time\" content=\"2026-03-13T16:05:00+00:00\" \/>\n<meta property=\"article:modified_time\" content=\"2026-03-12T20:35:05+00:00\" \/>\n<meta property=\"og:image\" content=\"https:\/\/www.em.com.br\/emfoco\/wp-content\/uploads\/2026\/03\/panela-de-pressao-eletrica_1773347692402.jpg\" \/>\n\t<meta property=\"og:image:width\" content=\"1280\" \/>\n\t<meta property=\"og:image:height\" content=\"720\" \/>\n\t<meta property=\"og:image:type\" content=\"image\/jpeg\" \/>\n<meta name=\"author\" content=\"Daniely Cardoso\" \/>\n<meta name=\"twitter:card\" content=\"summary_large_image\" \/>\n<meta name=\"twitter:label1\" content=\"Escrito por\" \/>\n\t<meta name=\"twitter:data1\" content=\"Daniely Cardoso\" \/>\n\t<meta name=\"twitter:label2\" content=\"Est. tempo de leitura\" \/>\n\t<meta name=\"twitter:data2\" content=\"5 minutos\" \/>\n<!-- \/ Yoast SEO plugin. -->","yoast_head_json":{"title":"O fim do medo da panela de press\u00e3o chegou e a solu\u00e7\u00e3o est\u00e1 em um bot\u00e3o que faz tudo sozinho - Estado de Minas - Em foco","description":"Descubra as vantagens da panela el\u00e9trica de press\u00e3o e aprenda como escolher o modelo ideal para sua rotina","robots":{"index":"index","follow":"follow","max-snippet":"max-snippet:-1","max-image-preview":"max-image-preview:large","max-video-preview":"max-video-preview:-1"},"canonical":"https:\/\/www.em.com.br\/emfoco\/2026\/03\/13\/o-fim-do-medo-da-panela-de-pressao-chegou-e-a-solucao-esta-em-um-botao-que-faz-tudo-sozinho\/","og_locale":"pt_BR","og_type":"article","og_title":"O fim do medo da panela de press\u00e3o chegou e a solu\u00e7\u00e3o est\u00e1 em um bot\u00e3o que faz tudo sozinho - Estado de Minas - Em foco","og_description":"Descubra as vantagens da panela el\u00e9trica de press\u00e3o e aprenda como escolher o modelo ideal para sua rotina","og_url":"https:\/\/www.em.com.br\/emfoco\/2026\/03\/13\/o-fim-do-medo-da-panela-de-pressao-chegou-e-a-solucao-esta-em-um-botao-que-faz-tudo-sozinho\/","og_site_name":"Estado de Minas - Em foco","article_published_time":"2026-03-13T16:05:00+00:00","article_modified_time":"2026-03-12T20:35:05+00:00","og_image":[{"width":1280,"height":720,"url":"https:\/\/www.em.com.br\/emfoco\/wp-content\/uploads\/2026\/03\/panela-de-pressao-eletrica_1773347692402.jpg","type":"image\/jpeg"}],"author":"Daniely Cardoso","twitter_card":"summary_large_image","twitter_misc":{"Escrito por":"Daniely Cardoso","Est. tempo de leitura":"5 minutos"},"schema":{"@context":"https:\/\/schema.org","@graph":[{"@type":"WebPage","@id":"https:\/\/www.em.com.br\/emfoco\/2026\/03\/13\/o-fim-do-medo-da-panela-de-pressao-chegou-e-a-solucao-esta-em-um-botao-que-faz-tudo-sozinho\/","url":"https:\/\/www.em.com.br\/emfoco\/2026\/03\/13\/o-fim-do-medo-da-panela-de-pressao-chegou-e-a-solucao-esta-em-um-botao-que-faz-tudo-sozinho\/","name":"O fim do medo da panela de press\u00e3o chegou e a solu\u00e7\u00e3o est\u00e1 em um bot\u00e3o que faz tudo sozinho - Estado de Minas - Em foco","isPartOf":{"@id":"https:\/\/www.em.com.br\/emfoco\/#website"},"primaryImageOfPage":{"@id":"https:\/\/www.em.com.br\/emfoco\/2026\/03\/13\/o-fim-do-medo-da-panela-de-pressao-chegou-e-a-solucao-esta-em-um-botao-que-faz-tudo-sozinho\/#primaryimage"},"image":{"@id":"https:\/\/www.em.com.br\/emfoco\/2026\/03\/13\/o-fim-do-medo-da-panela-de-pressao-chegou-e-a-solucao-esta-em-um-botao-que-faz-tudo-sozinho\/#primaryimage"},"thumbnailUrl":"https:\/\/www.em.com.br\/emfoco\/wp-content\/uploads\/2026\/03\/panela-de-pressao-eletrica_1773347692402.jpg","datePublished":"2026-03-13T16:05:00+00:00","dateModified":"2026-03-12T20:35:05+00:00","author":{"@id":"https:\/\/www.em.com.br\/emfoco\/#\/schema\/person\/0a8186d72f2c3a5c6276d90b41f271a0"},"description":"Descubra as vantagens da panela el\u00e9trica de press\u00e3o e aprenda como escolher o modelo ideal para sua rotina","breadcrumb":{"@id":"https:\/\/www.em.com.br\/emfoco\/2026\/03\/13\/o-fim-do-medo-da-panela-de-pressao-chegou-e-a-solucao-esta-em-um-botao-que-faz-tudo-sozinho\/#breadcrumb"},"inLanguage":"pt-BR","potentialAction":[{"@type":"ReadAction","target":["https:\/\/www.em.com.br\/emfoco\/2026\/03\/13\/o-fim-do-medo-da-panela-de-pressao-chegou-e-a-solucao-esta-em-um-botao-que-faz-tudo-sozinho\/"]}]},{"@type":"ImageObject","inLanguage":"pt-BR","@id":"https:\/\/www.em.com.br\/emfoco\/2026\/03\/13\/o-fim-do-medo-da-panela-de-pressao-chegou-e-a-solucao-esta-em-um-botao-que-faz-tudo-sozinho\/#primaryimage","url":"https:\/\/www.em.com.br\/emfoco\/wp-content\/uploads\/2026\/03\/panela-de-pressao-eletrica_1773347692402.jpg","contentUrl":"https:\/\/www.em.com.br\/emfoco\/wp-content\/uploads\/2026\/03\/panela-de-pressao-eletrica_1773347692402.jpg","width":1280,"height":720,"caption":"A panela el\u00e9trica de press\u00e3o \u00e9 um equipamento que usa vapor sob press\u00e3o para cozinhar os alimentos mais r\u00e1pido - Cr\u00e9ditos: depositphotos.com \/ urban_light"},{"@type":"BreadcrumbList","@id":"https:\/\/www.em.com.br\/emfoco\/2026\/03\/13\/o-fim-do-medo-da-panela-de-pressao-chegou-e-a-solucao-esta-em-um-botao-que-faz-tudo-sozinho\/#breadcrumb","itemListElement":[{"@type":"ListItem","position":1,"name":"In\u00edcio","item":"https:\/\/www.em.com.br\/emfoco\/"},{"@type":"ListItem","position":2,"name":"O fim do medo da panela de press\u00e3o chegou e a solu\u00e7\u00e3o est\u00e1 em um bot\u00e3o que faz tudo sozinho"}]},{"@type":"WebSite","@id":"https:\/\/www.em.com.br\/emfoco\/#website","url":"https:\/\/www.em.com.br\/emfoco\/","name":"Estado de Minas - Em foco","description":"Acompanhe as \u00faltimas not\u00edcias e fique bem informado sobre tudo o que acontece em Minas Gerais, Brasil e no mundo.","potentialAction":[{"@type":"SearchAction","target":{"@type":"EntryPoint","urlTemplate":"https:\/\/www.em.com.br\/emfoco\/?s={search_term_string}"},"query-input":{"@type":"PropertyValueSpecification","valueRequired":true,"valueName":"search_term_string"}}],"inLanguage":"pt-BR"},{"@type":"Person","@id":"https:\/\/www.em.com.br\/emfoco\/#\/schema\/person\/0a8186d72f2c3a5c6276d90b41f271a0","name":"Daniely Cardoso","image":{"@type":"ImageObject","inLanguage":"pt-BR","@id":"https:\/\/www.em.com.br\/emfoco\/#\/schema\/person\/image\/","url":"https:\/\/secure.gravatar.com\/avatar\/4b80ddbd124d1f071b626d52d62e5dff?s=96&d=mm&r=g","contentUrl":"https:\/\/secure.gravatar.com\/avatar\/4b80ddbd124d1f071b626d52d62e5dff?s=96&d=mm&r=g","caption":"Daniely Cardoso"},"url":"https:\/\/www.em.com.br\/emfoco\/author\/danielymyth\/"}]}},"_links":{"self":[{"href":"https:\/\/www.em.com.br\/emfoco\/wp-json\/wp\/v2\/posts\/180820","targetHints":{"allow":["GET"]}}],"collection":[{"href":"https:\/\/www.em.com.br\/emfoco\/wp-json\/wp\/v2\/posts"}],"about":[{"href":"https:\/\/www.em.com.br\/emfoco\/wp-json\/wp\/v2\/types\/post"}],"author":[{"embeddable":true,"href":"https:\/\/www.em.com.br\/emfoco\/wp-json\/wp\/v2\/users\/9"}],"replies":[{"embeddable":true,"href":"https:\/\/www.em.com.br\/emfoco\/wp-json\/wp\/v2\/comments?post=180820"}],"version-history":[{"count":1,"href":"https:\/\/www.em.com.br\/emfoco\/wp-json\/wp\/v2\/posts\/180820\/revisions"}],"predecessor-version":[{"id":180875,"href":"https:\/\/www.em.com.br\/emfoco\/wp-json\/wp\/v2\/posts\/180820\/revisions\/180875"}],"wp:featuredmedia":[{"embeddable":true,"href":"https:\/\/www.em.com.br\/emfoco\/wp-json\/wp\/v2\/media\/180927"}],"wp:attachment":[{"href":"https:\/\/www.em.com.br\/emfoco\/wp-json\/wp\/v2\/media?parent=180820"}],"wp:term":[{"taxonomy":"category","embeddable":true,"href":"https:\/\/www.em.com.br\/emfoco\/wp-json\/wp\/v2\/categories?post=180820"},{"taxonomy":"post_tag","embeddable":true,"href":"https:\/\/www.em.com.br\/emfoco\/wp-json\/wp\/v2\/tags?post=180820"}],"curies":[{"name":"wp","href":"https:\/\/api.w.org\/{rel}","templated":true}]}}