{"id":180817,"date":"2026-03-13T09:55:00","date_gmt":"2026-03-13T12:55:00","guid":{"rendered":"https:\/\/www.em.com.br\/emfoco\/?p=180817"},"modified":"2026-03-12T18:12:26","modified_gmt":"2026-03-12T21:12:26","slug":"nem-pintura-nem-reforma-a-planta-ideal-para-cobrir-muros-e-deixar-o-quintal-mais-fresco","status":"publish","type":"post","link":"https:\/\/www.em.com.br\/emfoco\/2026\/03\/13\/nem-pintura-nem-reforma-a-planta-ideal-para-cobrir-muros-e-deixar-o-quintal-mais-fresco\/","title":{"rendered":"Nem pintura, nem reforma: a planta ideal para cobrir muros e deixar o quintal mais fresco"},"content":{"rendered":"\n<p>Voc\u00ea j\u00e1 olhou para um muro vazio e pensou como seria incr\u00edvel v\u00ea-lo coberto de verde, trazendo mais frescor e vida para a casa? Al\u00e9m de deixar tudo mais bonito, uma boa <strong>trepadeira para preencher muro<\/strong> funciona como uma cortina natural, ajudando a reduzir o calor e tornando o ambiente bem mais agrad\u00e1vel no dia a dia.<\/p>\n\n\n\n<h2 class=\"wp-block-heading\">Como observar o muro antes de escolher a trepadeira<\/h2>\n\n\n\n<p>Antes de decidir qual <strong>trepadeira<\/strong> usar, vale olhar com calma para o espa\u00e7o: quantas horas de sol ele recebe, de onde vem o vento e se o solo \u00e9 muito seco ou encharca com facilidade. Tudo isso influencia diretamente na sa\u00fade da planta e no quanto ela vai crescer ao longo do tempo.<\/p>\n\n\n\n<p>Tamb\u00e9m \u00e9 importante avaliar a <strong>altura do muro<\/strong>, a presen\u00e7a de fia\u00e7\u00f5es, calhas, telhados e o espa\u00e7o dispon\u00edvel no ch\u00e3o para o desenvolvimento das ra\u00edzes. Esses detalhes evitam problemas futuros, como danos na estrutura, plantas fracas ou trepadeiras invadindo \u00e1reas onde n\u00e3o deveriam chegar.<\/p>\n\n\n\n<figure class=\"wp-block-embed is-type-rich is-provider-pinterest wp-block-embed-pinterest\"><div class=\"wp-block-embed__wrapper\">\n<iframe loading=\"lazy\" title=\" \" src=\"https:\/\/assets.pinterest.com\/ext\/embed.html?id=14144186326552349&#038;src=oembed\" height=\"899\" width=\"450\" frameborder=\"0\" scrolling=\"no\" ><\/iframe>\n<\/div><\/figure>\n\n\n\n<p>Leia tamb\u00e9m:&nbsp;<a href=\"https:\/\/www.em.com.br\/emfoco\/2026\/03\/09\/quer-colher-uvas-em-casa-veja-como-plantar-videira-e-transformar-seu-quintal-em-um-cantinho-produtivo\/\" target=\"_blank\" rel=\"noopener\">Quer colher uvas em casa? Veja como plantar videira e transformar seu quintal em um cantinho produtivo<\/a><\/p>\n\n\n\n<h2 class=\"wp-block-heading\">Qual \u00e9 a melhor trepadeira para preencher muro<\/h2>\n\n\n\n<p>Muitas pessoas querem transformar paredes simples em pain\u00e9is verdes cheios de vida. A melhor esp\u00e9cie vai depender do clima da sua regi\u00e3o, da quantidade de sol que o muro recebe e do efeito visual que voc\u00ea deseja alcan\u00e7ar.<\/p>\n\n\n\n<p>Algumas plantas chamam aten\u00e7\u00e3o pelas <strong>flores coloridas<\/strong>, outras pelo verde intenso e cont\u00ednuo, formando quase um tapete. Tamb\u00e9m d\u00e1 para misturar duas esp\u00e9cies, desde que cres\u00e7am em ritmo parecido, para evitar que uma acabe sufocando a outra com o passar dos anos.<\/p>\n\n\n\n<figure class=\"wp-block-embed is-type-rich is-provider-pinterest wp-block-embed-pinterest\"><div class=\"wp-block-embed__wrapper\">\n<iframe loading=\"lazy\" title=\" \" src=\"https:\/\/assets.pinterest.com\/ext\/embed.html?id=5348093304057623&#038;src=oembed\" height=\"899\" width=\"450\" frameborder=\"0\" scrolling=\"no\" ><\/iframe>\n<\/div><\/figure>\n\n\n\n<h2 class=\"wp-block-heading\">Quais tipos de trepadeira s\u00e3o mais usados no muro<\/h2>\n\n\n\n<p>Ao escolher uma trepadeira, \u00e9 comum pensar em tr\u00eas grupos principais: flor\u00edferas, de folhagem e frut\u00edferas. Cada um tem seu charme e sua fun\u00e7\u00e3o, seja para dar mais cor, mais sombra ou at\u00e9 produzir alimentos de forma simples e agrad\u00e1vel.<\/p>\n\n\n\n<p>Algumas esp\u00e9cies s\u00e3o mais r\u00fasticas e crescem r\u00e1pido, ideais para quem tem pressa em cobrir o muro. Outras t\u00eam crescimento mais moderado, facilitando o controle com podas, o que ajuda muito em espa\u00e7os menores ou perto de estruturas delicadas.<\/p>\n\n\n\n<ul class=\"wp-block-list\">\n<li><strong>Trepadeiras flor\u00edferas<\/strong>: perfeitas para quem quer muros cheios de cor em certas \u00e9pocas do ano.<\/li>\n\n\n\n<li><strong>Trepadeiras de folhagem<\/strong>: \u00f3timas para criar um \u201ctapete verde\u201d uniforme, discreto e elegante.<\/li>\n\n\n\n<li><strong>Trepadeiras frut\u00edferas<\/strong>: ideais para combinar sombra, beleza e colheita, como maracuj\u00e1 e uva.<\/li>\n<\/ul>\n\n\n\n<p>Para voc\u00ea que gosta de plantas, separamos um v\u00eddeo do canal <a href=\"https:\/\/www.youtube.com\/@horadaroca\" target=\"_blank\" rel=\"noreferrer noopener\">Hora da Ro\u00e7a<\/a> com dicas para conduzir o plantio da hera:<\/p>\n\n\n\n<figure class=\"wp-block-embed is-type-video is-provider-youtube wp-block-embed-youtube wp-embed-aspect-16-9 wp-has-aspect-ratio\"><div class=\"wp-block-embed__wrapper\">\n<div class=\"jeg_video_container jeg_video_content\"><iframe loading=\"lazy\" title=\"Trepadeira Unha-de-gato COMO PLANTAR E CONDUZIR (HERA DE MURO) R\u00c1PIDO E SIMPLES *N\u00c3O DESTROI O MURO*\" width=\"500\" height=\"281\" src=\"https:\/\/www.youtube.com\/embed\/_TnHtZRRvmg?feature=oembed\" frameborder=\"0\" allow=\"accelerometer; autoplay; clipboard-write; encrypted-media; gyroscope; picture-in-picture; web-share\" referrerpolicy=\"strict-origin-when-cross-origin\" allowfullscreen><\/iframe><\/div>\n<\/div><\/figure>\n\n\n\n<h2 class=\"wp-block-heading\">Quais s\u00e3o alguns exemplos de trepadeira para usar no muro<\/h2>\n\n\n\n<p>No paisagismo cotidiano, algumas esp\u00e9cies aparecem com mais frequ\u00eancia por serem <strong>resistentes<\/strong> e se adaptarem bem a diferentes cidades brasileiras. A primavera (<strong>bougainvillea<\/strong>), por exemplo, \u00e9 muito usada em regi\u00f5es ensolaradas e precisa de uma estrutura firme, pois seus galhos ficam pesados.<\/p>\n\n\n\n<p><strong>Jasmins <\/strong>trepadores encantam pelo <strong>perfume suave<\/strong> e pelas flores delicadas, enquanto a hera \u00e9 famosa por aderir diretamente ao muro de alvenaria. J\u00e1 o maracuj\u00e1 e a uva, al\u00e9m de sombra e volume, trazem o prazer de colher frutos frescos em casa, criando um espa\u00e7o bonito e tamb\u00e9m produtivo.<\/p>\n\n\n\n<figure class=\"wp-block-embed is-type-rich is-provider-pinterest wp-block-embed-pinterest\"><div class=\"wp-block-embed__wrapper\">\n<iframe loading=\"lazy\" title=\"Ficus pumila\" src=\"https:\/\/assets.pinterest.com\/ext\/embed.html?id=351912467124970&#038;src=oembed\" height=\"699\" width=\"450\" frameborder=\"0\" scrolling=\"no\" ><\/iframe>\n<\/div><\/figure>\n\n\n\n<h2 class=\"wp-block-heading\">Como plantar trepadeira para preencher muro passo a passo<\/h2>\n\n\n\n<p>O plantio de <strong>trepadeira para preencher muro<\/strong> pode seguir um passo a passo simples, adaptado a diferentes esp\u00e9cies. Comece definindo o ponto exato onde a muda ser\u00e1 colocada, deixando de 20 a 30 cent\u00edmetros de dist\u00e2ncia da base do muro, para que a raiz tenha espa\u00e7o e a \u00e1gua possa escoar sem acumular na parede.<\/p>\n\n\n\n<p>Prepare bem o solo misturando terra vegetal com composto org\u00e2nico ou h\u00famus de minhoca, e, se o terreno for muito argiloso, acrescente um pouco de areia grossa para melhorar a drenagem. Em seguida, instale suportes como <strong>treli\u00e7as ou fios<\/strong> para as esp\u00e9cies que n\u00e3o sobem sozinhas, plante a muda na mesma profundidade do vaso e conduza os ramos amarrando-os suavemente at\u00e9 formarem a \u201cparede verde\u201d.<\/p>\n","protected":false},"excerpt":{"rendered":"<p>Voc\u00ea j\u00e1 olhou para um muro vazio e pensou como seria incr\u00edvel v\u00ea-lo coberto de verde, trazendo mais frescor e vida para a casa? Al\u00e9m de deixar tudo mais bonito, uma boa trepadeira para preencher muro funciona como uma cortina natural, ajudando a reduzir o calor e tornando o ambiente bem mais agrad\u00e1vel no dia [&hellip;]<\/p>\n","protected":false},"author":9,"featured_media":143873,"comment_status":"open","ping_status":"open","sticky":false,"template":"","format":"standard","meta":{"jnews-multi-image_gallery":[],"jnews_single_post":{"format":"standard"},"jnews_primary_category":[],"jnews_social_meta":[],"jnews_override_counter":[],"footnotes":""},"categories":[8819,1],"tags":[7701,3325,26100],"class_list":["post-180817","post","type-post","status-publish","format-standard","has-post-thumbnail","hentry","category-curiosidades","category-noticias","tag-como-plantar","tag-jardim","tag-muro-vegeta"],"yoast_head":"<!-- This site is optimized with the Yoast SEO plugin v23.8 - https:\/\/yoast.com\/wordpress\/plugins\/seo\/ -->\n<title>Nem pintura, nem reforma: a planta ideal para cobrir muros e deixar o quintal mais fresco - Estado de Minas - Em foco<\/title>\n<meta name=\"description\" content=\"Descubra a melhor trepadeira para preencher muro e aprenda como criar uma barreira natural contra o calor\" \/>\n<meta name=\"robots\" content=\"index, follow, max-snippet:-1, max-image-preview:large, max-video-preview:-1\" \/>\n<link rel=\"canonical\" href=\"https:\/\/www.em.com.br\/emfoco\/2026\/03\/13\/nem-pintura-nem-reforma-a-planta-ideal-para-cobrir-muros-e-deixar-o-quintal-mais-fresco\/\" \/>\n<meta property=\"og:locale\" content=\"pt_BR\" \/>\n<meta property=\"og:type\" content=\"article\" \/>\n<meta property=\"og:title\" content=\"Nem pintura, nem reforma: a planta ideal para cobrir muros e deixar o quintal mais fresco - Estado de Minas - Em foco\" \/>\n<meta property=\"og:description\" content=\"Descubra a melhor trepadeira para preencher muro e aprenda como criar uma barreira natural contra o calor\" \/>\n<meta property=\"og:url\" content=\"https:\/\/www.em.com.br\/emfoco\/2026\/03\/13\/nem-pintura-nem-reforma-a-planta-ideal-para-cobrir-muros-e-deixar-o-quintal-mais-fresco\/\" \/>\n<meta property=\"og:site_name\" content=\"Estado de Minas - Em foco\" \/>\n<meta property=\"article:published_time\" content=\"2026-03-13T12:55:00+00:00\" \/>\n<meta property=\"article:modified_time\" content=\"2026-03-12T21:12:26+00:00\" \/>\n<meta property=\"og:image\" content=\"https:\/\/www.em.com.br\/emfoco\/wp-content\/uploads\/2025\/12\/Gemini_Generated_Image_4xq9084xq9084xq9-1.png\" \/>\n\t<meta property=\"og:image:width\" content=\"1280\" \/>\n\t<meta property=\"og:image:height\" content=\"720\" \/>\n\t<meta property=\"og:image:type\" content=\"image\/png\" \/>\n<meta name=\"author\" content=\"Daniely Cardoso\" \/>\n<meta name=\"twitter:card\" content=\"summary_large_image\" \/>\n<meta name=\"twitter:label1\" content=\"Escrito por\" \/>\n\t<meta name=\"twitter:data1\" content=\"Daniely Cardoso\" \/>\n\t<meta name=\"twitter:label2\" content=\"Est. tempo de leitura\" \/>\n\t<meta name=\"twitter:data2\" content=\"4 minutos\" \/>\n<!-- \/ Yoast SEO plugin. -->","yoast_head_json":{"title":"Nem pintura, nem reforma: a planta ideal para cobrir muros e deixar o quintal mais fresco - Estado de Minas - Em foco","description":"Descubra a melhor trepadeira para preencher muro e aprenda como criar uma barreira natural contra o calor","robots":{"index":"index","follow":"follow","max-snippet":"max-snippet:-1","max-image-preview":"max-image-preview:large","max-video-preview":"max-video-preview:-1"},"canonical":"https:\/\/www.em.com.br\/emfoco\/2026\/03\/13\/nem-pintura-nem-reforma-a-planta-ideal-para-cobrir-muros-e-deixar-o-quintal-mais-fresco\/","og_locale":"pt_BR","og_type":"article","og_title":"Nem pintura, nem reforma: a planta ideal para cobrir muros e deixar o quintal mais fresco - Estado de Minas - Em foco","og_description":"Descubra a melhor trepadeira para preencher muro e aprenda como criar uma barreira natural contra o calor","og_url":"https:\/\/www.em.com.br\/emfoco\/2026\/03\/13\/nem-pintura-nem-reforma-a-planta-ideal-para-cobrir-muros-e-deixar-o-quintal-mais-fresco\/","og_site_name":"Estado de Minas - Em foco","article_published_time":"2026-03-13T12:55:00+00:00","article_modified_time":"2026-03-12T21:12:26+00:00","og_image":[{"width":1280,"height":720,"url":"https:\/\/www.em.com.br\/emfoco\/wp-content\/uploads\/2025\/12\/Gemini_Generated_Image_4xq9084xq9084xq9-1.png","type":"image\/png"}],"author":"Daniely Cardoso","twitter_card":"summary_large_image","twitter_misc":{"Escrito por":"Daniely Cardoso","Est. tempo de leitura":"4 minutos"},"schema":{"@context":"https:\/\/schema.org","@graph":[{"@type":"WebPage","@id":"https:\/\/www.em.com.br\/emfoco\/2026\/03\/13\/nem-pintura-nem-reforma-a-planta-ideal-para-cobrir-muros-e-deixar-o-quintal-mais-fresco\/","url":"https:\/\/www.em.com.br\/emfoco\/2026\/03\/13\/nem-pintura-nem-reforma-a-planta-ideal-para-cobrir-muros-e-deixar-o-quintal-mais-fresco\/","name":"Nem pintura, nem reforma: a planta ideal para cobrir muros e deixar o quintal mais fresco - Estado de Minas - Em foco","isPartOf":{"@id":"https:\/\/www.em.com.br\/emfoco\/#website"},"primaryImageOfPage":{"@id":"https:\/\/www.em.com.br\/emfoco\/2026\/03\/13\/nem-pintura-nem-reforma-a-planta-ideal-para-cobrir-muros-e-deixar-o-quintal-mais-fresco\/#primaryimage"},"image":{"@id":"https:\/\/www.em.com.br\/emfoco\/2026\/03\/13\/nem-pintura-nem-reforma-a-planta-ideal-para-cobrir-muros-e-deixar-o-quintal-mais-fresco\/#primaryimage"},"thumbnailUrl":"https:\/\/www.em.com.br\/emfoco\/wp-content\/uploads\/2025\/12\/Gemini_Generated_Image_4xq9084xq9084xq9-1.png","datePublished":"2026-03-13T12:55:00+00:00","dateModified":"2026-03-12T21:12:26+00:00","author":{"@id":"https:\/\/www.em.com.br\/emfoco\/#\/schema\/person\/0a8186d72f2c3a5c6276d90b41f271a0"},"description":"Descubra a melhor trepadeira para preencher muro e aprenda como criar uma barreira natural contra o calor","breadcrumb":{"@id":"https:\/\/www.em.com.br\/emfoco\/2026\/03\/13\/nem-pintura-nem-reforma-a-planta-ideal-para-cobrir-muros-e-deixar-o-quintal-mais-fresco\/#breadcrumb"},"inLanguage":"pt-BR","potentialAction":[{"@type":"ReadAction","target":["https:\/\/www.em.com.br\/emfoco\/2026\/03\/13\/nem-pintura-nem-reforma-a-planta-ideal-para-cobrir-muros-e-deixar-o-quintal-mais-fresco\/"]}]},{"@type":"ImageObject","inLanguage":"pt-BR","@id":"https:\/\/www.em.com.br\/emfoco\/2026\/03\/13\/nem-pintura-nem-reforma-a-planta-ideal-para-cobrir-muros-e-deixar-o-quintal-mais-fresco\/#primaryimage","url":"https:\/\/www.em.com.br\/emfoco\/wp-content\/uploads\/2025\/12\/Gemini_Generated_Image_4xq9084xq9084xq9-1.png","contentUrl":"https:\/\/www.em.com.br\/emfoco\/wp-content\/uploads\/2025\/12\/Gemini_Generated_Image_4xq9084xq9084xq9-1.png","width":1280,"height":720,"caption":"A rosa trepadeira \u00e9 uma roseira que produz ramos longos e flex\u00edveis, perfeitos para serem conduzidos sobre muros"},{"@type":"BreadcrumbList","@id":"https:\/\/www.em.com.br\/emfoco\/2026\/03\/13\/nem-pintura-nem-reforma-a-planta-ideal-para-cobrir-muros-e-deixar-o-quintal-mais-fresco\/#breadcrumb","itemListElement":[{"@type":"ListItem","position":1,"name":"In\u00edcio","item":"https:\/\/www.em.com.br\/emfoco\/"},{"@type":"ListItem","position":2,"name":"Nem pintura, nem reforma: a planta ideal para cobrir muros e deixar o quintal mais fresco"}]},{"@type":"WebSite","@id":"https:\/\/www.em.com.br\/emfoco\/#website","url":"https:\/\/www.em.com.br\/emfoco\/","name":"Estado de Minas - Em foco","description":"Acompanhe as \u00faltimas not\u00edcias e fique bem informado sobre tudo o que acontece em Minas Gerais, Brasil e no mundo.","potentialAction":[{"@type":"SearchAction","target":{"@type":"EntryPoint","urlTemplate":"https:\/\/www.em.com.br\/emfoco\/?s={search_term_string}"},"query-input":{"@type":"PropertyValueSpecification","valueRequired":true,"valueName":"search_term_string"}}],"inLanguage":"pt-BR"},{"@type":"Person","@id":"https:\/\/www.em.com.br\/emfoco\/#\/schema\/person\/0a8186d72f2c3a5c6276d90b41f271a0","name":"Daniely Cardoso","image":{"@type":"ImageObject","inLanguage":"pt-BR","@id":"https:\/\/www.em.com.br\/emfoco\/#\/schema\/person\/image\/","url":"https:\/\/secure.gravatar.com\/avatar\/4b80ddbd124d1f071b626d52d62e5dff?s=96&d=mm&r=g","contentUrl":"https:\/\/secure.gravatar.com\/avatar\/4b80ddbd124d1f071b626d52d62e5dff?s=96&d=mm&r=g","caption":"Daniely Cardoso"},"url":"https:\/\/www.em.com.br\/emfoco\/author\/danielymyth\/"}]}},"_links":{"self":[{"href":"https:\/\/www.em.com.br\/emfoco\/wp-json\/wp\/v2\/posts\/180817","targetHints":{"allow":["GET"]}}],"collection":[{"href":"https:\/\/www.em.com.br\/emfoco\/wp-json\/wp\/v2\/posts"}],"about":[{"href":"https:\/\/www.em.com.br\/emfoco\/wp-json\/wp\/v2\/types\/post"}],"author":[{"embeddable":true,"href":"https:\/\/www.em.com.br\/emfoco\/wp-json\/wp\/v2\/users\/9"}],"replies":[{"embeddable":true,"href":"https:\/\/www.em.com.br\/emfoco\/wp-json\/wp\/v2\/comments?post=180817"}],"version-history":[{"count":2,"href":"https:\/\/www.em.com.br\/emfoco\/wp-json\/wp\/v2\/posts\/180817\/revisions"}],"predecessor-version":[{"id":180962,"href":"https:\/\/www.em.com.br\/emfoco\/wp-json\/wp\/v2\/posts\/180817\/revisions\/180962"}],"wp:featuredmedia":[{"embeddable":true,"href":"https:\/\/www.em.com.br\/emfoco\/wp-json\/wp\/v2\/media\/143873"}],"wp:attachment":[{"href":"https:\/\/www.em.com.br\/emfoco\/wp-json\/wp\/v2\/media?parent=180817"}],"wp:term":[{"taxonomy":"category","embeddable":true,"href":"https:\/\/www.em.com.br\/emfoco\/wp-json\/wp\/v2\/categories?post=180817"},{"taxonomy":"post_tag","embeddable":true,"href":"https:\/\/www.em.com.br\/emfoco\/wp-json\/wp\/v2\/tags?post=180817"}],"curies":[{"name":"wp","href":"https:\/\/api.w.org\/{rel}","templated":true}]}}