{"id":180792,"date":"2026-03-13T10:25:00","date_gmt":"2026-03-13T13:25:00","guid":{"rendered":"https:\/\/www.em.com.br\/emfoco\/?p=180792"},"modified":"2026-03-12T23:49:39","modified_gmt":"2026-03-13T02:49:39","slug":"nova-tendencia-de-2026-aposta-em-calca-jeans-azul-combinada-com-uma-cor-proibida-surpreendente","status":"publish","type":"post","link":"https:\/\/www.em.com.br\/emfoco\/2026\/03\/13\/nova-tendencia-de-2026-aposta-em-calca-jeans-azul-combinada-com-uma-cor-proibida-surpreendente\/","title":{"rendered":"Nova tend\u00eancia de 2026 aposta em cal\u00e7a jeans azul combinada com uma \u201ccor proibida\u201d surpreendente"},"content":{"rendered":"\n<p>Durante muito tempo, a combina\u00e7\u00e3o de&nbsp;<strong>jaqueta marrom com cal\u00e7a jeans azul<\/strong>&nbsp;foi tratada como algo a ser evitado, mas hoje aparece forte nas ruas, vitrines e redes sociais, especialmente no&nbsp;<strong>outono e inverno de 2026<\/strong>, alinhada a uma moda mais vers\u00e1til, pr\u00e1tica e menos presa a regras r\u00edgidas.<\/p>\n\n\n\n<h2 class=\"wp-block-heading\">Por que a combina\u00e7\u00e3o marrom e azul jeans virou tend\u00eancia em 2026<\/h2>\n\n\n\n<p>O marrom, presente em trench coats, jaquetas de couro e blazers, remete \u00e0 eleg\u00e2ncia discreta, enquanto o azul do jeans traduz descontra\u00e7\u00e3o e funcionalidade.<\/p>\n\n\n\n<p>O contraste antes considerado desalinhado hoje \u00e9 visto como interessante e moderno. A jaqueta marrom cria um ponto visual mais quente sobre o fundo neutro da <a href=\"https:\/\/www.em.com.br\/emfoco\/2026\/03\/12\/mulher-de-60-anos-troca-calca-muito-justa-por-modelo-reto-e-diz-que-o-visual-ficou-mais-elegante\/\" target=\"_blank\" rel=\"noreferrer noopener\">cal\u00e7a <\/a>jeans azul, funcionando muito bem em dias de meia-esta\u00e7\u00e3o, com sobreposi\u00e7\u00f5es que se adaptam \u00e0s varia\u00e7\u00f5es de temperatura.<\/p>\n\n\n\n<iframe loading=\"lazy\" src=\"https:\/\/assets.pinterest.com\/ext\/embed.html?id=693061830147484502\" height=\"447\" width=\"345\" frameborder=\"0\" scrolling=\"no\" ><\/iframe>\n\n\n\n<h2 class=\"wp-block-heading\">Como usar jaqueta marrom com cal\u00e7a jeans azul no dia a dia<\/h2>\n\n\n\n<p>O uso da&nbsp;<strong>jaqueta marrom com cal\u00e7a jeans azul<\/strong>&nbsp;permite combina\u00e7\u00f5es que v\u00e3o do b\u00e1sico ao mais elaborado, transitando do trabalho aos momentos de lazer. Quem prefere discri\u00e7\u00e3o pode apostar em modelagens simples e cores neutras; j\u00e1 quem gosta de impacto visual pode brincar com propor\u00e7\u00f5es, texturas e acess\u00f3rios.<\/p>\n\n\n\n<p>Veja algumas formas pr\u00e1ticas de styling que ajudam a adaptar o combo para diferentes ocasi\u00f5es e estilos pessoais:<\/p>\n\n\n\n<ul class=\"wp-block-list\">\n<li><strong>Look casual de trabalho<\/strong>: jaqueta marrom estruturada, jeans azul de corte reto e camisa clara.<\/li>\n\n\n\n<li><strong>Visual urbano de fim de semana<\/strong>: jaqueta de couro marrom, cal\u00e7a jeans azul wide leg e camiseta lisa.<\/li>\n\n\n\n<li><strong>Estilo minimalista<\/strong>: trench coat marrom, jeans azul escuro e malha de gola alta em tom neutro.<\/li>\n\n\n\n<li><strong>Proposta mais fashion<\/strong>: jaqueta marrom oversized, jeans azul com barra ampla e sapatos de design marcante.<\/li>\n<\/ul>\n\n\n\n<iframe loading=\"lazy\" src=\"https:\/\/assets.pinterest.com\/ext\/embed.html?id=52987733113590135\" height=\"650\" width=\"345\" frameborder=\"0\" scrolling=\"no\" ><\/iframe>\n\n\n\n<h2 class=\"wp-block-heading\">Quais pe\u00e7as combinam melhor com jaqueta marrom e jeans azul<\/h2>\n\n\n\n<p>Para complementar o conjunto de<a href=\"https:\/\/br.pinterest.com\/pin\/693061830147484502\/\" target=\"_blank\" rel=\"noreferrer noopener\">\u00a0<strong>jaqueta marrom com cal\u00e7a jeans azul<\/strong><\/a>, as escolhas mais frequentes em 2026 priorizam equil\u00edbrio visual. A ideia \u00e9 valorizar a dupla sem poluir o look, mantendo um ar organizado, atual e f\u00e1cil de repetir no dia a dia.<\/p>\n\n\n\n<p>Cal\u00e7ados, malhas, bolsas e acess\u00f3rios funcionam como pontos de conex\u00e3o entre o marrom e o denim azul, refor\u00e7ando a paleta neutra e vers\u00e1til:<\/p>\n\n\n\n<ol class=\"wp-block-list\">\n<li><strong>Cal\u00e7ados neutros<\/strong>: loafers pretos, botas em couro marrom, t\u00eanis branco ou off-white.<\/li>\n\n\n\n<li><strong>Malhas e camisetas b\u00e1sicas<\/strong>: pe\u00e7as em preto, branco, bege ou cinza, que n\u00e3o competem com a jaqueta.<\/li>\n\n\n\n<li><strong>Bolsas em tons terrosos<\/strong>: varia\u00e7\u00f5es de marrom, caramelo ou conhaque refor\u00e7am a paleta quente.<\/li>\n\n\n\n<li><strong>Acess\u00f3rios met\u00e1licos discretos<\/strong>: rel\u00f3gios, cintos e joias minimalistas em dourado ou prata.<\/li>\n<\/ol>\n\n\n\n<iframe loading=\"lazy\" src=\"https:\/\/assets.pinterest.com\/ext\/embed.html?id=130534089200212044\" height=\"447\" width=\"345\" frameborder=\"0\" scrolling=\"no\" ><\/iframe>\n\n\n\n<h2 class=\"wp-block-heading\">Como adaptar a combina\u00e7\u00e3o a diferentes estilos pessoais<\/h2>\n\n\n\n<p>A tend\u00eancia de&nbsp;<strong>jaqueta marrom com cal\u00e7a jeans azul<\/strong>&nbsp;n\u00e3o se limita a um estilo \u00fanico: aparece em produ\u00e7\u00f5es elegantes, casuais e at\u00e9 esportivas. A grande diferen\u00e7a est\u00e1 nas modelagens, nos tecidos e nos detalhes, que deixam o visual mais cl\u00e1ssico, moderno ou criativo.<\/p>\n\n\n\n<ul class=\"wp-block-list\">\n<li><strong>Estilo cl\u00e1ssico<\/strong>: trench coat marrom, jeans azul escuro, camisa de algod\u00e3o e sapato social de linhas simples.<\/li>\n\n\n\n<li><strong>Estilo casual esportivo<\/strong>: jaqueta marrom em tecido leve, jeans azul de modelagem solta e t\u00eanis de solado robusto.<\/li>\n\n\n\n<li><strong>Estilo criativo<\/strong>: jaqueta marrom com recortes ou texturas, jeans azul com lavagens diferenciadas e acess\u00f3rios em cores contrastantes.<\/li>\n<\/ul>\n\n\n\n<h2 class=\"wp-block-heading\">Por que apostar agora na jaqueta marrom com cal\u00e7a jeans azul<\/h2>\n\n\n\n<p>A antiga ideia de que marrom e azul jeans formam um conjunto \u201cproibido\u201d deu lugar a uma leitura mais flex\u00edvel e atual da moda. Em 2026, essa combina\u00e7\u00e3o se consolida como base inteligente para quem quer praticidade, estilo e looks repet\u00edveis com poucas pe\u00e7as-chave.<\/p>\n\n\n\n<p>Se voc\u00ea quer atualizar o guarda-roupa sem radicalizar, comece hoje pela&nbsp;<strong>jaqueta marrom com cal\u00e7a jeans azul<\/strong>: teste novas propostas, fotografe seus looks e descubra quais vers\u00f5es funcionam melhor em voc\u00ea antes que a temporada de frio passe e essa oportunidade de reinventar seu visual fique para tr\u00e1s.<\/p>\n","protected":false},"excerpt":{"rendered":"<p>Durante muito tempo, a combina\u00e7\u00e3o de&nbsp;jaqueta marrom com cal\u00e7a jeans azul&nbsp;foi tratada como algo a ser evitado, mas hoje aparece forte nas ruas, vitrines e redes sociais, especialmente no&nbsp;outono e inverno de 2026, alinhada a uma moda mais vers\u00e1til, pr\u00e1tica e menos presa a regras r\u00edgidas. Por que a combina\u00e7\u00e3o marrom e azul jeans virou [&hellip;]<\/p>\n","protected":false},"author":11,"featured_media":61537,"comment_status":"open","ping_status":"open","sticky":false,"template":"","format":"standard","meta":{"jnews-multi-image_gallery":[],"jnews_single_post":{"format":"standard"},"jnews_primary_category":[],"jnews_social_meta":[],"jnews_override_counter":[],"footnotes":""},"categories":[8819,1],"tags":[3046,17892,17268,8114,4977,1920],"class_list":["post-180792","post","type-post","status-publish","format-standard","has-post-thumbnail","hentry","category-curiosidades","category-noticias","tag-azul","tag-calca-jeans","tag-jaqueta","tag-marrom","tag-moda","tag-tendencia"],"yoast_head":"<!-- This site is optimized with the Yoast SEO plugin v23.8 - https:\/\/yoast.com\/wordpress\/plugins\/seo\/ -->\n<title>Nova tend\u00eancia de 2026 aposta em cal\u00e7a jeans azul combinada com uma \u201ccor proibida\u201d surpreendente - Estado de Minas - Em foco<\/title>\n<meta name=\"description\" content=\"A combina\u00e7\u00e3o de jaqueta marrom e cal\u00e7a jeans azul voltou com for\u00e7a. Descubra como montar looks vers\u00e1teis.\" \/>\n<meta name=\"robots\" content=\"index, follow, max-snippet:-1, max-image-preview:large, max-video-preview:-1\" \/>\n<link rel=\"canonical\" href=\"https:\/\/www.em.com.br\/emfoco\/2026\/03\/13\/nova-tendencia-de-2026-aposta-em-calca-jeans-azul-combinada-com-uma-cor-proibida-surpreendente\/\" \/>\n<meta property=\"og:locale\" content=\"pt_BR\" \/>\n<meta property=\"og:type\" content=\"article\" \/>\n<meta property=\"og:title\" content=\"Nova tend\u00eancia de 2026 aposta em cal\u00e7a jeans azul combinada com uma \u201ccor proibida\u201d surpreendente - Estado de Minas - Em foco\" \/>\n<meta property=\"og:description\" content=\"A combina\u00e7\u00e3o de jaqueta marrom e cal\u00e7a jeans azul voltou com for\u00e7a. Descubra como montar looks vers\u00e1teis.\" \/>\n<meta property=\"og:url\" content=\"https:\/\/www.em.com.br\/emfoco\/2026\/03\/13\/nova-tendencia-de-2026-aposta-em-calca-jeans-azul-combinada-com-uma-cor-proibida-surpreendente\/\" \/>\n<meta property=\"og:site_name\" content=\"Estado de Minas - Em foco\" \/>\n<meta property=\"article:published_time\" content=\"2026-03-13T13:25:00+00:00\" \/>\n<meta property=\"article:modified_time\" content=\"2026-03-13T02:49:39+00:00\" \/>\n<meta property=\"og:image\" content=\"https:\/\/www.em.com.br\/emfoco\/wp-content\/uploads\/2025\/06\/calca-apertada_1750090300154.jpg\" \/>\n\t<meta property=\"og:image:width\" content=\"1280\" \/>\n\t<meta property=\"og:image:height\" content=\"720\" \/>\n\t<meta property=\"og:image:type\" content=\"image\/jpeg\" \/>\n<meta name=\"author\" content=\"Andre\u0301 Rangel\u00a0\" \/>\n<meta name=\"twitter:card\" content=\"summary_large_image\" \/>\n<meta name=\"twitter:label1\" content=\"Escrito por\" \/>\n\t<meta name=\"twitter:data1\" content=\"Andre\u0301 Rangel\u00a0\" \/>\n\t<meta name=\"twitter:label2\" content=\"Est. tempo de leitura\" \/>\n\t<meta name=\"twitter:data2\" content=\"4 minutos\" \/>\n<!-- \/ Yoast SEO plugin. -->","yoast_head_json":{"title":"Nova tend\u00eancia de 2026 aposta em cal\u00e7a jeans azul combinada com uma \u201ccor proibida\u201d surpreendente - Estado de Minas - Em foco","description":"A combina\u00e7\u00e3o de jaqueta marrom e cal\u00e7a jeans azul voltou com for\u00e7a. Descubra como montar looks vers\u00e1teis.","robots":{"index":"index","follow":"follow","max-snippet":"max-snippet:-1","max-image-preview":"max-image-preview:large","max-video-preview":"max-video-preview:-1"},"canonical":"https:\/\/www.em.com.br\/emfoco\/2026\/03\/13\/nova-tendencia-de-2026-aposta-em-calca-jeans-azul-combinada-com-uma-cor-proibida-surpreendente\/","og_locale":"pt_BR","og_type":"article","og_title":"Nova tend\u00eancia de 2026 aposta em cal\u00e7a jeans azul combinada com uma \u201ccor proibida\u201d surpreendente - Estado de Minas - Em foco","og_description":"A combina\u00e7\u00e3o de jaqueta marrom e cal\u00e7a jeans azul voltou com for\u00e7a. Descubra como montar looks vers\u00e1teis.","og_url":"https:\/\/www.em.com.br\/emfoco\/2026\/03\/13\/nova-tendencia-de-2026-aposta-em-calca-jeans-azul-combinada-com-uma-cor-proibida-surpreendente\/","og_site_name":"Estado de Minas - Em foco","article_published_time":"2026-03-13T13:25:00+00:00","article_modified_time":"2026-03-13T02:49:39+00:00","og_image":[{"width":1280,"height":720,"url":"https:\/\/www.em.com.br\/emfoco\/wp-content\/uploads\/2025\/06\/calca-apertada_1750090300154.jpg","type":"image\/jpeg"}],"author":"Andre\u0301 Rangel\u00a0","twitter_card":"summary_large_image","twitter_misc":{"Escrito por":"Andre\u0301 Rangel\u00a0","Est. tempo de leitura":"4 minutos"},"schema":{"@context":"https:\/\/schema.org","@graph":[{"@type":"WebPage","@id":"https:\/\/www.em.com.br\/emfoco\/2026\/03\/13\/nova-tendencia-de-2026-aposta-em-calca-jeans-azul-combinada-com-uma-cor-proibida-surpreendente\/","url":"https:\/\/www.em.com.br\/emfoco\/2026\/03\/13\/nova-tendencia-de-2026-aposta-em-calca-jeans-azul-combinada-com-uma-cor-proibida-surpreendente\/","name":"Nova tend\u00eancia de 2026 aposta em cal\u00e7a jeans azul combinada com uma \u201ccor proibida\u201d surpreendente - Estado de Minas - Em foco","isPartOf":{"@id":"https:\/\/www.em.com.br\/emfoco\/#website"},"primaryImageOfPage":{"@id":"https:\/\/www.em.com.br\/emfoco\/2026\/03\/13\/nova-tendencia-de-2026-aposta-em-calca-jeans-azul-combinada-com-uma-cor-proibida-surpreendente\/#primaryimage"},"image":{"@id":"https:\/\/www.em.com.br\/emfoco\/2026\/03\/13\/nova-tendencia-de-2026-aposta-em-calca-jeans-azul-combinada-com-uma-cor-proibida-surpreendente\/#primaryimage"},"thumbnailUrl":"https:\/\/www.em.com.br\/emfoco\/wp-content\/uploads\/2025\/06\/calca-apertada_1750090300154.jpg","datePublished":"2026-03-13T13:25:00+00:00","dateModified":"2026-03-13T02:49:39+00:00","author":{"@id":"https:\/\/www.em.com.br\/emfoco\/#\/schema\/person\/60eda09c1fedf0d6891f4cef4b60b8b8"},"description":"A combina\u00e7\u00e3o de jaqueta marrom e cal\u00e7a jeans azul voltou com for\u00e7a. Descubra como montar looks vers\u00e1teis.","breadcrumb":{"@id":"https:\/\/www.em.com.br\/emfoco\/2026\/03\/13\/nova-tendencia-de-2026-aposta-em-calca-jeans-azul-combinada-com-uma-cor-proibida-surpreendente\/#breadcrumb"},"inLanguage":"pt-BR","potentialAction":[{"@type":"ReadAction","target":["https:\/\/www.em.com.br\/emfoco\/2026\/03\/13\/nova-tendencia-de-2026-aposta-em-calca-jeans-azul-combinada-com-uma-cor-proibida-surpreendente\/"]}]},{"@type":"ImageObject","inLanguage":"pt-BR","@id":"https:\/\/www.em.com.br\/emfoco\/2026\/03\/13\/nova-tendencia-de-2026-aposta-em-calca-jeans-azul-combinada-com-uma-cor-proibida-surpreendente\/#primaryimage","url":"https:\/\/www.em.com.br\/emfoco\/wp-content\/uploads\/2025\/06\/calca-apertada_1750090300154.jpg","contentUrl":"https:\/\/www.em.com.br\/emfoco\/wp-content\/uploads\/2025\/06\/calca-apertada_1750090300154.jpg","width":1280,"height":720,"caption":"Jaqueta marrom com jeans azul vira tend\u00eancia - Cr\u00e9ditos: depositphotos.com \/ Panubestphoto"},{"@type":"BreadcrumbList","@id":"https:\/\/www.em.com.br\/emfoco\/2026\/03\/13\/nova-tendencia-de-2026-aposta-em-calca-jeans-azul-combinada-com-uma-cor-proibida-surpreendente\/#breadcrumb","itemListElement":[{"@type":"ListItem","position":1,"name":"In\u00edcio","item":"https:\/\/www.em.com.br\/emfoco\/"},{"@type":"ListItem","position":2,"name":"Nova tend\u00eancia de 2026 aposta em cal\u00e7a jeans azul combinada com uma \u201ccor proibida\u201d surpreendente"}]},{"@type":"WebSite","@id":"https:\/\/www.em.com.br\/emfoco\/#website","url":"https:\/\/www.em.com.br\/emfoco\/","name":"Estado de Minas - Em foco","description":"Acompanhe as \u00faltimas not\u00edcias e fique bem informado sobre tudo o que acontece em Minas Gerais, Brasil e no mundo.","potentialAction":[{"@type":"SearchAction","target":{"@type":"EntryPoint","urlTemplate":"https:\/\/www.em.com.br\/emfoco\/?s={search_term_string}"},"query-input":{"@type":"PropertyValueSpecification","valueRequired":true,"valueName":"search_term_string"}}],"inLanguage":"pt-BR"},{"@type":"Person","@id":"https:\/\/www.em.com.br\/emfoco\/#\/schema\/person\/60eda09c1fedf0d6891f4cef4b60b8b8","name":"Andre\u0301 Rangel\u00a0","image":{"@type":"ImageObject","inLanguage":"pt-BR","@id":"https:\/\/www.em.com.br\/emfoco\/#\/schema\/person\/image\/","url":"https:\/\/secure.gravatar.com\/avatar\/6234dc814c77c8ef6d8bba622c787efc?s=96&d=mm&r=g","contentUrl":"https:\/\/secure.gravatar.com\/avatar\/6234dc814c77c8ef6d8bba622c787efc?s=96&d=mm&r=g","caption":"Andre\u0301 Rangel\u00a0"},"url":"https:\/\/www.em.com.br\/emfoco\/author\/luizmyth\/"}]}},"_links":{"self":[{"href":"https:\/\/www.em.com.br\/emfoco\/wp-json\/wp\/v2\/posts\/180792","targetHints":{"allow":["GET"]}}],"collection":[{"href":"https:\/\/www.em.com.br\/emfoco\/wp-json\/wp\/v2\/posts"}],"about":[{"href":"https:\/\/www.em.com.br\/emfoco\/wp-json\/wp\/v2\/types\/post"}],"author":[{"embeddable":true,"href":"https:\/\/www.em.com.br\/emfoco\/wp-json\/wp\/v2\/users\/11"}],"replies":[{"embeddable":true,"href":"https:\/\/www.em.com.br\/emfoco\/wp-json\/wp\/v2\/comments?post=180792"}],"version-history":[{"count":3,"href":"https:\/\/www.em.com.br\/emfoco\/wp-json\/wp\/v2\/posts\/180792\/revisions"}],"predecessor-version":[{"id":180860,"href":"https:\/\/www.em.com.br\/emfoco\/wp-json\/wp\/v2\/posts\/180792\/revisions\/180860"}],"wp:featuredmedia":[{"embeddable":true,"href":"https:\/\/www.em.com.br\/emfoco\/wp-json\/wp\/v2\/media\/61537"}],"wp:attachment":[{"href":"https:\/\/www.em.com.br\/emfoco\/wp-json\/wp\/v2\/media?parent=180792"}],"wp:term":[{"taxonomy":"category","embeddable":true,"href":"https:\/\/www.em.com.br\/emfoco\/wp-json\/wp\/v2\/categories?post=180792"},{"taxonomy":"post_tag","embeddable":true,"href":"https:\/\/www.em.com.br\/emfoco\/wp-json\/wp\/v2\/tags?post=180792"}],"curies":[{"name":"wp","href":"https:\/\/api.w.org\/{rel}","templated":true}]}}