{"id":180773,"date":"2026-03-13T17:35:00","date_gmt":"2026-03-13T20:35:00","guid":{"rendered":"https:\/\/www.em.com.br\/emfoco\/?p=180773"},"modified":"2026-03-12T17:42:23","modified_gmt":"2026-03-12T20:42:23","slug":"as-5-flores-que-florescem-na-sombra-e-sao-perfeitas-para-apartamentos-que-recebem-pouco-sol","status":"publish","type":"post","link":"https:\/\/www.em.com.br\/emfoco\/2026\/03\/13\/as-5-flores-que-florescem-na-sombra-e-sao-perfeitas-para-apartamentos-que-recebem-pouco-sol\/","title":{"rendered":"As 5 flores que florescem na sombra e s\u00e3o perfeitas para apartamentos que recebem pouco sol"},"content":{"rendered":"\n<p>Voc\u00ea j\u00e1 tentou cuidar de plantas em casa, mas sentiu que faltava sol ou tempo para dar aten\u00e7\u00e3o a elas? Em apartamentos pequenos, janelas voltadas para paredes e rotinas corridas, muita gente procura por <strong>flores f\u00e1ceis<\/strong> de manter e que se d\u00e3o bem com <strong>pouco sol<\/strong>. Assim, o ambiente fica mais acolhedor, com um toque de natureza, sem exigir cuidados complicados ou horas de luz direta todos os dias.<\/p>\n\n\n\n<h2 class=\"wp-block-heading\">O que significa ter flores que gastam pouco sol no dia a dia<\/h2>\n\n\n\n<p>Quando falamos em <strong>flores que<\/strong> gastam pouco sol, estamos nos referindo a esp\u00e9cies que vivem bem com <strong>luz indireta<\/strong> ou filtrada, recebendo claridade sem aquele sol forte batendo direto nas folhas. Elas se adaptam muito bem a janelas com cortina, varandas cobertas ou c\u00f4modos bem iluminados.<\/p>\n\n\n\n<p>Na pr\u00e1tica, s\u00e3o plantas que preferem <strong>meia-sombra<\/strong> e conseguem florescer mesmo com sol fraco de manh\u00e3 ou no fim da tarde. A palavra-chave \u00e9 <strong>adapta\u00e7\u00e3o<\/strong>: quanto mais adaptada \u00e0 baixa luminosidade, menor o risco de murchar, queimar as folhas ou parar de produzir bot\u00f5es florais.<\/p>\n\n\n\n<figure class=\"wp-block-embed is-type-rich is-provider-pinterest wp-block-embed-pinterest\"><div class=\"wp-block-embed__wrapper\">\n<iframe loading=\"lazy\" title=\" \" src=\"https:\/\/assets.pinterest.com\/ext\/embed.html?id=14777505022386639&#038;src=oembed\" height=\"713\" width=\"450\" frameborder=\"0\" scrolling=\"no\" ><\/iframe>\n<\/div><\/figure>\n\n\n\n<p>Leia tamb\u00e9m:&nbsp;<a href=\"https:\/\/www.em.com.br\/emfoco\/2026\/03\/09\/quer-colher-uvas-em-casa-veja-como-plantar-videira-e-transformar-seu-quintal-em-um-cantinho-produtivo\/\" target=\"_blank\" rel=\"noopener\">Quer colher uvas em casa? Veja como plantar videira e transformar seu quintal em um cantinho produtivo<\/a><\/p>\n\n\n\n<h2 class=\"wp-block-heading\">Quais s\u00e3o 5 flores f\u00e1ceis de cuidar e que gastam pouco sol<\/h2>\n\n\n\n<p>Entre tantas op\u00e7\u00f5es, algumas flores se destacam por juntar tr\u00eas qualidades muito desejadas: exigem pouco sol, s\u00e3o simples de cuidar e t\u00eam boa <strong>durabilidade em<\/strong> ambientes internos. A seguir, veja cinco esp\u00e9cies que costumam se dar muito bem em apartamentos e casas com pouca luz direta.<\/p>\n\n\n\n<ul class=\"wp-block-list\">\n<li><strong>Violeta-africana: <\/strong>A violeta-africana \u00e9 uma campe\u00e3 dos espa\u00e7os pequenos, perfeita para quem quer cor sem muito <strong style=\"font-size: revert;\">trabalho di\u00e1rio<\/strong><span style=\"font-size: revert;\">.\u00a0<\/span><\/li>\n\n\n\n<li><strong>Ant\u00fario: <\/strong>O ant\u00fario \u00e9 muito usado em interiores e adora <strong style=\"font-size: revert;\">luz indireta<\/strong><span style=\"font-size: revert;\">, mantendo suas br\u00e1cteas coloridas por bastante tempo.\u00a0<\/span><\/li>\n\n\n\n<li><strong>Orqu\u00eddea phalaenopsis: <\/strong>A orqu\u00eddea phalaenopsis, ou orqu\u00eddea borboleta, \u00e9 \u00f3tima para salas e quartos bem iluminados, sem sol direto nas folhas.\u00a0<\/li>\n<\/ul>\n\n\n\n<figure class=\"wp-block-embed is-type-rich is-provider-pinterest wp-block-embed-pinterest\"><div class=\"wp-block-embed__wrapper\">\n<iframe loading=\"lazy\" title=\" \" src=\"https:\/\/assets.pinterest.com\/ext\/embed.html?id=18084835997708461&#038;src=oembed\" height=\"756\" width=\"450\" frameborder=\"0\" scrolling=\"no\" ><\/iframe>\n<\/div><\/figure>\n\n\n\n<ul class=\"wp-block-list\">\n<li><strong>Beg\u00f4nia: <\/strong>A beg\u00f4nia aparece em v\u00e1rias cores e formatos, sendo muito querida em locais de meia-sombra, onde evita o sol forte que queima suas folhas.<\/li>\n\n\n\n<li><strong>L\u00edrio-da-paz: <\/strong>O l\u00edrio-da-paz \u00e9 famoso por se dar bem em luz indireta e por \u201cavisar\u201d quando est\u00e1 com sede, deixando as folhas levemente murchas.\u00a0<\/li>\n<\/ul>\n\n\n\n<p>Para voc\u00ea que gosta de plantas, separamos um v\u00eddeo do canal <a href=\"https:\/\/www.youtube.com\/@cultivando-canal\" target=\"_blank\" rel=\"noreferrer noopener\">Cultivando<\/a> com dicas de pflores para sombras:<\/p>\n\n\n\n<figure class=\"wp-block-embed is-type-video is-provider-youtube wp-block-embed-youtube wp-embed-aspect-16-9 wp-has-aspect-ratio\"><div class=\"wp-block-embed__wrapper\">\n<div class=\"jeg_video_container jeg_video_content\"><iframe loading=\"lazy\" title=\"17 PLANTAS COM FLORES para ambientes SOMBREADOS ou internos.\" width=\"500\" height=\"281\" src=\"https:\/\/www.youtube.com\/embed\/5JGU43z33ps?feature=oembed\" frameborder=\"0\" allow=\"accelerometer; autoplay; clipboard-write; encrypted-media; gyroscope; picture-in-picture; web-share\" referrerpolicy=\"strict-origin-when-cross-origin\" allowfullscreen><\/iframe><\/div>\n<\/div><\/figure>\n\n\n\n<h2 class=\"wp-block-heading\">Como cuidar de flores que precisam de pouco sol sem complica\u00e7\u00e3o<\/h2>\n\n\n\n<p>Manter essas <strong>flores saud\u00e1veis<\/strong> depende muito mais de pequenos h\u00e1bitos do que de sol forte o dia inteiro. Em geral, elas gostam de regularidade: regas na medida certa, aduba\u00e7\u00e3o leve de tempos em tempos e um cantinho bem iluminado, mesmo que sem <strong>sol direto<\/strong>.<\/p>\n\n\n\n<p>Para facilitar a rotina, vale seguir alguns cuidados simples que ajudam a planta a se manter bonita por mais tempo:<\/p>\n\n\n\n<ul class=\"wp-block-list\">\n<li><strong>Posicione os<\/strong> vasos em locais claros, pr\u00f3ximos a janelas, varandas cobertas ou \u00e1reas bem iluminadas da casa.<\/li>\n\n\n\n<li><strong>Toque o solo<\/strong> antes de regar; se estiver muito \u00famido, espere secar um pouco para evitar excesso de \u00e1gua.<\/li>\n\n\n\n<li><strong>Use vasos<\/strong> com furos e, se poss\u00edvel, uma camada de drenagem com pedras ou argila expandida no fundo.<\/li>\n\n\n\n<li><strong>Limpe as<\/strong> folhas com cuidado para tirar o p\u00f3 e facilitar a absor\u00e7\u00e3o de luz indireta.<\/li>\n\n\n\n<li><strong>Observe sinais<\/strong> como folhas amareladas, manchas ou queda de bot\u00f5es e ajuste \u00e1gua ou posi\u00e7\u00e3o da planta.<\/li>\n<\/ul>\n\n\n\n<figure class=\"wp-block-embed is-type-rich is-provider-pinterest wp-block-embed-pinterest\"><div class=\"wp-block-embed__wrapper\">\n<iframe loading=\"lazy\" title=\" \" src=\"https:\/\/assets.pinterest.com\/ext\/embed.html?id=7599893116969959&#038;src=oembed\" height=\"899\" width=\"450\" frameborder=\"0\" scrolling=\"no\" ><\/iframe>\n<\/div><\/figure>\n\n\n\n<h2 class=\"wp-block-heading\">Em quais ambientes essas flores f\u00e1ceis de cuidar se adaptam melhor<\/h2>\n\n\n\n<p>As <strong>flores que<\/strong> gostam de pouco sol combinam muito com apartamentos, escrit\u00f3rios, lojas e casas com janelas menores. Janelas voltadas para o leste ou oeste, sacadas protegidas e mesas perto da claridade s\u00e3o \u00f3timos lugares para deixar essas plantas <strong>mais confort\u00e1veis<\/strong>.<\/p>\n\n\n\n<p>Em casa, \u00e9 comum ver violeta-africana em parapeitos, ant\u00farios em salas, l\u00edrio-da-paz perto da varanda e orqu\u00eddeas em aparadores ou bancadas. A escolha da esp\u00e9cie leva em conta o <strong>espa\u00e7o dispon\u00edvel<\/strong>, a rotina de quem cuida e o n\u00edvel de ilumina\u00e7\u00e3o do c\u00f4modo, permitindo um cantinho verde mesmo onde o <strong>sol aparece<\/strong> pouco.<\/p>\n","protected":false},"excerpt":{"rendered":"<p>Voc\u00ea j\u00e1 tentou cuidar de plantas em casa, mas sentiu que faltava sol ou tempo para dar aten\u00e7\u00e3o a elas? Em apartamentos pequenos, janelas voltadas para paredes e rotinas corridas, muita gente procura por flores f\u00e1ceis de manter e que se d\u00e3o bem com pouco sol. Assim, o ambiente fica mais acolhedor, com um toque [&hellip;]<\/p>\n","protected":false},"author":9,"featured_media":155918,"comment_status":"open","ping_status":"open","sticky":false,"template":"","format":"standard","meta":{"jnews-multi-image_gallery":[],"jnews_single_post":{"format":"standard"},"jnews_primary_category":[],"jnews_social_meta":[],"jnews_override_counter":[],"footnotes":""},"categories":[8819,1],"tags":[15522,3357,26107,3325],"class_list":["post-180773","post","type-post","status-publish","format-standard","has-post-thumbnail","hentry","category-curiosidades","category-noticias","tag-apartamentos","tag-flores","tag-interno","tag-jardim"],"yoast_head":"<!-- This site is optimized with the Yoast SEO plugin v23.8 - https:\/\/yoast.com\/wordpress\/plugins\/seo\/ -->\n<title>As 5 flores que florescem na sombra e s\u00e3o perfeitas para apartamentos que recebem pouco sol - Estado de Minas - Em foco<\/title>\n<meta name=\"description\" content=\"Transforme sua casa com flores que amam a sombra e exigem poucos cuidados para se manterem sempre radiantes\" \/>\n<meta name=\"robots\" content=\"index, follow, max-snippet:-1, max-image-preview:large, max-video-preview:-1\" \/>\n<link rel=\"canonical\" href=\"https:\/\/www.em.com.br\/emfoco\/2026\/03\/13\/as-5-flores-que-florescem-na-sombra-e-sao-perfeitas-para-apartamentos-que-recebem-pouco-sol\/\" \/>\n<meta property=\"og:locale\" content=\"pt_BR\" \/>\n<meta property=\"og:type\" content=\"article\" \/>\n<meta property=\"og:title\" content=\"As 5 flores que florescem na sombra e s\u00e3o perfeitas para apartamentos que recebem pouco sol - Estado de Minas - Em foco\" \/>\n<meta property=\"og:description\" content=\"Transforme sua casa com flores que amam a sombra e exigem poucos cuidados para se manterem sempre radiantes\" \/>\n<meta property=\"og:url\" content=\"https:\/\/www.em.com.br\/emfoco\/2026\/03\/13\/as-5-flores-que-florescem-na-sombra-e-sao-perfeitas-para-apartamentos-que-recebem-pouco-sol\/\" \/>\n<meta property=\"og:site_name\" content=\"Estado de Minas - Em foco\" \/>\n<meta property=\"article:published_time\" content=\"2026-03-13T20:35:00+00:00\" \/>\n<meta property=\"article:modified_time\" content=\"2026-03-12T20:42:23+00:00\" \/>\n<meta property=\"og:image\" content=\"https:\/\/www.em.com.br\/emfoco\/wp-content\/uploads\/2026\/01\/flor-cheirosa_1768511224732.jpg\" \/>\n\t<meta property=\"og:image:width\" content=\"1280\" \/>\n\t<meta property=\"og:image:height\" content=\"720\" \/>\n\t<meta property=\"og:image:type\" content=\"image\/jpeg\" \/>\n<meta name=\"author\" content=\"Daniely Cardoso\" \/>\n<meta name=\"twitter:card\" content=\"summary_large_image\" \/>\n<meta name=\"twitter:label1\" content=\"Escrito por\" \/>\n\t<meta name=\"twitter:data1\" content=\"Daniely Cardoso\" \/>\n\t<meta name=\"twitter:label2\" content=\"Est. tempo de leitura\" \/>\n\t<meta name=\"twitter:data2\" content=\"4 minutos\" \/>\n<!-- \/ Yoast SEO plugin. -->","yoast_head_json":{"title":"As 5 flores que florescem na sombra e s\u00e3o perfeitas para apartamentos que recebem pouco sol - Estado de Minas - Em foco","description":"Transforme sua casa com flores que amam a sombra e exigem poucos cuidados para se manterem sempre radiantes","robots":{"index":"index","follow":"follow","max-snippet":"max-snippet:-1","max-image-preview":"max-image-preview:large","max-video-preview":"max-video-preview:-1"},"canonical":"https:\/\/www.em.com.br\/emfoco\/2026\/03\/13\/as-5-flores-que-florescem-na-sombra-e-sao-perfeitas-para-apartamentos-que-recebem-pouco-sol\/","og_locale":"pt_BR","og_type":"article","og_title":"As 5 flores que florescem na sombra e s\u00e3o perfeitas para apartamentos que recebem pouco sol - Estado de Minas - Em foco","og_description":"Transforme sua casa com flores que amam a sombra e exigem poucos cuidados para se manterem sempre radiantes","og_url":"https:\/\/www.em.com.br\/emfoco\/2026\/03\/13\/as-5-flores-que-florescem-na-sombra-e-sao-perfeitas-para-apartamentos-que-recebem-pouco-sol\/","og_site_name":"Estado de Minas - Em foco","article_published_time":"2026-03-13T20:35:00+00:00","article_modified_time":"2026-03-12T20:42:23+00:00","og_image":[{"width":1280,"height":720,"url":"https:\/\/www.em.com.br\/emfoco\/wp-content\/uploads\/2026\/01\/flor-cheirosa_1768511224732.jpg","type":"image\/jpeg"}],"author":"Daniely Cardoso","twitter_card":"summary_large_image","twitter_misc":{"Escrito por":"Daniely Cardoso","Est. tempo de leitura":"4 minutos"},"schema":{"@context":"https:\/\/schema.org","@graph":[{"@type":"WebPage","@id":"https:\/\/www.em.com.br\/emfoco\/2026\/03\/13\/as-5-flores-que-florescem-na-sombra-e-sao-perfeitas-para-apartamentos-que-recebem-pouco-sol\/","url":"https:\/\/www.em.com.br\/emfoco\/2026\/03\/13\/as-5-flores-que-florescem-na-sombra-e-sao-perfeitas-para-apartamentos-que-recebem-pouco-sol\/","name":"As 5 flores que florescem na sombra e s\u00e3o perfeitas para apartamentos que recebem pouco sol - Estado de Minas - Em foco","isPartOf":{"@id":"https:\/\/www.em.com.br\/emfoco\/#website"},"primaryImageOfPage":{"@id":"https:\/\/www.em.com.br\/emfoco\/2026\/03\/13\/as-5-flores-que-florescem-na-sombra-e-sao-perfeitas-para-apartamentos-que-recebem-pouco-sol\/#primaryimage"},"image":{"@id":"https:\/\/www.em.com.br\/emfoco\/2026\/03\/13\/as-5-flores-que-florescem-na-sombra-e-sao-perfeitas-para-apartamentos-que-recebem-pouco-sol\/#primaryimage"},"thumbnailUrl":"https:\/\/www.em.com.br\/emfoco\/wp-content\/uploads\/2026\/01\/flor-cheirosa_1768511224732.jpg","datePublished":"2026-03-13T20:35:00+00:00","dateModified":"2026-03-12T20:42:23+00:00","author":{"@id":"https:\/\/www.em.com.br\/emfoco\/#\/schema\/person\/0a8186d72f2c3a5c6276d90b41f271a0"},"description":"Transforme sua casa com flores que amam a sombra e exigem poucos cuidados para se manterem sempre radiantes","breadcrumb":{"@id":"https:\/\/www.em.com.br\/emfoco\/2026\/03\/13\/as-5-flores-que-florescem-na-sombra-e-sao-perfeitas-para-apartamentos-que-recebem-pouco-sol\/#breadcrumb"},"inLanguage":"pt-BR","potentialAction":[{"@type":"ReadAction","target":["https:\/\/www.em.com.br\/emfoco\/2026\/03\/13\/as-5-flores-que-florescem-na-sombra-e-sao-perfeitas-para-apartamentos-que-recebem-pouco-sol\/"]}]},{"@type":"ImageObject","inLanguage":"pt-BR","@id":"https:\/\/www.em.com.br\/emfoco\/2026\/03\/13\/as-5-flores-que-florescem-na-sombra-e-sao-perfeitas-para-apartamentos-que-recebem-pouco-sol\/#primaryimage","url":"https:\/\/www.em.com.br\/emfoco\/wp-content\/uploads\/2026\/01\/flor-cheirosa_1768511224732.jpg","contentUrl":"https:\/\/www.em.com.br\/emfoco\/wp-content\/uploads\/2026\/01\/flor-cheirosa_1768511224732.jpg","width":1280,"height":720,"caption":"Elas se adaptam muito bem a janelas com cortina, varandas cobertas ou c\u00f4modos bem iluminados. - Cr\u00e9ditos: depositphotos.com \/ HayDmitriy"},{"@type":"BreadcrumbList","@id":"https:\/\/www.em.com.br\/emfoco\/2026\/03\/13\/as-5-flores-que-florescem-na-sombra-e-sao-perfeitas-para-apartamentos-que-recebem-pouco-sol\/#breadcrumb","itemListElement":[{"@type":"ListItem","position":1,"name":"In\u00edcio","item":"https:\/\/www.em.com.br\/emfoco\/"},{"@type":"ListItem","position":2,"name":"As 5 flores que florescem na sombra e s\u00e3o perfeitas para apartamentos que recebem pouco sol"}]},{"@type":"WebSite","@id":"https:\/\/www.em.com.br\/emfoco\/#website","url":"https:\/\/www.em.com.br\/emfoco\/","name":"Estado de Minas - Em foco","description":"Acompanhe as \u00faltimas not\u00edcias e fique bem informado sobre tudo o que acontece em Minas Gerais, Brasil e no mundo.","potentialAction":[{"@type":"SearchAction","target":{"@type":"EntryPoint","urlTemplate":"https:\/\/www.em.com.br\/emfoco\/?s={search_term_string}"},"query-input":{"@type":"PropertyValueSpecification","valueRequired":true,"valueName":"search_term_string"}}],"inLanguage":"pt-BR"},{"@type":"Person","@id":"https:\/\/www.em.com.br\/emfoco\/#\/schema\/person\/0a8186d72f2c3a5c6276d90b41f271a0","name":"Daniely Cardoso","image":{"@type":"ImageObject","inLanguage":"pt-BR","@id":"https:\/\/www.em.com.br\/emfoco\/#\/schema\/person\/image\/","url":"https:\/\/secure.gravatar.com\/avatar\/4b80ddbd124d1f071b626d52d62e5dff?s=96&d=mm&r=g","contentUrl":"https:\/\/secure.gravatar.com\/avatar\/4b80ddbd124d1f071b626d52d62e5dff?s=96&d=mm&r=g","caption":"Daniely Cardoso"},"url":"https:\/\/www.em.com.br\/emfoco\/author\/danielymyth\/"}]}},"_links":{"self":[{"href":"https:\/\/www.em.com.br\/emfoco\/wp-json\/wp\/v2\/posts\/180773","targetHints":{"allow":["GET"]}}],"collection":[{"href":"https:\/\/www.em.com.br\/emfoco\/wp-json\/wp\/v2\/posts"}],"about":[{"href":"https:\/\/www.em.com.br\/emfoco\/wp-json\/wp\/v2\/types\/post"}],"author":[{"embeddable":true,"href":"https:\/\/www.em.com.br\/emfoco\/wp-json\/wp\/v2\/users\/9"}],"replies":[{"embeddable":true,"href":"https:\/\/www.em.com.br\/emfoco\/wp-json\/wp\/v2\/comments?post=180773"}],"version-history":[{"count":2,"href":"https:\/\/www.em.com.br\/emfoco\/wp-json\/wp\/v2\/posts\/180773\/revisions"}],"predecessor-version":[{"id":180893,"href":"https:\/\/www.em.com.br\/emfoco\/wp-json\/wp\/v2\/posts\/180773\/revisions\/180893"}],"wp:featuredmedia":[{"embeddable":true,"href":"https:\/\/www.em.com.br\/emfoco\/wp-json\/wp\/v2\/media\/155918"}],"wp:attachment":[{"href":"https:\/\/www.em.com.br\/emfoco\/wp-json\/wp\/v2\/media?parent=180773"}],"wp:term":[{"taxonomy":"category","embeddable":true,"href":"https:\/\/www.em.com.br\/emfoco\/wp-json\/wp\/v2\/categories?post=180773"},{"taxonomy":"post_tag","embeddable":true,"href":"https:\/\/www.em.com.br\/emfoco\/wp-json\/wp\/v2\/tags?post=180773"}],"curies":[{"name":"wp","href":"https:\/\/api.w.org\/{rel}","templated":true}]}}