{"id":180771,"date":"2026-03-13T16:35:00","date_gmt":"2026-03-13T19:35:00","guid":{"rendered":"https:\/\/www.em.com.br\/emfoco\/?p=180771"},"modified":"2026-03-12T18:26:36","modified_gmt":"2026-03-12T21:26:36","slug":"o-corte-de-cabelo-que-continua-bonito-mesmo-semanas-depois-de-sair-do-salao","status":"publish","type":"post","link":"https:\/\/www.em.com.br\/emfoco\/2026\/03\/13\/o-corte-de-cabelo-que-continua-bonito-mesmo-semanas-depois-de-sair-do-salao\/","title":{"rendered":"O corte de cabelo que continua bonito mesmo semanas depois de sair do sal\u00e3o"},"content":{"rendered":"\n<p>Voc\u00ea j\u00e1 saiu do sal\u00e3o se sentindo incr\u00edvel, mas poucos dias depois o cabelo perdeu o formato e come\u00e7ou a incomodar? Para quem vive na correria, um <strong>corte que cresce bonito<\/strong> \u00e9 quase um aliado de sobreviv\u00eancia: mant\u00e9m a <b>boa apar\u00eancia<\/b> mesmo quando falta tempo para retoques.<\/p>\n\n\n\n<h2 class=\"wp-block-heading\">O que \u00e9 um corte que cresce bonito e por que ele facilita a rotina?<\/h2>\n\n\n\n<p>Um <strong>corte que cresce bonito<\/strong> \u00e9 pensado para continuar harmonioso mesmo semanas depois do sal\u00e3o, sem depender de retoques constantes. O objetivo \u00e9 que o cabelo ganhe <b>comprimento extra<\/b> sem perder totalmente o formato, o volume e o caimento.<\/p>\n\n\n\n<p>O profissional observa <b>densidade capilar<\/b>, dire\u00e7\u00e3o natural dos fios, redemoinhos e textura. Em lisos, pequenas assimetrias d\u00e3o leveza; em cacheados e crespos, camadas e gradua\u00e7\u00f5es ajudam a controlar o <strong>volume<\/strong> e valorizar o desenho dos cachos ao longo do tempo.<\/p>\n\n\n\n<figure class=\"wp-block-embed is-type-rich is-provider-pinterest wp-block-embed-pinterest\"><div class=\"wp-block-embed__wrapper\">\n<iframe loading=\"lazy\" title=\"Deixe sua vida mais f\u00e1cil com as dicas que deixo aqui s\u00f3 para voc\u00ea! #crescimentocapilar Assista aos meus Stories. \ud83d\udce2 Compartilhe. \ud83c\udfcb\u200d\u2642\ufe0f Assista os stories. \ud83d\udccdN\u00e3o esque\u00e7a de salvar. \ud83d\udc9a Convide seus amigos para seguir \ud83d\udca5 Conte\u00fados novos todos os dias. #cuidadospessoais #cuidadocomoscabelos\" src=\"https:\/\/assets.pinterest.com\/ext\/embed.html?id=714876140885780185&#038;src=oembed\" height=\"898\" width=\"450\" frameborder=\"0\" scrolling=\"no\" ><\/iframe>\n<\/div><\/figure>\n\n\n\n<figure class=\"wp-block-embed is-type-rich is-provider-pinterest wp-block-embed-pinterest\"><div class=\"wp-block-embed__wrapper\">\n<iframe loading=\"lazy\" title=\"\ud83e\udd0d Look do Dia\" src=\"https:\/\/assets.pinterest.com\/ext\/embed.html?id=2181499816947302&#038;src=oembed\" height=\"899\" width=\"450\" frameborder=\"0\" scrolling=\"no\" ><\/iframe>\n<\/div><\/figure>\n\n\n\n<figure class=\"wp-block-embed is-type-rich is-provider-pinterest wp-block-embed-pinterest\"><div class=\"wp-block-embed__wrapper\">\n<iframe loading=\"lazy\" title=\"Cortes 2024\" src=\"https:\/\/assets.pinterest.com\/ext\/embed.html?id=3799980928826884&#038;src=oembed\" height=\"899\" width=\"450\" frameborder=\"0\" scrolling=\"no\" ><\/iframe>\n<\/div><\/figure>\n\n\n\n<p>Leia tamb\u00e9m:&nbsp;<a href=\"https:\/\/www.em.com.br\/emfoco\/2026\/03\/12\/nem-curto-nem-comprido-o-corte-de-cabelo-que-promete-dominar-os-saloes-em-2026\/\" target=\"_blank\" rel=\"noopener\">Nem curto nem comprido: o corte de cabelo que promete dominar os sal\u00f5es em 2026<\/a><\/p>\n\n\n\n<h2 class=\"wp-block-heading\">Quais cortes costumam crescer bem em diferentes tipos de cabelo<\/h2>\n\n\n\n<p>Alguns cortes s\u00e3o conhecidos por acompanhar melhor o <strong>crescimento<\/strong> natural, pedindo menos manuten\u00e7\u00e3o e facilitando a vida de quem tem pouco tempo. Em geral, vers\u00f5es em camadas, repicadas ou levemente desfiadas aceitam melhor o crescimento do que linhas muito retas e marcadas.<\/p>\n\n\n\n<p>Para ajudar na escolha do modelo ideal, vale observar como cada tipo de cabelo se comporta no dia a dia e quais cortes trazem mais <b>praticidade<\/b> sem perder estilo.<\/p>\n\n\n\n<ul class=\"wp-block-list\">\n<li><strong>Cabelos lisos e ondulados:<\/strong> long bob, camadas suaves, repicado discreto nas pontas e franja alongada crescem com leveza.<\/li>\n\n\n\n<li><strong>Cabelos cacheados:<\/strong> cortes em camadas, formato arredondado (corte em nuvem) e comprimentos m\u00e9dios equilibram <b>volume<\/b> e defini\u00e7\u00e3o.<\/li>\n\n\n\n<li><strong>Cabelos crespos e em transi\u00e7\u00e3o:<\/strong> formatos arredondados ou ovais, com laterais bem pensadas, costumam crescer de forma uniforme.<\/li>\n\n\n\n<li><strong>Cabelos curtos:<\/strong> nuca levemente graduada ou laterais mais cheias, em vez de raspadas, prolongam o tempo entre retoques.<\/li>\n<\/ul>\n\n\n\n<p>Para voc\u00ea que gosta de se cuidar, separamos um v\u00eddeo do canal da <a href=\"https:\/\/www.youtube.com\/@CamilaAzziniDermatologia\" target=\"_blank\" rel=\"noreferrer noopener\">Camila Azzini Dermatologia<\/a> com dicas para melhorar o crescimento do sue cabelo:<\/p>\n\n\n\n<figure class=\"wp-block-embed is-type-video is-provider-youtube wp-block-embed-youtube wp-embed-aspect-16-9 wp-has-aspect-ratio\"><div class=\"wp-block-embed__wrapper\">\n<div class=\"jeg_video_container jeg_video_content\"><iframe loading=\"lazy\" title=\"Fa\u00e7a seu CABELO CRESCER R\u00c1PIDO com esses alimentos!\" width=\"500\" height=\"281\" src=\"https:\/\/www.youtube.com\/embed\/B2agD3Pbzyo?start=6&#038;feature=oembed\" frameborder=\"0\" allow=\"accelerometer; autoplay; clipboard-write; encrypted-media; gyroscope; picture-in-picture; web-share\" referrerpolicy=\"strict-origin-when-cross-origin\" allowfullscreen><\/iframe><\/div>\n<\/div><\/figure>\n\n\n\n<h2 class=\"wp-block-heading\">Como manter o corte bonito mesmo com pouco tempo para cuidar<\/h2>\n\n\n\n<p>Mesmo o melhor corte precisa de alguns cuidados simples para continuar apresent\u00e1vel na correria. N\u00e3o \u00e9 uma rotina longa, mas pequenos h\u00e1bitos que preservam o <strong>caimento<\/strong> e a sa\u00fade dos fios, deixando tudo mais f\u00e1cil na hora de arrumar.<\/p>\n\n\n\n<p>Escolher bons produtos, evitar exageros no calor e ter um acabamento r\u00e1pido \u00e0 m\u00e3o faz muita diferen\u00e7a. Assim, o cabelo continua com aspecto alinhado e <b>organizado<\/b>, mesmo nos dias mais puxados.<\/p>\n\n\n\n<figure class=\"wp-block-embed is-type-rich is-provider-pinterest wp-block-embed-pinterest\"><div class=\"wp-block-embed__wrapper\">\n<iframe loading=\"lazy\" title=\"Corte novo da Lidi \u2702\ufe0f  #cortesfemininos #cortesmodernos #cortecabelocacheado #cachos #cabeloscacheados #cacheadas\" src=\"https:\/\/assets.pinterest.com\/ext\/embed.html?id=3377768468635993&#038;src=oembed\" height=\"899\" width=\"450\" frameborder=\"0\" scrolling=\"no\" ><\/iframe>\n<\/div><\/figure>\n\n\n\n<figure class=\"wp-block-embed is-type-rich is-provider-pinterest wp-block-embed-pinterest\"><div class=\"wp-block-embed__wrapper\">\n<iframe loading=\"lazy\" title=\" \" src=\"https:\/\/assets.pinterest.com\/ext\/embed.html?id=688347124338195776&#038;src=oembed\" height=\"899\" width=\"450\" frameborder=\"0\" scrolling=\"no\" ><\/iframe>\n<\/div><\/figure>\n\n\n\n<h2 class=\"wp-block-heading\">Quais cuidados ajudam a escolher um corte que realmente cresce bonito<\/h2>\n\n\n\n<p>Antes de mudar o visual, \u00e9 importante alinhar o corte com a sua rotina real, e n\u00e3o com uma vers\u00e3o idealizada do seu dia. Ser sincero sobre o tempo que voc\u00ea dedica ao <strong>cabelo<\/strong> evita frustra\u00e7\u00e3o e ajuda o profissional a sugerir algo que voc\u00ea consiga manter.<\/p>\n\n\n\n<p>Levar refer\u00eancias em fotos, perguntar como o corte se comporta nas semanas seguintes e evitar mudan\u00e7as radicais de primeira s\u00e3o atitudes que deixam tudo mais leve. Assim, o <b>corte que cresce bonito<\/b> vira um aliado da rotina, permitindo espa\u00e7ar as idas ao sal\u00e3o sem abrir m\u00e3o de um visual cuidado.<\/p>\n","protected":false},"excerpt":{"rendered":"<p>Voc\u00ea j\u00e1 saiu do sal\u00e3o se sentindo incr\u00edvel, mas poucos dias depois o cabelo perdeu o formato e come\u00e7ou a incomodar? Para quem vive na correria, um corte que cresce bonito \u00e9 quase um aliado de sobreviv\u00eancia: mant\u00e9m a boa apar\u00eancia mesmo quando falta tempo para retoques. O que \u00e9 um corte que cresce bonito [&hellip;]<\/p>\n","protected":false},"author":9,"featured_media":154728,"comment_status":"open","ping_status":"open","sticky":false,"template":"","format":"standard","meta":{"jnews-multi-image_gallery":[],"jnews_single_post":{"format":"standard"},"jnews_primary_category":[],"jnews_social_meta":[],"jnews_override_counter":[],"footnotes":""},"categories":[8691,8819,1],"tags":[2616,4905,7122],"class_list":["post-180771","post","type-post","status-publish","format-standard","has-post-thumbnail","hentry","category-bem-estar","category-curiosidades","category-noticias","tag-beleza","tag-cabelo","tag-cortes"],"yoast_head":"<!-- This site is optimized with the Yoast SEO plugin v23.8 - https:\/\/yoast.com\/wordpress\/plugins\/seo\/ -->\n<title>O corte de cabelo que continua bonito mesmo semanas depois de sair do sal\u00e3o - Estado de Minas - Em foco<\/title>\n<meta name=\"description\" content=\"Descubra os cortes que crescem sem perder o formato e aprenda a manter o visual impec\u00e1vel sem ir ao sal\u00e3o.\" \/>\n<meta name=\"robots\" content=\"index, follow, max-snippet:-1, max-image-preview:large, max-video-preview:-1\" \/>\n<link rel=\"canonical\" href=\"https:\/\/www.em.com.br\/emfoco\/2026\/03\/13\/o-corte-de-cabelo-que-continua-bonito-mesmo-semanas-depois-de-sair-do-salao\/\" \/>\n<meta property=\"og:locale\" content=\"pt_BR\" \/>\n<meta property=\"og:type\" content=\"article\" \/>\n<meta property=\"og:title\" content=\"O corte de cabelo que continua bonito mesmo semanas depois de sair do sal\u00e3o - Estado de Minas - Em foco\" \/>\n<meta property=\"og:description\" content=\"Descubra os cortes que crescem sem perder o formato e aprenda a manter o visual impec\u00e1vel sem ir ao sal\u00e3o.\" \/>\n<meta property=\"og:url\" content=\"https:\/\/www.em.com.br\/emfoco\/2026\/03\/13\/o-corte-de-cabelo-que-continua-bonito-mesmo-semanas-depois-de-sair-do-salao\/\" \/>\n<meta property=\"og:site_name\" content=\"Estado de Minas - Em foco\" \/>\n<meta property=\"article:published_time\" content=\"2026-03-13T19:35:00+00:00\" \/>\n<meta property=\"article:modified_time\" content=\"2026-03-12T21:26:36+00:00\" \/>\n<meta property=\"og:image\" content=\"https:\/\/www.em.com.br\/emfoco\/wp-content\/uploads\/2026\/01\/Gemini_Generated_Image_4wyx3k4wyx3k4wyx-1.png\" \/>\n\t<meta property=\"og:image:width\" content=\"1280\" \/>\n\t<meta property=\"og:image:height\" content=\"720\" \/>\n\t<meta property=\"og:image:type\" content=\"image\/png\" \/>\n<meta name=\"author\" content=\"Daniely Cardoso\" \/>\n<meta name=\"twitter:card\" content=\"summary_large_image\" \/>\n<meta name=\"twitter:label1\" content=\"Escrito por\" \/>\n\t<meta name=\"twitter:data1\" content=\"Daniely Cardoso\" \/>\n\t<meta name=\"twitter:label2\" content=\"Est. tempo de leitura\" \/>\n\t<meta name=\"twitter:data2\" content=\"3 minutos\" \/>\n<!-- \/ Yoast SEO plugin. -->","yoast_head_json":{"title":"O corte de cabelo que continua bonito mesmo semanas depois de sair do sal\u00e3o - Estado de Minas - Em foco","description":"Descubra os cortes que crescem sem perder o formato e aprenda a manter o visual impec\u00e1vel sem ir ao sal\u00e3o.","robots":{"index":"index","follow":"follow","max-snippet":"max-snippet:-1","max-image-preview":"max-image-preview:large","max-video-preview":"max-video-preview:-1"},"canonical":"https:\/\/www.em.com.br\/emfoco\/2026\/03\/13\/o-corte-de-cabelo-que-continua-bonito-mesmo-semanas-depois-de-sair-do-salao\/","og_locale":"pt_BR","og_type":"article","og_title":"O corte de cabelo que continua bonito mesmo semanas depois de sair do sal\u00e3o - Estado de Minas - Em foco","og_description":"Descubra os cortes que crescem sem perder o formato e aprenda a manter o visual impec\u00e1vel sem ir ao sal\u00e3o.","og_url":"https:\/\/www.em.com.br\/emfoco\/2026\/03\/13\/o-corte-de-cabelo-que-continua-bonito-mesmo-semanas-depois-de-sair-do-salao\/","og_site_name":"Estado de Minas - Em foco","article_published_time":"2026-03-13T19:35:00+00:00","article_modified_time":"2026-03-12T21:26:36+00:00","og_image":[{"width":1280,"height":720,"url":"https:\/\/www.em.com.br\/emfoco\/wp-content\/uploads\/2026\/01\/Gemini_Generated_Image_4wyx3k4wyx3k4wyx-1.png","type":"image\/png"}],"author":"Daniely Cardoso","twitter_card":"summary_large_image","twitter_misc":{"Escrito por":"Daniely Cardoso","Est. tempo de leitura":"3 minutos"},"schema":{"@context":"https:\/\/schema.org","@graph":[{"@type":"WebPage","@id":"https:\/\/www.em.com.br\/emfoco\/2026\/03\/13\/o-corte-de-cabelo-que-continua-bonito-mesmo-semanas-depois-de-sair-do-salao\/","url":"https:\/\/www.em.com.br\/emfoco\/2026\/03\/13\/o-corte-de-cabelo-que-continua-bonito-mesmo-semanas-depois-de-sair-do-salao\/","name":"O corte de cabelo que continua bonito mesmo semanas depois de sair do sal\u00e3o - Estado de Minas - Em foco","isPartOf":{"@id":"https:\/\/www.em.com.br\/emfoco\/#website"},"primaryImageOfPage":{"@id":"https:\/\/www.em.com.br\/emfoco\/2026\/03\/13\/o-corte-de-cabelo-que-continua-bonito-mesmo-semanas-depois-de-sair-do-salao\/#primaryimage"},"image":{"@id":"https:\/\/www.em.com.br\/emfoco\/2026\/03\/13\/o-corte-de-cabelo-que-continua-bonito-mesmo-semanas-depois-de-sair-do-salao\/#primaryimage"},"thumbnailUrl":"https:\/\/www.em.com.br\/emfoco\/wp-content\/uploads\/2026\/01\/Gemini_Generated_Image_4wyx3k4wyx3k4wyx-1.png","datePublished":"2026-03-13T19:35:00+00:00","dateModified":"2026-03-12T21:26:36+00:00","author":{"@id":"https:\/\/www.em.com.br\/emfoco\/#\/schema\/person\/0a8186d72f2c3a5c6276d90b41f271a0"},"description":"Descubra os cortes que crescem sem perder o formato e aprenda a manter o visual impec\u00e1vel sem ir ao sal\u00e3o.","breadcrumb":{"@id":"https:\/\/www.em.com.br\/emfoco\/2026\/03\/13\/o-corte-de-cabelo-que-continua-bonito-mesmo-semanas-depois-de-sair-do-salao\/#breadcrumb"},"inLanguage":"pt-BR","potentialAction":[{"@type":"ReadAction","target":["https:\/\/www.em.com.br\/emfoco\/2026\/03\/13\/o-corte-de-cabelo-que-continua-bonito-mesmo-semanas-depois-de-sair-do-salao\/"]}]},{"@type":"ImageObject","inLanguage":"pt-BR","@id":"https:\/\/www.em.com.br\/emfoco\/2026\/03\/13\/o-corte-de-cabelo-que-continua-bonito-mesmo-semanas-depois-de-sair-do-salao\/#primaryimage","url":"https:\/\/www.em.com.br\/emfoco\/wp-content\/uploads\/2026\/01\/Gemini_Generated_Image_4wyx3k4wyx3k4wyx-1.png","contentUrl":"https:\/\/www.em.com.br\/emfoco\/wp-content\/uploads\/2026\/01\/Gemini_Generated_Image_4wyx3k4wyx3k4wyx-1.png","width":1280,"height":720,"caption":"Um corte que cresce bonito \u00e9 pensado para continuar harmonioso mesmo semanas depois do sal\u00e3o"},{"@type":"BreadcrumbList","@id":"https:\/\/www.em.com.br\/emfoco\/2026\/03\/13\/o-corte-de-cabelo-que-continua-bonito-mesmo-semanas-depois-de-sair-do-salao\/#breadcrumb","itemListElement":[{"@type":"ListItem","position":1,"name":"In\u00edcio","item":"https:\/\/www.em.com.br\/emfoco\/"},{"@type":"ListItem","position":2,"name":"O corte de cabelo que continua bonito mesmo semanas depois de sair do sal\u00e3o"}]},{"@type":"WebSite","@id":"https:\/\/www.em.com.br\/emfoco\/#website","url":"https:\/\/www.em.com.br\/emfoco\/","name":"Estado de Minas - Em foco","description":"Acompanhe as \u00faltimas not\u00edcias e fique bem informado sobre tudo o que acontece em Minas Gerais, Brasil e no mundo.","potentialAction":[{"@type":"SearchAction","target":{"@type":"EntryPoint","urlTemplate":"https:\/\/www.em.com.br\/emfoco\/?s={search_term_string}"},"query-input":{"@type":"PropertyValueSpecification","valueRequired":true,"valueName":"search_term_string"}}],"inLanguage":"pt-BR"},{"@type":"Person","@id":"https:\/\/www.em.com.br\/emfoco\/#\/schema\/person\/0a8186d72f2c3a5c6276d90b41f271a0","name":"Daniely Cardoso","image":{"@type":"ImageObject","inLanguage":"pt-BR","@id":"https:\/\/www.em.com.br\/emfoco\/#\/schema\/person\/image\/","url":"https:\/\/secure.gravatar.com\/avatar\/4b80ddbd124d1f071b626d52d62e5dff?s=96&d=mm&r=g","contentUrl":"https:\/\/secure.gravatar.com\/avatar\/4b80ddbd124d1f071b626d52d62e5dff?s=96&d=mm&r=g","caption":"Daniely Cardoso"},"url":"https:\/\/www.em.com.br\/emfoco\/author\/danielymyth\/"}]}},"_links":{"self":[{"href":"https:\/\/www.em.com.br\/emfoco\/wp-json\/wp\/v2\/posts\/180771","targetHints":{"allow":["GET"]}}],"collection":[{"href":"https:\/\/www.em.com.br\/emfoco\/wp-json\/wp\/v2\/posts"}],"about":[{"href":"https:\/\/www.em.com.br\/emfoco\/wp-json\/wp\/v2\/types\/post"}],"author":[{"embeddable":true,"href":"https:\/\/www.em.com.br\/emfoco\/wp-json\/wp\/v2\/users\/9"}],"replies":[{"embeddable":true,"href":"https:\/\/www.em.com.br\/emfoco\/wp-json\/wp\/v2\/comments?post=180771"}],"version-history":[{"count":3,"href":"https:\/\/www.em.com.br\/emfoco\/wp-json\/wp\/v2\/posts\/180771\/revisions"}],"predecessor-version":[{"id":180984,"href":"https:\/\/www.em.com.br\/emfoco\/wp-json\/wp\/v2\/posts\/180771\/revisions\/180984"}],"wp:featuredmedia":[{"embeddable":true,"href":"https:\/\/www.em.com.br\/emfoco\/wp-json\/wp\/v2\/media\/154728"}],"wp:attachment":[{"href":"https:\/\/www.em.com.br\/emfoco\/wp-json\/wp\/v2\/media?parent=180771"}],"wp:term":[{"taxonomy":"category","embeddable":true,"href":"https:\/\/www.em.com.br\/emfoco\/wp-json\/wp\/v2\/categories?post=180771"},{"taxonomy":"post_tag","embeddable":true,"href":"https:\/\/www.em.com.br\/emfoco\/wp-json\/wp\/v2\/tags?post=180771"}],"curies":[{"name":"wp","href":"https:\/\/api.w.org\/{rel}","templated":true}]}}