{"id":180770,"date":"2026-03-13T15:45:00","date_gmt":"2026-03-13T18:45:00","guid":{"rendered":"https:\/\/www.em.com.br\/emfoco\/?p=180770"},"modified":"2026-03-12T18:23:40","modified_gmt":"2026-03-12T21:23:40","slug":"especialistas-indicam-4-frutas-que-ajudam-a-reduzir-a-vontade-de-comer-no-dia-a-dia","status":"publish","type":"post","link":"https:\/\/www.em.com.br\/emfoco\/2026\/03\/13\/especialistas-indicam-4-frutas-que-ajudam-a-reduzir-a-vontade-de-comer-no-dia-a-dia\/","title":{"rendered":"Especialistas indicam 4 frutas que ajudam a reduzir a vontade de comer no dia a dia"},"content":{"rendered":"\n<p>Voc\u00ea j\u00e1 tentou v\u00e1rias dietas e, mesmo assim, sente que a fome n\u00e3o d\u00e1 tr\u00e9gua? Muitas vezes, o que falta n\u00e3o \u00e9 for\u00e7a de vontade, mas escolher melhor alguns <strong>alimentos chave<\/strong> do dia a dia. Entre eles, as <strong>frutas certas<\/strong> podem ser grandes aliadas para emagrecer sem sofrimento, ajudando a controlar a vontade de beliscar e trazendo mais leveza para a rotina.<\/p>\n\n\n\n<h2 class=\"wp-block-heading\">Quais s\u00e3o as 4 frutas essenciais para auxiliar no emagrecimento<\/h2>\n\n\n\n<p>Quando o assunto \u00e9 <strong>frutas para emagrecer<\/strong>, nutricionistas costumam destacar quatro op\u00e7\u00f5es muito vers\u00e1teis: <strong>ma\u00e7\u00e3, abacate, mam\u00e3o<\/strong> e frutas vermelhas (como morango, amora e mirtilo). Elas se encaixam bem em lanches r\u00e1pidos, sobremesas simples e at\u00e9 no caf\u00e9 da manh\u00e3.<\/p>\n\n\n\n<p>Essas frutas se destacam pela combina\u00e7\u00e3o de <strong>fibras, \u00e1gua<\/strong> e vitaminas, o que ajuda na saciedade e no funcionamento do corpo. N\u00e3o fazem milagres sozinhas, mas, dentro de uma rotina com boa alimenta\u00e7\u00e3o, sono de qualidade e alguma <strong>atividade f\u00edsica<\/strong>, podem facilitar muito o processo de perder peso.<\/p>\n\n\n\n<figure class=\"wp-block-embed is-type-rich is-provider-pinterest wp-block-embed-pinterest\"><div class=\"wp-block-embed__wrapper\">\n<iframe loading=\"lazy\" title=\" \" src=\"https:\/\/assets.pinterest.com\/ext\/embed.html?id=78109374782019033&#038;src=oembed\" height=\"831\" width=\"450\" frameborder=\"0\" scrolling=\"no\" ><\/iframe>\n<\/div><\/figure>\n\n\n\n<p>Leia tamb\u00e9m:&nbsp;<a href=\"https:\/\/www.em.com.br\/emfoco\/2026\/03\/12\/melancias-de-20-kg-e-aboboras-de-quase-300-kg-chamam-atencao-no-brasil-e-revelam-o-que-faz-algumas-frutas-crescerem-muito-alem-do-tamanho-comum\/\" target=\"_blank\" rel=\"noopener\">Melancias de 20 kg e ab\u00f3boras de quase 300 kg chamam aten\u00e7\u00e3o no Brasil e revelam o que faz algumas frutas crescerem muito al\u00e9m do tamanho comum<\/a><\/p>\n\n\n\n<h2 class=\"wp-block-heading\">Como ma\u00e7\u00e3 e mam\u00e3o ajudam a controlar a fome<\/h2>\n\n\n\n<p>A <strong>ma\u00e7\u00e3<\/strong> \u00e9 aquela fruta pr\u00e1tica de carregar na bolsa e comer em qualquer lugar, e isso j\u00e1 facilita o dia de quem quer fugir de snacks ultraprocessados. Rica em <strong>fibras sol\u00faveis<\/strong>, ela forma um \u201cgelzinho\u201d no est\u00f4mago que aumenta a sensa\u00e7\u00e3o de barriga cheia e ajuda a espa\u00e7ar melhor as refei\u00e7\u00f5es.<\/p>\n\n\n\n<p>O <strong>mam\u00e3o<\/strong> combina fibras com bastante \u00e1gua, o que favorece o intestino e reduz aquela sensa\u00e7\u00e3o de incha\u00e7o que incomoda tanto. Com o tr\u00e2nsito intestinal mais <strong>regulado<\/strong>, o corpo funciona melhor, voc\u00ea se sente mais leve e tende a perceber menos estufamento ao longo do dia.<\/p>\n\n\n\n<figure class=\"wp-block-embed is-type-rich is-provider-pinterest wp-block-embed-pinterest\"><div class=\"wp-block-embed__wrapper\">\n<iframe loading=\"lazy\" title=\"Prepare-se para um novo m\u00e9todo alimentar que vai mudar o seu corpo!\" src=\"https:\/\/assets.pinterest.com\/ext\/embed.html?id=11681280278830591&#038;src=oembed\" height=\"899\" width=\"450\" frameborder=\"0\" scrolling=\"no\" ><\/iframe>\n<\/div><\/figure>\n\n\n\n<h2 class=\"wp-block-heading\">Abacate emagrece ou engorda<\/h2>\n\n\n\n<p>O <strong>abacate<\/strong> costuma gerar d\u00favida porque \u00e9 mais cal\u00f3rico que outras frutas, mas isso n\u00e3o significa que ele engorde \u201cpor si s\u00f3\u201d. Suas gorduras s\u00e3o do tipo <strong>insaturadas<\/strong>, consideradas ben\u00e9ficas para o cora\u00e7\u00e3o e muito interessantes para aumentar a sensa\u00e7\u00e3o de saciedade.<\/p>\n\n\n\n<p>Quando consumido em pequenas por\u00e7\u00f5es, o abacate ajuda a diminuir a vontade de comer logo depois, evitando ataques \u00e0 geladeira. Ele pode aparecer amassado com <strong>cacau em p\u00f3<\/strong> sem a\u00e7\u00facar, em pastinhas salgadas com ervas ou at\u00e9 substituindo sobremesas muito doces e cheias de gordura ruim.<\/p>\n\n\n\n<p>Para voc\u00ea que gosta de se cuidar, separamos um v\u00eddeo do canal <a href=\"https:\/\/www.youtube.com\/@tuasaude\" target=\"_blank\" rel=\"noreferrer noopener\">Tua Sa\u00fade<\/a> com dicas de frutas que ajduam a emagrecer:<\/p>\n\n\n\n<figure class=\"wp-block-embed is-type-video is-provider-youtube wp-block-embed-youtube wp-embed-aspect-16-9 wp-has-aspect-ratio\"><div class=\"wp-block-embed__wrapper\">\n<div class=\"jeg_video_container jeg_video_content\"><iframe loading=\"lazy\" title=\"6 frutas para EMAGRECER mais r\u00e1pido\" width=\"500\" height=\"281\" src=\"https:\/\/www.youtube.com\/embed\/hbnPrSr4au4?start=1&#038;feature=oembed\" frameborder=\"0\" allow=\"accelerometer; autoplay; clipboard-write; encrypted-media; gyroscope; picture-in-picture; web-share\" referrerpolicy=\"strict-origin-when-cross-origin\" allowfullscreen><\/iframe><\/div>\n<\/div><\/figure>\n\n\n\n<h2 class=\"wp-block-heading\">Por que as frutas vermelhas s\u00e3o boas aliadas para perder peso<\/h2>\n\n\n\n<p>As <strong>frutas vermelhas<\/strong>, como morango, amora e mirtilo, costumam ter poucas calorias, boa quantidade de \u00e1gua e fibras que ajudam a segurar a fome. Al\u00e9m disso, s\u00e3o ricas em <strong>antioxidantes naturais<\/strong>, que apoiam o equil\u00edbrio do organismo e podem contribuir com a sa\u00fade metab\u00f3lica.<\/p>\n\n\n\n<p>Outro ponto positivo \u00e9 o sabor naturalmente <strong>adocicado<\/strong>, que ajuda a diminuir a vontade de doces muito cal\u00f3ricos. Em iogurtes, mingaus de aveia ou saladas de fruta simples, elas reduzem a necessidade de a\u00e7\u00facar adicionado e deixam o lanche mais leve e gostoso.<\/p>\n\n\n\n<figure class=\"wp-block-embed is-type-rich is-provider-pinterest wp-block-embed-pinterest\"><div class=\"wp-block-embed__wrapper\">\n<iframe loading=\"lazy\" title=\"\ud83c\udf53 Salada de Frutas que Turbina Sua Dieta e Ajuda no Emagrecimento\" src=\"https:\/\/assets.pinterest.com\/ext\/embed.html?id=15129348744929765&#038;src=oembed\" height=\"899\" width=\"450\" frameborder=\"0\" scrolling=\"no\" ><\/iframe>\n<\/div><\/figure>\n\n\n\n<h2 class=\"wp-block-heading\">Como usar as 4 frutas essenciais no dia a dia para emagrecer<\/h2>\n\n\n\n<p>Uma forma simples de organizar o consumo \u00e9 pensar em combina\u00e7\u00f5es pr\u00e1ticas para a semana, alternando as frutas conforme sua rotina e prefer\u00eancia. Veja algumas ideias f\u00e1ceis para colocar em pr\u00e1tica sem complica\u00e7\u00e3o:<\/p>\n\n\n\n<ul class=\"wp-block-list\">\n<li><strong>De manh\u00e3:<\/strong> ma\u00e7\u00e3 com aveia ou iogurte natural para aumentar a saciedade.<\/li>\n\n\n\n<li><strong>\u00c0 tarde:<\/strong> fatias de mam\u00e3o com sementes (chia ou linha\u00e7a) para o intestino funcionar bem.<\/li>\n\n\n\n<li><strong>\u00c0 noite:<\/strong> pequena por\u00e7\u00e3o de abacate amassado com cacau em p\u00f3 sem a\u00e7\u00facar como \u201csobremesa fit\u201d.<\/li>\n\n\n\n<li><strong>Ao longo do dia:<\/strong> frutas vermelhas misturadas a iogurte ou mingau, matando a vontade de doce.<\/li>\n<\/ul>\n\n\n\n<p>Para que essas <strong>4 frutas essenciais<\/strong> realmente fa\u00e7am diferen\u00e7a, o segredo \u00e9 encaix\u00e1-las estrategicamente nas refei\u00e7\u00f5es. Voc\u00ea pode us\u00e1-las em lanches planejados, no caf\u00e9 da manh\u00e3 ou como sobremesa mais leve, ajudando a evitar exageros no <strong>almo\u00e7o e jantar<\/strong>.<\/p>\n","protected":false},"excerpt":{"rendered":"<p>Voc\u00ea j\u00e1 tentou v\u00e1rias dietas e, mesmo assim, sente que a fome n\u00e3o d\u00e1 tr\u00e9gua? Muitas vezes, o que falta n\u00e3o \u00e9 for\u00e7a de vontade, mas escolher melhor alguns alimentos chave do dia a dia. Entre eles, as frutas certas podem ser grandes aliadas para emagrecer sem sofrimento, ajudando a controlar a vontade de beliscar [&hellip;]<\/p>\n","protected":false},"author":9,"featured_media":155227,"comment_status":"open","ping_status":"open","sticky":false,"template":"","format":"standard","meta":{"jnews-multi-image_gallery":[],"jnews_single_post":{"format":"standard"},"jnews_primary_category":[],"jnews_social_meta":[],"jnews_override_counter":[],"footnotes":""},"categories":[8819,1],"tags":[3109,9919,2555],"class_list":["post-180770","post","type-post","status-publish","format-standard","has-post-thumbnail","hentry","category-curiosidades","category-noticias","tag-emagrecimento","tag-fome","tag-frutas"],"yoast_head":"<!-- This site is optimized with the Yoast SEO plugin v23.8 - https:\/\/yoast.com\/wordpress\/plugins\/seo\/ -->\n<title>Especialistas indicam 4 frutas que ajudam a reduzir a vontade de comer no dia a dia - Estado de Minas - Em foco<\/title>\n<meta name=\"description\" content=\"Conhe\u00e7a as 4 frutas que combatem a fome e descubra como o abacate e a ma\u00e7\u00e3 aceleram o seu emagrecimento.\" \/>\n<meta name=\"robots\" content=\"index, follow, max-snippet:-1, max-image-preview:large, max-video-preview:-1\" \/>\n<link rel=\"canonical\" href=\"https:\/\/www.em.com.br\/emfoco\/2026\/03\/13\/especialistas-indicam-4-frutas-que-ajudam-a-reduzir-a-vontade-de-comer-no-dia-a-dia\/\" \/>\n<meta property=\"og:locale\" content=\"pt_BR\" \/>\n<meta property=\"og:type\" content=\"article\" \/>\n<meta property=\"og:title\" content=\"Especialistas indicam 4 frutas que ajudam a reduzir a vontade de comer no dia a dia - Estado de Minas - Em foco\" \/>\n<meta property=\"og:description\" content=\"Conhe\u00e7a as 4 frutas que combatem a fome e descubra como o abacate e a ma\u00e7\u00e3 aceleram o seu emagrecimento.\" \/>\n<meta property=\"og:url\" content=\"https:\/\/www.em.com.br\/emfoco\/2026\/03\/13\/especialistas-indicam-4-frutas-que-ajudam-a-reduzir-a-vontade-de-comer-no-dia-a-dia\/\" \/>\n<meta property=\"og:site_name\" content=\"Estado de Minas - Em foco\" \/>\n<meta property=\"article:published_time\" content=\"2026-03-13T18:45:00+00:00\" \/>\n<meta property=\"article:modified_time\" content=\"2026-03-12T21:23:40+00:00\" \/>\n<meta property=\"og:image\" content=\"https:\/\/www.em.com.br\/emfoco\/wp-content\/uploads\/2026\/01\/Gemini_Generated_Image_8he1zb8he1zb8he1-1.png\" \/>\n\t<meta property=\"og:image:width\" content=\"1280\" \/>\n\t<meta property=\"og:image:height\" content=\"720\" \/>\n\t<meta property=\"og:image:type\" content=\"image\/png\" \/>\n<meta name=\"author\" content=\"Daniely Cardoso\" \/>\n<meta name=\"twitter:card\" content=\"summary_large_image\" \/>\n<meta name=\"twitter:label1\" content=\"Escrito por\" \/>\n\t<meta name=\"twitter:data1\" content=\"Daniely Cardoso\" \/>\n\t<meta name=\"twitter:label2\" content=\"Est. tempo de leitura\" \/>\n\t<meta name=\"twitter:data2\" content=\"4 minutos\" \/>\n<!-- \/ Yoast SEO plugin. -->","yoast_head_json":{"title":"Especialistas indicam 4 frutas que ajudam a reduzir a vontade de comer no dia a dia - Estado de Minas - Em foco","description":"Conhe\u00e7a as 4 frutas que combatem a fome e descubra como o abacate e a ma\u00e7\u00e3 aceleram o seu emagrecimento.","robots":{"index":"index","follow":"follow","max-snippet":"max-snippet:-1","max-image-preview":"max-image-preview:large","max-video-preview":"max-video-preview:-1"},"canonical":"https:\/\/www.em.com.br\/emfoco\/2026\/03\/13\/especialistas-indicam-4-frutas-que-ajudam-a-reduzir-a-vontade-de-comer-no-dia-a-dia\/","og_locale":"pt_BR","og_type":"article","og_title":"Especialistas indicam 4 frutas que ajudam a reduzir a vontade de comer no dia a dia - Estado de Minas - Em foco","og_description":"Conhe\u00e7a as 4 frutas que combatem a fome e descubra como o abacate e a ma\u00e7\u00e3 aceleram o seu emagrecimento.","og_url":"https:\/\/www.em.com.br\/emfoco\/2026\/03\/13\/especialistas-indicam-4-frutas-que-ajudam-a-reduzir-a-vontade-de-comer-no-dia-a-dia\/","og_site_name":"Estado de Minas - Em foco","article_published_time":"2026-03-13T18:45:00+00:00","article_modified_time":"2026-03-12T21:23:40+00:00","og_image":[{"width":1280,"height":720,"url":"https:\/\/www.em.com.br\/emfoco\/wp-content\/uploads\/2026\/01\/Gemini_Generated_Image_8he1zb8he1zb8he1-1.png","type":"image\/png"}],"author":"Daniely Cardoso","twitter_card":"summary_large_image","twitter_misc":{"Escrito por":"Daniely Cardoso","Est. tempo de leitura":"4 minutos"},"schema":{"@context":"https:\/\/schema.org","@graph":[{"@type":"WebPage","@id":"https:\/\/www.em.com.br\/emfoco\/2026\/03\/13\/especialistas-indicam-4-frutas-que-ajudam-a-reduzir-a-vontade-de-comer-no-dia-a-dia\/","url":"https:\/\/www.em.com.br\/emfoco\/2026\/03\/13\/especialistas-indicam-4-frutas-que-ajudam-a-reduzir-a-vontade-de-comer-no-dia-a-dia\/","name":"Especialistas indicam 4 frutas que ajudam a reduzir a vontade de comer no dia a dia - Estado de Minas - Em foco","isPartOf":{"@id":"https:\/\/www.em.com.br\/emfoco\/#website"},"primaryImageOfPage":{"@id":"https:\/\/www.em.com.br\/emfoco\/2026\/03\/13\/especialistas-indicam-4-frutas-que-ajudam-a-reduzir-a-vontade-de-comer-no-dia-a-dia\/#primaryimage"},"image":{"@id":"https:\/\/www.em.com.br\/emfoco\/2026\/03\/13\/especialistas-indicam-4-frutas-que-ajudam-a-reduzir-a-vontade-de-comer-no-dia-a-dia\/#primaryimage"},"thumbnailUrl":"https:\/\/www.em.com.br\/emfoco\/wp-content\/uploads\/2026\/01\/Gemini_Generated_Image_8he1zb8he1zb8he1-1.png","datePublished":"2026-03-13T18:45:00+00:00","dateModified":"2026-03-12T21:23:40+00:00","author":{"@id":"https:\/\/www.em.com.br\/emfoco\/#\/schema\/person\/0a8186d72f2c3a5c6276d90b41f271a0"},"description":"Conhe\u00e7a as 4 frutas que combatem a fome e descubra como o abacate e a ma\u00e7\u00e3 aceleram o seu emagrecimento.","breadcrumb":{"@id":"https:\/\/www.em.com.br\/emfoco\/2026\/03\/13\/especialistas-indicam-4-frutas-que-ajudam-a-reduzir-a-vontade-de-comer-no-dia-a-dia\/#breadcrumb"},"inLanguage":"pt-BR","potentialAction":[{"@type":"ReadAction","target":["https:\/\/www.em.com.br\/emfoco\/2026\/03\/13\/especialistas-indicam-4-frutas-que-ajudam-a-reduzir-a-vontade-de-comer-no-dia-a-dia\/"]}]},{"@type":"ImageObject","inLanguage":"pt-BR","@id":"https:\/\/www.em.com.br\/emfoco\/2026\/03\/13\/especialistas-indicam-4-frutas-que-ajudam-a-reduzir-a-vontade-de-comer-no-dia-a-dia\/#primaryimage","url":"https:\/\/www.em.com.br\/emfoco\/wp-content\/uploads\/2026\/01\/Gemini_Generated_Image_8he1zb8he1zb8he1-1.png","contentUrl":"https:\/\/www.em.com.br\/emfoco\/wp-content\/uploads\/2026\/01\/Gemini_Generated_Image_8he1zb8he1zb8he1-1.png","width":1280,"height":720,"caption":"Quando o assunto \u00e9 frutas para emagrecer, nutricionistas costumam destacar quatro op\u00e7\u00f5es muito vers\u00e1teis"},{"@type":"BreadcrumbList","@id":"https:\/\/www.em.com.br\/emfoco\/2026\/03\/13\/especialistas-indicam-4-frutas-que-ajudam-a-reduzir-a-vontade-de-comer-no-dia-a-dia\/#breadcrumb","itemListElement":[{"@type":"ListItem","position":1,"name":"In\u00edcio","item":"https:\/\/www.em.com.br\/emfoco\/"},{"@type":"ListItem","position":2,"name":"Especialistas indicam 4 frutas que ajudam a reduzir a vontade de comer no dia a dia"}]},{"@type":"WebSite","@id":"https:\/\/www.em.com.br\/emfoco\/#website","url":"https:\/\/www.em.com.br\/emfoco\/","name":"Estado de Minas - Em foco","description":"Acompanhe as \u00faltimas not\u00edcias e fique bem informado sobre tudo o que acontece em Minas Gerais, Brasil e no mundo.","potentialAction":[{"@type":"SearchAction","target":{"@type":"EntryPoint","urlTemplate":"https:\/\/www.em.com.br\/emfoco\/?s={search_term_string}"},"query-input":{"@type":"PropertyValueSpecification","valueRequired":true,"valueName":"search_term_string"}}],"inLanguage":"pt-BR"},{"@type":"Person","@id":"https:\/\/www.em.com.br\/emfoco\/#\/schema\/person\/0a8186d72f2c3a5c6276d90b41f271a0","name":"Daniely Cardoso","image":{"@type":"ImageObject","inLanguage":"pt-BR","@id":"https:\/\/www.em.com.br\/emfoco\/#\/schema\/person\/image\/","url":"https:\/\/secure.gravatar.com\/avatar\/4b80ddbd124d1f071b626d52d62e5dff?s=96&d=mm&r=g","contentUrl":"https:\/\/secure.gravatar.com\/avatar\/4b80ddbd124d1f071b626d52d62e5dff?s=96&d=mm&r=g","caption":"Daniely Cardoso"},"url":"https:\/\/www.em.com.br\/emfoco\/author\/danielymyth\/"}]}},"_links":{"self":[{"href":"https:\/\/www.em.com.br\/emfoco\/wp-json\/wp\/v2\/posts\/180770","targetHints":{"allow":["GET"]}}],"collection":[{"href":"https:\/\/www.em.com.br\/emfoco\/wp-json\/wp\/v2\/posts"}],"about":[{"href":"https:\/\/www.em.com.br\/emfoco\/wp-json\/wp\/v2\/types\/post"}],"author":[{"embeddable":true,"href":"https:\/\/www.em.com.br\/emfoco\/wp-json\/wp\/v2\/users\/9"}],"replies":[{"embeddable":true,"href":"https:\/\/www.em.com.br\/emfoco\/wp-json\/wp\/v2\/comments?post=180770"}],"version-history":[{"count":3,"href":"https:\/\/www.em.com.br\/emfoco\/wp-json\/wp\/v2\/posts\/180770\/revisions"}],"predecessor-version":[{"id":180982,"href":"https:\/\/www.em.com.br\/emfoco\/wp-json\/wp\/v2\/posts\/180770\/revisions\/180982"}],"wp:featuredmedia":[{"embeddable":true,"href":"https:\/\/www.em.com.br\/emfoco\/wp-json\/wp\/v2\/media\/155227"}],"wp:attachment":[{"href":"https:\/\/www.em.com.br\/emfoco\/wp-json\/wp\/v2\/media?parent=180770"}],"wp:term":[{"taxonomy":"category","embeddable":true,"href":"https:\/\/www.em.com.br\/emfoco\/wp-json\/wp\/v2\/categories?post=180770"},{"taxonomy":"post_tag","embeddable":true,"href":"https:\/\/www.em.com.br\/emfoco\/wp-json\/wp\/v2\/tags?post=180770"}],"curies":[{"name":"wp","href":"https:\/\/api.w.org\/{rel}","templated":true}]}}