{"id":180769,"date":"2026-03-13T15:25:00","date_gmt":"2026-03-13T18:25:00","guid":{"rendered":"https:\/\/www.em.com.br\/emfoco\/?p=180769"},"modified":"2026-03-12T17:39:17","modified_gmt":"2026-03-12T20:39:17","slug":"o-peso-nos-ombros-e-o-pescoco-duro-apos-o-trabalho-tem-solucao-com-5-minutos","status":"publish","type":"post","link":"https:\/\/www.em.com.br\/emfoco\/2026\/03\/13\/o-peso-nos-ombros-e-o-pescoco-duro-apos-o-trabalho-tem-solucao-com-5-minutos\/","title":{"rendered":"O peso nos ombros e o pesco\u00e7o duro ap\u00f3s o trabalho t\u00eam solu\u00e7\u00e3o com 5 minutos"},"content":{"rendered":"\n<p>Depois de horas no computador ou mexendo no celular, voc\u00ea j\u00e1 sentiu aquele <strong>pesco\u00e7o duro<\/strong> e um peso nos ombros, como se estivesse carregando o dia inteiro nas costas? Esse inc\u00f4modo \u00e9 muito comum e costuma aparecer por causa de <strong>m\u00e1 postura<\/strong>, tens\u00e3o e falta de movimento.<\/p>\n\n\n\n<h2 class=\"wp-block-heading\">O que pode causar pesco\u00e7o duro e tenso no dia a dia<\/h2>\n\n\n\n<p>Na maioria das vezes, o <strong>pesco\u00e7o r\u00edgido<\/strong> est\u00e1 ligado \u00e0 sobrecarga dos m\u00fasculos que sustentam a cabe\u00e7a, especialmente quando passamos horas no <strong>computador ou celular<\/strong>. Ficar muito tempo dirigindo, dormir em posi\u00e7\u00e3o estranha ou usar travesseiro inadequado tamb\u00e9m pode deixar a regi\u00e3o ainda mais <strong>tensa e dolorida<\/strong>.<\/p>\n\n\n\n<p>O <strong>estresse emocional<\/strong> \u00e9 outro vil\u00e3o silencioso: muita gente contrai ombros e trap\u00e9zio sem perceber, mantendo um padr\u00e3o constante de <strong>rigidez muscular<\/strong>. A falta de atividade f\u00edsica e a fraqueza nas costas aumentam a chance de dor frequente, por isso \u00e9 importante unir <strong>alongamento e fortalecimento<\/strong> na rotina.<\/p>\n\n\n\n<figure class=\"wp-block-embed is-type-rich is-provider-pinterest wp-block-embed-pinterest\"><div class=\"wp-block-embed__wrapper\">\n<iframe loading=\"lazy\" title=\"Sabe aquela dor no pesco\u00e7o que insiste em te incomodar? Alivie com esses 3 exerc\u00edcios simples! D\u00ea adeus \u00e0 tens\u00e3o e ol\u00e1 para dias mais relaxados. \ud83e\udd38 #sa\u00fade #dormuscular #estresse #dornopesco\u00e7o #dor #fisioterapia\" src=\"https:\/\/assets.pinterest.com\/ext\/embed.html?id=602356518955763449&#038;src=oembed\" height=\"899\" width=\"450\" frameborder=\"0\" scrolling=\"no\" ><\/iframe>\n<\/div><\/figure>\n\n\n\n<p>Leia tamb\u00e9m:&nbsp;<a href=\"https:\/\/www.em.com.br\/emfoco\/2026\/02\/25\/massagem-facial-rejuvenesce-mesmo-medico-explica-o-que-funciona-e-o-que-e-mito-nas-redes-sociais\/\" target=\"_blank\" rel=\"noopener\">Massagem facial rejuvenesce mesmo? M\u00e9dico explica o que funciona e o que \u00e9 mito nas redes sociais<\/a><\/p>\n\n\n\n<h2 class=\"wp-block-heading\">Como o alongamento ajuda a aliviar o pesco\u00e7o duro<\/h2>\n\n\n\n<p>O <strong>alongamento para pesco\u00e7o<\/strong> ajuda a diminuir a rigidez, melhorar a <strong>circula\u00e7\u00e3o local<\/strong> e aumentar a mobilidade das articula\u00e7\u00f5es cervicais. Ao alongar de forma suave, as fibras musculares ganham mais <strong>flexibilidade e conforto<\/strong>, reduzindo aquela sensa\u00e7\u00e3o de peso e de que o pesco\u00e7o \u201ctravou\u201d.<\/p>\n\n\n\n<p>Feito com frequ\u00eancia, o alongamento cervical tamb\u00e9m pode reduzir <strong>crises de dor<\/strong>, melhorar a postura no dia a dia e diminuir a sobrecarga nos <strong>ombros e costas<\/strong>. A ideia \u00e9 sentir apenas um leve \u201cpux\u00e3o\u201d suport\u00e1vel, que vai aliviando aos poucos conforme o <strong>m\u00fasculo relaxa<\/strong>.<\/p>\n\n\n\n<figure class=\"wp-block-embed is-type-rich is-provider-pinterest wp-block-embed-pinterest\"><div class=\"wp-block-embed__wrapper\">\n<iframe loading=\"lazy\" title=\"\u2022 Tem andado com o pesco\u00e7o tensionado por a\u00ed? Pare por alguns minutos e venha comigo nessa sequ\u00eancia de exerc\u00edcios para liberar a tens\u00e3o e sentir o al\u00edvio no corpo.Lembrando: o exerc\u00edcio sozinho n\u00e3o faz milagre, mas \u00e9 um passo importante para reduzir o desconforto e manter a sa\u00fade do corpo. Se a dor persistir, procurar um profissional \u00e9 sempre o melhor caminho.Quem a\u00ed tamb\u00e9m sente aquele inc\u00f4modo no pesco\u00e7o depois de um dia inteiro na frente computador, na m\u00e1quina de costura ou at\u00e9 mesmo ta...\" src=\"https:\/\/assets.pinterest.com\/ext\/embed.html?id=812477589061532670&#038;src=oembed\" height=\"899\" width=\"450\" frameborder=\"0\" scrolling=\"no\" ><\/iframe>\n<\/div><\/figure>\n\n\n\n<h2 class=\"wp-block-heading\">Quais s\u00e3o os melhores alongamentos para aliviar pesco\u00e7o duro<\/h2>\n\n\n\n<p>Existem v\u00e1rios tipos de <strong>exerc\u00edcios simples<\/strong> que podem ser feitos em casa, no trabalho ou em qualquer lugar tranquilo. Eles n\u00e3o exigem equipamentos e podem ser encaixados em pausas curtas, ajudando a <strong>soltar a musculatura<\/strong> e a quebrar longos per\u00edodos sentado.<\/p>\n\n\n\n<ol class=\"wp-block-list\">\n<li><strong>Inclina\u00e7\u00e3o lateral da cabe\u00e7a<\/strong><\/li>\n\n\n\n<li><strong>Flex\u00e3o frontal do pesco\u00e7o<\/strong><\/li>\n\n\n\n<li><strong>Rota\u00e7\u00e3o suave da cabe\u00e7a<\/strong><\/li>\n\n\n\n<li><strong>Alongamento de trap\u00e9zio<\/strong><\/li>\n<\/ol>\n\n\n\n<p>Para voc\u00ea que gosta de se cuidar, separamos um v\u00eddeo do canal do <a href=\"https:\/\/www.youtube.com\/@aurelioalfieri\" target=\"_blank\" rel=\"noreferrer noopener\">Aur\u00e9lio Alfieri<\/a> com dicas para acabar com a dor na cervical:<\/p>\n\n\n\n<figure class=\"wp-block-embed is-type-video is-provider-youtube wp-block-embed-youtube wp-embed-aspect-16-9 wp-has-aspect-ratio\"><div class=\"wp-block-embed__wrapper\">\n<div class=\"jeg_video_container jeg_video_content\"><iframe loading=\"lazy\" title=\"Melhores ALONGAMENTOS para CERVICAL | N\u00edvel 2 | Alongamento para o Pesco\u00e7o | Exerc\u00edcios para Idosos\" width=\"500\" height=\"281\" src=\"https:\/\/www.youtube.com\/embed\/H3LH3vDxVsc?start=3&#038;feature=oembed\" frameborder=\"0\" allow=\"accelerometer; autoplay; clipboard-write; encrypted-media; gyroscope; picture-in-picture; web-share\" referrerpolicy=\"strict-origin-when-cross-origin\" allowfullscreen><\/iframe><\/div>\n<\/div><\/figure>\n\n\n\n<h2 class=\"wp-block-heading\">Quantas vezes por dia \u00e9 ideal alongar o pesco\u00e7o tenso<\/h2>\n\n\n\n<p>A frequ\u00eancia ideal de <strong>alongamento cervical<\/strong> depende da sua rotina e do n\u00edvel de inc\u00f4modo, mas, em geral, fazer os exerc\u00edcios de duas a tr\u00eas vezes ao dia j\u00e1 traz um bom <strong>al\u00edvio percept\u00edvel<\/strong>. Sess\u00f5es curtas de 5 a 10 minutos podem fazer diferen\u00e7a, principalmente para quem fica muitas horas <strong>sentado e parado<\/strong>.<\/p>\n\n\n\n<p>Uma boa estrat\u00e9gia \u00e9 associar os alongamentos a momentos fixos, como ap\u00f3s acordar, no meio do trabalho e antes de <strong>dormir \u00e0 noite<\/strong>. Em dias mais puxados, pequenas pausas de 1 ou 2 minutos a cada hora ajudam a evitar que o <strong>pesco\u00e7o endure\u00e7a<\/strong> ao final do expediente.<\/p>\n\n\n\n<figure class=\"wp-block-embed is-type-rich is-provider-pinterest wp-block-embed-pinterest\"><div class=\"wp-block-embed__wrapper\">\n<iframe loading=\"lazy\" title=\" \" src=\"https:\/\/assets.pinterest.com\/ext\/embed.html?id=153333562308055439&#038;src=oembed\" height=\"899\" width=\"450\" frameborder=\"0\" scrolling=\"no\" ><\/iframe>\n<\/div><\/figure>\n\n\n\n<h2 class=\"wp-block-heading\">Quais cuidados ter ao alongar o pesco\u00e7o em casa<\/h2>\n\n\n\n<p>Mesmo sendo movimentos simples, o alongamento do <strong>pesco\u00e7o exige<\/strong> aten\u00e7\u00e3o e respeito aos limites do corpo, principalmente se voc\u00ea j\u00e1 sente alguma <strong>dor mais forte<\/strong>. N\u00e3o \u00e9 indicado fazer movimentos bruscos, puxar demais com as m\u00e3os ou girar a cabe\u00e7a rapidamente, pois isso pode piorar o quadro e at\u00e9 causar <strong>les\u00f5es indesejadas<\/strong>.<\/p>\n\n\n\n<p>Com regularidade, aten\u00e7\u00e3o aos sinais do <strong>corpo cansado<\/strong> e um ambiente calmo, o alongamento para acabar com o <strong>pesco\u00e7o duro<\/strong> pode virar um h\u00e1bito simples de autocuidado. Assim, seus dias tendem a ter menos desconforto e mais <strong>liberdade de movimento<\/strong> na regi\u00e3o cervical.<\/p>\n","protected":false},"excerpt":{"rendered":"<p>Depois de horas no computador ou mexendo no celular, voc\u00ea j\u00e1 sentiu aquele pesco\u00e7o duro e um peso nos ombros, como se estivesse carregando o dia inteiro nas costas? Esse inc\u00f4modo \u00e9 muito comum e costuma aparecer por causa de m\u00e1 postura, tens\u00e3o e falta de movimento. O que pode causar pesco\u00e7o duro e tenso [&hellip;]<\/p>\n","protected":false},"author":9,"featured_media":161215,"comment_status":"open","ping_status":"open","sticky":false,"template":"","format":"standard","meta":{"jnews-multi-image_gallery":[],"jnews_single_post":{"format":"standard"},"jnews_primary_category":[],"jnews_social_meta":[],"jnews_override_counter":[],"footnotes":""},"categories":[8691,1],"tags":[11064,5207,7725],"class_list":["post-180769","post","type-post","status-publish","format-standard","has-post-thumbnail","hentry","category-bem-estar","category-noticias","tag-alongamento","tag-exercicio","tag-pescoco"],"yoast_head":"<!-- This site is optimized with the Yoast SEO plugin v23.8 - https:\/\/yoast.com\/wordpress\/plugins\/seo\/ -->\n<title>O peso nos ombros e o pesco\u00e7o duro ap\u00f3s o trabalho t\u00eam solu\u00e7\u00e3o com 5 minutos - Estado de Minas - Em foco<\/title>\n<meta name=\"description\" content=\"D\u00ea adeus ao pesco\u00e7o duro com alongamentos simples que aliviam a tens\u00e3o nos ombros e melhoram sua postura\" \/>\n<meta name=\"robots\" content=\"index, follow, max-snippet:-1, max-image-preview:large, max-video-preview:-1\" \/>\n<link rel=\"canonical\" href=\"https:\/\/www.em.com.br\/emfoco\/2026\/03\/13\/o-peso-nos-ombros-e-o-pescoco-duro-apos-o-trabalho-tem-solucao-com-5-minutos\/\" \/>\n<meta property=\"og:locale\" content=\"pt_BR\" \/>\n<meta property=\"og:type\" content=\"article\" \/>\n<meta property=\"og:title\" content=\"O peso nos ombros e o pesco\u00e7o duro ap\u00f3s o trabalho t\u00eam solu\u00e7\u00e3o com 5 minutos - Estado de Minas - Em foco\" \/>\n<meta property=\"og:description\" content=\"D\u00ea adeus ao pesco\u00e7o duro com alongamentos simples que aliviam a tens\u00e3o nos ombros e melhoram sua postura\" \/>\n<meta property=\"og:url\" content=\"https:\/\/www.em.com.br\/emfoco\/2026\/03\/13\/o-peso-nos-ombros-e-o-pescoco-duro-apos-o-trabalho-tem-solucao-com-5-minutos\/\" \/>\n<meta property=\"og:site_name\" content=\"Estado de Minas - Em foco\" \/>\n<meta property=\"article:published_time\" content=\"2026-03-13T18:25:00+00:00\" \/>\n<meta property=\"article:modified_time\" content=\"2026-03-12T20:39:17+00:00\" \/>\n<meta property=\"og:image\" content=\"https:\/\/www.em.com.br\/emfoco\/wp-content\/uploads\/2026\/01\/auto-massagem_1769615175161.jpg\" \/>\n\t<meta property=\"og:image:width\" content=\"1280\" \/>\n\t<meta property=\"og:image:height\" content=\"720\" \/>\n\t<meta property=\"og:image:type\" content=\"image\/jpeg\" \/>\n<meta name=\"author\" content=\"Daniely Cardoso\" \/>\n<meta name=\"twitter:card\" content=\"summary_large_image\" \/>\n<meta name=\"twitter:label1\" content=\"Escrito por\" \/>\n\t<meta name=\"twitter:data1\" content=\"Daniely Cardoso\" \/>\n\t<meta name=\"twitter:label2\" content=\"Est. tempo de leitura\" \/>\n\t<meta name=\"twitter:data2\" content=\"4 minutos\" \/>\n<!-- \/ Yoast SEO plugin. -->","yoast_head_json":{"title":"O peso nos ombros e o pesco\u00e7o duro ap\u00f3s o trabalho t\u00eam solu\u00e7\u00e3o com 5 minutos - Estado de Minas - Em foco","description":"D\u00ea adeus ao pesco\u00e7o duro com alongamentos simples que aliviam a tens\u00e3o nos ombros e melhoram sua postura","robots":{"index":"index","follow":"follow","max-snippet":"max-snippet:-1","max-image-preview":"max-image-preview:large","max-video-preview":"max-video-preview:-1"},"canonical":"https:\/\/www.em.com.br\/emfoco\/2026\/03\/13\/o-peso-nos-ombros-e-o-pescoco-duro-apos-o-trabalho-tem-solucao-com-5-minutos\/","og_locale":"pt_BR","og_type":"article","og_title":"O peso nos ombros e o pesco\u00e7o duro ap\u00f3s o trabalho t\u00eam solu\u00e7\u00e3o com 5 minutos - Estado de Minas - Em foco","og_description":"D\u00ea adeus ao pesco\u00e7o duro com alongamentos simples que aliviam a tens\u00e3o nos ombros e melhoram sua postura","og_url":"https:\/\/www.em.com.br\/emfoco\/2026\/03\/13\/o-peso-nos-ombros-e-o-pescoco-duro-apos-o-trabalho-tem-solucao-com-5-minutos\/","og_site_name":"Estado de Minas - Em foco","article_published_time":"2026-03-13T18:25:00+00:00","article_modified_time":"2026-03-12T20:39:17+00:00","og_image":[{"width":1280,"height":720,"url":"https:\/\/www.em.com.br\/emfoco\/wp-content\/uploads\/2026\/01\/auto-massagem_1769615175161.jpg","type":"image\/jpeg"}],"author":"Daniely Cardoso","twitter_card":"summary_large_image","twitter_misc":{"Escrito por":"Daniely Cardoso","Est. tempo de leitura":"4 minutos"},"schema":{"@context":"https:\/\/schema.org","@graph":[{"@type":"WebPage","@id":"https:\/\/www.em.com.br\/emfoco\/2026\/03\/13\/o-peso-nos-ombros-e-o-pescoco-duro-apos-o-trabalho-tem-solucao-com-5-minutos\/","url":"https:\/\/www.em.com.br\/emfoco\/2026\/03\/13\/o-peso-nos-ombros-e-o-pescoco-duro-apos-o-trabalho-tem-solucao-com-5-minutos\/","name":"O peso nos ombros e o pesco\u00e7o duro ap\u00f3s o trabalho t\u00eam solu\u00e7\u00e3o com 5 minutos - Estado de Minas - Em foco","isPartOf":{"@id":"https:\/\/www.em.com.br\/emfoco\/#website"},"primaryImageOfPage":{"@id":"https:\/\/www.em.com.br\/emfoco\/2026\/03\/13\/o-peso-nos-ombros-e-o-pescoco-duro-apos-o-trabalho-tem-solucao-com-5-minutos\/#primaryimage"},"image":{"@id":"https:\/\/www.em.com.br\/emfoco\/2026\/03\/13\/o-peso-nos-ombros-e-o-pescoco-duro-apos-o-trabalho-tem-solucao-com-5-minutos\/#primaryimage"},"thumbnailUrl":"https:\/\/www.em.com.br\/emfoco\/wp-content\/uploads\/2026\/01\/auto-massagem_1769615175161.jpg","datePublished":"2026-03-13T18:25:00+00:00","dateModified":"2026-03-12T20:39:17+00:00","author":{"@id":"https:\/\/www.em.com.br\/emfoco\/#\/schema\/person\/0a8186d72f2c3a5c6276d90b41f271a0"},"description":"D\u00ea adeus ao pesco\u00e7o duro com alongamentos simples que aliviam a tens\u00e3o nos ombros e melhoram sua postura","breadcrumb":{"@id":"https:\/\/www.em.com.br\/emfoco\/2026\/03\/13\/o-peso-nos-ombros-e-o-pescoco-duro-apos-o-trabalho-tem-solucao-com-5-minutos\/#breadcrumb"},"inLanguage":"pt-BR","potentialAction":[{"@type":"ReadAction","target":["https:\/\/www.em.com.br\/emfoco\/2026\/03\/13\/o-peso-nos-ombros-e-o-pescoco-duro-apos-o-trabalho-tem-solucao-com-5-minutos\/"]}]},{"@type":"ImageObject","inLanguage":"pt-BR","@id":"https:\/\/www.em.com.br\/emfoco\/2026\/03\/13\/o-peso-nos-ombros-e-o-pescoco-duro-apos-o-trabalho-tem-solucao-com-5-minutos\/#primaryimage","url":"https:\/\/www.em.com.br\/emfoco\/wp-content\/uploads\/2026\/01\/auto-massagem_1769615175161.jpg","contentUrl":"https:\/\/www.em.com.br\/emfoco\/wp-content\/uploads\/2026\/01\/auto-massagem_1769615175161.jpg","width":1280,"height":720,"caption":"Na maioria das vezes, o pesco\u00e7o r\u00edgido est\u00e1 ligado \u00e0 sobrecarga dos m\u00fasculos que sustentam a cabe\u00e7a - Cr\u00e9ditos: depositphotos.com \/ HayDmitriy"},{"@type":"BreadcrumbList","@id":"https:\/\/www.em.com.br\/emfoco\/2026\/03\/13\/o-peso-nos-ombros-e-o-pescoco-duro-apos-o-trabalho-tem-solucao-com-5-minutos\/#breadcrumb","itemListElement":[{"@type":"ListItem","position":1,"name":"In\u00edcio","item":"https:\/\/www.em.com.br\/emfoco\/"},{"@type":"ListItem","position":2,"name":"O peso nos ombros e o pesco\u00e7o duro ap\u00f3s o trabalho t\u00eam solu\u00e7\u00e3o com 5 minutos"}]},{"@type":"WebSite","@id":"https:\/\/www.em.com.br\/emfoco\/#website","url":"https:\/\/www.em.com.br\/emfoco\/","name":"Estado de Minas - Em foco","description":"Acompanhe as \u00faltimas not\u00edcias e fique bem informado sobre tudo o que acontece em Minas Gerais, Brasil e no mundo.","potentialAction":[{"@type":"SearchAction","target":{"@type":"EntryPoint","urlTemplate":"https:\/\/www.em.com.br\/emfoco\/?s={search_term_string}"},"query-input":{"@type":"PropertyValueSpecification","valueRequired":true,"valueName":"search_term_string"}}],"inLanguage":"pt-BR"},{"@type":"Person","@id":"https:\/\/www.em.com.br\/emfoco\/#\/schema\/person\/0a8186d72f2c3a5c6276d90b41f271a0","name":"Daniely Cardoso","image":{"@type":"ImageObject","inLanguage":"pt-BR","@id":"https:\/\/www.em.com.br\/emfoco\/#\/schema\/person\/image\/","url":"https:\/\/secure.gravatar.com\/avatar\/4b80ddbd124d1f071b626d52d62e5dff?s=96&d=mm&r=g","contentUrl":"https:\/\/secure.gravatar.com\/avatar\/4b80ddbd124d1f071b626d52d62e5dff?s=96&d=mm&r=g","caption":"Daniely Cardoso"},"url":"https:\/\/www.em.com.br\/emfoco\/author\/danielymyth\/"}]}},"_links":{"self":[{"href":"https:\/\/www.em.com.br\/emfoco\/wp-json\/wp\/v2\/posts\/180769","targetHints":{"allow":["GET"]}}],"collection":[{"href":"https:\/\/www.em.com.br\/emfoco\/wp-json\/wp\/v2\/posts"}],"about":[{"href":"https:\/\/www.em.com.br\/emfoco\/wp-json\/wp\/v2\/types\/post"}],"author":[{"embeddable":true,"href":"https:\/\/www.em.com.br\/emfoco\/wp-json\/wp\/v2\/users\/9"}],"replies":[{"embeddable":true,"href":"https:\/\/www.em.com.br\/emfoco\/wp-json\/wp\/v2\/comments?post=180769"}],"version-history":[{"count":3,"href":"https:\/\/www.em.com.br\/emfoco\/wp-json\/wp\/v2\/posts\/180769\/revisions"}],"predecessor-version":[{"id":180883,"href":"https:\/\/www.em.com.br\/emfoco\/wp-json\/wp\/v2\/posts\/180769\/revisions\/180883"}],"wp:featuredmedia":[{"embeddable":true,"href":"https:\/\/www.em.com.br\/emfoco\/wp-json\/wp\/v2\/media\/161215"}],"wp:attachment":[{"href":"https:\/\/www.em.com.br\/emfoco\/wp-json\/wp\/v2\/media?parent=180769"}],"wp:term":[{"taxonomy":"category","embeddable":true,"href":"https:\/\/www.em.com.br\/emfoco\/wp-json\/wp\/v2\/categories?post=180769"},{"taxonomy":"post_tag","embeddable":true,"href":"https:\/\/www.em.com.br\/emfoco\/wp-json\/wp\/v2\/tags?post=180769"}],"curies":[{"name":"wp","href":"https:\/\/api.w.org\/{rel}","templated":true}]}}