{"id":180768,"date":"2026-03-13T14:25:00","date_gmt":"2026-03-13T17:25:00","guid":{"rendered":"https:\/\/www.em.com.br\/emfoco\/?p=180768"},"modified":"2026-03-12T18:21:53","modified_gmt":"2026-03-12T21:21:53","slug":"o-corte-que-e-o-favorito-de-quem-quer-mudar-o-visual-sem-precisar-abrir-mao-do-cabelo-longo","status":"publish","type":"post","link":"https:\/\/www.em.com.br\/emfoco\/2026\/03\/13\/o-corte-que-e-o-favorito-de-quem-quer-mudar-o-visual-sem-precisar-abrir-mao-do-cabelo-longo\/","title":{"rendered":"O corte que \u00e9 o favorito de quem quer mudar o visual sem precisar abrir m\u00e3o do cabelo longo"},"content":{"rendered":"\n<p>Voc\u00ea j\u00e1 pensou em mudar o visual, mas travou na hora por medo de perder o cabel\u00e3o que levou anos para crescer? Esse dilema \u00e9 muito comum, e \u00e9 justamente da\u00ed que nasce o famoso <strong>corte para quem quer mudar sem tirar o longo<\/strong>. A ideia \u00e9 deixar o cabelo com mais leveza, <strong>movimento bonito<\/strong> e cara nova, mas sem abrir m\u00e3o do comprimento que \u00e9 quase um xod\u00f3.<\/p>\n\n\n\n<h2 class=\"wp-block-heading\">O que \u00e9 um corte para manter o cabelo longo sem perder comprimento<\/h2>\n\n\n\n<p>O <strong>corte para manter o cabelo longo<\/strong> \u00e9 pensado para preservar a base comprida e mexer mais em <strong>volume e formato<\/strong>. O profissional costuma trabalhar em pontos estrat\u00e9gicos, como contorno do rosto, topo da cabe\u00e7a e parte m\u00e9dia dos fios, evitando aquela sensa\u00e7\u00e3o de \u201ccorte demais\u201d ao final.<\/p>\n\n\n\n<p>Na pr\u00e1tica, esse tipo de corte ajuda a <strong>renovar o visual<\/strong> sem drama, equilibrando o caimento, tirando pontas estragadas e valorizando o jeito natural do cabelo. Seja ele liso, <strong>ondulado ou cacheado<\/strong>, a proposta \u00e9 deixar tudo mais leve, atual e com apar\u00eancia saud\u00e1vel.<\/p>\n\n\n\n<figure class=\"wp-block-embed is-type-rich is-provider-pinterest wp-block-embed-pinterest\"><div class=\"wp-block-embed__wrapper\">\n<iframe loading=\"lazy\" title=\"Cabelo mel\" src=\"https:\/\/assets.pinterest.com\/ext\/embed.html?id=281543726675383&#038;src=oembed\" height=\"899\" width=\"450\" frameborder=\"0\" scrolling=\"no\" ><\/iframe>\n<\/div><\/figure>\n\n\n\n<p>Leia tamb\u00e9m:&nbsp;<a href=\"https:\/\/www.em.com.br\/emfoco\/2026\/03\/12\/nem-curto-nem-comprido-o-corte-de-cabelo-que-promete-dominar-os-saloes-em-2026\/\" target=\"_blank\" rel=\"noopener\">Nem curto nem comprido: o corte de cabelo que promete dominar os sal\u00f5es em 2026<\/a><\/p>\n\n\n\n<h2 class=\"wp-block-heading\">Quais cortes ajudam a mudar o visual sem perder o cabelo comprido<\/h2>\n\n\n\n<p>Existem v\u00e1rios modelos de <strong>cortes para mudar o visual<\/strong> mantendo o longo, e a escolha depende muito da textura do cabelo, da rotina e da personalidade. Em vez de mudan\u00e7as radicais, a ideia \u00e9 apostar em detalhes que deixam o comprimento mais bonito e <strong>f\u00e1cil de cuidar<\/strong> no dia a dia.<\/p>\n\n\n\n<p>Entre os mais comuns, alguns se destacam justamente por trazer transforma\u00e7\u00e3o sem mexer tanto no tamanho. Voc\u00ea pode conversar com o profissional sobre qual deles combina mais com seu <strong>estilo de vida<\/strong> e com o efeito que deseja.<\/p>\n\n\n\n<figure class=\"wp-block-embed is-type-rich is-provider-pinterest wp-block-embed-pinterest\"><div class=\"wp-block-embed__wrapper\">\n<iframe loading=\"lazy\" title=\"30 V-Shaped Haircut Ideas: Long, Medium, Short Styles with Layers &amp; Curls\" src=\"https:\/\/assets.pinterest.com\/ext\/embed.html?id=32017847346662840&#038;src=oembed\" height=\"699\" width=\"450\" frameborder=\"0\" scrolling=\"no\" ><\/iframe>\n<\/div><\/figure>\n\n\n\n<ol class=\"wp-block-list\">\n<li><strong>Long layers (camadas longas): <\/strong>As camadas s\u00e3o feitas no comprimento m\u00e9dio e nas pontas, sem mexer demais na base. Esse tipo de corte deixa o cabelo com mais balan\u00e7o, <strong>fluidez suave<\/strong> e ajuda a tirar aquele peso extra, principalmente em fios muito cheios ou retos.<\/li>\n\n\n\n<li><strong>Corte em \u201cU\u201d ou arredondado: <\/strong>Mant\u00e9m o comprimento nas laterais e cria um desenho levemente arredondado atr\u00e1s. \u00c9 ideal para quem quer uma mudan\u00e7a sutil, com um <strong>corte longo discreto<\/strong> e caimento mais harmonioso, principalmente em cabelos lisos ou levemente ondulados.<\/li>\n\n\n\n<li><strong>Corte em \u201cV\u201d: <\/strong>A parte central das costas fica mais longa, formando um \u201cV\u201d suave ou mais marcado. Esse modelo d\u00e1 a sensa\u00e7\u00e3o de fios ainda mais compridos no meio, mantendo o efeito de <strong>cabelo bem longo<\/strong> mesmo depois de tirar pontas danificadas.<\/li>\n\n\n\n<li><strong>Desfiado nas pontas: <\/strong>O comprimento quase n\u00e3o muda, mas o desfiado nas extremidades traz leveza e <strong>movimento natural<\/strong>. \u00c9 uma boa op\u00e7\u00e3o para quem sente o cabelo pesado, ret\u00e3o ou sem gra\u00e7a, mas n\u00e3o quer ver os fios encurtarem no espelho.<\/li>\n\n\n\n<li><strong>Corte borboleta e similares <\/strong>Modelos como o \u201ccorte borboleta\u201d combinam camadas altas ao redor do rosto com comprimento longo atr\u00e1s. A mudan\u00e7a aparece mais no contorno, dando um ar moderno e <strong>volumoso na frente<\/strong>, sem perder o cabel\u00e3o nas costas.<\/li>\n<\/ol>\n\n\n\n<p>Para voc\u00ea que gosta de se cuidar, separamos um v\u00eddeo do canal da <a href=\"https:\/\/www.youtube.com\/@AdriellyBloom\" target=\"_blank\" rel=\"noreferrer noopener\">Adrielly Bloom <\/a>com dicas para fazer um corte longo em casa:<\/p>\n\n\n\n<figure class=\"wp-block-embed is-type-video is-provider-youtube wp-block-embed-youtube wp-embed-aspect-16-9 wp-has-aspect-ratio\"><div class=\"wp-block-embed__wrapper\">\n<div class=\"jeg_video_container jeg_video_content\"><iframe loading=\"lazy\" title=\"CORTE BUTTERFLY | cortando em casa sozinha\" width=\"500\" height=\"281\" src=\"https:\/\/www.youtube.com\/embed\/tOSWlqrRWDA?feature=oembed\" frameborder=\"0\" allow=\"accelerometer; autoplay; clipboard-write; encrypted-media; gyroscope; picture-in-picture; web-share\" referrerpolicy=\"strict-origin-when-cross-origin\" allowfullscreen><\/iframe><\/div>\n<\/div><\/figure>\n\n\n\n<h2 class=\"wp-block-heading\">Como a franja pode transformar o cabelo longo sem encurtar demais<\/h2>\n\n\n\n<p>Para quem quer mudar o visual sem abrir m\u00e3o do comprimento, a franja \u00e9 quase um truque secreto. Ela muda o enquadramento do rosto, traz sensa\u00e7\u00e3o de <strong>corte novo<\/strong> e, muitas vezes, a tesoura mal encosta na base do cabelo. O importante \u00e9 escolher um estilo que combine com seu rosto e com a forma como voc\u00ea gosta de finalizar os fios.<\/p>\n\n\n\n<p>Algumas franjas s\u00e3o mais vers\u00e1teis e f\u00e1ceis de adaptar \u00e0 rotina, principalmente se voc\u00ea gosta de praticidade e de poder <strong>prender o cabelo<\/strong> quando quiser. Veja alguns tipos que costumam funcionar bem em cabelos longos:<\/p>\n\n\n\n<ul class=\"wp-block-list\">\n<li><strong>Franja cortininha<\/strong>: aberta ao meio, mais longa nas laterais, cria um contorno suave no rosto e \u00e9 f\u00e1cil de modelar ou esconder;<\/li>\n\n\n\n<li><strong>Franja longa ou lateral<\/strong>: \u00f3tima para quem est\u00e1 come\u00e7ando, pois pode ser incorporada ao comprimento se voc\u00ea quiser deixar crescer depois;<\/li>\n\n\n\n<li><strong>Franja desfiada<\/strong>: combina muito com cortes em camadas, deixando o visual mais leve, moderno e com bastante movimento.<\/li>\n<\/ul>\n\n\n\n<p>Na hora de buscar um <strong>corte para mudar sem tirar muito<\/strong>, o ideal \u00e9 alinhar bem as expectativas com o profissional. Levar fotos de refer\u00eancia ajuda a mostrar o que voc\u00ea imagina de frente, de lado e de costas, evitando surpresas e aquela sensa\u00e7\u00e3o de que o cabelo ficou mais curto do que voc\u00ea <strong>gostaria de ver<\/strong>.<\/p>\n","protected":false},"excerpt":{"rendered":"<p>Voc\u00ea j\u00e1 pensou em mudar o visual, mas travou na hora por medo de perder o cabel\u00e3o que levou anos para crescer? Esse dilema \u00e9 muito comum, e \u00e9 justamente da\u00ed que nasce o famoso corte para quem quer mudar sem tirar o longo. A ideia \u00e9 deixar o cabelo com mais leveza, movimento bonito [&hellip;]<\/p>\n","protected":false},"author":9,"featured_media":175831,"comment_status":"open","ping_status":"open","sticky":false,"template":"","format":"standard","meta":{"jnews-multi-image_gallery":[],"jnews_single_post":{"format":"standard"},"jnews_primary_category":[],"jnews_social_meta":[],"jnews_override_counter":[],"footnotes":""},"categories":[8819,1],"tags":[22121,2616,8413],"class_list":["post-180768","post","type-post","status-publish","format-standard","has-post-thumbnail","hentry","category-curiosidades","category-noticias","tag-auto-cuidado","tag-beleza","tag-cabelo-longo"],"yoast_head":"<!-- This site is optimized with the Yoast SEO plugin v23.8 - https:\/\/yoast.com\/wordpress\/plugins\/seo\/ -->\n<title>O corte que \u00e9 o favorito de quem quer mudar o visual sem precisar abrir m\u00e3o do cabelo longo - Estado de Minas - Em foco<\/title>\n<meta name=\"description\" content=\"Mude o visual sem drama! Conhe\u00e7a os cortes que trazem movimento e leveza sem perder o comprimento dos fios.\" \/>\n<meta name=\"robots\" content=\"index, follow, max-snippet:-1, max-image-preview:large, max-video-preview:-1\" \/>\n<link rel=\"canonical\" href=\"https:\/\/www.em.com.br\/emfoco\/2026\/03\/13\/o-corte-que-e-o-favorito-de-quem-quer-mudar-o-visual-sem-precisar-abrir-mao-do-cabelo-longo\/\" \/>\n<meta property=\"og:locale\" content=\"pt_BR\" \/>\n<meta property=\"og:type\" content=\"article\" \/>\n<meta property=\"og:title\" content=\"O corte que \u00e9 o favorito de quem quer mudar o visual sem precisar abrir m\u00e3o do cabelo longo - Estado de Minas - Em foco\" \/>\n<meta property=\"og:description\" content=\"Mude o visual sem drama! Conhe\u00e7a os cortes que trazem movimento e leveza sem perder o comprimento dos fios.\" \/>\n<meta property=\"og:url\" content=\"https:\/\/www.em.com.br\/emfoco\/2026\/03\/13\/o-corte-que-e-o-favorito-de-quem-quer-mudar-o-visual-sem-precisar-abrir-mao-do-cabelo-longo\/\" \/>\n<meta property=\"og:site_name\" content=\"Estado de Minas - Em foco\" \/>\n<meta property=\"article:published_time\" content=\"2026-03-13T17:25:00+00:00\" \/>\n<meta property=\"article:modified_time\" content=\"2026-03-12T21:21:53+00:00\" \/>\n<meta property=\"og:image\" content=\"https:\/\/www.em.com.br\/emfoco\/wp-content\/uploads\/2026\/02\/Gemini_Generated_Image_7rwyqq7rwyqq7rwy-1.png\" \/>\n\t<meta property=\"og:image:width\" content=\"1280\" \/>\n\t<meta property=\"og:image:height\" content=\"720\" \/>\n\t<meta property=\"og:image:type\" content=\"image\/png\" \/>\n<meta name=\"author\" content=\"Daniely Cardoso\" \/>\n<meta name=\"twitter:card\" content=\"summary_large_image\" \/>\n<meta name=\"twitter:label1\" content=\"Escrito por\" \/>\n\t<meta name=\"twitter:data1\" content=\"Daniely Cardoso\" \/>\n\t<meta name=\"twitter:label2\" content=\"Est. tempo de leitura\" \/>\n\t<meta name=\"twitter:data2\" content=\"5 minutos\" \/>\n<!-- \/ Yoast SEO plugin. -->","yoast_head_json":{"title":"O corte que \u00e9 o favorito de quem quer mudar o visual sem precisar abrir m\u00e3o do cabelo longo - Estado de Minas - Em foco","description":"Mude o visual sem drama! Conhe\u00e7a os cortes que trazem movimento e leveza sem perder o comprimento dos fios.","robots":{"index":"index","follow":"follow","max-snippet":"max-snippet:-1","max-image-preview":"max-image-preview:large","max-video-preview":"max-video-preview:-1"},"canonical":"https:\/\/www.em.com.br\/emfoco\/2026\/03\/13\/o-corte-que-e-o-favorito-de-quem-quer-mudar-o-visual-sem-precisar-abrir-mao-do-cabelo-longo\/","og_locale":"pt_BR","og_type":"article","og_title":"O corte que \u00e9 o favorito de quem quer mudar o visual sem precisar abrir m\u00e3o do cabelo longo - Estado de Minas - Em foco","og_description":"Mude o visual sem drama! Conhe\u00e7a os cortes que trazem movimento e leveza sem perder o comprimento dos fios.","og_url":"https:\/\/www.em.com.br\/emfoco\/2026\/03\/13\/o-corte-que-e-o-favorito-de-quem-quer-mudar-o-visual-sem-precisar-abrir-mao-do-cabelo-longo\/","og_site_name":"Estado de Minas - Em foco","article_published_time":"2026-03-13T17:25:00+00:00","article_modified_time":"2026-03-12T21:21:53+00:00","og_image":[{"width":1280,"height":720,"url":"https:\/\/www.em.com.br\/emfoco\/wp-content\/uploads\/2026\/02\/Gemini_Generated_Image_7rwyqq7rwyqq7rwy-1.png","type":"image\/png"}],"author":"Daniely Cardoso","twitter_card":"summary_large_image","twitter_misc":{"Escrito por":"Daniely Cardoso","Est. tempo de leitura":"5 minutos"},"schema":{"@context":"https:\/\/schema.org","@graph":[{"@type":"WebPage","@id":"https:\/\/www.em.com.br\/emfoco\/2026\/03\/13\/o-corte-que-e-o-favorito-de-quem-quer-mudar-o-visual-sem-precisar-abrir-mao-do-cabelo-longo\/","url":"https:\/\/www.em.com.br\/emfoco\/2026\/03\/13\/o-corte-que-e-o-favorito-de-quem-quer-mudar-o-visual-sem-precisar-abrir-mao-do-cabelo-longo\/","name":"O corte que \u00e9 o favorito de quem quer mudar o visual sem precisar abrir m\u00e3o do cabelo longo - Estado de Minas - Em foco","isPartOf":{"@id":"https:\/\/www.em.com.br\/emfoco\/#website"},"primaryImageOfPage":{"@id":"https:\/\/www.em.com.br\/emfoco\/2026\/03\/13\/o-corte-que-e-o-favorito-de-quem-quer-mudar-o-visual-sem-precisar-abrir-mao-do-cabelo-longo\/#primaryimage"},"image":{"@id":"https:\/\/www.em.com.br\/emfoco\/2026\/03\/13\/o-corte-que-e-o-favorito-de-quem-quer-mudar-o-visual-sem-precisar-abrir-mao-do-cabelo-longo\/#primaryimage"},"thumbnailUrl":"https:\/\/www.em.com.br\/emfoco\/wp-content\/uploads\/2026\/02\/Gemini_Generated_Image_7rwyqq7rwyqq7rwy-1.png","datePublished":"2026-03-13T17:25:00+00:00","dateModified":"2026-03-12T21:21:53+00:00","author":{"@id":"https:\/\/www.em.com.br\/emfoco\/#\/schema\/person\/0a8186d72f2c3a5c6276d90b41f271a0"},"description":"Mude o visual sem drama! Conhe\u00e7a os cortes que trazem movimento e leveza sem perder o comprimento dos fios.","breadcrumb":{"@id":"https:\/\/www.em.com.br\/emfoco\/2026\/03\/13\/o-corte-que-e-o-favorito-de-quem-quer-mudar-o-visual-sem-precisar-abrir-mao-do-cabelo-longo\/#breadcrumb"},"inLanguage":"pt-BR","potentialAction":[{"@type":"ReadAction","target":["https:\/\/www.em.com.br\/emfoco\/2026\/03\/13\/o-corte-que-e-o-favorito-de-quem-quer-mudar-o-visual-sem-precisar-abrir-mao-do-cabelo-longo\/"]}]},{"@type":"ImageObject","inLanguage":"pt-BR","@id":"https:\/\/www.em.com.br\/emfoco\/2026\/03\/13\/o-corte-que-e-o-favorito-de-quem-quer-mudar-o-visual-sem-precisar-abrir-mao-do-cabelo-longo\/#primaryimage","url":"https:\/\/www.em.com.br\/emfoco\/wp-content\/uploads\/2026\/02\/Gemini_Generated_Image_7rwyqq7rwyqq7rwy-1.png","contentUrl":"https:\/\/www.em.com.br\/emfoco\/wp-content\/uploads\/2026\/02\/Gemini_Generated_Image_7rwyqq7rwyqq7rwy-1.png","width":1280,"height":720,"caption":"A decis\u00e3o de assumir o corte de cabelo em casa surgiu ap\u00f3s anos de frustra\u00e7\u00f5es em cadeiras de cabeleireiros"},{"@type":"BreadcrumbList","@id":"https:\/\/www.em.com.br\/emfoco\/2026\/03\/13\/o-corte-que-e-o-favorito-de-quem-quer-mudar-o-visual-sem-precisar-abrir-mao-do-cabelo-longo\/#breadcrumb","itemListElement":[{"@type":"ListItem","position":1,"name":"In\u00edcio","item":"https:\/\/www.em.com.br\/emfoco\/"},{"@type":"ListItem","position":2,"name":"O corte que \u00e9 o favorito de quem quer mudar o visual sem precisar abrir m\u00e3o do cabelo longo"}]},{"@type":"WebSite","@id":"https:\/\/www.em.com.br\/emfoco\/#website","url":"https:\/\/www.em.com.br\/emfoco\/","name":"Estado de Minas - Em foco","description":"Acompanhe as \u00faltimas not\u00edcias e fique bem informado sobre tudo o que acontece em Minas Gerais, Brasil e no mundo.","potentialAction":[{"@type":"SearchAction","target":{"@type":"EntryPoint","urlTemplate":"https:\/\/www.em.com.br\/emfoco\/?s={search_term_string}"},"query-input":{"@type":"PropertyValueSpecification","valueRequired":true,"valueName":"search_term_string"}}],"inLanguage":"pt-BR"},{"@type":"Person","@id":"https:\/\/www.em.com.br\/emfoco\/#\/schema\/person\/0a8186d72f2c3a5c6276d90b41f271a0","name":"Daniely Cardoso","image":{"@type":"ImageObject","inLanguage":"pt-BR","@id":"https:\/\/www.em.com.br\/emfoco\/#\/schema\/person\/image\/","url":"https:\/\/secure.gravatar.com\/avatar\/4b80ddbd124d1f071b626d52d62e5dff?s=96&d=mm&r=g","contentUrl":"https:\/\/secure.gravatar.com\/avatar\/4b80ddbd124d1f071b626d52d62e5dff?s=96&d=mm&r=g","caption":"Daniely Cardoso"},"url":"https:\/\/www.em.com.br\/emfoco\/author\/danielymyth\/"}]}},"_links":{"self":[{"href":"https:\/\/www.em.com.br\/emfoco\/wp-json\/wp\/v2\/posts\/180768","targetHints":{"allow":["GET"]}}],"collection":[{"href":"https:\/\/www.em.com.br\/emfoco\/wp-json\/wp\/v2\/posts"}],"about":[{"href":"https:\/\/www.em.com.br\/emfoco\/wp-json\/wp\/v2\/types\/post"}],"author":[{"embeddable":true,"href":"https:\/\/www.em.com.br\/emfoco\/wp-json\/wp\/v2\/users\/9"}],"replies":[{"embeddable":true,"href":"https:\/\/www.em.com.br\/emfoco\/wp-json\/wp\/v2\/comments?post=180768"}],"version-history":[{"count":3,"href":"https:\/\/www.em.com.br\/emfoco\/wp-json\/wp\/v2\/posts\/180768\/revisions"}],"predecessor-version":[{"id":180978,"href":"https:\/\/www.em.com.br\/emfoco\/wp-json\/wp\/v2\/posts\/180768\/revisions\/180978"}],"wp:featuredmedia":[{"embeddable":true,"href":"https:\/\/www.em.com.br\/emfoco\/wp-json\/wp\/v2\/media\/175831"}],"wp:attachment":[{"href":"https:\/\/www.em.com.br\/emfoco\/wp-json\/wp\/v2\/media?parent=180768"}],"wp:term":[{"taxonomy":"category","embeddable":true,"href":"https:\/\/www.em.com.br\/emfoco\/wp-json\/wp\/v2\/categories?post=180768"},{"taxonomy":"post_tag","embeddable":true,"href":"https:\/\/www.em.com.br\/emfoco\/wp-json\/wp\/v2\/tags?post=180768"}],"curies":[{"name":"wp","href":"https:\/\/api.w.org\/{rel}","templated":true}]}}