{"id":180767,"date":"2026-03-13T13:25:00","date_gmt":"2026-03-13T16:25:00","guid":{"rendered":"https:\/\/www.em.com.br\/emfoco\/?p=180767"},"modified":"2026-03-12T17:37:35","modified_gmt":"2026-03-12T20:37:35","slug":"as-4-plantas-aromaticas-que-voce-precisa-ter-na-janela-para-perfumar-todo-o-ambiente","status":"publish","type":"post","link":"https:\/\/www.em.com.br\/emfoco\/2026\/03\/13\/as-4-plantas-aromaticas-que-voce-precisa-ter-na-janela-para-perfumar-todo-o-ambiente\/","title":{"rendered":"As 4 plantas arom\u00e1ticas que voc\u00ea precisa ter na janela para perfumar todo o ambiente"},"content":{"rendered":"\n<p>Voc\u00ea j\u00e1 entrou em uma casa e sentiu aquele <strong>cheiro gostoso<\/strong> que parece abra\u00e7o? Cada vez mais pessoas querem esse tipo de sensa\u00e7\u00e3o no dia a dia e est\u00e3o trocando os <strong>produtos artificiais<\/strong> por plantas naturais, que decoram, perfumam e ainda deixam o clima mais leve e aconchegante.<\/p>\n\n\n\n<h2 class=\"wp-block-heading\">Por que vale a pena usar plantas para aromatizar a casa<\/h2>\n\n\n\n<p>As plantas arom\u00e1ticas liberam <strong>\u00f3leos naturais<\/strong> que se espalham pelo ar e ajudam a disfar\u00e7ar cheiros de comida, fuma\u00e7a ou ambiente fechado, de forma mais suave que os <strong>sprays industrializados<\/strong>. Al\u00e9m do aroma, o simples contato com o verde deixa a casa visualmente mais acolhedora e traz sensa\u00e7\u00e3o de calma.<\/p>\n\n\n\n<p>Muitas dessas esp\u00e9cies ainda podem ser usadas em ch\u00e1s e na <strong>cozinha do dia a dia<\/strong>, desde que sejam bem cuidadas e sem produtos qu\u00edmicos fortes. Assim, um pequeno cantinho com vasos na varanda, na <strong>\u00e1rea de servi\u00e7o<\/strong> ou at\u00e9 no parapeito da janela vira um jardim arom\u00e1tico pr\u00e1tico e f\u00e1cil de manter.<\/p>\n\n\n\n<figure class=\"wp-block-embed is-type-rich is-provider-pinterest wp-block-embed-pinterest\"><div class=\"wp-block-embed__wrapper\">\n<iframe loading=\"lazy\" title=\" \" src=\"https:\/\/assets.pinterest.com\/ext\/embed.html?id=6262886976849796&#038;src=oembed\" height=\"899\" width=\"450\" frameborder=\"0\" scrolling=\"no\" ><\/iframe>\n<\/div><\/figure>\n\n\n\n<p>Leia tamb\u00e9m:&nbsp;<a href=\"https:\/\/www.em.com.br\/emfoco\/2026\/03\/09\/quer-colher-uvas-em-casa-veja-como-plantar-videira-e-transformar-seu-quintal-em-um-cantinho-produtivo\/\" target=\"_blank\" rel=\"noopener\">Quer colher uvas em casa? Veja como plantar videira e transformar seu quintal em um cantinho produtivo<\/a><\/p>\n\n\n\n<h2 class=\"wp-block-heading\">Quais s\u00e3o as 4 melhores plantas para aromatizar a casa<\/h2>\n\n\n\n<p>Entre tantas op\u00e7\u00f5es, quatro plantas aparecem sempre nas listas de quem ama uma casa perfumada: <strong>lavanda, hortel\u00e3<\/strong>, alecrim e jasmim. Cada uma tem seu jeito pr\u00f3prio de perfumar, pede um tipo de luz diferente e funciona melhor em certos c\u00f4modos da <strong>casa ou apartamento<\/strong>.<\/p>\n\n\n\n<p>No geral, essas plantas gostam de vasos com boa <strong>drenagem do solo<\/strong>, regas sem excesso e luz natural, direta ou indireta, dependendo da esp\u00e9cie. Com cuidados simples, elas deixam o ambiente <strong>mais cheiroso<\/strong> sem exigir que voc\u00ea seja especialista em jardinagem.<\/p>\n\n\n\n<h2 class=\"wp-block-heading\">Como a lavanda pode aromatizar a casa de forma suave<\/h2>\n\n\n\n<p>A lavanda \u00e9 aquela planta cl\u00e1ssica de cheiro calmo e <strong>toque delicado<\/strong>, perfeita para quem busca um perfume suave em quartos e salas. Em ambientes internos, ela gosta de ficar perto de <strong>janelas bem iluminadas<\/strong>, recebendo sol direto por algumas horas ao dia para se manter bonita e cheirosa.<\/p>\n\n\n\n<p>Al\u00e9m do vaso, muita gente usa raminhos de <strong>lavanda seca<\/strong> em saquinhos de tecido dentro de gavetas e arm\u00e1rios. Assim, roupas de cama, toalhas e pe\u00e7as do dia a dia ficam com um <strong>perfume agrad\u00e1vel<\/strong> por mais tempo, sem precisar de produtos artificiais.<\/p>\n\n\n\n<figure class=\"wp-block-embed is-type-rich is-provider-pinterest wp-block-embed-pinterest\"><div class=\"wp-block-embed__wrapper\">\n<iframe loading=\"lazy\" title=\"plantas que afastam energias ruins\" src=\"https:\/\/assets.pinterest.com\/ext\/embed.html?id=293578469481151903&#038;src=oembed\" height=\"899\" width=\"450\" frameborder=\"0\" scrolling=\"no\" ><\/iframe>\n<\/div><\/figure>\n\n\n\n<h2 class=\"wp-block-heading\">Como usar hortel\u00e3 para trazer frescor \u00e0 cozinha<\/h2>\n\n\n\n<p>A hortel\u00e3 \u00e9 queridinha nos ch\u00e1s e receitas, mas tamb\u00e9m \u00e9 \u00f3tima como <strong>planta arom\u00e1tica<\/strong> dentro de casa. Seu cheiro mentolado aparece ainda mais quando as folhas s\u00e3o tocadas ou quando bate um ventinho, deixando cozinhas e \u00e1reas de servi\u00e7o com sensa\u00e7\u00e3o de <strong>frescor constante<\/strong>.<\/p>\n\n\n\n<p>Ela cresce r\u00e1pido e gosta de solo \u00famido, por\u00e9m sem encharcar, e de <strong>luz indireta forte<\/strong>. Por se espalhar com facilidade, \u00e9 melhor ficar em um vaso pr\u00f3prio, separado de outras plantas, para n\u00e3o tomar conta de todo o cantinho <strong>verde da casa<\/strong>.<\/p>\n\n\n\n<p>Para voc\u00ea que gosta de plantas, separamos um v\u00eddeo do canal<a href=\"https:\/\/www.youtube.com\/@casadasplantas\" target=\"_blank\" rel=\"noreferrer noopener\"> Casa das Plantas <\/a>com dicas de plantas aromatizantes:<\/p>\n\n\n\n<figure class=\"wp-block-embed is-type-video is-provider-youtube wp-block-embed-youtube wp-embed-aspect-16-9 wp-has-aspect-ratio\"><div class=\"wp-block-embed__wrapper\">\n<div class=\"jeg_video_container jeg_video_content\"><iframe loading=\"lazy\" title=\"Plantas perfumadas - Ervas arom\u00e1ticas\" width=\"500\" height=\"281\" src=\"https:\/\/www.youtube.com\/embed\/EK2NcObfH84?start=3&#038;feature=oembed\" frameborder=\"0\" allow=\"accelerometer; autoplay; clipboard-write; encrypted-media; gyroscope; picture-in-picture; web-share\" referrerpolicy=\"strict-origin-when-cross-origin\" allowfullscreen><\/iframe><\/div>\n<\/div><\/figure>\n\n\n\n<h2 class=\"wp-block-heading\">Por que o alecrim \u00e9 t\u00e3o pr\u00e1tico e perfumado<\/h2>\n\n\n\n<p>O alecrim tem aquele cheiro herbal marcante que combina com comida gostosa e <strong>ambiente acolhedor<\/strong>. Mesmo em vasos pequenos, o aroma aparece bem quando a planta recebe sol direto e ventila\u00e7\u00e3o, sendo \u00f3tima para cozinhas, varandas e janelas <strong>bem ensolaradas<\/strong>.<\/p>\n\n\n\n<p>Uma vantagem do alecrim \u00e9 ser mais resistente a per\u00edodos curtos de seca e mudan\u00e7as leves de rotina. Ele prefere solo bem drenado, regas mais espa\u00e7adas e n\u00e3o gosta de ficar em locais totalmente <strong>fechados e \u00famidos<\/strong>, o que facilita a vida de quem tem dia corrido.<\/p>\n\n\n\n<figure class=\"wp-block-embed is-type-rich is-provider-pinterest wp-block-embed-pinterest\"><div class=\"wp-block-embed__wrapper\">\n<iframe loading=\"lazy\" title=\" \" src=\"https:\/\/assets.pinterest.com\/ext\/embed.html?id=4292562141134949&#038;src=oembed\" height=\"663\" width=\"450\" frameborder=\"0\" scrolling=\"no\" ><\/iframe>\n<\/div><\/figure>\n\n\n\n<h2 class=\"wp-block-heading\">Como aproveitar o aroma marcante do jasmim em casa<\/h2>\n\n\n\n<p>O jasmim \u00e9 famoso pelo perfume floral intenso, daqueles que lembram <strong>jardim florido<\/strong> ao entardecer. Algumas variedades se d\u00e3o bem em vasos pr\u00f3ximos a janelas e varandas, espalhando o cheiro para dentro da casa, principalmente no fim do dia, quando o aroma fica <strong>ainda mais forte<\/strong>.<\/p>\n\n\n\n<p>Por ter um cheiro mais marcante que as outras plantas, o jasmim funciona melhor em varandas, entradas e \u00e1reas de circula\u00e7\u00e3o. Assim, o perfume fica presente e envolvente, mas n\u00e3o chega a incomodar em <strong>espa\u00e7os pequenos<\/strong> como quartos muito fechados.<\/p>\n","protected":false},"excerpt":{"rendered":"<p>Voc\u00ea j\u00e1 entrou em uma casa e sentiu aquele cheiro gostoso que parece abra\u00e7o? Cada vez mais pessoas querem esse tipo de sensa\u00e7\u00e3o no dia a dia e est\u00e3o trocando os produtos artificiais por plantas naturais, que decoram, perfumam e ainda deixam o clima mais leve e aconchegante. Por que vale a pena usar plantas [&hellip;]<\/p>\n","protected":false},"author":9,"featured_media":174842,"comment_status":"open","ping_status":"open","sticky":false,"template":"","format":"standard","meta":{"jnews-multi-image_gallery":[],"jnews_single_post":{"format":"standard"},"jnews_primary_category":[],"jnews_social_meta":[],"jnews_override_counter":[],"footnotes":""},"categories":[8819,1],"tags":[26106,7701,342],"class_list":["post-180767","post","type-post","status-publish","format-standard","has-post-thumbnail","hentry","category-curiosidades","category-noticias","tag-aromaticas-2","tag-como-plantar","tag-cuidados"],"yoast_head":"<!-- This site is optimized with the Yoast SEO plugin v23.8 - https:\/\/yoast.com\/wordpress\/plugins\/seo\/ -->\n<title>As 4 plantas arom\u00e1ticas que voc\u00ea precisa ter na janela para perfumar todo o ambiente - Estado de Minas - Em foco<\/title>\n<meta name=\"description\" content=\"Abandone os aromas artificiais e descubra como perfumar sua casa com lavanda, alecrim e hortel\u00e3 de forma natural.\" \/>\n<meta name=\"robots\" content=\"index, follow, max-snippet:-1, max-image-preview:large, max-video-preview:-1\" \/>\n<link rel=\"canonical\" href=\"https:\/\/www.em.com.br\/emfoco\/2026\/03\/13\/as-4-plantas-aromaticas-que-voce-precisa-ter-na-janela-para-perfumar-todo-o-ambiente\/\" \/>\n<meta property=\"og:locale\" content=\"pt_BR\" \/>\n<meta property=\"og:type\" content=\"article\" \/>\n<meta property=\"og:title\" content=\"As 4 plantas arom\u00e1ticas que voc\u00ea precisa ter na janela para perfumar todo o ambiente - Estado de Minas - Em foco\" \/>\n<meta property=\"og:description\" content=\"Abandone os aromas artificiais e descubra como perfumar sua casa com lavanda, alecrim e hortel\u00e3 de forma natural.\" \/>\n<meta property=\"og:url\" content=\"https:\/\/www.em.com.br\/emfoco\/2026\/03\/13\/as-4-plantas-aromaticas-que-voce-precisa-ter-na-janela-para-perfumar-todo-o-ambiente\/\" \/>\n<meta property=\"og:site_name\" content=\"Estado de Minas - Em foco\" \/>\n<meta property=\"article:published_time\" content=\"2026-03-13T16:25:00+00:00\" \/>\n<meta property=\"article:modified_time\" content=\"2026-03-12T20:37:35+00:00\" \/>\n<meta property=\"og:image\" content=\"https:\/\/www.em.com.br\/emfoco\/wp-content\/uploads\/2026\/02\/Gemini_Generated_Image_nt9l88nt9l88nt9l-1.png\" \/>\n\t<meta property=\"og:image:width\" content=\"1280\" \/>\n\t<meta property=\"og:image:height\" content=\"720\" \/>\n\t<meta property=\"og:image:type\" content=\"image\/png\" \/>\n<meta name=\"author\" content=\"Daniely Cardoso\" \/>\n<meta name=\"twitter:card\" content=\"summary_large_image\" \/>\n<meta name=\"twitter:label1\" content=\"Escrito por\" \/>\n\t<meta name=\"twitter:data1\" content=\"Daniely Cardoso\" \/>\n\t<meta name=\"twitter:label2\" content=\"Est. tempo de leitura\" \/>\n\t<meta name=\"twitter:data2\" content=\"5 minutos\" \/>\n<!-- \/ Yoast SEO plugin. -->","yoast_head_json":{"title":"As 4 plantas arom\u00e1ticas que voc\u00ea precisa ter na janela para perfumar todo o ambiente - Estado de Minas - Em foco","description":"Abandone os aromas artificiais e descubra como perfumar sua casa com lavanda, alecrim e hortel\u00e3 de forma natural.","robots":{"index":"index","follow":"follow","max-snippet":"max-snippet:-1","max-image-preview":"max-image-preview:large","max-video-preview":"max-video-preview:-1"},"canonical":"https:\/\/www.em.com.br\/emfoco\/2026\/03\/13\/as-4-plantas-aromaticas-que-voce-precisa-ter-na-janela-para-perfumar-todo-o-ambiente\/","og_locale":"pt_BR","og_type":"article","og_title":"As 4 plantas arom\u00e1ticas que voc\u00ea precisa ter na janela para perfumar todo o ambiente - Estado de Minas - Em foco","og_description":"Abandone os aromas artificiais e descubra como perfumar sua casa com lavanda, alecrim e hortel\u00e3 de forma natural.","og_url":"https:\/\/www.em.com.br\/emfoco\/2026\/03\/13\/as-4-plantas-aromaticas-que-voce-precisa-ter-na-janela-para-perfumar-todo-o-ambiente\/","og_site_name":"Estado de Minas - Em foco","article_published_time":"2026-03-13T16:25:00+00:00","article_modified_time":"2026-03-12T20:37:35+00:00","og_image":[{"width":1280,"height":720,"url":"https:\/\/www.em.com.br\/emfoco\/wp-content\/uploads\/2026\/02\/Gemini_Generated_Image_nt9l88nt9l88nt9l-1.png","type":"image\/png"}],"author":"Daniely Cardoso","twitter_card":"summary_large_image","twitter_misc":{"Escrito por":"Daniely Cardoso","Est. tempo de leitura":"5 minutos"},"schema":{"@context":"https:\/\/schema.org","@graph":[{"@type":"WebPage","@id":"https:\/\/www.em.com.br\/emfoco\/2026\/03\/13\/as-4-plantas-aromaticas-que-voce-precisa-ter-na-janela-para-perfumar-todo-o-ambiente\/","url":"https:\/\/www.em.com.br\/emfoco\/2026\/03\/13\/as-4-plantas-aromaticas-que-voce-precisa-ter-na-janela-para-perfumar-todo-o-ambiente\/","name":"As 4 plantas arom\u00e1ticas que voc\u00ea precisa ter na janela para perfumar todo o ambiente - Estado de Minas - Em foco","isPartOf":{"@id":"https:\/\/www.em.com.br\/emfoco\/#website"},"primaryImageOfPage":{"@id":"https:\/\/www.em.com.br\/emfoco\/2026\/03\/13\/as-4-plantas-aromaticas-que-voce-precisa-ter-na-janela-para-perfumar-todo-o-ambiente\/#primaryimage"},"image":{"@id":"https:\/\/www.em.com.br\/emfoco\/2026\/03\/13\/as-4-plantas-aromaticas-que-voce-precisa-ter-na-janela-para-perfumar-todo-o-ambiente\/#primaryimage"},"thumbnailUrl":"https:\/\/www.em.com.br\/emfoco\/wp-content\/uploads\/2026\/02\/Gemini_Generated_Image_nt9l88nt9l88nt9l-1.png","datePublished":"2026-03-13T16:25:00+00:00","dateModified":"2026-03-12T20:37:35+00:00","author":{"@id":"https:\/\/www.em.com.br\/emfoco\/#\/schema\/person\/0a8186d72f2c3a5c6276d90b41f271a0"},"description":"Abandone os aromas artificiais e descubra como perfumar sua casa com lavanda, alecrim e hortel\u00e3 de forma natural.","breadcrumb":{"@id":"https:\/\/www.em.com.br\/emfoco\/2026\/03\/13\/as-4-plantas-aromaticas-que-voce-precisa-ter-na-janela-para-perfumar-todo-o-ambiente\/#breadcrumb"},"inLanguage":"pt-BR","potentialAction":[{"@type":"ReadAction","target":["https:\/\/www.em.com.br\/emfoco\/2026\/03\/13\/as-4-plantas-aromaticas-que-voce-precisa-ter-na-janela-para-perfumar-todo-o-ambiente\/"]}]},{"@type":"ImageObject","inLanguage":"pt-BR","@id":"https:\/\/www.em.com.br\/emfoco\/2026\/03\/13\/as-4-plantas-aromaticas-que-voce-precisa-ter-na-janela-para-perfumar-todo-o-ambiente\/#primaryimage","url":"https:\/\/www.em.com.br\/emfoco\/wp-content\/uploads\/2026\/02\/Gemini_Generated_Image_nt9l88nt9l88nt9l-1.png","contentUrl":"https:\/\/www.em.com.br\/emfoco\/wp-content\/uploads\/2026\/02\/Gemini_Generated_Image_nt9l88nt9l88nt9l-1.png","width":1280,"height":720,"caption":"Agrupar diferentes esp\u00e9cies em um mesmo canto cria um microclima \u00famido que se auto-sustenta de forma muito eficiente e duradoura"},{"@type":"BreadcrumbList","@id":"https:\/\/www.em.com.br\/emfoco\/2026\/03\/13\/as-4-plantas-aromaticas-que-voce-precisa-ter-na-janela-para-perfumar-todo-o-ambiente\/#breadcrumb","itemListElement":[{"@type":"ListItem","position":1,"name":"In\u00edcio","item":"https:\/\/www.em.com.br\/emfoco\/"},{"@type":"ListItem","position":2,"name":"As 4 plantas arom\u00e1ticas que voc\u00ea precisa ter na janela para perfumar todo o ambiente"}]},{"@type":"WebSite","@id":"https:\/\/www.em.com.br\/emfoco\/#website","url":"https:\/\/www.em.com.br\/emfoco\/","name":"Estado de Minas - Em foco","description":"Acompanhe as \u00faltimas not\u00edcias e fique bem informado sobre tudo o que acontece em Minas Gerais, Brasil e no mundo.","potentialAction":[{"@type":"SearchAction","target":{"@type":"EntryPoint","urlTemplate":"https:\/\/www.em.com.br\/emfoco\/?s={search_term_string}"},"query-input":{"@type":"PropertyValueSpecification","valueRequired":true,"valueName":"search_term_string"}}],"inLanguage":"pt-BR"},{"@type":"Person","@id":"https:\/\/www.em.com.br\/emfoco\/#\/schema\/person\/0a8186d72f2c3a5c6276d90b41f271a0","name":"Daniely Cardoso","image":{"@type":"ImageObject","inLanguage":"pt-BR","@id":"https:\/\/www.em.com.br\/emfoco\/#\/schema\/person\/image\/","url":"https:\/\/secure.gravatar.com\/avatar\/4b80ddbd124d1f071b626d52d62e5dff?s=96&d=mm&r=g","contentUrl":"https:\/\/secure.gravatar.com\/avatar\/4b80ddbd124d1f071b626d52d62e5dff?s=96&d=mm&r=g","caption":"Daniely Cardoso"},"url":"https:\/\/www.em.com.br\/emfoco\/author\/danielymyth\/"}]}},"_links":{"self":[{"href":"https:\/\/www.em.com.br\/emfoco\/wp-json\/wp\/v2\/posts\/180767","targetHints":{"allow":["GET"]}}],"collection":[{"href":"https:\/\/www.em.com.br\/emfoco\/wp-json\/wp\/v2\/posts"}],"about":[{"href":"https:\/\/www.em.com.br\/emfoco\/wp-json\/wp\/v2\/types\/post"}],"author":[{"embeddable":true,"href":"https:\/\/www.em.com.br\/emfoco\/wp-json\/wp\/v2\/users\/9"}],"replies":[{"embeddable":true,"href":"https:\/\/www.em.com.br\/emfoco\/wp-json\/wp\/v2\/comments?post=180767"}],"version-history":[{"count":2,"href":"https:\/\/www.em.com.br\/emfoco\/wp-json\/wp\/v2\/posts\/180767\/revisions"}],"predecessor-version":[{"id":180878,"href":"https:\/\/www.em.com.br\/emfoco\/wp-json\/wp\/v2\/posts\/180767\/revisions\/180878"}],"wp:featuredmedia":[{"embeddable":true,"href":"https:\/\/www.em.com.br\/emfoco\/wp-json\/wp\/v2\/media\/174842"}],"wp:attachment":[{"href":"https:\/\/www.em.com.br\/emfoco\/wp-json\/wp\/v2\/media?parent=180767"}],"wp:term":[{"taxonomy":"category","embeddable":true,"href":"https:\/\/www.em.com.br\/emfoco\/wp-json\/wp\/v2\/categories?post=180767"},{"taxonomy":"post_tag","embeddable":true,"href":"https:\/\/www.em.com.br\/emfoco\/wp-json\/wp\/v2\/tags?post=180767"}],"curies":[{"name":"wp","href":"https:\/\/api.w.org\/{rel}","templated":true}]}}