{"id":180766,"date":"2026-03-13T13:15:00","date_gmt":"2026-03-13T16:15:00","guid":{"rendered":"https:\/\/www.em.com.br\/emfoco\/?p=180766"},"modified":"2026-03-12T18:20:34","modified_gmt":"2026-03-12T21:20:34","slug":"adeus-olhar-apagado-o-tom-de-sombra-que-ajuda-a-iluminar-os-olhos-depois-dos-50","status":"publish","type":"post","link":"https:\/\/www.em.com.br\/emfoco\/2026\/03\/13\/adeus-olhar-apagado-o-tom-de-sombra-que-ajuda-a-iluminar-os-olhos-depois-dos-50\/","title":{"rendered":"Adeus olhar apagado: o tom de sombra que ajuda a iluminar os olhos depois dos 50"},"content":{"rendered":"\n<p>Voc\u00ea j\u00e1 se olhou no espelho, depois dos 50, e sentiu que o rosto at\u00e9 est\u00e1 bem, mas o olhar parece mais cansado do que voc\u00ea realmente est\u00e1? Com o tempo, o rosto muda aos poucos, e os olhos v\u00e3o perdendo aquele brilho marcante. Depois dessa fase da vida, muita gente nota um <b>\u201colhar apagado\u201d<\/b>, com menos defini\u00e7\u00e3o e express\u00e3o, por causa de mudan\u00e7as na <b>pele.<\/b><\/p>\n\n\n\n<h2 class=\"wp-block-heading\">O que causa o olhar apagado depois dos 50 anos<\/h2>\n\n\n\n<p>Ap\u00f3s os 50 anos, a pele perde <b>elasticidade<\/b> e firmeza porque diminui a produ\u00e7\u00e3o de col\u00e1geno e elastina. Na regi\u00e3o dos olhos, isso aparece como p\u00e1lpebras mais fl\u00e1cidas, pequenas dobras de <b>pele<\/b> e vasos sangu\u00edneos mais evidentes, al\u00e9m da gordura local ficando mais marcada, o que refor\u00e7a o efeito de <b>sombra<\/b> permanente.<\/p>\n\n\n\n<p>Al\u00e9m da pele mais fina, o osso ao redor da \u00f3rbita tamb\u00e9m sofre uma discreta reabsor\u00e7\u00e3o, aprofundando o sulco que separa a p\u00e1lpebra da <b>bochecha<\/b>. Esse sulco marcado deixa as olheiras mais aparentes. Mudan\u00e7as na musculatura da face e na posi\u00e7\u00e3o da <b>sobrancelha<\/b> completam o quadro, deixando o olhar menos aberto e com leve caimento nas laterais, o que transmite uma impress\u00e3o de cansa\u00e7o <b>cont\u00ednuo<\/b>.<\/p>\n\n\n\n<figure class=\"wp-block-embed is-type-rich is-provider-pinterest wp-block-embed-pinterest\"><div class=\"wp-block-embed__wrapper\">\n<iframe loading=\"lazy\" title=\"Evitando Erros: Como N\u00e3o Aplicar Sombra para uma Maquiagem Impec\u00e1vel! \ud83d\udcab\" src=\"https:\/\/assets.pinterest.com\/ext\/embed.html?id=140806233051027&#038;src=oembed\" height=\"899\" width=\"450\" frameborder=\"0\" scrolling=\"no\" ><\/iframe>\n<\/div><\/figure>\n\n\n\n<p>Leia tamb\u00e9m:&nbsp;<a href=\"https:\/\/www.em.com.br\/emfoco\/2026\/03\/12\/o-erro-de-maquiagem-que-envelhece-e-como-corrigir\/\" target=\"_blank\" rel=\"noopener\">O erro de maquiagem que envelhece e como corrigir<\/a><\/p>\n\n\n\n<h2 class=\"wp-block-heading\">Como o tom de sombra pode iluminar ou apagar o olhar<\/h2>\n\n\n\n<p>O chamado <b>tom de sombra<\/b> descreve o jogo de claro e escuro que se forma ao redor dos olhos. Quando h\u00e1 equil\u00edbrio entre volumes, cor e reflexos, essa sombra natural pode at\u00e9 valorizar a express\u00e3o e dar profundidade ao <b>olhar<\/b>. Com o passar dos anos, por\u00e9m, o escurecimento da pele e o afundamento de algumas \u00e1reas criam uma sombra desigual, que \u201capaga\u201d o rosto e faz tudo parecer mais <b>pesado<\/b>.<\/p>\n\n\n\n<p>Esse escurecimento pode vir de hiperpigmenta\u00e7\u00e3o, vasos aparentes sob a pele fina, bolsas de gordura projetadas ou diferen\u00e7a de relevo entre p\u00e1lpebra e <b>bochecha<\/b>. Muitas vezes, v\u00e1rios fatores se somam, por isso o tratamento costuma ser combinado, buscando suavizar a cor, ajustar volumes e melhorar o <b>contorno<\/b> da regi\u00e3o, sempre respeitando a express\u00e3o natural do <b>rosto<\/b>.<\/p>\n\n\n\n<p>Para voc\u00ea que gosta de se cuidar, separamos um v\u00eddeo do canal da <a href=\"https:\/\/www.youtube.com\/@LudMarianoMakeup\" target=\"_blank\" rel=\"noreferrer noopener\">Lud Mariano Makeup <\/a>com dicas para elevar seu olahr:<\/p>\n\n\n\n<figure class=\"wp-block-embed is-type-video is-provider-youtube wp-block-embed-youtube wp-embed-aspect-4-3 wp-has-aspect-ratio\"><div class=\"wp-block-embed__wrapper\">\n<div class=\"jeg_video_container jeg_video_content\"><iframe loading=\"lazy\" title=\"MAQUIAGEM PARA P\u00c1LPEBRAS CA\u00cdDAS e EXCESSO DE PELE.\" width=\"500\" height=\"375\" src=\"https:\/\/www.youtube.com\/embed\/BFtkwakDNEw?feature=oembed\" frameborder=\"0\" allow=\"accelerometer; autoplay; clipboard-write; encrypted-media; gyroscope; picture-in-picture; web-share\" referrerpolicy=\"strict-origin-when-cross-origin\" allowfullscreen><\/iframe><\/div>\n<\/div><\/figure>\n\n\n\n<h2 class=\"wp-block-heading\">Como suavizar o olhar apagado depois dos 50 com seguran\u00e7a<\/h2>\n\n\n\n<p>Quando a ideia \u00e9 dizer \u201cadeus olhar apagado\u201d, o primeiro passo \u00e9 entender o que mais pesa no seu caso: flacidez, perda de volume, pigmenta\u00e7\u00e3o ou bolsas de <b>gordura<\/b>. A partir da\u00ed, o especialista monta um plano que pode combinar cuidados di\u00e1rios, pequenos procedimentos em consult\u00f3rio e, em algumas situa\u00e7\u00f5es, at\u00e9 cirurgia, sempre com foco em resultado <b>sutil<\/b>.<\/p>\n\n\n\n<p>Entre as op\u00e7\u00f5es de consult\u00f3rio, alguns tratamentos s\u00e3o frequentemente discutidos para melhorar a sombra e o ar de cansa\u00e7o, sempre adaptados \u00e0 pele e \u00e0 sa\u00fade de cada <b>pessoa<\/b>:<\/p>\n\n\n\n<ul class=\"wp-block-list\">\n<li><b>Preenchimento<\/b> com \u00e1cido hialur\u00f4nico para suavizar o sulco entre p\u00e1lpebra e bochecha e redistribuir a luz na regi\u00e3o.<\/li>\n\n\n\n<li><b>Laser<\/b> e luz intensa pulsada em casos selecionados para melhorar textura, cor e firmeza ao redor dos olhos.<\/li>\n\n\n\n<li><b>Peelings<\/b> suaves para atenuar a pigmenta\u00e7\u00e3o e estimular a renova\u00e7\u00e3o da pele fina da \u00e1rea.<\/li>\n\n\n\n<li><b>Blefaroplastia<\/b> (cirurgia das p\u00e1lpebras) para remover excesso de pele e ajustar bolsas de gordura quando indicado.<\/li>\n<\/ul>\n\n\n\n<figure class=\"wp-block-embed is-type-rich is-provider-pinterest wp-block-embed-pinterest\"><div class=\"wp-block-embed__wrapper\">\n<iframe loading=\"lazy\" title=\"Como fazer Delineado com Sombra \u2728  Quer aprender a se Maquiar?\ud83d\udc47\ud83c\udffe \ud83d\ude0d Curso Online de Automaquiagem e Maquiagem  \u2728 Nele Voc\u00ea vai Aprender... \u2705Prepara\u00e7\u00e3o da Pele \u2705Aplicar C\u00edlios Posti\u00e7os \u2705Maquiagem 3D Sombra Degrad\u00ea \u2705Maquiagem B\u00e1sica \/ R\u00e1pida \u2705Esfumado simples e Diagonal com Cut Crease \u2705Como Disfar\u00e7ar as Olheiras \u2705Maquiagem Dourada \u2705Sobrancelhas \u2705 Contorno com Corretivo\/Base \u2705Maquiagem com Cut Crease Aberto \u2705Maquiagem Bronzeado \u2705Maquiagem para ficar bem na Foto \/ Selfie \u2705Maquiagem Masculina \u2705Maqu...\" src=\"https:\/\/assets.pinterest.com\/ext\/embed.html?id=117867715243761743&#038;src=oembed\" height=\"898\" width=\"450\" frameborder=\"0\" scrolling=\"no\" ><\/iframe>\n<\/div><\/figure>\n\n\n\n<h2 class=\"wp-block-heading\">Quais cuidados considerar antes de fazer um procedimento est\u00e9tico<\/h2>\n\n\n\n<p>Antes de qualquer interven\u00e7\u00e3o, \u00e9 importante passar por avalia\u00e7\u00e3o com um profissional habilitado, como dermatologista, cirurgi\u00e3o pl\u00e1stico ou oftalmologista com experi\u00eancia em est\u00e9tica <b>ocular<\/b>. Nessa consulta, s\u00e3o avaliados seu hist\u00f3rico de sa\u00fade, uso de medicamentos, poss\u00edveis alergias e expectativas, al\u00e9m da an\u00e1lise detalhada de p\u00e1lpebras, sobrancelhas e regi\u00e3o da <b>bochecha<\/b>.<\/p>\n\n\n\n<p>Tamb\u00e9m \u00e9 essencial diferenciar olheiras comuns de sinais ligados a outros <b>problemas<\/b>, como altera\u00e7\u00f5es de tireoide, rins, sono ou alergias cr\u00f4nicas. Em alguns casos, melhorar o estilo de vida, ajustar rem\u00e9dios ou tratar doen\u00e7as de base j\u00e1 reduz bastante o escuro e o incha\u00e7o ao redor dos <b>olhos<\/b>. Para quem busca um olhar mais iluminado ap\u00f3s os 50, a combina\u00e7\u00e3o de rotina de cuidados e orienta\u00e7\u00e3o profissional tende a trazer resultados mais naturais e duradouros, preservando a <b>identidade<\/b> e a sa\u00fade da regi\u00e3o dos <b>olhos<\/b>.<\/p>\n","protected":false},"excerpt":{"rendered":"<p>Voc\u00ea j\u00e1 se olhou no espelho, depois dos 50, e sentiu que o rosto at\u00e9 est\u00e1 bem, mas o olhar parece mais cansado do que voc\u00ea realmente est\u00e1? Com o tempo, o rosto muda aos poucos, e os olhos v\u00e3o perdendo aquele brilho marcante. Depois dessa fase da vida, muita gente nota um \u201colhar apagado\u201d, [&hellip;]<\/p>\n","protected":false},"author":9,"featured_media":141402,"comment_status":"open","ping_status":"open","sticky":false,"template":"","format":"standard","meta":{"jnews-multi-image_gallery":[],"jnews_single_post":{"format":"standard"},"jnews_primary_category":[],"jnews_social_meta":[],"jnews_override_counter":[],"footnotes":""},"categories":[1],"tags":[2616,4914,7613],"class_list":["post-180766","post","type-post","status-publish","format-standard","has-post-thumbnail","hentry","category-noticias","tag-beleza","tag-maquiagem","tag-olhar"],"yoast_head":"<!-- This site is optimized with the Yoast SEO plugin v23.8 - https:\/\/yoast.com\/wordpress\/plugins\/seo\/ -->\n<title>Adeus olhar apagado: o tom de sombra que ajuda a iluminar os olhos depois dos 50 - Estado de Minas - Em foco<\/title>\n<meta name=\"description\" content=\"Descubra como iluminar o olhar apagado ap\u00f3s os 50 anos e conhe\u00e7a os melhores tratamentos para flacidez e olheiras.\" \/>\n<meta name=\"robots\" content=\"index, follow, max-snippet:-1, max-image-preview:large, max-video-preview:-1\" \/>\n<link rel=\"canonical\" href=\"https:\/\/www.em.com.br\/emfoco\/2026\/03\/13\/adeus-olhar-apagado-o-tom-de-sombra-que-ajuda-a-iluminar-os-olhos-depois-dos-50\/\" \/>\n<meta property=\"og:locale\" content=\"pt_BR\" \/>\n<meta property=\"og:type\" content=\"article\" \/>\n<meta property=\"og:title\" content=\"Adeus olhar apagado: o tom de sombra que ajuda a iluminar os olhos depois dos 50 - Estado de Minas - Em foco\" \/>\n<meta property=\"og:description\" content=\"Descubra como iluminar o olhar apagado ap\u00f3s os 50 anos e conhe\u00e7a os melhores tratamentos para flacidez e olheiras.\" \/>\n<meta property=\"og:url\" content=\"https:\/\/www.em.com.br\/emfoco\/2026\/03\/13\/adeus-olhar-apagado-o-tom-de-sombra-que-ajuda-a-iluminar-os-olhos-depois-dos-50\/\" \/>\n<meta property=\"og:site_name\" content=\"Estado de Minas - Em foco\" \/>\n<meta property=\"article:published_time\" content=\"2026-03-13T16:15:00+00:00\" \/>\n<meta property=\"article:modified_time\" content=\"2026-03-12T21:20:34+00:00\" \/>\n<meta property=\"og:image\" content=\"https:\/\/www.em.com.br\/emfoco\/wp-content\/uploads\/2025\/12\/Gemini_Generated_Image_yfvt5kyfvt5kyfvt-1.png\" \/>\n\t<meta property=\"og:image:width\" content=\"1280\" \/>\n\t<meta property=\"og:image:height\" content=\"720\" \/>\n\t<meta property=\"og:image:type\" content=\"image\/png\" \/>\n<meta name=\"author\" content=\"Daniely Cardoso\" \/>\n<meta name=\"twitter:card\" content=\"summary_large_image\" \/>\n<meta name=\"twitter:label1\" content=\"Escrito por\" \/>\n\t<meta name=\"twitter:data1\" content=\"Daniely Cardoso\" \/>\n\t<meta name=\"twitter:label2\" content=\"Est. tempo de leitura\" \/>\n\t<meta name=\"twitter:data2\" content=\"4 minutos\" \/>\n<!-- \/ Yoast SEO plugin. -->","yoast_head_json":{"title":"Adeus olhar apagado: o tom de sombra que ajuda a iluminar os olhos depois dos 50 - Estado de Minas - Em foco","description":"Descubra como iluminar o olhar apagado ap\u00f3s os 50 anos e conhe\u00e7a os melhores tratamentos para flacidez e olheiras.","robots":{"index":"index","follow":"follow","max-snippet":"max-snippet:-1","max-image-preview":"max-image-preview:large","max-video-preview":"max-video-preview:-1"},"canonical":"https:\/\/www.em.com.br\/emfoco\/2026\/03\/13\/adeus-olhar-apagado-o-tom-de-sombra-que-ajuda-a-iluminar-os-olhos-depois-dos-50\/","og_locale":"pt_BR","og_type":"article","og_title":"Adeus olhar apagado: o tom de sombra que ajuda a iluminar os olhos depois dos 50 - Estado de Minas - Em foco","og_description":"Descubra como iluminar o olhar apagado ap\u00f3s os 50 anos e conhe\u00e7a os melhores tratamentos para flacidez e olheiras.","og_url":"https:\/\/www.em.com.br\/emfoco\/2026\/03\/13\/adeus-olhar-apagado-o-tom-de-sombra-que-ajuda-a-iluminar-os-olhos-depois-dos-50\/","og_site_name":"Estado de Minas - Em foco","article_published_time":"2026-03-13T16:15:00+00:00","article_modified_time":"2026-03-12T21:20:34+00:00","og_image":[{"width":1280,"height":720,"url":"https:\/\/www.em.com.br\/emfoco\/wp-content\/uploads\/2025\/12\/Gemini_Generated_Image_yfvt5kyfvt5kyfvt-1.png","type":"image\/png"}],"author":"Daniely Cardoso","twitter_card":"summary_large_image","twitter_misc":{"Escrito por":"Daniely Cardoso","Est. tempo de leitura":"4 minutos"},"schema":{"@context":"https:\/\/schema.org","@graph":[{"@type":"WebPage","@id":"https:\/\/www.em.com.br\/emfoco\/2026\/03\/13\/adeus-olhar-apagado-o-tom-de-sombra-que-ajuda-a-iluminar-os-olhos-depois-dos-50\/","url":"https:\/\/www.em.com.br\/emfoco\/2026\/03\/13\/adeus-olhar-apagado-o-tom-de-sombra-que-ajuda-a-iluminar-os-olhos-depois-dos-50\/","name":"Adeus olhar apagado: o tom de sombra que ajuda a iluminar os olhos depois dos 50 - Estado de Minas - Em foco","isPartOf":{"@id":"https:\/\/www.em.com.br\/emfoco\/#website"},"primaryImageOfPage":{"@id":"https:\/\/www.em.com.br\/emfoco\/2026\/03\/13\/adeus-olhar-apagado-o-tom-de-sombra-que-ajuda-a-iluminar-os-olhos-depois-dos-50\/#primaryimage"},"image":{"@id":"https:\/\/www.em.com.br\/emfoco\/2026\/03\/13\/adeus-olhar-apagado-o-tom-de-sombra-que-ajuda-a-iluminar-os-olhos-depois-dos-50\/#primaryimage"},"thumbnailUrl":"https:\/\/www.em.com.br\/emfoco\/wp-content\/uploads\/2025\/12\/Gemini_Generated_Image_yfvt5kyfvt5kyfvt-1.png","datePublished":"2026-03-13T16:15:00+00:00","dateModified":"2026-03-12T21:20:34+00:00","author":{"@id":"https:\/\/www.em.com.br\/emfoco\/#\/schema\/person\/0a8186d72f2c3a5c6276d90b41f271a0"},"description":"Descubra como iluminar o olhar apagado ap\u00f3s os 50 anos e conhe\u00e7a os melhores tratamentos para flacidez e olheiras.","breadcrumb":{"@id":"https:\/\/www.em.com.br\/emfoco\/2026\/03\/13\/adeus-olhar-apagado-o-tom-de-sombra-que-ajuda-a-iluminar-os-olhos-depois-dos-50\/#breadcrumb"},"inLanguage":"pt-BR","potentialAction":[{"@type":"ReadAction","target":["https:\/\/www.em.com.br\/emfoco\/2026\/03\/13\/adeus-olhar-apagado-o-tom-de-sombra-que-ajuda-a-iluminar-os-olhos-depois-dos-50\/"]}]},{"@type":"ImageObject","inLanguage":"pt-BR","@id":"https:\/\/www.em.com.br\/emfoco\/2026\/03\/13\/adeus-olhar-apagado-o-tom-de-sombra-que-ajuda-a-iluminar-os-olhos-depois-dos-50\/#primaryimage","url":"https:\/\/www.em.com.br\/emfoco\/wp-content\/uploads\/2025\/12\/Gemini_Generated_Image_yfvt5kyfvt5kyfvt-1.png","contentUrl":"https:\/\/www.em.com.br\/emfoco\/wp-content\/uploads\/2025\/12\/Gemini_Generated_Image_yfvt5kyfvt5kyfvt-1.png","width":1280,"height":720,"caption":"Esse tipo de produ\u00e7\u00e3o para o calor combina produtos de longa dura\u00e7\u00e3o com texturas mais finas"},{"@type":"BreadcrumbList","@id":"https:\/\/www.em.com.br\/emfoco\/2026\/03\/13\/adeus-olhar-apagado-o-tom-de-sombra-que-ajuda-a-iluminar-os-olhos-depois-dos-50\/#breadcrumb","itemListElement":[{"@type":"ListItem","position":1,"name":"In\u00edcio","item":"https:\/\/www.em.com.br\/emfoco\/"},{"@type":"ListItem","position":2,"name":"Adeus olhar apagado: o tom de sombra que ajuda a iluminar os olhos depois dos 50"}]},{"@type":"WebSite","@id":"https:\/\/www.em.com.br\/emfoco\/#website","url":"https:\/\/www.em.com.br\/emfoco\/","name":"Estado de Minas - Em foco","description":"Acompanhe as \u00faltimas not\u00edcias e fique bem informado sobre tudo o que acontece em Minas Gerais, Brasil e no mundo.","potentialAction":[{"@type":"SearchAction","target":{"@type":"EntryPoint","urlTemplate":"https:\/\/www.em.com.br\/emfoco\/?s={search_term_string}"},"query-input":{"@type":"PropertyValueSpecification","valueRequired":true,"valueName":"search_term_string"}}],"inLanguage":"pt-BR"},{"@type":"Person","@id":"https:\/\/www.em.com.br\/emfoco\/#\/schema\/person\/0a8186d72f2c3a5c6276d90b41f271a0","name":"Daniely Cardoso","image":{"@type":"ImageObject","inLanguage":"pt-BR","@id":"https:\/\/www.em.com.br\/emfoco\/#\/schema\/person\/image\/","url":"https:\/\/secure.gravatar.com\/avatar\/4b80ddbd124d1f071b626d52d62e5dff?s=96&d=mm&r=g","contentUrl":"https:\/\/secure.gravatar.com\/avatar\/4b80ddbd124d1f071b626d52d62e5dff?s=96&d=mm&r=g","caption":"Daniely Cardoso"},"url":"https:\/\/www.em.com.br\/emfoco\/author\/danielymyth\/"}]}},"_links":{"self":[{"href":"https:\/\/www.em.com.br\/emfoco\/wp-json\/wp\/v2\/posts\/180766","targetHints":{"allow":["GET"]}}],"collection":[{"href":"https:\/\/www.em.com.br\/emfoco\/wp-json\/wp\/v2\/posts"}],"about":[{"href":"https:\/\/www.em.com.br\/emfoco\/wp-json\/wp\/v2\/types\/post"}],"author":[{"embeddable":true,"href":"https:\/\/www.em.com.br\/emfoco\/wp-json\/wp\/v2\/users\/9"}],"replies":[{"embeddable":true,"href":"https:\/\/www.em.com.br\/emfoco\/wp-json\/wp\/v2\/comments?post=180766"}],"version-history":[{"count":3,"href":"https:\/\/www.em.com.br\/emfoco\/wp-json\/wp\/v2\/posts\/180766\/revisions"}],"predecessor-version":[{"id":180976,"href":"https:\/\/www.em.com.br\/emfoco\/wp-json\/wp\/v2\/posts\/180766\/revisions\/180976"}],"wp:featuredmedia":[{"embeddable":true,"href":"https:\/\/www.em.com.br\/emfoco\/wp-json\/wp\/v2\/media\/141402"}],"wp:attachment":[{"href":"https:\/\/www.em.com.br\/emfoco\/wp-json\/wp\/v2\/media?parent=180766"}],"wp:term":[{"taxonomy":"category","embeddable":true,"href":"https:\/\/www.em.com.br\/emfoco\/wp-json\/wp\/v2\/categories?post=180766"},{"taxonomy":"post_tag","embeddable":true,"href":"https:\/\/www.em.com.br\/emfoco\/wp-json\/wp\/v2\/tags?post=180766"}],"curies":[{"name":"wp","href":"https:\/\/api.w.org\/{rel}","templated":true}]}}