{"id":180765,"date":"2026-03-13T12:55:00","date_gmt":"2026-03-13T15:55:00","guid":{"rendered":"https:\/\/www.em.com.br\/emfoco\/?p=180765"},"modified":"2026-03-12T17:33:47","modified_gmt":"2026-03-12T20:33:47","slug":"as-4-variacoes-de-corte-longo-que-operam-um-verdadeiro-milagre-na-expressao-apos-os-40-anos","status":"publish","type":"post","link":"https:\/\/www.em.com.br\/emfoco\/2026\/03\/13\/as-4-variacoes-de-corte-longo-que-operam-um-verdadeiro-milagre-na-expressao-apos-os-40-anos\/","title":{"rendered":"As 4 varia\u00e7\u00f5es de corte longo que operam um verdadeiro milagre na express\u00e3o ap\u00f3s os 40 anos"},"content":{"rendered":"\n<p>Voc\u00ea j\u00e1 pensou em mudar o visual, mas logo desistiu com medo de perder o comprimento do cabelo? Muitas pessoas passam por isso: querem um ar mais jovem, leve e atual, mas sem abrir m\u00e3o dos fios longos que tanto gostam. A boa not\u00edcia \u00e9 que, com alguns ajustes simples no corte e na forma de finalizar, d\u00e1 para ter um cabelo comprido, moderno e com movimento, que valoriza o rosto e suaviza os tra\u00e7os sem parecer pesado ou sem gra\u00e7a.<\/p>\n\n\n\n<h2 class=\"wp-block-heading\">O que \u00e9 um estilo de cabelo longo que rejuvenesce<\/h2>\n\n\n\n<p>Um estilo de cabelo que <strong>preserva<\/strong> o comprimento e rejuvenesce \u00e9 aquele em que os fios continuam m\u00e9dios ou longos, mas o corte \u00e9 pensado para dar mais <strong>leveza<\/strong> e luz ao rosto. Em vez de cortar muitos cent\u00edmetros, o foco \u00e9 criar movimento, tirar o visual chapado e evitar linhas muito retas que possam deixar a express\u00e3o mais s\u00e9ria.<\/p>\n\n\n\n<p>Esse tipo de corte aposta em camadas suaves, desfiados discretos e, \u00e0s vezes, em uma <strong>franja<\/strong> estrat\u00e9gica que abre a regi\u00e3o dos olhos. Assim, o cabelo parece mais leve, o pesco\u00e7o fica visualmente mais alongado e o conjunto ganha um ar mais <strong>jovial<\/strong>, sem perder a sensa\u00e7\u00e3o de comprimento que tanta gente ama.<\/p>\n\n\n\n<figure class=\"wp-block-embed is-type-rich is-provider-pinterest wp-block-embed-pinterest\"><div class=\"wp-block-embed__wrapper\">\n<iframe loading=\"lazy\" title=\"Karen Silveira Sales\" src=\"https:\/\/assets.pinterest.com\/ext\/embed.html?id=68749227134&#038;src=oembed\" height=\"899\" width=\"450\" frameborder=\"0\" scrolling=\"no\" ><\/iframe>\n<\/div><\/figure>\n\n\n\n<p>Leia tamb\u00e9m:&nbsp;<a href=\"https:\/\/www.em.com.br\/emfoco\/2026\/03\/12\/nem-curto-nem-comprido-o-corte-de-cabelo-que-promete-dominar-os-saloes-em-2026\/\" target=\"_blank\" rel=\"noopener\">Nem curto nem comprido: o corte de cabelo que promete dominar os sal\u00f5es em 2026<\/a><\/p>\n\n\n\n<h2 class=\"wp-block-heading\">Como escolher um corte longo que rejuvenesce o rosto<\/h2>\n\n\n\n<p>A escolha do corte longo que <strong>rejuvenesce<\/strong> passa pelo formato do rosto, tipo de fio e rotina di\u00e1ria. Em geral, um comprimento entre os ombros e o meio das costas \u00e9 o mais vers\u00e1til, pois mant\u00e9m o ar de cabelo comprido, mas sem pesar tanto quanto fios muito <strong>extensos<\/strong>.<\/p>\n\n\n\n<ul class=\"wp-block-list\">\n<li><strong>Rosto oval:<\/strong> combina com quase todos os estilos, e camadas longas e suaves ajudam a manter o equil\u00edbrio natural.<\/li>\n\n\n\n<li><strong>Rosto redondo:<\/strong> camadas abaixo do queixo, franja alongada lateral e risca levemente lateral ajudam a afinar a face.<\/li>\n\n\n\n<li><strong>Rosto quadrado:<\/strong> desfiados suaves e ondas largas suavizam o maxilar mais marcado e deixam o visual delicado.<\/li>\n\n\n\n<li><strong>Rosto alongado:<\/strong> franjas estilo cortininha ou na altura dos olhos encurtam visualmente a face.<\/li>\n<\/ul>\n\n\n\n<figure class=\"wp-block-embed is-type-rich is-provider-pinterest wp-block-embed-pinterest\"><div class=\"wp-block-embed__wrapper\">\n<iframe loading=\"lazy\" title=\" \" src=\"https:\/\/assets.pinterest.com\/ext\/embed.html?id=4151824650408088&#038;src=oembed\" height=\"550\" width=\"450\" frameborder=\"0\" scrolling=\"no\" ><\/iframe>\n<\/div><\/figure>\n\n\n\n<h2 class=\"wp-block-heading\">Como adaptar o corte ao tipo de fio de forma simples<\/h2>\n\n\n\n<p>Al\u00e9m do formato do rosto, o tipo de cabelo faz muita <strong>diferen\u00e7a<\/strong> no resultado final e na praticidade do dia a dia. Cabelos lisos costumam ganhar um ar mais jovem com camadas leves e pontas levemente <strong>repicadas<\/strong>, que evitam o visual \u201cescorrido\u201d demais.<\/p>\n\n\n\n<p>J\u00e1 cabelos ondulados e cacheados se beneficiam de camadas bem distribu\u00eddas, que controlam o <strong>volume<\/strong> sem tirar defini\u00e7\u00e3o. O segredo \u00e9 sempre buscar **harmonia** entre textura natural, desejo de comprimento e o tempo que voc\u00ea realmente quer gastar cuidando e finalizando os fios.<\/p>\n\n\n\n<p>Para voc\u00ea que gosta de se cuidar, separamos um v\u00eddeo do canal da <a href=\"https:\/\/www.youtube.com\/@RaisaBrito\" target=\"_blank\" rel=\"noreferrer noopener\">Raisa Brito <\/a>com dicas de cortes para manter sua apar\u00eancia elegante:<\/p>\n\n\n\n<figure class=\"wp-block-embed is-type-video is-provider-youtube wp-block-embed-youtube wp-embed-aspect-16-9 wp-has-aspect-ratio\"><div class=\"wp-block-embed__wrapper\">\n<div class=\"jeg_video_container jeg_video_content\"><iframe loading=\"lazy\" title=\"OS CORTES DE CABELO DA MODA EM 2025 - Pode usar cabelo comprido ap\u00f3s os 50 anos?\" width=\"500\" height=\"281\" src=\"https:\/\/www.youtube.com\/embed\/pmNIjz2Qixo?feature=oembed\" frameborder=\"0\" allow=\"accelerometer; autoplay; clipboard-write; encrypted-media; gyroscope; picture-in-picture; web-share\" referrerpolicy=\"strict-origin-when-cross-origin\" allowfullscreen><\/iframe><\/div>\n<\/div><\/figure>\n\n\n\n<h2 class=\"wp-block-heading\">Quais s\u00e3o os estilos de cabelo longo que mais rejuvenescem<\/h2>\n\n\n\n<p>Entre os estilos que preservam o comprimento e deixam o visual mais <strong>atual<\/strong>, alguns cortes aparecem com frequ\u00eancia nos sal\u00f5es e nas redes sociais. Eles funcionam bem em diferentes idades e ajudam a equilibrar o rosto sem exigir mudan\u00e7as muito <strong>radicais<\/strong>.<\/p>\n\n\n\n<ol class=\"wp-block-list\">\n<li><strong>Corte em camadas longas: <\/strong>Ideal para quem ama cabelo comprido, o corte em camadas longas cria movimento sem encurtar demais.<\/li>\n\n\n\n<li><strong>Corte em \u201cU\u201d ou levemente arredondado: <\/strong>O contorno em \u201cU\u201d, com laterais um pouco mais curtas que o centro das costas, traz um caimento delicado e fluido.\u00a0<\/li>\n\n\n\n<li><strong>Long bob alongado: <\/strong>O long bob extendido, que vai um pouco al\u00e9m dos ombros, \u00e9 uma op\u00e7\u00e3o intermedi\u00e1ria entre m\u00e9dio e longo. Ele mistura base mais reta com leves desfiados nas <strong>pontas.<\/strong><\/li>\n\n\n\n<li><strong>Corte com franja cortininha: <\/strong>A franja cortininha, que abre no meio e se mistura \u00e0s camadas laterais, \u00e9 uma das favoritas para rejuvenescer sem grande ousadia.<\/li>\n<\/ol>\n\n\n\n<figure class=\"wp-block-embed is-type-rich is-provider-pinterest wp-block-embed-pinterest\"><div class=\"wp-block-embed__wrapper\">\n<iframe loading=\"lazy\" title=\"31 Wolf Cut VS Shag Haircut Ideas\" src=\"https:\/\/assets.pinterest.com\/ext\/embed.html?id=5770305769758086&#038;src=oembed\" height=\"774\" width=\"450\" frameborder=\"0\" scrolling=\"no\" ><\/iframe>\n<\/div><\/figure>\n\n\n\n<h2 class=\"wp-block-heading\">Como cuidar do cabelo longo para manter um visual jovem<\/h2>\n\n\n\n<p>N\u00e3o \u00e9 s\u00f3 o corte que faz diferen\u00e7a: a forma de cuidar do cabelo no dia a dia tamb\u00e9m influencia muito no ar mais jovem. Fios bem hidratados, com menos frizz e brilho equilibrado passam uma imagem de cabelo saud\u00e1vel e <strong>vivo<\/strong>, o que automaticamente rejuvenesce o visual e valoriza qualquer estilo de <strong>corte<\/strong>.<\/p>\n\n\n\n<p>Alguns h\u00e1bitos simples ajudam bastante: aparar as pontas a cada 8 a 12 semanas, usar protetor t\u00e9rmico antes de secador ou modelador, apostar em leave-in e \u00f3leos leves e, se o cabelo for muito volumoso, conversar com o profissional sobre t\u00e9cnicas de desbaste moderado. Com esses cuidados e um corte planejado para o seu rosto, o cabelo longo ganha um efeito mais <strong>moderno<\/strong>, pr\u00e1tico e em sintonia com as tend\u00eancias de <strong>beleza<\/strong> atuais.<\/p>\n","protected":false},"excerpt":{"rendered":"<p>Voc\u00ea j\u00e1 pensou em mudar o visual, mas logo desistiu com medo de perder o comprimento do cabelo? Muitas pessoas passam por isso: querem um ar mais jovem, leve e atual, mas sem abrir m\u00e3o dos fios longos que tanto gostam. A boa not\u00edcia \u00e9 que, com alguns ajustes simples no corte e na forma [&hellip;]<\/p>\n","protected":false},"author":9,"featured_media":173561,"comment_status":"open","ping_status":"open","sticky":false,"template":"","format":"standard","meta":{"jnews-multi-image_gallery":[],"jnews_single_post":{"format":"standard"},"jnews_primary_category":[],"jnews_social_meta":[],"jnews_override_counter":[],"footnotes":""},"categories":[8819,1],"tags":[2616,4905,26104],"class_list":["post-180765","post","type-post","status-publish","format-standard","has-post-thumbnail","hentry","category-curiosidades","category-noticias","tag-beleza","tag-cabelo","tag-cortes-longos"],"yoast_head":"<!-- This site is optimized with the Yoast SEO plugin v23.8 - https:\/\/yoast.com\/wordpress\/plugins\/seo\/ -->\n<title>As 4 varia\u00e7\u00f5es de corte longo que operam um verdadeiro milagre na express\u00e3o ap\u00f3s os 40 anos - Estado de Minas - Em foco<\/title>\n<meta name=\"description\" content=\"Descubra como o corte em camadas e a franja cortininha rejuvenescem o visual sem perder o comprimento dos fios\" \/>\n<meta name=\"robots\" content=\"index, follow, max-snippet:-1, max-image-preview:large, max-video-preview:-1\" \/>\n<link rel=\"canonical\" href=\"https:\/\/www.em.com.br\/emfoco\/2026\/03\/13\/as-4-variacoes-de-corte-longo-que-operam-um-verdadeiro-milagre-na-expressao-apos-os-40-anos\/\" \/>\n<meta property=\"og:locale\" content=\"pt_BR\" \/>\n<meta property=\"og:type\" content=\"article\" \/>\n<meta property=\"og:title\" content=\"As 4 varia\u00e7\u00f5es de corte longo que operam um verdadeiro milagre na express\u00e3o ap\u00f3s os 40 anos - Estado de Minas - Em foco\" \/>\n<meta property=\"og:description\" content=\"Descubra como o corte em camadas e a franja cortininha rejuvenescem o visual sem perder o comprimento dos fios\" \/>\n<meta property=\"og:url\" content=\"https:\/\/www.em.com.br\/emfoco\/2026\/03\/13\/as-4-variacoes-de-corte-longo-que-operam-um-verdadeiro-milagre-na-expressao-apos-os-40-anos\/\" \/>\n<meta property=\"og:site_name\" content=\"Estado de Minas - Em foco\" \/>\n<meta property=\"article:published_time\" content=\"2026-03-13T15:55:00+00:00\" \/>\n<meta property=\"article:modified_time\" content=\"2026-03-12T20:33:47+00:00\" \/>\n<meta property=\"og:image\" content=\"https:\/\/www.em.com.br\/emfoco\/wp-content\/uploads\/2026\/02\/Gemini_Generated_Image_ei9vn9ei9vn9ei9v-1.png\" \/>\n\t<meta property=\"og:image:width\" content=\"1280\" \/>\n\t<meta property=\"og:image:height\" content=\"720\" \/>\n\t<meta property=\"og:image:type\" content=\"image\/png\" \/>\n<meta name=\"author\" content=\"Daniely Cardoso\" \/>\n<meta name=\"twitter:card\" content=\"summary_large_image\" \/>\n<meta name=\"twitter:label1\" content=\"Escrito por\" \/>\n\t<meta name=\"twitter:data1\" content=\"Daniely Cardoso\" \/>\n\t<meta name=\"twitter:label2\" content=\"Est. tempo de leitura\" \/>\n\t<meta name=\"twitter:data2\" content=\"5 minutos\" \/>\n<!-- \/ Yoast SEO plugin. -->","yoast_head_json":{"title":"As 4 varia\u00e7\u00f5es de corte longo que operam um verdadeiro milagre na express\u00e3o ap\u00f3s os 40 anos - Estado de Minas - Em foco","description":"Descubra como o corte em camadas e a franja cortininha rejuvenescem o visual sem perder o comprimento dos fios","robots":{"index":"index","follow":"follow","max-snippet":"max-snippet:-1","max-image-preview":"max-image-preview:large","max-video-preview":"max-video-preview:-1"},"canonical":"https:\/\/www.em.com.br\/emfoco\/2026\/03\/13\/as-4-variacoes-de-corte-longo-que-operam-um-verdadeiro-milagre-na-expressao-apos-os-40-anos\/","og_locale":"pt_BR","og_type":"article","og_title":"As 4 varia\u00e7\u00f5es de corte longo que operam um verdadeiro milagre na express\u00e3o ap\u00f3s os 40 anos - Estado de Minas - Em foco","og_description":"Descubra como o corte em camadas e a franja cortininha rejuvenescem o visual sem perder o comprimento dos fios","og_url":"https:\/\/www.em.com.br\/emfoco\/2026\/03\/13\/as-4-variacoes-de-corte-longo-que-operam-um-verdadeiro-milagre-na-expressao-apos-os-40-anos\/","og_site_name":"Estado de Minas - Em foco","article_published_time":"2026-03-13T15:55:00+00:00","article_modified_time":"2026-03-12T20:33:47+00:00","og_image":[{"width":1280,"height":720,"url":"https:\/\/www.em.com.br\/emfoco\/wp-content\/uploads\/2026\/02\/Gemini_Generated_Image_ei9vn9ei9vn9ei9v-1.png","type":"image\/png"}],"author":"Daniely Cardoso","twitter_card":"summary_large_image","twitter_misc":{"Escrito por":"Daniely Cardoso","Est. tempo de leitura":"5 minutos"},"schema":{"@context":"https:\/\/schema.org","@graph":[{"@type":"WebPage","@id":"https:\/\/www.em.com.br\/emfoco\/2026\/03\/13\/as-4-variacoes-de-corte-longo-que-operam-um-verdadeiro-milagre-na-expressao-apos-os-40-anos\/","url":"https:\/\/www.em.com.br\/emfoco\/2026\/03\/13\/as-4-variacoes-de-corte-longo-que-operam-um-verdadeiro-milagre-na-expressao-apos-os-40-anos\/","name":"As 4 varia\u00e7\u00f5es de corte longo que operam um verdadeiro milagre na express\u00e3o ap\u00f3s os 40 anos - Estado de Minas - Em foco","isPartOf":{"@id":"https:\/\/www.em.com.br\/emfoco\/#website"},"primaryImageOfPage":{"@id":"https:\/\/www.em.com.br\/emfoco\/2026\/03\/13\/as-4-variacoes-de-corte-longo-que-operam-um-verdadeiro-milagre-na-expressao-apos-os-40-anos\/#primaryimage"},"image":{"@id":"https:\/\/www.em.com.br\/emfoco\/2026\/03\/13\/as-4-variacoes-de-corte-longo-que-operam-um-verdadeiro-milagre-na-expressao-apos-os-40-anos\/#primaryimage"},"thumbnailUrl":"https:\/\/www.em.com.br\/emfoco\/wp-content\/uploads\/2026\/02\/Gemini_Generated_Image_ei9vn9ei9vn9ei9v-1.png","datePublished":"2026-03-13T15:55:00+00:00","dateModified":"2026-03-12T20:33:47+00:00","author":{"@id":"https:\/\/www.em.com.br\/emfoco\/#\/schema\/person\/0a8186d72f2c3a5c6276d90b41f271a0"},"description":"Descubra como o corte em camadas e a franja cortininha rejuvenescem o visual sem perder o comprimento dos fios","breadcrumb":{"@id":"https:\/\/www.em.com.br\/emfoco\/2026\/03\/13\/as-4-variacoes-de-corte-longo-que-operam-um-verdadeiro-milagre-na-expressao-apos-os-40-anos\/#breadcrumb"},"inLanguage":"pt-BR","potentialAction":[{"@type":"ReadAction","target":["https:\/\/www.em.com.br\/emfoco\/2026\/03\/13\/as-4-variacoes-de-corte-longo-que-operam-um-verdadeiro-milagre-na-expressao-apos-os-40-anos\/"]}]},{"@type":"ImageObject","inLanguage":"pt-BR","@id":"https:\/\/www.em.com.br\/emfoco\/2026\/03\/13\/as-4-variacoes-de-corte-longo-que-operam-um-verdadeiro-milagre-na-expressao-apos-os-40-anos\/#primaryimage","url":"https:\/\/www.em.com.br\/emfoco\/wp-content\/uploads\/2026\/02\/Gemini_Generated_Image_ei9vn9ei9vn9ei9v-1.png","contentUrl":"https:\/\/www.em.com.br\/emfoco\/wp-content\/uploads\/2026\/02\/Gemini_Generated_Image_ei9vn9ei9vn9ei9v-1.png","width":1280,"height":720,"caption":"Um estilo de cabelo que preserva o comprimento e rejuvenesce \u00e9 aquele em que os fios continuam m\u00e9dios ou longos"},{"@type":"BreadcrumbList","@id":"https:\/\/www.em.com.br\/emfoco\/2026\/03\/13\/as-4-variacoes-de-corte-longo-que-operam-um-verdadeiro-milagre-na-expressao-apos-os-40-anos\/#breadcrumb","itemListElement":[{"@type":"ListItem","position":1,"name":"In\u00edcio","item":"https:\/\/www.em.com.br\/emfoco\/"},{"@type":"ListItem","position":2,"name":"As 4 varia\u00e7\u00f5es de corte longo que operam um verdadeiro milagre na express\u00e3o ap\u00f3s os 40 anos"}]},{"@type":"WebSite","@id":"https:\/\/www.em.com.br\/emfoco\/#website","url":"https:\/\/www.em.com.br\/emfoco\/","name":"Estado de Minas - Em foco","description":"Acompanhe as \u00faltimas not\u00edcias e fique bem informado sobre tudo o que acontece em Minas Gerais, Brasil e no mundo.","potentialAction":[{"@type":"SearchAction","target":{"@type":"EntryPoint","urlTemplate":"https:\/\/www.em.com.br\/emfoco\/?s={search_term_string}"},"query-input":{"@type":"PropertyValueSpecification","valueRequired":true,"valueName":"search_term_string"}}],"inLanguage":"pt-BR"},{"@type":"Person","@id":"https:\/\/www.em.com.br\/emfoco\/#\/schema\/person\/0a8186d72f2c3a5c6276d90b41f271a0","name":"Daniely Cardoso","image":{"@type":"ImageObject","inLanguage":"pt-BR","@id":"https:\/\/www.em.com.br\/emfoco\/#\/schema\/person\/image\/","url":"https:\/\/secure.gravatar.com\/avatar\/4b80ddbd124d1f071b626d52d62e5dff?s=96&d=mm&r=g","contentUrl":"https:\/\/secure.gravatar.com\/avatar\/4b80ddbd124d1f071b626d52d62e5dff?s=96&d=mm&r=g","caption":"Daniely Cardoso"},"url":"https:\/\/www.em.com.br\/emfoco\/author\/danielymyth\/"}]}},"_links":{"self":[{"href":"https:\/\/www.em.com.br\/emfoco\/wp-json\/wp\/v2\/posts\/180765","targetHints":{"allow":["GET"]}}],"collection":[{"href":"https:\/\/www.em.com.br\/emfoco\/wp-json\/wp\/v2\/posts"}],"about":[{"href":"https:\/\/www.em.com.br\/emfoco\/wp-json\/wp\/v2\/types\/post"}],"author":[{"embeddable":true,"href":"https:\/\/www.em.com.br\/emfoco\/wp-json\/wp\/v2\/users\/9"}],"replies":[{"embeddable":true,"href":"https:\/\/www.em.com.br\/emfoco\/wp-json\/wp\/v2\/comments?post=180765"}],"version-history":[{"count":2,"href":"https:\/\/www.em.com.br\/emfoco\/wp-json\/wp\/v2\/posts\/180765\/revisions"}],"predecessor-version":[{"id":180872,"href":"https:\/\/www.em.com.br\/emfoco\/wp-json\/wp\/v2\/posts\/180765\/revisions\/180872"}],"wp:featuredmedia":[{"embeddable":true,"href":"https:\/\/www.em.com.br\/emfoco\/wp-json\/wp\/v2\/media\/173561"}],"wp:attachment":[{"href":"https:\/\/www.em.com.br\/emfoco\/wp-json\/wp\/v2\/media?parent=180765"}],"wp:term":[{"taxonomy":"category","embeddable":true,"href":"https:\/\/www.em.com.br\/emfoco\/wp-json\/wp\/v2\/categories?post=180765"},{"taxonomy":"post_tag","embeddable":true,"href":"https:\/\/www.em.com.br\/emfoco\/wp-json\/wp\/v2\/tags?post=180765"}],"curies":[{"name":"wp","href":"https:\/\/api.w.org\/{rel}","templated":true}]}}