{"id":180762,"date":"2026-03-13T08:15:00","date_gmt":"2026-03-13T11:15:00","guid":{"rendered":"https:\/\/www.em.com.br\/emfoco\/?p=180762"},"modified":"2026-03-12T18:09:26","modified_gmt":"2026-03-12T21:09:26","slug":"o-corte-ideal-para-dar-movimento-ao-cabelo-sem-abrir-mao-do-comprimento","status":"publish","type":"post","link":"https:\/\/www.em.com.br\/emfoco\/2026\/03\/13\/o-corte-ideal-para-dar-movimento-ao-cabelo-sem-abrir-mao-do-comprimento\/","title":{"rendered":"O corte ideal para dar movimento ao cabelo sem abrir m\u00e3o do comprimento"},"content":{"rendered":"\n<p>Quem nunca olhou no espelho, sentiu o cabelo pesado e sem gra\u00e7a, mas teve medo de cortar demais e se arrepender depois? Para muita gente, o desejo \u00e9 simples: manter os fios longos, mas com mais <strong>movimento<\/strong> e mais <b>leveza<\/b>, sem precisar passar por uma transforma\u00e7\u00e3o radical que mude totalmente o visual.<\/p>\n\n\n\n<h2 class=\"wp-block-heading\">Qual \u00e9 o corte ideal para quem quer movimento sem encurtar os fios<\/h2>\n\n\n\n<p>Quando falamos em <strong>corte ideal<\/strong> para quem quer movimento sem encurtar os fios, estamos falando de t\u00e9cnicas que mexem mais na <b>estrutura<\/b> do cabelo do que no comprimento. Em vez de tirar muito na parte de baixo, o profissional trabalha o desenho do cabelo nas laterais, no topo e no contorno do <strong>rosto<\/strong>.<\/p>\n\n\n\n<p>Assim, o cabelo continua longo, mas com mais balan\u00e7o, fluidez e caimento bonito no dia a dia. Esse tipo de corte \u00e9 perfeito para quem quer sentir os fios mais <b>leves<\/b>, ver mais defini\u00e7\u00e3o nas pontas e, ao mesmo tempo, manter aquele comprimento que demorou para <strong>crescer<\/strong>.<\/p>\n\n\n\n<figure class=\"wp-block-embed is-type-rich is-provider-pinterest wp-block-embed-pinterest\"><div class=\"wp-block-embed__wrapper\">\n<iframe loading=\"lazy\" title=\" \" src=\"https:\/\/assets.pinterest.com\/ext\/embed.html?id=3237030977329547&#038;src=oembed\" height=\"899\" width=\"450\" frameborder=\"0\" scrolling=\"no\" ><\/iframe>\n<\/div><\/figure>\n\n\n\n<p>Leia tamb\u00e9m:&nbsp;<a href=\"https:\/\/www.em.com.br\/emfoco\/2026\/03\/12\/nem-curto-nem-comprido-o-corte-de-cabelo-que-promete-dominar-os-saloes-em-2026\/\" target=\"_blank\" rel=\"noopener\">Nem curto nem comprido: o corte de cabelo que promete dominar os sal\u00f5es em 2026<\/a><\/p>\n\n\n\n<h2 class=\"wp-block-heading\">Quais s\u00e3o os cortes mais usados para dar movimento<\/h2>\n\n\n\n<p>Alguns cortes se tornaram queridinhos justamente por entregar esse efeito de cabelo com movimento sem perder o comprimento. A escolha ideal depende do seu tipo de fio, da quantidade de <strong>volume<\/strong> e tamb\u00e9m de como voc\u00ea gosta de finalizar o cabelo no <b>cotidiano<\/b>.<\/p>\n\n\n\n<figure class=\"wp-block-embed is-type-rich is-provider-pinterest wp-block-embed-pinterest\"><div class=\"wp-block-embed__wrapper\">\n<iframe loading=\"lazy\" title=\"cabelo nos ombros | cortes de cabelo m\u00e9dio 2025 | cabelos 2025 tendencias | corte medio feminino\" src=\"https:\/\/assets.pinterest.com\/ext\/embed.html?id=43558321392119571&#038;src=oembed\" height=\"899\" width=\"450\" frameborder=\"0\" scrolling=\"no\" ><\/iframe>\n<\/div><\/figure>\n\n\n\n<p>Veja algumas op\u00e7\u00f5es muito usadas em sal\u00e3o quando a ideia \u00e9 trazer leveza e balan\u00e7o, mantendo os fios <strong>longos<\/strong> e com apar\u00eancia saud\u00e1vel:<\/p>\n\n\n\n<ul class=\"wp-block-list\">\n<li><strong>Camadas longas:<\/strong> indicadas para todos os tipos de fio, criam movimento suave do meio para as <b>pontas<\/b>.<\/li>\n\n\n\n<li><strong>Repicado nas pontas:<\/strong> mant\u00e9m a base mais reta, mas com pontas irregulares que deixam o visual <strong>leve<\/strong>.<\/li>\n\n\n\n<li><strong>Corte em U ou V:<\/strong> preserva o comprimento atr\u00e1s, com laterais mais curtas, criando um caimento mais <b>fluido<\/b>.<\/li>\n\n\n\n<li><strong>Face framing:<\/strong> mechas da frente um pouco mais curtas que emolduram o <strong>rosto<\/strong> sem mexer tanto no restante.<\/li>\n<\/ul>\n\n\n\n<p>Para voc\u00ea que aidna tem d\u00favida na hora de escolher, separamos um v\u00eddeo do canal do <a href=\"https:\/\/www.youtube.com\/@RodrigoCintraoficial\" target=\"_blank\" rel=\"noreferrer noopener\">RODRIGO CINTRA<\/a> com dicas para escolher seu corte ideal:<\/p>\n\n\n\n<figure class=\"wp-block-embed is-type-video is-provider-youtube wp-block-embed-youtube wp-embed-aspect-16-9 wp-has-aspect-ratio\"><div class=\"wp-block-embed__wrapper\">\n<div class=\"jeg_video_container jeg_video_content\"><iframe loading=\"lazy\" title=\"VISAGISMO - Qual melhor corte de cabelo para seu formato de rosto.\" width=\"500\" height=\"281\" src=\"https:\/\/www.youtube.com\/embed\/-Fxtn3uEOtU?start=1&#038;feature=oembed\" frameborder=\"0\" allow=\"accelerometer; autoplay; clipboard-write; encrypted-media; gyroscope; picture-in-picture; web-share\" referrerpolicy=\"strict-origin-when-cross-origin\" allowfullscreen><\/iframe><\/div>\n<\/div><\/figure>\n\n\n\n<h2 class=\"wp-block-heading\">Como escolher o corte ideal para ter movimento sem encurtar demais<\/h2>\n\n\n\n<p>Para descobrir qual \u00e9 o melhor <strong>corte<\/strong> para voc\u00ea, o mais importante \u00e9 olhar com carinho para as caracter\u00edsticas do seu cabelo e do seu <b>rosto<\/b>. Profissionais costumam observar textura, volume natural, encolhimento, al\u00e9m do estilo de vida e do tempo que voc\u00ea tem para cuidar dos <strong>fios<\/strong>.<\/p>\n\n\n\n<ol class=\"wp-block-list\">\n<li><strong>Tipo e textura do cabelo<\/strong>\n<ul class=\"wp-block-list\">\n<li><em>Lisos:<\/em> pedem camadas discretas e repicados leves para evitar o efeito \u201cchapado\u201d e trazer mais <b>balan\u00e7o<\/b>.<\/li>\n\n\n\n<li><em>Ondulados:<\/em> combinam bem com camadas longas, que valorizam o desenho natural das <strong>ondas<\/strong>.<\/li>\n\n\n\n<li><em>Cacheados e crespos:<\/em> precisam de estudo do caimento para tirar peso sem causar encolhimento <b>excessivo<\/b>.<\/li>\n<\/ul>\n<\/li>\n\n\n\n<li><strong>Formato do rosto<\/strong>\n<ul class=\"wp-block-list\">\n<li>Camadas ao redor do rosto ajudam a equilibrar testas largas ou queixos mais <b>marcantes<\/b>.<\/li>\n\n\n\n<li>Cortes em U ou V podem alongar visualmente a silhueta e deixar o visual mais <strong>harm\u00f4nico<\/strong>.<\/li>\n<\/ul>\n<\/li>\n\n\n\n<li><strong>Rotina de finaliza\u00e7\u00e3o<\/strong>\n<ul class=\"wp-block-list\">\n<li>Quem tem pouco tempo prefere camadas sutis, f\u00e1ceis de arrumar no dia a <b>dia<\/b>.<\/li>\n\n\n\n<li>Quem gosta de escova, babyliss ou difusor pode apostar em cortes com mais <strong>grada\u00e7\u00f5es<\/strong>.<\/li>\n<\/ul>\n<\/li>\n<\/ol>\n\n\n\n<figure class=\"wp-block-embed is-type-rich is-provider-pinterest wp-block-embed-pinterest\"><div class=\"wp-block-embed__wrapper\">\n<iframe loading=\"lazy\" title=\"De um cabelo &quot;RALINHO e FINO&quot; para um corte estilo com muito VOLUME MOVIMENTO... \ud83d\ude31\u2702\ufe0f #cortefeminino\" src=\"https:\/\/assets.pinterest.com\/ext\/embed.html?id=148337381472985408&#038;src=oembed\" height=\"899\" width=\"450\" frameborder=\"0\" scrolling=\"no\" ><\/iframe>\n<\/div><\/figure>\n\n\n\n<h2 class=\"wp-block-heading\">Quais cuidados di\u00e1rios ajudam a manter o movimento dos fios longos<\/h2>\n\n\n\n<p>Depois de conseguir o corte dos sonhos, a manuten\u00e7\u00e3o \u00e9 o que garante o <strong>resultado<\/strong> bonito por mais tempo. Fios longos em camadas pedem aten\u00e7\u00e3o especial \u00e0 hidrata\u00e7\u00e3o das <b>pontas<\/b> e ao controle do frizz, para que o desenho do corte apare\u00e7a e o cabelo n\u00e3o fique com aspecto pesado ou sem <strong>forma<\/strong>.<\/p>\n\n\n\n<p>Produtos como cremes de pentear leves, leave-ins e s\u00e9runs de brilho ajudam a destacar o balan\u00e7o natural. Al\u00e9m disso, cuidar do jeito de prender, secar e proteger os fios do calor faz toda a diferen\u00e7a para manter o cabelo <b>saud\u00e1vel<\/b> e cheio de <strong>movimento<\/strong> sem precisar encurtar os fios.<\/p>\n","protected":false},"excerpt":{"rendered":"<p>Quem nunca olhou no espelho, sentiu o cabelo pesado e sem gra\u00e7a, mas teve medo de cortar demais e se arrepender depois? Para muita gente, o desejo \u00e9 simples: manter os fios longos, mas com mais movimento e mais leveza, sem precisar passar por uma transforma\u00e7\u00e3o radical que mude totalmente o visual. Qual \u00e9 o [&hellip;]<\/p>\n","protected":false},"author":9,"featured_media":158212,"comment_status":"open","ping_status":"open","sticky":false,"template":"","format":"standard","meta":{"jnews-multi-image_gallery":[],"jnews_single_post":{"format":"standard"},"jnews_primary_category":[],"jnews_social_meta":[],"jnews_override_counter":[],"footnotes":""},"categories":[8691,1],"tags":[2616,4905,7122],"class_list":["post-180762","post","type-post","status-publish","format-standard","has-post-thumbnail","hentry","category-bem-estar","category-noticias","tag-beleza","tag-cabelo","tag-cortes"],"yoast_head":"<!-- This site is optimized with the Yoast SEO plugin v23.8 - https:\/\/yoast.com\/wordpress\/plugins\/seo\/ -->\n<title>O corte ideal para dar movimento ao cabelo sem abrir m\u00e3o do comprimento - Estado de Minas - Em foco<\/title>\n<meta name=\"description\" content=\"Ganhe movimento e leveza nos fios sem perder o comprimento. Conhe\u00e7a os cortes ideais para renovar seu visual\" \/>\n<meta name=\"robots\" content=\"index, follow, max-snippet:-1, max-image-preview:large, max-video-preview:-1\" \/>\n<link rel=\"canonical\" href=\"https:\/\/www.em.com.br\/emfoco\/2026\/03\/13\/o-corte-ideal-para-dar-movimento-ao-cabelo-sem-abrir-mao-do-comprimento\/\" \/>\n<meta property=\"og:locale\" content=\"pt_BR\" \/>\n<meta property=\"og:type\" content=\"article\" \/>\n<meta property=\"og:title\" content=\"O corte ideal para dar movimento ao cabelo sem abrir m\u00e3o do comprimento - Estado de Minas - Em foco\" \/>\n<meta property=\"og:description\" content=\"Ganhe movimento e leveza nos fios sem perder o comprimento. Conhe\u00e7a os cortes ideais para renovar seu visual\" \/>\n<meta property=\"og:url\" content=\"https:\/\/www.em.com.br\/emfoco\/2026\/03\/13\/o-corte-ideal-para-dar-movimento-ao-cabelo-sem-abrir-mao-do-comprimento\/\" \/>\n<meta property=\"og:site_name\" content=\"Estado de Minas - Em foco\" \/>\n<meta property=\"article:published_time\" content=\"2026-03-13T11:15:00+00:00\" \/>\n<meta property=\"article:modified_time\" content=\"2026-03-12T21:09:26+00:00\" \/>\n<meta property=\"og:image\" content=\"https:\/\/www.em.com.br\/emfoco\/wp-content\/uploads\/2026\/01\/Gemini_Generated_Image_krat3okrat3okrat-1.png\" \/>\n\t<meta property=\"og:image:width\" content=\"1280\" \/>\n\t<meta property=\"og:image:height\" content=\"720\" \/>\n\t<meta property=\"og:image:type\" content=\"image\/png\" \/>\n<meta name=\"author\" content=\"Daniely Cardoso\" \/>\n<meta name=\"twitter:card\" content=\"summary_large_image\" \/>\n<meta name=\"twitter:label1\" content=\"Escrito por\" \/>\n\t<meta name=\"twitter:data1\" content=\"Daniely Cardoso\" \/>\n\t<meta name=\"twitter:label2\" content=\"Est. tempo de leitura\" \/>\n\t<meta name=\"twitter:data2\" content=\"4 minutos\" \/>\n<!-- \/ Yoast SEO plugin. -->","yoast_head_json":{"title":"O corte ideal para dar movimento ao cabelo sem abrir m\u00e3o do comprimento - Estado de Minas - Em foco","description":"Ganhe movimento e leveza nos fios sem perder o comprimento. Conhe\u00e7a os cortes ideais para renovar seu visual","robots":{"index":"index","follow":"follow","max-snippet":"max-snippet:-1","max-image-preview":"max-image-preview:large","max-video-preview":"max-video-preview:-1"},"canonical":"https:\/\/www.em.com.br\/emfoco\/2026\/03\/13\/o-corte-ideal-para-dar-movimento-ao-cabelo-sem-abrir-mao-do-comprimento\/","og_locale":"pt_BR","og_type":"article","og_title":"O corte ideal para dar movimento ao cabelo sem abrir m\u00e3o do comprimento - Estado de Minas - Em foco","og_description":"Ganhe movimento e leveza nos fios sem perder o comprimento. Conhe\u00e7a os cortes ideais para renovar seu visual","og_url":"https:\/\/www.em.com.br\/emfoco\/2026\/03\/13\/o-corte-ideal-para-dar-movimento-ao-cabelo-sem-abrir-mao-do-comprimento\/","og_site_name":"Estado de Minas - Em foco","article_published_time":"2026-03-13T11:15:00+00:00","article_modified_time":"2026-03-12T21:09:26+00:00","og_image":[{"width":1280,"height":720,"url":"https:\/\/www.em.com.br\/emfoco\/wp-content\/uploads\/2026\/01\/Gemini_Generated_Image_krat3okrat3okrat-1.png","type":"image\/png"}],"author":"Daniely Cardoso","twitter_card":"summary_large_image","twitter_misc":{"Escrito por":"Daniely Cardoso","Est. tempo de leitura":"4 minutos"},"schema":{"@context":"https:\/\/schema.org","@graph":[{"@type":"WebPage","@id":"https:\/\/www.em.com.br\/emfoco\/2026\/03\/13\/o-corte-ideal-para-dar-movimento-ao-cabelo-sem-abrir-mao-do-comprimento\/","url":"https:\/\/www.em.com.br\/emfoco\/2026\/03\/13\/o-corte-ideal-para-dar-movimento-ao-cabelo-sem-abrir-mao-do-comprimento\/","name":"O corte ideal para dar movimento ao cabelo sem abrir m\u00e3o do comprimento - Estado de Minas - Em foco","isPartOf":{"@id":"https:\/\/www.em.com.br\/emfoco\/#website"},"primaryImageOfPage":{"@id":"https:\/\/www.em.com.br\/emfoco\/2026\/03\/13\/o-corte-ideal-para-dar-movimento-ao-cabelo-sem-abrir-mao-do-comprimento\/#primaryimage"},"image":{"@id":"https:\/\/www.em.com.br\/emfoco\/2026\/03\/13\/o-corte-ideal-para-dar-movimento-ao-cabelo-sem-abrir-mao-do-comprimento\/#primaryimage"},"thumbnailUrl":"https:\/\/www.em.com.br\/emfoco\/wp-content\/uploads\/2026\/01\/Gemini_Generated_Image_krat3okrat3okrat-1.png","datePublished":"2026-03-13T11:15:00+00:00","dateModified":"2026-03-12T21:09:26+00:00","author":{"@id":"https:\/\/www.em.com.br\/emfoco\/#\/schema\/person\/0a8186d72f2c3a5c6276d90b41f271a0"},"description":"Ganhe movimento e leveza nos fios sem perder o comprimento. Conhe\u00e7a os cortes ideais para renovar seu visual","breadcrumb":{"@id":"https:\/\/www.em.com.br\/emfoco\/2026\/03\/13\/o-corte-ideal-para-dar-movimento-ao-cabelo-sem-abrir-mao-do-comprimento\/#breadcrumb"},"inLanguage":"pt-BR","potentialAction":[{"@type":"ReadAction","target":["https:\/\/www.em.com.br\/emfoco\/2026\/03\/13\/o-corte-ideal-para-dar-movimento-ao-cabelo-sem-abrir-mao-do-comprimento\/"]}]},{"@type":"ImageObject","inLanguage":"pt-BR","@id":"https:\/\/www.em.com.br\/emfoco\/2026\/03\/13\/o-corte-ideal-para-dar-movimento-ao-cabelo-sem-abrir-mao-do-comprimento\/#primaryimage","url":"https:\/\/www.em.com.br\/emfoco\/wp-content\/uploads\/2026\/01\/Gemini_Generated_Image_krat3okrat3okrat-1.png","contentUrl":"https:\/\/www.em.com.br\/emfoco\/wp-content\/uploads\/2026\/01\/Gemini_Generated_Image_krat3okrat3okrat-1.png","width":1280,"height":720,"caption":"Assim, o cabelo continua longo, mas com mais balan\u00e7o, fluidez e caimento bonito no dia a dia"},{"@type":"BreadcrumbList","@id":"https:\/\/www.em.com.br\/emfoco\/2026\/03\/13\/o-corte-ideal-para-dar-movimento-ao-cabelo-sem-abrir-mao-do-comprimento\/#breadcrumb","itemListElement":[{"@type":"ListItem","position":1,"name":"In\u00edcio","item":"https:\/\/www.em.com.br\/emfoco\/"},{"@type":"ListItem","position":2,"name":"O corte ideal para dar movimento ao cabelo sem abrir m\u00e3o do comprimento"}]},{"@type":"WebSite","@id":"https:\/\/www.em.com.br\/emfoco\/#website","url":"https:\/\/www.em.com.br\/emfoco\/","name":"Estado de Minas - Em foco","description":"Acompanhe as \u00faltimas not\u00edcias e fique bem informado sobre tudo o que acontece em Minas Gerais, Brasil e no mundo.","potentialAction":[{"@type":"SearchAction","target":{"@type":"EntryPoint","urlTemplate":"https:\/\/www.em.com.br\/emfoco\/?s={search_term_string}"},"query-input":{"@type":"PropertyValueSpecification","valueRequired":true,"valueName":"search_term_string"}}],"inLanguage":"pt-BR"},{"@type":"Person","@id":"https:\/\/www.em.com.br\/emfoco\/#\/schema\/person\/0a8186d72f2c3a5c6276d90b41f271a0","name":"Daniely Cardoso","image":{"@type":"ImageObject","inLanguage":"pt-BR","@id":"https:\/\/www.em.com.br\/emfoco\/#\/schema\/person\/image\/","url":"https:\/\/secure.gravatar.com\/avatar\/4b80ddbd124d1f071b626d52d62e5dff?s=96&d=mm&r=g","contentUrl":"https:\/\/secure.gravatar.com\/avatar\/4b80ddbd124d1f071b626d52d62e5dff?s=96&d=mm&r=g","caption":"Daniely Cardoso"},"url":"https:\/\/www.em.com.br\/emfoco\/author\/danielymyth\/"}]}},"_links":{"self":[{"href":"https:\/\/www.em.com.br\/emfoco\/wp-json\/wp\/v2\/posts\/180762","targetHints":{"allow":["GET"]}}],"collection":[{"href":"https:\/\/www.em.com.br\/emfoco\/wp-json\/wp\/v2\/posts"}],"about":[{"href":"https:\/\/www.em.com.br\/emfoco\/wp-json\/wp\/v2\/types\/post"}],"author":[{"embeddable":true,"href":"https:\/\/www.em.com.br\/emfoco\/wp-json\/wp\/v2\/users\/9"}],"replies":[{"embeddable":true,"href":"https:\/\/www.em.com.br\/emfoco\/wp-json\/wp\/v2\/comments?post=180762"}],"version-history":[{"count":3,"href":"https:\/\/www.em.com.br\/emfoco\/wp-json\/wp\/v2\/posts\/180762\/revisions"}],"predecessor-version":[{"id":180958,"href":"https:\/\/www.em.com.br\/emfoco\/wp-json\/wp\/v2\/posts\/180762\/revisions\/180958"}],"wp:featuredmedia":[{"embeddable":true,"href":"https:\/\/www.em.com.br\/emfoco\/wp-json\/wp\/v2\/media\/158212"}],"wp:attachment":[{"href":"https:\/\/www.em.com.br\/emfoco\/wp-json\/wp\/v2\/media?parent=180762"}],"wp:term":[{"taxonomy":"category","embeddable":true,"href":"https:\/\/www.em.com.br\/emfoco\/wp-json\/wp\/v2\/categories?post=180762"},{"taxonomy":"post_tag","embeddable":true,"href":"https:\/\/www.em.com.br\/emfoco\/wp-json\/wp\/v2\/tags?post=180762"}],"curies":[{"name":"wp","href":"https:\/\/api.w.org\/{rel}","templated":true}]}}