{"id":180749,"date":"2026-03-16T16:05:00","date_gmt":"2026-03-16T19:05:00","guid":{"rendered":"https:\/\/www.em.com.br\/emfoco\/?p=180749"},"modified":"2026-03-12T15:44:39","modified_gmt":"2026-03-12T18:44:39","slug":"pesquisas-indicam-que-pessoas-organizadas-tem-menor-risco-de-mortalidade-ao-longo-do-tempo","status":"publish","type":"post","link":"https:\/\/www.em.com.br\/emfoco\/2026\/03\/16\/pesquisas-indicam-que-pessoas-organizadas-tem-menor-risco-de-mortalidade-ao-longo-do-tempo\/","title":{"rendered":"Pesquisas indicam que pessoas organizadas t\u00eam menor risco de mortalidade ao longo do tempo"},"content":{"rendered":"\n<p>Manter a vida em ordem costuma ser associado \u00e0 pontualidade, produtividade e disciplina, mas pesquisas recentes indicam que a organiza\u00e7\u00e3o pode ir al\u00e9m da agenda arrumada, influenciando desde escolhas di\u00e1rias de sa\u00fade at\u00e9 a forma como o corpo envelhece, com ind\u00edcios de que tra\u00e7os de responsabilidade e atividade estejam ligados a uma expectativa de vida maior.<\/p>\n\n\n\n<h2 class=\"wp-block-heading\">O que a ci\u00eancia tem observado sobre organiza\u00e7\u00e3o e expectativa de vida<\/h2>\n\n\n\n<p>Em 2026, novas an\u00e1lises de grandes bancos de dados em psicologia da sa\u00fade refor\u00e7aram uma tend\u00eancia j\u00e1 conhecida: pessoas que se descrevem como mais organizadas e ativas tendem, em m\u00e9dia, a apresentar menor risco de mortalidade ao longo dos anos. Ainda assim, os cientistas lembram que essa \u00e9 uma rela\u00e7\u00e3o estat\u00edstica, n\u00e3o uma garantia individual.<\/p>\n\n\n\n<p><strong><a href=\"https:\/\/www.sbcm.org.br\/v2\/index.php\/not%C3%ADcias\/1132-sp-514831539%7D\" target=\"_blank\" rel=\"noreferrer noopener\">Em estudos de longo prazo<\/a><\/strong>, grupos de adultos s\u00e3o acompanhados por anos para avaliar como caracter\u00edsticas de personalidade se relacionam com doen\u00e7as cr\u00f4nicas, uso de servi\u00e7os de sa\u00fade e <strong><a href=\"https:\/\/www.em.com.br\/emfoco\/2026\/03\/05\/o-ministerio-do-bem-estar-social-abre-inscricoes-para-que-idosos-recebam-um-auxilio-maximo-de-6-200\/\" target=\"_blank\" rel=\"noreferrer noopener\">bem-estar<\/a><\/strong> em idade avan\u00e7ada. Mesmo ap\u00f3s controlar fatores como idade, sexo, tabagismo e condi\u00e7\u00f5es m\u00e9dicas, organiza\u00e7\u00e3o e responsabilidade continuam associadas a maior longevidade.<\/p>\n\n\n\n<figure class=\"wp-block-image size-large\"><img loading=\"lazy\" decoding=\"async\" width=\"1024\" height=\"576\" src=\"https:\/\/www.em.com.br\/emfoco\/wp-content\/uploads\/2026\/03\/5-49-1024x576.jpg\" alt=\"Pesquisas indicam que pessoas organizadas t\u00eam menor risco de mortalidade ao longo do tempo\" class=\"wp-image-180800\" srcset=\"https:\/\/www.em.com.br\/emfoco\/wp-content\/uploads\/2026\/03\/5-49-1024x576.jpg 1024w, https:\/\/www.em.com.br\/emfoco\/wp-content\/uploads\/2026\/03\/5-49-300x169.jpg 300w, https:\/\/www.em.com.br\/emfoco\/wp-content\/uploads\/2026\/03\/5-49-768x432.jpg 768w, https:\/\/www.em.com.br\/emfoco\/wp-content\/uploads\/2026\/03\/5-49-750x422.jpg 750w, https:\/\/www.em.com.br\/emfoco\/wp-content\/uploads\/2026\/03\/5-49-1140x641.jpg 1140w, https:\/\/www.em.com.br\/emfoco\/wp-content\/uploads\/2026\/03\/5-49.jpg 1280w\" sizes=\"auto, (max-width: 1024px) 100vw, 1024px\" \/><figcaption class=\"wp-element-caption\">Estudos cient\u00edficos associam tra\u00e7os de responsabilidade a menor risco de mortalidade<\/figcaption><\/figure>\n\n\n\n<h2 class=\"wp-block-heading\">Como a organiza\u00e7\u00e3o influencia a longevidade na pr\u00e1tica<\/h2>\n\n\n\n<p>A rela\u00e7\u00e3o entre organiza\u00e7\u00e3o e uma vida mais longa n\u00e3o \u00e9 vista como algo m\u00edstico, mas como resultado de pequenos comportamentos cotidianos. Pessoas organizadas costumam planejar melhor o dia a dia, o que facilita o cuidado com a pr\u00f3pria sa\u00fade, desde lembrar consultas at\u00e9 seguir tratamentos de forma consistente.<\/p>\n\n\n\n<p>Entre os comportamentos comumente observados em indiv\u00edduos mais organizados e respons\u00e1veis, destacam-se pr\u00e1ticas que favorecem a sa\u00fade ao longo do tempo:<\/p>\n\n\n\n<ul class=\"wp-block-list\">\n<li>Maior ades\u00e3o a rotinas de\u00a0<strong>atividade f\u00edsica<\/strong>;<\/li>\n\n\n\n<li>Planejamento de\u00a0<strong>alimenta\u00e7\u00e3o<\/strong>\u00a0ao longo da semana;<\/li>\n\n\n\n<li>Cuidado em manter\u00a0<strong>sono<\/strong>\u00a0mais regular;<\/li>\n\n\n\n<li>Controle estruturado de\u00a0<strong>medica\u00e7\u00f5es<\/strong>\u00a0e exames;<\/li>\n\n\n\n<li>Aten\u00e7\u00e3o a sinais do corpo e busca precoce por atendimento.<\/li>\n<\/ul>\n\n\n\n<h2 class=\"wp-block-heading\">Ser organizado \u00e9 suficiente para garantir uma vida longa<\/h2>\n\n\n\n<p>Os estudos deixam claro que ser organizado n\u00e3o garante longevidade, pois a expectativa de vida resulta de um conjunto de fatores biol\u00f3gicos, sociais e comportamentais. Gen\u00e9tica, renda, acesso a servi\u00e7os de sa\u00fade, ambiente e eventos de vida t\u00eam forte peso nas estat\u00edsticas de mortalidade.<\/p>\n\n\n\n<p>A organiza\u00e7\u00e3o funciona como um facilitador: pessoas mais respons\u00e1veis tendem a manter comportamentos favor\u00e1veis \u00e0 sa\u00fade por mais tempo, o que aumenta a probabilidade de viver mais anos com qualidade. No entanto, h\u00e1 grande varia\u00e7\u00e3o individual e nenhuma caracter\u00edstica isolada define o destino de uma pessoa.<\/p>\n\n\n\n<figure class=\"wp-block-image size-large\"><img loading=\"lazy\" decoding=\"async\" width=\"1024\" height=\"576\" src=\"https:\/\/www.em.com.br\/emfoco\/wp-content\/uploads\/2026\/03\/4-52-1024x576.jpg\" alt=\"Pesquisas indicam que pessoas organizadas t\u00eam menor risco de mortalidade ao longo do tempo\" class=\"wp-image-180799\" srcset=\"https:\/\/www.em.com.br\/emfoco\/wp-content\/uploads\/2026\/03\/4-52-1024x576.jpg 1024w, https:\/\/www.em.com.br\/emfoco\/wp-content\/uploads\/2026\/03\/4-52-300x169.jpg 300w, https:\/\/www.em.com.br\/emfoco\/wp-content\/uploads\/2026\/03\/4-52-768x432.jpg 768w, https:\/\/www.em.com.br\/emfoco\/wp-content\/uploads\/2026\/03\/4-52-750x422.jpg 750w, https:\/\/www.em.com.br\/emfoco\/wp-content\/uploads\/2026\/03\/4-52-1140x641.jpg 1140w, https:\/\/www.em.com.br\/emfoco\/wp-content\/uploads\/2026\/03\/4-52.jpg 1280w\" sizes=\"auto, (max-width: 1024px) 100vw, 1024px\" \/><figcaption class=\"wp-element-caption\">Organiza\u00e7\u00e3o funciona como facilitador para comportamentos favor\u00e1veis ao bem estar humano<\/figcaption><\/figure>\n\n\n\n<h2 class=\"wp-block-heading\">Quais h\u00e1bitos se destacam na promo\u00e7\u00e3o da longevidade<\/h2>\n\n\n\n<p>Independentemente de quanto algu\u00e9m se considere organizado, alguns pilares de estilo de vida aparecem repetidamente associados a maior expectativa de vida. S\u00e3o pr\u00e1ticas simples, mas consistentes, que se acumulam ao longo dos anos e reduzem o risco de morte prematura.<\/p>\n\n\n\n<p>Entre os h\u00e1bitos mais citados em pesquisas internacionais, destacam-se:<\/p>\n\n\n\n<ol class=\"wp-block-list\">\n<li><strong>Atividade f\u00edsica regular<\/strong><br>Caminhadas, exerc\u00edcios aer\u00f3bicos e treinos de for\u00e7a reduzem riscos de doen\u00e7as cardiovasculares, diabetes tipo 2 e alguns tipos de c\u00e2ncer.<\/li>\n\n\n\n<li><strong>Alimenta\u00e7\u00e3o equilibrada<\/strong><br>Maior consumo de frutas, legumes, verduras, gr\u00e3os integrais e boas fontes de prote\u00edna est\u00e1 ligado a menor mortalidade por diversas causas.<\/li>\n\n\n\n<li><strong>Qualidade do sono<\/strong><br>Dormir o suficiente e em hor\u00e1rios est\u00e1veis favorece o sistema imunol\u00f3gico, o equil\u00edbrio hormonal e a sa\u00fade mental.<\/li>\n\n\n\n<li><strong>Gest\u00e3o do estresse<\/strong><br>T\u00e9cnicas de relaxamento, apoio social e organiza\u00e7\u00e3o do tempo reduzem sobrecarga emocional e impactos f\u00edsicos.<\/li>\n\n\n\n<li><strong>H\u00e1bitos de sa\u00fade a longo prazo<\/strong><br>Evitar tabagismo, moderar \u00e1lcool e realizar exames peri\u00f3dicos s\u00e3o atitudes fortemente associadas \u00e0 longevidade.<\/li>\n<\/ol>\n\n\n\n<h2 class=\"wp-block-heading\">Como usar a organiza\u00e7\u00e3o a seu favor para viver mais e melhor<\/h2>\n\n\n\n<p>Pesquisas em psicologia e medicina indicam que tra\u00e7os como organiza\u00e7\u00e3o, responsabilidade e atividade podem ser usados como aliados na ado\u00e7\u00e3o de h\u00e1bitos saud\u00e1veis. Planejar compromissos, registrar metas e acompanhar resultados ajudam a transformar boas inten\u00e7\u00f5es em rotinas reais, adaptadas ao perfil de cada pessoa.<\/p>\n\n\n\n<p>Se voc\u00ea quer viver mais e melhor, comece hoje: escolha um h\u00e1bito de sa\u00fade priorit\u00e1rio, crie um plano simples e organizado para os pr\u00f3ximos sete dias e coloque na agenda agora. Adiar essa decis\u00e3o tamb\u00e9m \u00e9 uma escolha \u2014 e cada semana conta quando o objetivo \u00e9 ganhar anos de vida com qualidade e autonomia.<\/p>\n","protected":false},"excerpt":{"rendered":"<p>Manter a vida em ordem costuma ser associado \u00e0 pontualidade, produtividade e disciplina, mas pesquisas recentes indicam que a organiza\u00e7\u00e3o pode ir al\u00e9m da agenda arrumada, influenciando desde escolhas di\u00e1rias de sa\u00fade at\u00e9 a forma como o corpo envelhece, com ind\u00edcios de que tra\u00e7os de responsabilidade e atividade estejam ligados a uma expectativa de vida [&hellip;]<\/p>\n","protected":false},"author":13,"featured_media":180801,"comment_status":"open","ping_status":"open","sticky":false,"template":"","format":"standard","meta":{"jnews-multi-image_gallery":[],"jnews_single_post":{"format":"standard"},"jnews_primary_category":[],"jnews_social_meta":[],"jnews_override_counter":[],"footnotes":""},"categories":[9053],"tags":[11417,2597,26092],"class_list":["post-180749","post","type-post","status-publish","format-standard","has-post-thumbnail","hentry","category-saude","tag-expectativa-de-vida","tag-longevidade","tag-viva-organizada"],"yoast_head":"<!-- This site is optimized with the Yoast SEO plugin v23.8 - https:\/\/yoast.com\/wordpress\/plugins\/seo\/ -->\n<title>Pesquisas indicam que pessoas organizadas t\u00eam menor risco de mortalidade ao longo do tempo - Estado de Minas - Em foco<\/title>\n<meta name=\"description\" content=\"Ser organizado pode ajudar a manter h\u00e1bitos saud\u00e1veis ao longo da vida. Veja o que estudos recentes revelam sobre organiza\u00e7\u00e3o e longevidade.\" \/>\n<meta name=\"robots\" content=\"index, follow, max-snippet:-1, max-image-preview:large, max-video-preview:-1\" \/>\n<link rel=\"canonical\" href=\"https:\/\/www.em.com.br\/emfoco\/2026\/03\/16\/pesquisas-indicam-que-pessoas-organizadas-tem-menor-risco-de-mortalidade-ao-longo-do-tempo\/\" \/>\n<meta property=\"og:locale\" content=\"pt_BR\" \/>\n<meta property=\"og:type\" content=\"article\" \/>\n<meta property=\"og:title\" content=\"Pesquisas indicam que pessoas organizadas t\u00eam menor risco de mortalidade ao longo do tempo - Estado de Minas - Em foco\" \/>\n<meta property=\"og:description\" content=\"Ser organizado pode ajudar a manter h\u00e1bitos saud\u00e1veis ao longo da vida. Veja o que estudos recentes revelam sobre organiza\u00e7\u00e3o e longevidade.\" \/>\n<meta property=\"og:url\" content=\"https:\/\/www.em.com.br\/emfoco\/2026\/03\/16\/pesquisas-indicam-que-pessoas-organizadas-tem-menor-risco-de-mortalidade-ao-longo-do-tempo\/\" \/>\n<meta property=\"og:site_name\" content=\"Estado de Minas - Em foco\" \/>\n<meta property=\"article:published_time\" content=\"2026-03-16T19:05:00+00:00\" \/>\n<meta property=\"article:modified_time\" content=\"2026-03-12T18:44:39+00:00\" \/>\n<meta property=\"og:image\" content=\"https:\/\/www.em.com.br\/emfoco\/wp-content\/uploads\/2026\/03\/6-44.jpg\" \/>\n\t<meta property=\"og:image:width\" content=\"1280\" \/>\n\t<meta property=\"og:image:height\" content=\"720\" \/>\n\t<meta property=\"og:image:type\" content=\"image\/jpeg\" \/>\n<meta name=\"author\" content=\"Gabriel Martins\" \/>\n<meta name=\"twitter:card\" content=\"summary_large_image\" \/>\n<meta name=\"twitter:label1\" content=\"Escrito por\" \/>\n\t<meta name=\"twitter:data1\" content=\"Gabriel Martins\" \/>\n\t<meta name=\"twitter:label2\" content=\"Est. tempo de leitura\" \/>\n\t<meta name=\"twitter:data2\" content=\"5 minutos\" \/>\n<!-- \/ Yoast SEO plugin. -->","yoast_head_json":{"title":"Pesquisas indicam que pessoas organizadas t\u00eam menor risco de mortalidade ao longo do tempo - Estado de Minas - Em foco","description":"Ser organizado pode ajudar a manter h\u00e1bitos saud\u00e1veis ao longo da vida. Veja o que estudos recentes revelam sobre organiza\u00e7\u00e3o e longevidade.","robots":{"index":"index","follow":"follow","max-snippet":"max-snippet:-1","max-image-preview":"max-image-preview:large","max-video-preview":"max-video-preview:-1"},"canonical":"https:\/\/www.em.com.br\/emfoco\/2026\/03\/16\/pesquisas-indicam-que-pessoas-organizadas-tem-menor-risco-de-mortalidade-ao-longo-do-tempo\/","og_locale":"pt_BR","og_type":"article","og_title":"Pesquisas indicam que pessoas organizadas t\u00eam menor risco de mortalidade ao longo do tempo - Estado de Minas - Em foco","og_description":"Ser organizado pode ajudar a manter h\u00e1bitos saud\u00e1veis ao longo da vida. Veja o que estudos recentes revelam sobre organiza\u00e7\u00e3o e longevidade.","og_url":"https:\/\/www.em.com.br\/emfoco\/2026\/03\/16\/pesquisas-indicam-que-pessoas-organizadas-tem-menor-risco-de-mortalidade-ao-longo-do-tempo\/","og_site_name":"Estado de Minas - Em foco","article_published_time":"2026-03-16T19:05:00+00:00","article_modified_time":"2026-03-12T18:44:39+00:00","og_image":[{"width":1280,"height":720,"url":"https:\/\/www.em.com.br\/emfoco\/wp-content\/uploads\/2026\/03\/6-44.jpg","type":"image\/jpeg"}],"author":"Gabriel Martins","twitter_card":"summary_large_image","twitter_misc":{"Escrito por":"Gabriel Martins","Est. tempo de leitura":"5 minutos"},"schema":{"@context":"https:\/\/schema.org","@graph":[{"@type":"WebPage","@id":"https:\/\/www.em.com.br\/emfoco\/2026\/03\/16\/pesquisas-indicam-que-pessoas-organizadas-tem-menor-risco-de-mortalidade-ao-longo-do-tempo\/","url":"https:\/\/www.em.com.br\/emfoco\/2026\/03\/16\/pesquisas-indicam-que-pessoas-organizadas-tem-menor-risco-de-mortalidade-ao-longo-do-tempo\/","name":"Pesquisas indicam que pessoas organizadas t\u00eam menor risco de mortalidade ao longo do tempo - Estado de Minas - Em foco","isPartOf":{"@id":"https:\/\/www.em.com.br\/emfoco\/#website"},"primaryImageOfPage":{"@id":"https:\/\/www.em.com.br\/emfoco\/2026\/03\/16\/pesquisas-indicam-que-pessoas-organizadas-tem-menor-risco-de-mortalidade-ao-longo-do-tempo\/#primaryimage"},"image":{"@id":"https:\/\/www.em.com.br\/emfoco\/2026\/03\/16\/pesquisas-indicam-que-pessoas-organizadas-tem-menor-risco-de-mortalidade-ao-longo-do-tempo\/#primaryimage"},"thumbnailUrl":"https:\/\/www.em.com.br\/emfoco\/wp-content\/uploads\/2026\/03\/6-44.jpg","datePublished":"2026-03-16T19:05:00+00:00","dateModified":"2026-03-12T18:44:39+00:00","author":{"@id":"https:\/\/www.em.com.br\/emfoco\/#\/schema\/person\/1c9ddeab18b98abeffef834667bcf08a"},"description":"Ser organizado pode ajudar a manter h\u00e1bitos saud\u00e1veis ao longo da vida. Veja o que estudos recentes revelam sobre organiza\u00e7\u00e3o e longevidade.","breadcrumb":{"@id":"https:\/\/www.em.com.br\/emfoco\/2026\/03\/16\/pesquisas-indicam-que-pessoas-organizadas-tem-menor-risco-de-mortalidade-ao-longo-do-tempo\/#breadcrumb"},"inLanguage":"pt-BR","potentialAction":[{"@type":"ReadAction","target":["https:\/\/www.em.com.br\/emfoco\/2026\/03\/16\/pesquisas-indicam-que-pessoas-organizadas-tem-menor-risco-de-mortalidade-ao-longo-do-tempo\/"]}]},{"@type":"ImageObject","inLanguage":"pt-BR","@id":"https:\/\/www.em.com.br\/emfoco\/2026\/03\/16\/pesquisas-indicam-que-pessoas-organizadas-tem-menor-risco-de-mortalidade-ao-longo-do-tempo\/#primaryimage","url":"https:\/\/www.em.com.br\/emfoco\/wp-content\/uploads\/2026\/03\/6-44.jpg","contentUrl":"https:\/\/www.em.com.br\/emfoco\/wp-content\/uploads\/2026\/03\/6-44.jpg","width":1280,"height":720,"caption":"Pessoas organizadas tendem a viver mais anos com sa\u00fade e autonomia"},{"@type":"BreadcrumbList","@id":"https:\/\/www.em.com.br\/emfoco\/2026\/03\/16\/pesquisas-indicam-que-pessoas-organizadas-tem-menor-risco-de-mortalidade-ao-longo-do-tempo\/#breadcrumb","itemListElement":[{"@type":"ListItem","position":1,"name":"In\u00edcio","item":"https:\/\/www.em.com.br\/emfoco\/"},{"@type":"ListItem","position":2,"name":"Pesquisas indicam que pessoas organizadas t\u00eam menor risco de mortalidade ao longo do tempo"}]},{"@type":"WebSite","@id":"https:\/\/www.em.com.br\/emfoco\/#website","url":"https:\/\/www.em.com.br\/emfoco\/","name":"Estado de Minas - Em foco","description":"Acompanhe as \u00faltimas not\u00edcias e fique bem informado sobre tudo o que acontece em Minas Gerais, Brasil e no mundo.","potentialAction":[{"@type":"SearchAction","target":{"@type":"EntryPoint","urlTemplate":"https:\/\/www.em.com.br\/emfoco\/?s={search_term_string}"},"query-input":{"@type":"PropertyValueSpecification","valueRequired":true,"valueName":"search_term_string"}}],"inLanguage":"pt-BR"},{"@type":"Person","@id":"https:\/\/www.em.com.br\/emfoco\/#\/schema\/person\/1c9ddeab18b98abeffef834667bcf08a","name":"Gabriel Martins","image":{"@type":"ImageObject","inLanguage":"pt-BR","@id":"https:\/\/www.em.com.br\/emfoco\/#\/schema\/person\/image\/","url":"https:\/\/secure.gravatar.com\/avatar\/f0f1e2efdfd88f1ad2cb08c5c2731e50?s=96&d=mm&r=g","contentUrl":"https:\/\/secure.gravatar.com\/avatar\/f0f1e2efdfd88f1ad2cb08c5c2731e50?s=96&d=mm&r=g","caption":"Gabriel Martins"},"sameAs":["https:\/\/www.em.com.br\/emfoco\/"],"url":"https:\/\/www.em.com.br\/emfoco\/author\/gabrielmartinsmyth\/"}]}},"_links":{"self":[{"href":"https:\/\/www.em.com.br\/emfoco\/wp-json\/wp\/v2\/posts\/180749","targetHints":{"allow":["GET"]}}],"collection":[{"href":"https:\/\/www.em.com.br\/emfoco\/wp-json\/wp\/v2\/posts"}],"about":[{"href":"https:\/\/www.em.com.br\/emfoco\/wp-json\/wp\/v2\/types\/post"}],"author":[{"embeddable":true,"href":"https:\/\/www.em.com.br\/emfoco\/wp-json\/wp\/v2\/users\/13"}],"replies":[{"embeddable":true,"href":"https:\/\/www.em.com.br\/emfoco\/wp-json\/wp\/v2\/comments?post=180749"}],"version-history":[{"count":1,"href":"https:\/\/www.em.com.br\/emfoco\/wp-json\/wp\/v2\/posts\/180749\/revisions"}],"predecessor-version":[{"id":180826,"href":"https:\/\/www.em.com.br\/emfoco\/wp-json\/wp\/v2\/posts\/180749\/revisions\/180826"}],"wp:featuredmedia":[{"embeddable":true,"href":"https:\/\/www.em.com.br\/emfoco\/wp-json\/wp\/v2\/media\/180801"}],"wp:attachment":[{"href":"https:\/\/www.em.com.br\/emfoco\/wp-json\/wp\/v2\/media?parent=180749"}],"wp:term":[{"taxonomy":"category","embeddable":true,"href":"https:\/\/www.em.com.br\/emfoco\/wp-json\/wp\/v2\/categories?post=180749"},{"taxonomy":"post_tag","embeddable":true,"href":"https:\/\/www.em.com.br\/emfoco\/wp-json\/wp\/v2\/tags?post=180749"}],"curies":[{"name":"wp","href":"https:\/\/api.w.org\/{rel}","templated":true}]}}