{"id":180728,"date":"2026-03-15T16:05:00","date_gmt":"2026-03-15T19:05:00","guid":{"rendered":"https:\/\/www.em.com.br\/emfoco\/?p=180728"},"modified":"2026-03-14T23:14:59","modified_gmt":"2026-03-15T02:14:59","slug":"nova-regra-da-inspecao-pode-reprovar-veiculos-e-o-para-brisa-agora-virou-um-dos-pontos-mais-observados-nas-vistorias","status":"publish","type":"post","link":"https:\/\/www.em.com.br\/emfoco\/2026\/03\/15\/nova-regra-da-inspecao-pode-reprovar-veiculos-e-o-para-brisa-agora-virou-um-dos-pontos-mais-observados-nas-vistorias\/","title":{"rendered":"Nova regra da inspe\u00e7\u00e3o pode reprovar ve\u00edculos e o para-brisa agora virou um dos pontos mais observados nas vistorias"},"content":{"rendered":"\n<p>A <strong>Verifica\u00e7\u00e3o T\u00e9cnica Veicular<\/strong> (VTV) \u00e9 hoje um dos principais controles de seguran\u00e7a para quem dirige na <strong>Argentina<\/strong>, funcionando como uma checagem peri\u00f3dica do estado geral do ve\u00edculo, como freios, suspens\u00e3o, emiss\u00f5es, pneus, estrutura e ilumina\u00e7\u00e3o, reduzindo o risco de falhas mec\u00e2nicas, incentivando a manuten\u00e7\u00e3o preventiva e aproximando o pa\u00eds das melhores pr\u00e1ticas internacionais de seguran\u00e7a vi\u00e1ria.<\/p>\n\n\n\n<h2 class=\"wp-block-heading\">O que \u00e9 a VTV e qual sua fun\u00e7\u00e3o na seguran\u00e7a e no meio ambiente<\/h2>\n\n\n\n<p>A VTV \u00e9 uma verifica\u00e7\u00e3o obrigat\u00f3ria que certifica se o <a href=\"https:\/\/www.em.com.br\/emfoco\/2026\/03\/06\/os-7-carros-que-perderam-valor-em-2026-e-agora-podem-ser-uma-verdadeira-oportunidade-de-compra\/\" target=\"_blank\" rel=\"noreferrer noopener\">carro <\/a>atende aos requisitos m\u00ednimos de seguran\u00e7a e impacto ambiental definidos pelas normas argentinas. O objetivo \u00e9 reduzir sinistros causados por falhas previs\u00edveis, como freios ineficientes, pneus desgastados ou ilumina\u00e7\u00e3o deficiente.<\/p>\n\n\n\n<p>Al\u00e9m do car\u00e1ter legal, a VTV funciona como um term\u00f4metro do estado de conserva\u00e7\u00e3o do ve\u00edculo e ajuda o motorista a detectar problemas ocultos. Muitos propriet\u00e1rios descobrem falhas em suspens\u00e3o, dire\u00e7\u00e3o ou vazamentos durante a inspe\u00e7\u00e3o, o que incentiva reparos antecipados e uma cultura de manuten\u00e7\u00e3o preventiva.<\/p>\n\n\n\n<figure class=\"wp-block-image size-large\"><img loading=\"lazy\" decoding=\"async\" width=\"1024\" height=\"576\" src=\"https:\/\/www.em.com.br\/emfoco\/wp-content\/uploads\/2026\/03\/ChatGPT-Image-12-de-mar.-de-2026-14_49_36-1-1024x576.png\" alt=\"\" class=\"wp-image-180756\" srcset=\"https:\/\/www.em.com.br\/emfoco\/wp-content\/uploads\/2026\/03\/ChatGPT-Image-12-de-mar.-de-2026-14_49_36-1-1024x576.png 1024w, https:\/\/www.em.com.br\/emfoco\/wp-content\/uploads\/2026\/03\/ChatGPT-Image-12-de-mar.-de-2026-14_49_36-1-300x169.png 300w, https:\/\/www.em.com.br\/emfoco\/wp-content\/uploads\/2026\/03\/ChatGPT-Image-12-de-mar.-de-2026-14_49_36-1-768x432.png 768w, https:\/\/www.em.com.br\/emfoco\/wp-content\/uploads\/2026\/03\/ChatGPT-Image-12-de-mar.-de-2026-14_49_36-1-750x422.png 750w, https:\/\/www.em.com.br\/emfoco\/wp-content\/uploads\/2026\/03\/ChatGPT-Image-12-de-mar.-de-2026-14_49_36-1-1140x641.png 1140w, https:\/\/www.em.com.br\/emfoco\/wp-content\/uploads\/2026\/03\/ChatGPT-Image-12-de-mar.-de-2026-14_49_36-1.png 1280w\" sizes=\"auto, (max-width: 1024px) 100vw, 1024px\" \/><\/figure>\n\n\n\n<h2 class=\"wp-block-heading\">Como funciona o para-brisa e a fiscaliza\u00e7\u00e3o de manuten\u00e7\u00e3o no Brasil em 2026<\/h2>\n\n\n\n<p>No <strong>Brasil<\/strong>, em 2026, o para-brisa e todo o sistema de limpeza e desemba\u00e7amento ganharam forte relev\u00e2ncia nas <a href=\"https:\/\/www.gov.br\/transportes\/pt-br\/assuntos\/transito\/conteudo-contran\/resolucoes\/mbvt20222.pdf\" target=\"_blank\" rel=\"noreferrer noopener\">fiscaliza\u00e7\u00f5es de tr\u00e2nsito<\/a>. Um detalhe que muitos motoristas ainda ignoram \u00e9 a falta de \u00e1gua no reservat\u00f3rio do limpador de para-brisa, que pode gerar infra\u00e7\u00e3o grave por comprometer diretamente a visibilidade.<\/p>\n\n\n\n<p>Se um agente de tr\u00e2nsito solicitar o acionamento do limpador e o sistema estiver inoperante por falta de \u00e1gua ou defeito no esguicho, o motorista pode ser autuado com multa, <strong>5 pontos na CNH<\/strong> e poss\u00edvel reten\u00e7\u00e3o do ve\u00edculo. Trincas na \u00e1rea cr\u00edtica de vis\u00e3o, pel\u00edculas muito escuras ou letreiros que bloqueiem a vis\u00e3o tamb\u00e9m configuram infra\u00e7\u00e3o grave.<\/p>\n\n\n\n<h2 class=\"wp-block-heading\">Como o para-brisa pode reprovar o ve\u00edculo na VTV<\/h2>\n\n\n\n<p>Na VTV, o para-brisa recebe aten\u00e7\u00e3o especial, pois precisa garantir visibilidade total, sem rachaduras relevantes, trincas na \u00e1rea cr\u00edtica de vis\u00e3o ou partes astilhadas que distor\u00e7am o campo visual do condutor. Elementos n\u00e3o autorizados, como adesivos extensos ou suportes na linha de vis\u00e3o, podem ser classificados como proibidos e levar \u00e0 reprova\u00e7\u00e3o.<\/p>\n\n\n\n<p>Para evitar problemas na inspe\u00e7\u00e3o, \u00e9 importante adotar alguns cuidados pr\u00e1ticos antes de levar o carro ao posto, garantindo que o vidro e o sistema de limpeza estejam em perfeitas condi\u00e7\u00f5es de uso:<\/p>\n\n\n\n<ul class=\"wp-block-list\">\n<li>Substituir o vidro em caso de rachaduras extensas ou trincas na \u00e1rea de vis\u00e3o do motorista.<\/li>\n\n\n\n<li>Remover adesivos, suportes, enfeites e pel\u00edculas irregulares que prejudiquem a visibilidade.<\/li>\n\n\n\n<li>Verificar o funcionamento dos limpadores, esguicho de \u00e1gua e estado das borrachas.<\/li>\n\n\n\n<li>Limpar o vidro, removendo res\u00edduos abrasivos que possam causar riscos permanentes.<\/li>\n<\/ul>\n\n\n\n<figure class=\"wp-block-image size-large\"><img loading=\"lazy\" decoding=\"async\" width=\"1024\" height=\"576\" src=\"https:\/\/www.em.com.br\/emfoco\/wp-content\/uploads\/2026\/03\/ChatGPT-Image-12-de-mar.-de-2026-14_50_35-1-1024x576.png\" alt=\"\" class=\"wp-image-180757\" srcset=\"https:\/\/www.em.com.br\/emfoco\/wp-content\/uploads\/2026\/03\/ChatGPT-Image-12-de-mar.-de-2026-14_50_35-1-1024x576.png 1024w, https:\/\/www.em.com.br\/emfoco\/wp-content\/uploads\/2026\/03\/ChatGPT-Image-12-de-mar.-de-2026-14_50_35-1-300x169.png 300w, https:\/\/www.em.com.br\/emfoco\/wp-content\/uploads\/2026\/03\/ChatGPT-Image-12-de-mar.-de-2026-14_50_35-1-768x432.png 768w, https:\/\/www.em.com.br\/emfoco\/wp-content\/uploads\/2026\/03\/ChatGPT-Image-12-de-mar.-de-2026-14_50_35-1-750x422.png 750w, https:\/\/www.em.com.br\/emfoco\/wp-content\/uploads\/2026\/03\/ChatGPT-Image-12-de-mar.-de-2026-14_50_35-1-1140x641.png 1140w, https:\/\/www.em.com.br\/emfoco\/wp-content\/uploads\/2026\/03\/ChatGPT-Image-12-de-mar.-de-2026-14_50_35-1.png 1280w\" sizes=\"auto, (max-width: 1024px) 100vw, 1024px\" \/><\/figure>\n\n\n\n<h2 class=\"wp-block-heading\">Quais s\u00e3o os prazos e itens avaliados na VTV na Argentina<\/h2>\n\n\n\n<p>O calend\u00e1rio da VTV foi atualizado e hoje diferencia ve\u00edculos zero quil\u00f4metro, particulares e de uso profissional. Para carros novos de uso particular, a primeira verifica\u00e7\u00e3o passa a ser obrigat\u00f3ria a partir do quinto ano contado desde o emplacamento, enquanto ve\u00edculos de servi\u00e7os n\u00e3o particulares come\u00e7am a ser inspecionados a partir de dois anos.<\/p>\n\n\n\n<p>Al\u00e9m do para-brisa, a VTV avalia ilumina\u00e7\u00e3o, freios, pneus, suspens\u00e3o, emiss\u00f5es de poluentes e a estrutura do ve\u00edculo, buscando corros\u00f5es ou danos relevantes. Em muitas regi\u00f5es, carros particulares com mais de 10 anos passaram a renovar a VTV a cada dois anos, o que organiza o fluxo de inspe\u00e7\u00f5es e o planejamento de custos.<\/p>\n\n\n\n<h2 class=\"wp-block-heading\">Por que voc\u00ea n\u00e3o deve adiar a VTV do seu ve\u00edculo<\/h2>\n\n\n\n<p>Manter a VTV em dia \u00e9 proteger sua vida, a de quem vai com voc\u00ea e a de todos que compartilham a via. Ignorar a inspe\u00e7\u00e3o significa rodar com um ve\u00edculo potencialmente inseguro, arriscar multas, reten\u00e7\u00e3o do carro e at\u00e9 problemas com o seguro em caso de acidente evit\u00e1vel.<\/p>\n\n\n\n<p>Se o prazo da sua VTV est\u00e1 perto ou j\u00e1 venceu, agende a inspe\u00e7\u00e3o imediatamente e fa\u00e7a uma checagem b\u00e1sica do ve\u00edculo antes de ir ao posto. Cada dia de atraso \u00e9 uma aposta desnecess\u00e1ria com a sua seguran\u00e7a: cuide do seu carro hoje, antes que uma falha simples se transforme em um acidente que voc\u00ea poderia ter evitado.<\/p>\n\n\n\n<p><\/p>\n","protected":false},"excerpt":{"rendered":"<p>A Verifica\u00e7\u00e3o T\u00e9cnica Veicular (VTV) \u00e9 hoje um dos principais controles de seguran\u00e7a para quem dirige na Argentina, funcionando como uma checagem peri\u00f3dica do estado geral do ve\u00edculo, como freios, suspens\u00e3o, emiss\u00f5es, pneus, estrutura e ilumina\u00e7\u00e3o, reduzindo o risco de falhas mec\u00e2nicas, incentivando a manuten\u00e7\u00e3o preventiva e aproximando o pa\u00eds das melhores pr\u00e1ticas internacionais de [&hellip;]<\/p>\n","protected":false},"author":11,"featured_media":180755,"comment_status":"open","ping_status":"open","sticky":false,"template":"","format":"standard","meta":{"jnews-multi-image_gallery":[],"jnews_single_post":{"format":"standard"},"jnews_primary_category":[],"jnews_social_meta":[],"jnews_override_counter":[],"footnotes":""},"categories":[28,1],"tags":[818,22631,20713,765,534,16721],"class_list":["post-180728","post","type-post","status-publish","format-standard","has-post-thumbnail","hentry","category-economia","category-noticias","tag-carro","tag-inspecao-veicular","tag-para-brisa","tag-transito","tag-veiculos","tag-vistoria"],"yoast_head":"<!-- This site is optimized with the Yoast SEO plugin v23.8 - https:\/\/yoast.com\/wordpress\/plugins\/seo\/ -->\n<title>Nova regra da inspe\u00e7\u00e3o pode reprovar ve\u00edculos e o para-brisa agora virou um dos pontos mais observados nas vistorias - Estado de Minas - Em foco<\/title>\n<meta name=\"description\" content=\"Para-brisa, freios e pneus est\u00e3o entre itens avaliados na VTV. Entenda como funciona a inspe\u00e7\u00e3o veicular.\" \/>\n<meta name=\"robots\" content=\"index, follow, max-snippet:-1, max-image-preview:large, max-video-preview:-1\" \/>\n<link rel=\"canonical\" href=\"https:\/\/www.em.com.br\/emfoco\/2026\/03\/15\/nova-regra-da-inspecao-pode-reprovar-veiculos-e-o-para-brisa-agora-virou-um-dos-pontos-mais-observados-nas-vistorias\/\" \/>\n<meta property=\"og:locale\" content=\"pt_BR\" \/>\n<meta property=\"og:type\" content=\"article\" \/>\n<meta property=\"og:title\" content=\"Nova regra da inspe\u00e7\u00e3o pode reprovar ve\u00edculos e o para-brisa agora virou um dos pontos mais observados nas vistorias - Estado de Minas - Em foco\" \/>\n<meta property=\"og:description\" content=\"Para-brisa, freios e pneus est\u00e3o entre itens avaliados na VTV. Entenda como funciona a inspe\u00e7\u00e3o veicular.\" \/>\n<meta property=\"og:url\" content=\"https:\/\/www.em.com.br\/emfoco\/2026\/03\/15\/nova-regra-da-inspecao-pode-reprovar-veiculos-e-o-para-brisa-agora-virou-um-dos-pontos-mais-observados-nas-vistorias\/\" \/>\n<meta property=\"og:site_name\" content=\"Estado de Minas - Em foco\" \/>\n<meta property=\"article:published_time\" content=\"2026-03-15T19:05:00+00:00\" \/>\n<meta property=\"article:modified_time\" content=\"2026-03-15T02:14:59+00:00\" \/>\n<meta property=\"og:image\" content=\"https:\/\/www.em.com.br\/emfoco\/wp-content\/uploads\/2026\/03\/ChatGPT-Image-12-de-mar.-de-2026-14_48_43-1.png\" \/>\n\t<meta property=\"og:image:width\" content=\"1280\" \/>\n\t<meta property=\"og:image:height\" content=\"720\" \/>\n\t<meta property=\"og:image:type\" content=\"image\/png\" \/>\n<meta name=\"author\" content=\"Andre\u0301 Rangel\u00a0\" \/>\n<meta name=\"twitter:card\" content=\"summary_large_image\" \/>\n<meta name=\"twitter:label1\" content=\"Escrito por\" \/>\n\t<meta name=\"twitter:data1\" content=\"Andre\u0301 Rangel\u00a0\" \/>\n\t<meta name=\"twitter:label2\" content=\"Est. tempo de leitura\" \/>\n\t<meta name=\"twitter:data2\" content=\"5 minutos\" \/>\n<!-- \/ Yoast SEO plugin. -->","yoast_head_json":{"title":"Nova regra da inspe\u00e7\u00e3o pode reprovar ve\u00edculos e o para-brisa agora virou um dos pontos mais observados nas vistorias - Estado de Minas - Em foco","description":"Para-brisa, freios e pneus est\u00e3o entre itens avaliados na VTV. Entenda como funciona a inspe\u00e7\u00e3o veicular.","robots":{"index":"index","follow":"follow","max-snippet":"max-snippet:-1","max-image-preview":"max-image-preview:large","max-video-preview":"max-video-preview:-1"},"canonical":"https:\/\/www.em.com.br\/emfoco\/2026\/03\/15\/nova-regra-da-inspecao-pode-reprovar-veiculos-e-o-para-brisa-agora-virou-um-dos-pontos-mais-observados-nas-vistorias\/","og_locale":"pt_BR","og_type":"article","og_title":"Nova regra da inspe\u00e7\u00e3o pode reprovar ve\u00edculos e o para-brisa agora virou um dos pontos mais observados nas vistorias - Estado de Minas - Em foco","og_description":"Para-brisa, freios e pneus est\u00e3o entre itens avaliados na VTV. Entenda como funciona a inspe\u00e7\u00e3o veicular.","og_url":"https:\/\/www.em.com.br\/emfoco\/2026\/03\/15\/nova-regra-da-inspecao-pode-reprovar-veiculos-e-o-para-brisa-agora-virou-um-dos-pontos-mais-observados-nas-vistorias\/","og_site_name":"Estado de Minas - Em foco","article_published_time":"2026-03-15T19:05:00+00:00","article_modified_time":"2026-03-15T02:14:59+00:00","og_image":[{"width":1280,"height":720,"url":"https:\/\/www.em.com.br\/emfoco\/wp-content\/uploads\/2026\/03\/ChatGPT-Image-12-de-mar.-de-2026-14_48_43-1.png","type":"image\/png"}],"author":"Andre\u0301 Rangel\u00a0","twitter_card":"summary_large_image","twitter_misc":{"Escrito por":"Andre\u0301 Rangel\u00a0","Est. tempo de leitura":"5 minutos"},"schema":{"@context":"https:\/\/schema.org","@graph":[{"@type":"WebPage","@id":"https:\/\/www.em.com.br\/emfoco\/2026\/03\/15\/nova-regra-da-inspecao-pode-reprovar-veiculos-e-o-para-brisa-agora-virou-um-dos-pontos-mais-observados-nas-vistorias\/","url":"https:\/\/www.em.com.br\/emfoco\/2026\/03\/15\/nova-regra-da-inspecao-pode-reprovar-veiculos-e-o-para-brisa-agora-virou-um-dos-pontos-mais-observados-nas-vistorias\/","name":"Nova regra da inspe\u00e7\u00e3o pode reprovar ve\u00edculos e o para-brisa agora virou um dos pontos mais observados nas vistorias - Estado de Minas - Em foco","isPartOf":{"@id":"https:\/\/www.em.com.br\/emfoco\/#website"},"primaryImageOfPage":{"@id":"https:\/\/www.em.com.br\/emfoco\/2026\/03\/15\/nova-regra-da-inspecao-pode-reprovar-veiculos-e-o-para-brisa-agora-virou-um-dos-pontos-mais-observados-nas-vistorias\/#primaryimage"},"image":{"@id":"https:\/\/www.em.com.br\/emfoco\/2026\/03\/15\/nova-regra-da-inspecao-pode-reprovar-veiculos-e-o-para-brisa-agora-virou-um-dos-pontos-mais-observados-nas-vistorias\/#primaryimage"},"thumbnailUrl":"https:\/\/www.em.com.br\/emfoco\/wp-content\/uploads\/2026\/03\/ChatGPT-Image-12-de-mar.-de-2026-14_48_43-1.png","datePublished":"2026-03-15T19:05:00+00:00","dateModified":"2026-03-15T02:14:59+00:00","author":{"@id":"https:\/\/www.em.com.br\/emfoco\/#\/schema\/person\/60eda09c1fedf0d6891f4cef4b60b8b8"},"description":"Para-brisa, freios e pneus est\u00e3o entre itens avaliados na VTV. Entenda como funciona a inspe\u00e7\u00e3o veicular.","breadcrumb":{"@id":"https:\/\/www.em.com.br\/emfoco\/2026\/03\/15\/nova-regra-da-inspecao-pode-reprovar-veiculos-e-o-para-brisa-agora-virou-um-dos-pontos-mais-observados-nas-vistorias\/#breadcrumb"},"inLanguage":"pt-BR","potentialAction":[{"@type":"ReadAction","target":["https:\/\/www.em.com.br\/emfoco\/2026\/03\/15\/nova-regra-da-inspecao-pode-reprovar-veiculos-e-o-para-brisa-agora-virou-um-dos-pontos-mais-observados-nas-vistorias\/"]}]},{"@type":"ImageObject","inLanguage":"pt-BR","@id":"https:\/\/www.em.com.br\/emfoco\/2026\/03\/15\/nova-regra-da-inspecao-pode-reprovar-veiculos-e-o-para-brisa-agora-virou-um-dos-pontos-mais-observados-nas-vistorias\/#primaryimage","url":"https:\/\/www.em.com.br\/emfoco\/wp-content\/uploads\/2026\/03\/ChatGPT-Image-12-de-mar.-de-2026-14_48_43-1.png","contentUrl":"https:\/\/www.em.com.br\/emfoco\/wp-content\/uploads\/2026\/03\/ChatGPT-Image-12-de-mar.-de-2026-14_48_43-1.png","width":1280,"height":720},{"@type":"BreadcrumbList","@id":"https:\/\/www.em.com.br\/emfoco\/2026\/03\/15\/nova-regra-da-inspecao-pode-reprovar-veiculos-e-o-para-brisa-agora-virou-um-dos-pontos-mais-observados-nas-vistorias\/#breadcrumb","itemListElement":[{"@type":"ListItem","position":1,"name":"In\u00edcio","item":"https:\/\/www.em.com.br\/emfoco\/"},{"@type":"ListItem","position":2,"name":"Nova regra da inspe\u00e7\u00e3o pode reprovar ve\u00edculos e o para-brisa agora virou um dos pontos mais observados nas vistorias"}]},{"@type":"WebSite","@id":"https:\/\/www.em.com.br\/emfoco\/#website","url":"https:\/\/www.em.com.br\/emfoco\/","name":"Estado de Minas - Em foco","description":"Acompanhe as \u00faltimas not\u00edcias e fique bem informado sobre tudo o que acontece em Minas Gerais, Brasil e no mundo.","potentialAction":[{"@type":"SearchAction","target":{"@type":"EntryPoint","urlTemplate":"https:\/\/www.em.com.br\/emfoco\/?s={search_term_string}"},"query-input":{"@type":"PropertyValueSpecification","valueRequired":true,"valueName":"search_term_string"}}],"inLanguage":"pt-BR"},{"@type":"Person","@id":"https:\/\/www.em.com.br\/emfoco\/#\/schema\/person\/60eda09c1fedf0d6891f4cef4b60b8b8","name":"Andre\u0301 Rangel\u00a0","image":{"@type":"ImageObject","inLanguage":"pt-BR","@id":"https:\/\/www.em.com.br\/emfoco\/#\/schema\/person\/image\/","url":"https:\/\/secure.gravatar.com\/avatar\/6234dc814c77c8ef6d8bba622c787efc?s=96&d=mm&r=g","contentUrl":"https:\/\/secure.gravatar.com\/avatar\/6234dc814c77c8ef6d8bba622c787efc?s=96&d=mm&r=g","caption":"Andre\u0301 Rangel\u00a0"},"url":"https:\/\/www.em.com.br\/emfoco\/author\/luizmyth\/"}]}},"_links":{"self":[{"href":"https:\/\/www.em.com.br\/emfoco\/wp-json\/wp\/v2\/posts\/180728","targetHints":{"allow":["GET"]}}],"collection":[{"href":"https:\/\/www.em.com.br\/emfoco\/wp-json\/wp\/v2\/posts"}],"about":[{"href":"https:\/\/www.em.com.br\/emfoco\/wp-json\/wp\/v2\/types\/post"}],"author":[{"embeddable":true,"href":"https:\/\/www.em.com.br\/emfoco\/wp-json\/wp\/v2\/users\/11"}],"replies":[{"embeddable":true,"href":"https:\/\/www.em.com.br\/emfoco\/wp-json\/wp\/v2\/comments?post=180728"}],"version-history":[{"count":2,"href":"https:\/\/www.em.com.br\/emfoco\/wp-json\/wp\/v2\/posts\/180728\/revisions"}],"predecessor-version":[{"id":180760,"href":"https:\/\/www.em.com.br\/emfoco\/wp-json\/wp\/v2\/posts\/180728\/revisions\/180760"}],"wp:featuredmedia":[{"embeddable":true,"href":"https:\/\/www.em.com.br\/emfoco\/wp-json\/wp\/v2\/media\/180755"}],"wp:attachment":[{"href":"https:\/\/www.em.com.br\/emfoco\/wp-json\/wp\/v2\/media?parent=180728"}],"wp:term":[{"taxonomy":"category","embeddable":true,"href":"https:\/\/www.em.com.br\/emfoco\/wp-json\/wp\/v2\/categories?post=180728"},{"taxonomy":"post_tag","embeddable":true,"href":"https:\/\/www.em.com.br\/emfoco\/wp-json\/wp\/v2\/tags?post=180728"}],"curies":[{"name":"wp","href":"https:\/\/api.w.org\/{rel}","templated":true}]}}