{"id":180727,"date":"2026-03-12T14:43:34","date_gmt":"2026-03-12T17:43:34","guid":{"rendered":"https:\/\/www.em.com.br\/emfoco\/?p=180727"},"modified":"2026-03-12T17:08:57","modified_gmt":"2026-03-12T20:08:57","slug":"arauco-injeta-r-25-bilhoes-em-cidade-de-8-mil-habitantes-e-abre-14-mil-vagas-em-ms","status":"publish","type":"post","link":"https:\/\/www.em.com.br\/emfoco\/2026\/03\/12\/arauco-injeta-r-25-bilhoes-em-cidade-de-8-mil-habitantes-e-abre-14-mil-vagas-em-ms\/","title":{"rendered":"Arauco injeta R$ 25 bilh\u00f5es em cidade de 8 mil habitantes e abre 14 mil vagas em MS"},"content":{"rendered":"\n<div style=\"margin: 40px 0; display: flex; justify-content: center; width: 100%;\">\n    \n    <style>\n        .people-box-container {\n            position: relative;\n            max-width: 600px;\n            width: 100%;\n            margin: 0 15px;\n            font-family: sans-serif;\n        }\n        \/* A sombra hachurada fina *\/\n        .people-box-container::after {\n            content: '';\n            position: absolute;\n            top: 8px;\n            left: 8px;\n            width: 100%;\n            height: 100%;\n            background: repeating-linear-gradient(-45deg, #000, #000 1px, transparent 1px, transparent 4px);\n            z-index: 1;\n        }\n        \/* O card principal com borda *\/\n        .people-box-content {\n            border: 1px solid #000;\n            background-color: #fff;\n            padding: 35px 25px 25px 25px;\n            position: relative;\n            z-index: 2;\n        }\n        \/* O t\u00edtulo cortando a borda superior *\/\n        .people-box-title {\n            position: absolute;\n            top: -10px;\n            left: 50%;\n            transform: translateX(-50%);\n            background: #fff;\n            padding: 0 15px;\n            margin: 0;\n            font-weight: bold;\n            font-size: 13px;\n            letter-spacing: 2px;\n            color: #000;\n            text-transform: uppercase;\n            white-space: nowrap;\n        }\n        \/* Ajustes da lista e textos *\/\n        .people-box-list {\n            list-style: none !important; \n            padding: 0 !important;\n            margin: 0;\n        }\n        .people-box-list li {\n            list-style-type: none !important;\n            position: relative;\n            padding-left: 20px;\n            margin-bottom: 20px;\n            line-height: 1.6;\n            color: #000;\n            font-size: 16px;\n        }\n        .people-box-list li:last-child {\n            margin-bottom: 0;\n        }\n        \/* A bolinha azul (bullet) customizada *\/\n        .people-box-list li::before {\n            content: '\u2022';\n            color: #0099cc; \/* Azul padr\u00e3o People *\/\n            font-size: 26px;\n            position: absolute;\n            left: 0;\n            top: -7px;\n        }\n    <\/style>\n\n    <div class=\"people-box-container\">\n        <div class=\"people-box-content\">\n            <h3 class=\"people-box-title\">Resumo do Projeto<\/h3>\n            \n            <ul class=\"people-box-list\">\n                <li><b>Cifra e Autoridade:<\/b> A multinacional Arauco confirmou o investimento de R$ 25 bilh\u00f5es (US$ 4,6 bilh\u00f5es) para construir a maior f\u00e1brica de celulose do mundo em etapa \u00fanica.<\/li>\n                <li><b>Impacto Geogr\u00e1fico:<\/b> O projeto est\u00e1 sendo erguido em Inoc\u00eancia, no Mato Grosso do Sul, uma cidade pequena que passa por uma transforma\u00e7\u00e3o econ\u00f4mica sem precedentes devido ao volume do aporte.<\/li>\n                <li><b>Divis\u00e3o das Vagas:<\/b> O empreendimento gera 14 mil empregos para a fase de constru\u00e7\u00e3o (tempor\u00e1rios) e 6 mil vagas fixas destinadas \u00e0 opera\u00e7\u00e3o e log\u00edstica da planta.<\/li>\n            <\/ul>\n        <\/div>\n    <\/div>\n<\/div>\n\n\n\n<p>A multinacional Arauco confirmou a constru\u00e7\u00e3o da maior f\u00e1brica de celulose do mundo em etapa \u00fanica em Inoc\u00eancia, no Mato Grosso do Sul. O Projeto Sucuri\u00fa tem investimento aprovado de US$ 4,6 bilh\u00f5es, o equivalente a mais de R$ 25 bilh\u00f5es. A megaobra vai gerar um pico de contrata\u00e7\u00f5es in\u00e9dito e transformar completamente a economia local.<\/p>\n\n\n\n<h2 class=\"wp-block-heading\">O tamanho do projeto<\/h2>\n\n\n\n<p>Para se ter ideia da propor\u00e7\u00e3o, a unidade produzir\u00e1 3,5 milh\u00f5es de toneladas de celulose por ano. O or\u00e7amento de R$ 25 bilh\u00f5es supera a arrecada\u00e7\u00e3o anual de v\u00e1rias capitais brasileiras. A infraestrutura inclui 400 mil hectares de \u00e1rea florestal e operar\u00e1 de forma autossuficiente. A usina vai gerar 400 MW de energia limpa \u2014 injetando na rede um volume que seria suficiente para abastecer uma cidade de mais de 800 mil habitantes.<\/p>\n\n\n\n<h2 class=\"wp-block-heading\">O impacto na cidade<\/h2>\n\n\n\n<p>Inoc\u00eancia tem apenas cerca de 8,7 mil moradores e j\u00e1 enfrenta uma mudan\u00e7a dr\u00e1stica na sua rotina. Apenas no in\u00edcio de 2026, a cidade liderou o saldo de empregos industriais em todo o estado, abrindo mais de mil novos postos com carteira assinada em janeiro. A chegada constante de trabalhadores, fornecedores e prestadores de servi\u00e7os impulsiona o mercado imobili\u00e1rio e comercial, for\u00e7ando uma r\u00e1pida expans\u00e3o da infraestrutura local para abrigar o volume populacional da obra.<\/p>\n\n\n<div class=\"wp-block-image\">\n<figure class=\"aligncenter size-large\"><img loading=\"lazy\" decoding=\"async\" width=\"1024\" height=\"585\" src=\"https:\/\/www.em.com.br\/emfoco\/wp-content\/uploads\/2026\/03\/image-4-1024x585.png\" alt=\"\" class=\"wp-image-180735\" srcset=\"https:\/\/www.em.com.br\/emfoco\/wp-content\/uploads\/2026\/03\/image-4-1024x585.png 1024w, https:\/\/www.em.com.br\/emfoco\/wp-content\/uploads\/2026\/03\/image-4-300x171.png 300w, https:\/\/www.em.com.br\/emfoco\/wp-content\/uploads\/2026\/03\/image-4-768x439.png 768w, https:\/\/www.em.com.br\/emfoco\/wp-content\/uploads\/2026\/03\/image-4-1536x877.png 1536w, https:\/\/www.em.com.br\/emfoco\/wp-content\/uploads\/2026\/03\/image-4-750x428.png 750w, https:\/\/www.em.com.br\/emfoco\/wp-content\/uploads\/2026\/03\/image-4-1140x651.png 1140w, https:\/\/www.em.com.br\/emfoco\/wp-content\/uploads\/2026\/03\/image-4.png 1600w\" sizes=\"auto, (max-width: 1024px) 100vw, 1024px\" \/><figcaption class=\"wp-element-caption\">Arauco injeta R$ 25 bilh\u00f5es em cidade de 8 mil habitantes e abre 14 mil vagas em MS<\/figcaption><\/figure><\/div>\n\n\n<h2 class=\"wp-block-heading\">Como enviar o curr\u00edculo<\/h2>\n\n\n\n<p>As vagas n\u00e3o s\u00e3o vital\u00edcias para todos e est\u00e3o divididas de forma exata. O projeto prev\u00ea 14 mil postos de trabalho no pico da fase de obras (vagas tempor\u00e1rias ligadas \u00e0 constru\u00e7\u00e3o) e cerca de 6 mil empregos na opera\u00e7\u00e3o definitiva (vagas fixas nas \u00e1reas industrial, florestal e de log\u00edstica).<\/p>\n\n\n\n<p>Os perfis buscados e os caminhos seguros para inscri\u00e7\u00e3o s\u00e3o:<\/p>\n\n\n\n<ul class=\"wp-block-list\">\n<li><strong>Log\u00edstica e Suprimentos:<\/strong> H\u00e1 um Banco de Talentos aberto recentemente (mar\u00e7o de 2026) buscando analistas, profissionais de transporte e almoxarifado.<\/li>\n\n\n\n<li><strong>Opera\u00e7\u00e3o Industrial:<\/strong> Foco em t\u00e9cnicos de automa\u00e7\u00e3o, celulose, eletrot\u00e9cnica, mec\u00e2nica e qu\u00edmica. H\u00e1 inclusive cursos de forma\u00e7\u00e3o bancados pelo Senai.<\/li>\n\n\n\n<li><strong>Fase de Obras:<\/strong> Demanda massiva da constru\u00e7\u00e3o civil (pedreiros, ajudantes, montadores e operadores de m\u00e1quinas pesadas).<\/li>\n<\/ul>\n\n\n\n<p>Evite intermedi\u00e1rios e cadastre seu curr\u00edculo apenas pelas rotas oficiais do projeto:<\/p>\n\n\n\n<ul class=\"wp-block-list\">\n<li><strong>P\u00e1gina de Carreiras Arauco:<\/strong> <a href=\"https:\/\/sucuriu.arauco.com\/trabalhe-conosco\/\" target=\"_blank\" rel=\"noreferrer noopener\">sucuriu.arauco.com\/trabalhe-conosco\/<\/a><\/li>\n\n\n\n<li><strong>Cursos de Qualifica\u00e7\u00e3o (Senai\/Arauco):<\/strong> sistemafiems.ms.senai.br\/abrace-este-projeto<\/li>\n<\/ul>\n","protected":false},"excerpt":{"rendered":"<p>Resumo do Projeto Cifra e Autoridade: A multinacional Arauco confirmou o investimento de R$ 25 bilh\u00f5es (US$ 4,6 bilh\u00f5es) para construir a maior f\u00e1brica de celulose do mundo em etapa \u00fanica. Impacto Geogr\u00e1fico: O projeto est\u00e1 sendo erguido em Inoc\u00eancia, no Mato Grosso do Sul, uma cidade pequena que passa por uma transforma\u00e7\u00e3o econ\u00f4mica sem [&hellip;]<\/p>\n","protected":false},"author":4,"featured_media":180906,"comment_status":"open","ping_status":"open","sticky":false,"template":"","format":"standard","meta":{"jnews-multi-image_gallery":[],"jnews_single_post":{"format":"standard"},"jnews_primary_category":[],"jnews_social_meta":[],"jnews_override_counter":[],"footnotes":""},"categories":[1],"tags":[25956,26088,25962,1967,25960,9345,26087],"class_list":["post-180727","post","type-post","status-publish","format-standard","has-post-thumbnail","hentry","category-noticias","tag-arauco","tag-industria-de-celulose","tag-inocencia-ms","tag-mercado-de-trabalho","tag-projeto-sucuriu","tag-vagas-de-emprego","tag-vagas-na-construcao-civil"],"yoast_head":"<!-- This site is optimized with the Yoast SEO plugin v23.8 - https:\/\/yoast.com\/wordpress\/plugins\/seo\/ -->\n<title>Arauco injeta R$ 25 bilh\u00f5es em cidade de 8 mil habitantes e abre 14 mil vagas em MS - Estado de Minas - Em foco<\/title>\n<meta name=\"description\" content=\"A Arauco investe R$ 25 bilh\u00f5es em Inoc\u00eancia (MS) e abre 14 mil vagas de obras e 6 mil fixas. Veja os perfis exigidos e envie seu curr\u00edculo pelo link oficial.\" \/>\n<meta name=\"robots\" content=\"index, follow, max-snippet:-1, max-image-preview:large, max-video-preview:-1\" \/>\n<link rel=\"canonical\" href=\"https:\/\/www.em.com.br\/emfoco\/2026\/03\/12\/arauco-injeta-r-25-bilhoes-em-cidade-de-8-mil-habitantes-e-abre-14-mil-vagas-em-ms\/\" \/>\n<meta property=\"og:locale\" content=\"pt_BR\" \/>\n<meta property=\"og:type\" content=\"article\" \/>\n<meta property=\"og:title\" content=\"Arauco injeta R$ 25 bilh\u00f5es em cidade de 8 mil habitantes e abre 14 mil vagas em MS - Estado de Minas - Em foco\" \/>\n<meta property=\"og:description\" content=\"A Arauco investe R$ 25 bilh\u00f5es em Inoc\u00eancia (MS) e abre 14 mil vagas de obras e 6 mil fixas. Veja os perfis exigidos e envie seu curr\u00edculo pelo link oficial.\" \/>\n<meta property=\"og:url\" content=\"https:\/\/www.em.com.br\/emfoco\/2026\/03\/12\/arauco-injeta-r-25-bilhoes-em-cidade-de-8-mil-habitantes-e-abre-14-mil-vagas-em-ms\/\" \/>\n<meta property=\"og:site_name\" content=\"Estado de Minas - Em foco\" \/>\n<meta property=\"article:published_time\" content=\"2026-03-12T17:43:34+00:00\" \/>\n<meta property=\"article:modified_time\" content=\"2026-03-12T20:08:57+00:00\" \/>\n<meta property=\"og:image\" content=\"https:\/\/www.em.com.br\/emfoco\/wp-content\/uploads\/2026\/03\/freepik__gigantesca-fbrica-de-celulose-moderna-em-construo-__36385-1.png\" \/>\n\t<meta property=\"og:image:width\" content=\"1279\" \/>\n\t<meta property=\"og:image:height\" content=\"714\" \/>\n\t<meta property=\"og:image:type\" content=\"image\/png\" \/>\n<meta name=\"author\" content=\"Jo\u00e3o Victor\" \/>\n<meta name=\"twitter:card\" content=\"summary_large_image\" \/>\n<meta name=\"twitter:label1\" content=\"Escrito por\" \/>\n\t<meta name=\"twitter:data1\" content=\"Jo\u00e3o Victor\" \/>\n\t<meta name=\"twitter:label2\" content=\"Est. tempo de leitura\" \/>\n\t<meta name=\"twitter:data2\" content=\"3 minutos\" \/>\n<!-- \/ Yoast SEO plugin. -->","yoast_head_json":{"title":"Arauco injeta R$ 25 bilh\u00f5es em cidade de 8 mil habitantes e abre 14 mil vagas em MS - Estado de Minas - Em foco","description":"A Arauco investe R$ 25 bilh\u00f5es em Inoc\u00eancia (MS) e abre 14 mil vagas de obras e 6 mil fixas. Veja os perfis exigidos e envie seu curr\u00edculo pelo link oficial.","robots":{"index":"index","follow":"follow","max-snippet":"max-snippet:-1","max-image-preview":"max-image-preview:large","max-video-preview":"max-video-preview:-1"},"canonical":"https:\/\/www.em.com.br\/emfoco\/2026\/03\/12\/arauco-injeta-r-25-bilhoes-em-cidade-de-8-mil-habitantes-e-abre-14-mil-vagas-em-ms\/","og_locale":"pt_BR","og_type":"article","og_title":"Arauco injeta R$ 25 bilh\u00f5es em cidade de 8 mil habitantes e abre 14 mil vagas em MS - Estado de Minas - Em foco","og_description":"A Arauco investe R$ 25 bilh\u00f5es em Inoc\u00eancia (MS) e abre 14 mil vagas de obras e 6 mil fixas. Veja os perfis exigidos e envie seu curr\u00edculo pelo link oficial.","og_url":"https:\/\/www.em.com.br\/emfoco\/2026\/03\/12\/arauco-injeta-r-25-bilhoes-em-cidade-de-8-mil-habitantes-e-abre-14-mil-vagas-em-ms\/","og_site_name":"Estado de Minas - Em foco","article_published_time":"2026-03-12T17:43:34+00:00","article_modified_time":"2026-03-12T20:08:57+00:00","og_image":[{"width":1279,"height":714,"url":"https:\/\/www.em.com.br\/emfoco\/wp-content\/uploads\/2026\/03\/freepik__gigantesca-fbrica-de-celulose-moderna-em-construo-__36385-1.png","type":"image\/png"}],"author":"Jo\u00e3o Victor","twitter_card":"summary_large_image","twitter_misc":{"Escrito por":"Jo\u00e3o Victor","Est. tempo de leitura":"3 minutos"},"schema":{"@context":"https:\/\/schema.org","@graph":[{"@type":"WebPage","@id":"https:\/\/www.em.com.br\/emfoco\/2026\/03\/12\/arauco-injeta-r-25-bilhoes-em-cidade-de-8-mil-habitantes-e-abre-14-mil-vagas-em-ms\/","url":"https:\/\/www.em.com.br\/emfoco\/2026\/03\/12\/arauco-injeta-r-25-bilhoes-em-cidade-de-8-mil-habitantes-e-abre-14-mil-vagas-em-ms\/","name":"Arauco injeta R$ 25 bilh\u00f5es em cidade de 8 mil habitantes e abre 14 mil vagas em MS - Estado de Minas - Em foco","isPartOf":{"@id":"https:\/\/www.em.com.br\/emfoco\/#website"},"primaryImageOfPage":{"@id":"https:\/\/www.em.com.br\/emfoco\/2026\/03\/12\/arauco-injeta-r-25-bilhoes-em-cidade-de-8-mil-habitantes-e-abre-14-mil-vagas-em-ms\/#primaryimage"},"image":{"@id":"https:\/\/www.em.com.br\/emfoco\/2026\/03\/12\/arauco-injeta-r-25-bilhoes-em-cidade-de-8-mil-habitantes-e-abre-14-mil-vagas-em-ms\/#primaryimage"},"thumbnailUrl":"https:\/\/www.em.com.br\/emfoco\/wp-content\/uploads\/2026\/03\/freepik__gigantesca-fbrica-de-celulose-moderna-em-construo-__36385-1.png","datePublished":"2026-03-12T17:43:34+00:00","dateModified":"2026-03-12T20:08:57+00:00","author":{"@id":"https:\/\/www.em.com.br\/emfoco\/#\/schema\/person\/ec46061509d7a6a48a18f70cd167327c"},"description":"A Arauco investe R$ 25 bilh\u00f5es em Inoc\u00eancia (MS) e abre 14 mil vagas de obras e 6 mil fixas. Veja os perfis exigidos e envie seu curr\u00edculo pelo link oficial.","breadcrumb":{"@id":"https:\/\/www.em.com.br\/emfoco\/2026\/03\/12\/arauco-injeta-r-25-bilhoes-em-cidade-de-8-mil-habitantes-e-abre-14-mil-vagas-em-ms\/#breadcrumb"},"inLanguage":"pt-BR","potentialAction":[{"@type":"ReadAction","target":["https:\/\/www.em.com.br\/emfoco\/2026\/03\/12\/arauco-injeta-r-25-bilhoes-em-cidade-de-8-mil-habitantes-e-abre-14-mil-vagas-em-ms\/"]}]},{"@type":"ImageObject","inLanguage":"pt-BR","@id":"https:\/\/www.em.com.br\/emfoco\/2026\/03\/12\/arauco-injeta-r-25-bilhoes-em-cidade-de-8-mil-habitantes-e-abre-14-mil-vagas-em-ms\/#primaryimage","url":"https:\/\/www.em.com.br\/emfoco\/wp-content\/uploads\/2026\/03\/freepik__gigantesca-fbrica-de-celulose-moderna-em-construo-__36385-1.png","contentUrl":"https:\/\/www.em.com.br\/emfoco\/wp-content\/uploads\/2026\/03\/freepik__gigantesca-fbrica-de-celulose-moderna-em-construo-__36385-1.png","width":1279,"height":714,"caption":"Para se ter ideia da propor\u00e7\u00e3o, a unidade produzir\u00e1 3,5 milh\u00f5es de toneladas de celulose por ano"},{"@type":"BreadcrumbList","@id":"https:\/\/www.em.com.br\/emfoco\/2026\/03\/12\/arauco-injeta-r-25-bilhoes-em-cidade-de-8-mil-habitantes-e-abre-14-mil-vagas-em-ms\/#breadcrumb","itemListElement":[{"@type":"ListItem","position":1,"name":"In\u00edcio","item":"https:\/\/www.em.com.br\/emfoco\/"},{"@type":"ListItem","position":2,"name":"Arauco injeta R$ 25 bilh\u00f5es em cidade de 8 mil habitantes e abre 14 mil vagas em MS"}]},{"@type":"WebSite","@id":"https:\/\/www.em.com.br\/emfoco\/#website","url":"https:\/\/www.em.com.br\/emfoco\/","name":"Estado de Minas - Em foco","description":"Acompanhe as \u00faltimas not\u00edcias e fique bem informado sobre tudo o que acontece em Minas Gerais, Brasil e no mundo.","potentialAction":[{"@type":"SearchAction","target":{"@type":"EntryPoint","urlTemplate":"https:\/\/www.em.com.br\/emfoco\/?s={search_term_string}"},"query-input":{"@type":"PropertyValueSpecification","valueRequired":true,"valueName":"search_term_string"}}],"inLanguage":"pt-BR"},{"@type":"Person","@id":"https:\/\/www.em.com.br\/emfoco\/#\/schema\/person\/ec46061509d7a6a48a18f70cd167327c","name":"Jo\u00e3o Victor","image":{"@type":"ImageObject","inLanguage":"pt-BR","@id":"https:\/\/www.em.com.br\/emfoco\/#\/schema\/person\/image\/","url":"https:\/\/secure.gravatar.com\/avatar\/c70f0bc70a127808cfa0c6bd5694635c?s=96&d=mm&r=g","contentUrl":"https:\/\/secure.gravatar.com\/avatar\/c70f0bc70a127808cfa0c6bd5694635c?s=96&d=mm&r=g","caption":"Jo\u00e3o Victor"},"url":"https:\/\/www.em.com.br\/emfoco\/author\/joaoseika\/"}]}},"_links":{"self":[{"href":"https:\/\/www.em.com.br\/emfoco\/wp-json\/wp\/v2\/posts\/180727","targetHints":{"allow":["GET"]}}],"collection":[{"href":"https:\/\/www.em.com.br\/emfoco\/wp-json\/wp\/v2\/posts"}],"about":[{"href":"https:\/\/www.em.com.br\/emfoco\/wp-json\/wp\/v2\/types\/post"}],"author":[{"embeddable":true,"href":"https:\/\/www.em.com.br\/emfoco\/wp-json\/wp\/v2\/users\/4"}],"replies":[{"embeddable":true,"href":"https:\/\/www.em.com.br\/emfoco\/wp-json\/wp\/v2\/comments?post=180727"}],"version-history":[{"count":5,"href":"https:\/\/www.em.com.br\/emfoco\/wp-json\/wp\/v2\/posts\/180727\/revisions"}],"predecessor-version":[{"id":180772,"href":"https:\/\/www.em.com.br\/emfoco\/wp-json\/wp\/v2\/posts\/180727\/revisions\/180772"}],"wp:featuredmedia":[{"embeddable":true,"href":"https:\/\/www.em.com.br\/emfoco\/wp-json\/wp\/v2\/media\/180906"}],"wp:attachment":[{"href":"https:\/\/www.em.com.br\/emfoco\/wp-json\/wp\/v2\/media?parent=180727"}],"wp:term":[{"taxonomy":"category","embeddable":true,"href":"https:\/\/www.em.com.br\/emfoco\/wp-json\/wp\/v2\/categories?post=180727"},{"taxonomy":"post_tag","embeddable":true,"href":"https:\/\/www.em.com.br\/emfoco\/wp-json\/wp\/v2\/tags?post=180727"}],"curies":[{"name":"wp","href":"https:\/\/api.w.org\/{rel}","templated":true}]}}