{"id":180698,"date":"2026-03-16T15:25:00","date_gmt":"2026-03-16T18:25:00","guid":{"rendered":"https:\/\/www.em.com.br\/emfoco\/?p=180698"},"modified":"2026-03-12T14:14:43","modified_gmt":"2026-03-12T17:14:43","slug":"agua-de-arroz-fermentada-como-usar-no-cabelo-para-ajudar-no-crescimento-e-no-brilho-dos-fios","status":"publish","type":"post","link":"https:\/\/www.em.com.br\/emfoco\/2026\/03\/16\/agua-de-arroz-fermentada-como-usar-no-cabelo-para-ajudar-no-crescimento-e-no-brilho-dos-fios\/","title":{"rendered":"\u00c1gua de arroz fermentada: como usar no cabelo para ajudar no crescimento e no brilho dos fios"},"content":{"rendered":"\n<p>A <strong>\u00e1gua de arroz fermentada<\/strong> vem ganhando espa\u00e7o como alternativa simples e baratinha para quem quer estimular o crescimento do cabelo e melhorar o brilho dos fios. Mesmo sendo um m\u00e9todo tradicional em algumas culturas asi\u00e1ticas, hoje ela aparece nas rotinas de cuidados capilares como um complemento que pode ajudar na hidrata\u00e7\u00e3o, na sensa\u00e7\u00e3o de for\u00e7a e na redu\u00e7\u00e3o da quebra, desde que usada com aten\u00e7\u00e3o ao tipo de cabelo e \u00e0 sensibilidade do couro cabeludo.<\/p>\n\n\n\n<h2 class=\"wp-block-heading\">O que \u00e9 \u00e1gua de arroz fermentada para cabelo e como ela age nos fios<\/h2>\n\n\n\n<p>A \u00e1gua de arroz fermentada \u00e9 o l\u00edquido obtido ao deixar o arroz de molho em \u00e1gua por um tempo prolongado, permitindo a a\u00e7\u00e3o de micro-organismos naturais. Durante a fermenta\u00e7\u00e3o, o pH fica mais \u00e1cido e alguns componentes se concentram, como <strong><a href=\"https:\/\/www.em.com.br\/emfoco\/2026\/03\/05\/as-5-vitaminas-essenciais-que-toda-mulher-apos-os-40-anos-precisa-repor-para-frear-a-queda-de-cabelo\/\" target=\"_blank\" rel=\"noreferrer noopener\">vitaminas<\/a><\/strong>, amino\u00e1cidos e antioxidantes, que podem trazer sensa\u00e7\u00e3o de fortalecimento e mais alinhamento aos fios.<\/p>\n\n\n\n<p>Seu uso capilar costuma ser associado a relatos de redu\u00e7\u00e3o do frizz, melhora do toque, sensa\u00e7\u00e3o de maior densidade capilar e menos quebra com o tempo. Os resultados variam de pessoa para pessoa e n\u00e3o substituem tratamentos m\u00e9dicos, mas a t\u00e9cnica se consolidou como uma op\u00e7\u00e3o de baixo custo para complementar a rotina de cuidados com couro cabeludo e comprimento.<\/p>\n\n\n\n<figure class=\"wp-block-image size-large\"><img loading=\"lazy\" decoding=\"async\" width=\"1024\" height=\"576\" src=\"https:\/\/www.em.com.br\/emfoco\/wp-content\/uploads\/2026\/03\/6-43-1024x576.jpg\" alt=\"\u00c1gua de arroz fermentada: como usar no cabelo para ajudar no crescimento e no brilho dos fios\" class=\"wp-image-180711\" srcset=\"https:\/\/www.em.com.br\/emfoco\/wp-content\/uploads\/2026\/03\/6-43-1024x576.jpg 1024w, https:\/\/www.em.com.br\/emfoco\/wp-content\/uploads\/2026\/03\/6-43-300x169.jpg 300w, https:\/\/www.em.com.br\/emfoco\/wp-content\/uploads\/2026\/03\/6-43-768x432.jpg 768w, https:\/\/www.em.com.br\/emfoco\/wp-content\/uploads\/2026\/03\/6-43-750x422.jpg 750w, https:\/\/www.em.com.br\/emfoco\/wp-content\/uploads\/2026\/03\/6-43-1140x641.jpg 1140w, https:\/\/www.em.com.br\/emfoco\/wp-content\/uploads\/2026\/03\/6-43.jpg 1280w\" sizes=\"auto, (max-width: 1024px) 100vw, 1024px\" \/><figcaption class=\"wp-element-caption\">Amino\u00e1cidos e vitaminas concentrados fortalecem a estrutura da fibra capilar humana<\/figcaption><\/figure>\n\n\n\n<h2 class=\"wp-block-heading\">Como preparar \u00e1gua de arroz fermentada em casa de forma segura<\/h2>\n\n\n\n<p>O preparo da \u00e1gua de arroz fermentada \u00e9 simples e pode ser feito com arroz branco tradicional ou outras variedades, desde que sem temperos ou \u00f3leos. A higiene dos utens\u00edlios e o armazenamento correto s\u00e3o fundamentais para reduzir o risco de contamina\u00e7\u00e3o durante o processo de fermenta\u00e7\u00e3o.<\/p>\n\n\n\n<p>Um passo a passo comum inclui:<\/p>\n\n\n\n<ol class=\"wp-block-list\">\n<li><strong>Separar o arroz:<\/strong>\u00a0medir cerca de meia x\u00edcara de arroz cru, sem temperos ou \u00f3leos.<\/li>\n\n\n\n<li><strong>Lavar o arroz:<\/strong>\u00a0enxaguar rapidamente em \u00e1gua corrente para remover impurezas superficiais.<\/li>\n\n\n\n<li><strong>Deixar de molho:<\/strong>\u00a0colocar o arroz em um recipiente de vidro ou pl\u00e1stico limpo e adicionar de uma a duas x\u00edcaras de \u00e1gua filtrada.<\/li>\n\n\n\n<li><strong>Misturar:<\/strong>\u00a0mexer com uma colher at\u00e9 a \u00e1gua ficar levemente turva, liberando o amido.<\/li>\n\n\n\n<li><strong>Fermentar:<\/strong>\u00a0tampar o recipiente sem vedar totalmente e deixar em temperatura ambiente por 24 a 48 horas, observando o surgimento de um leve odor \u00e1cido.<\/li>\n\n\n\n<li><strong>Coar:<\/strong>\u00a0ap\u00f3s o per\u00edodo de fermenta\u00e7\u00e3o, coar o l\u00edquido e descartar os gr\u00e3os ou utiliz\u00e1-los em outra receita culin\u00e1ria.<\/li>\n\n\n\n<li><strong>Armazenar:<\/strong>\u00a0guardar a \u00e1gua de arroz fermentada em frasco limpo, preferencialmente de vidro, na geladeira por at\u00e9 5 dias.<\/li>\n<\/ol>\n\n\n\n<h2 class=\"wp-block-heading\">Como usar \u00e1gua de arroz fermentada no cabelo para estimular o crescimento<\/h2>\n\n\n\n<p>Na rotina capilar, a \u00e1gua de arroz fermentada \u00e9 usada como tratamento complementar ao shampoo e condicionador, ajudando a estimular o couro cabeludo e a reduzir a quebra. A sensa\u00e7\u00e3o de crescimento acelerado costuma estar ligada \u00e0 combina\u00e7\u00e3o de menor dano, melhor hidrata\u00e7\u00e3o e cuidado constante com os fios.<\/p>\n\n\n\n<p>Um modo frequente de aplica\u00e7\u00e3o inclui lavar o couro cabeludo com um shampoo adequado e, com o cabelo \u00famido, aplicar a \u00e1gua de arroz fermentada em todo o couro cabeludo e comprimento. Depois, massagear suavemente, deixar agir de 10 a 20 minutos, conforme a sensibilidade, e enxaguar bem apenas com \u00e1gua ou finalizando com condicionador quando necess\u00e1rio.<\/p>\n\n\n\n<p>Confira o v\u00eddeo compartilhado pelo canal do YouTube <strong><a href=\"https:\/\/www.youtube.com\/@kayokotakeda\" target=\"_blank\" rel=\"noreferrer noopener\">Kayoko Takeda<\/a><\/strong> falando sobre todos os benef\u00edcios da \u00e1gua de arroz fermentada e como incluir na sua rotina de autocuidado.<\/p>\n\n\n\n<figure class=\"wp-block-embed is-type-video is-provider-youtube wp-block-embed-youtube wp-embed-aspect-16-9 wp-has-aspect-ratio\"><div class=\"wp-block-embed__wrapper\">\n<div class=\"jeg_video_container jeg_video_content\"><iframe loading=\"lazy\" title=\"\u00c1GUA DE ARROZ FERMENTADA - BELEZA NATURAL\" width=\"500\" height=\"281\" src=\"https:\/\/www.youtube.com\/embed\/j0IknbckJXg?feature=oembed\" frameborder=\"0\" allow=\"accelerometer; autoplay; clipboard-write; encrypted-media; gyroscope; picture-in-picture; web-share\" referrerpolicy=\"strict-origin-when-cross-origin\" allowfullscreen><\/iframe><\/div>\n<\/div><\/figure>\n\n\n\n<h2 class=\"wp-block-heading\">Quais cuidados e sinais de alerta ao usar \u00e1gua de arroz fermentada<\/h2>\n\n\n\n<p>Embora seja um preparo simples, \u00e9 importante observar a rea\u00e7\u00e3o do couro cabeludo e dos fios ao longo das semanas e evitar exageros. Mudan\u00e7a forte de cheiro, cor estranha ou res\u00edduos no frasco indicam que o l\u00edquido pode estar impr\u00f3prio para uso e deve ser descartado.<\/p>\n\n\n\n<ul class=\"wp-block-list\">\n<li>Fa\u00e7a um teste em pequena \u00e1rea do couro cabeludo antes da primeira aplica\u00e7\u00e3o completa.<\/li>\n\n\n\n<li>Use de uma a duas vezes por semana, ajustando se notar ressecamento, coceira ou ard\u00eancia.<\/li>\n\n\n\n<li>Reduza a frequ\u00eancia em cabelos muito finos, quimicamente tratados ou com hist\u00f3rico de alergias.<\/li>\n\n\n\n<li>Procure um profissional em casos de queda intensa, falhas vis\u00edveis ou feridas no couro cabeludo.<\/li>\n<\/ul>\n\n\n\n<h2 class=\"wp-block-heading\">Vale a pena usar \u00e1gua de arroz fermentada no cabelo e quando buscar ajuda profissional<\/h2>\n\n\n\n<p>Com preparo correto, higiene, uso moderado e aten\u00e7\u00e3o aos sinais do seu couro cabeludo, a \u00e1gua de arroz fermentada pode ser um refor\u00e7o interessante para quem busca fios mais fortes, alinhados e com apar\u00eancia de maior densidade. Ela n\u00e3o faz milagres, mas pode somar aos cuidados di\u00e1rios, junto com boa alimenta\u00e7\u00e3o, sono adequado e redu\u00e7\u00e3o de danos qu\u00edmicos e mec\u00e2nicos.<\/p>\n\n\n\n<p>Se voc\u00ea sente que seu cabelo est\u00e1 caindo mais que o normal, percebe falhas ou desconforto persistente na raiz, n\u00e3o espere piorar: agende o quanto antes uma avalia\u00e7\u00e3o com dermatologista ou tricologista. Comece a testar a \u00e1gua de arroz fermentada com cautela, observe os resultados e, diante de qualquer sinal estranho, interrompa o uso e busque ajuda profissional para proteger a sa\u00fade dos seus fios agora, antes que o problema avance.<\/p>\n","protected":false},"excerpt":{"rendered":"<p>A \u00e1gua de arroz fermentada vem ganhando espa\u00e7o como alternativa simples e baratinha para quem quer estimular o crescimento do cabelo e melhorar o brilho dos fios. Mesmo sendo um m\u00e9todo tradicional em algumas culturas asi\u00e1ticas, hoje ela aparece nas rotinas de cuidados capilares como um complemento que pode ajudar na hidrata\u00e7\u00e3o, na sensa\u00e7\u00e3o de [&hellip;]<\/p>\n","protected":false},"author":13,"featured_media":180712,"comment_status":"open","ping_status":"open","sticky":false,"template":"","format":"standard","meta":{"jnews-multi-image_gallery":[],"jnews_single_post":{"format":"standard"},"jnews_primary_category":[],"jnews_social_meta":[],"jnews_override_counter":[],"footnotes":""},"categories":[8819],"tags":[11164,712,16176],"class_list":["post-180698","post","type-post","status-publish","format-standard","has-post-thumbnail","hentry","category-curiosidades","tag-agua-de-arroz-fermentada","tag-autocuidado","tag-crescimento-do-cabelo"],"yoast_head":"<!-- This site is optimized with the Yoast SEO plugin v23.8 - https:\/\/yoast.com\/wordpress\/plugins\/seo\/ -->\n<title>\u00c1gua de arroz fermentada: como usar no cabelo para ajudar no crescimento e no brilho dos fios - Estado de Minas - Em foco<\/title>\n<meta name=\"description\" content=\"Esse preparo simples com arroz vem sendo usado para fortalecer os fios e reduzir a quebra. Veja como fazer e aplicar no cabelo.\" \/>\n<meta name=\"robots\" content=\"index, follow, max-snippet:-1, max-image-preview:large, max-video-preview:-1\" \/>\n<link rel=\"canonical\" href=\"https:\/\/www.em.com.br\/emfoco\/2026\/03\/16\/agua-de-arroz-fermentada-como-usar-no-cabelo-para-ajudar-no-crescimento-e-no-brilho-dos-fios\/\" \/>\n<meta property=\"og:locale\" content=\"pt_BR\" \/>\n<meta property=\"og:type\" content=\"article\" \/>\n<meta property=\"og:title\" content=\"\u00c1gua de arroz fermentada: como usar no cabelo para ajudar no crescimento e no brilho dos fios - Estado de Minas - Em foco\" \/>\n<meta property=\"og:description\" content=\"Esse preparo simples com arroz vem sendo usado para fortalecer os fios e reduzir a quebra. Veja como fazer e aplicar no cabelo.\" \/>\n<meta property=\"og:url\" content=\"https:\/\/www.em.com.br\/emfoco\/2026\/03\/16\/agua-de-arroz-fermentada-como-usar-no-cabelo-para-ajudar-no-crescimento-e-no-brilho-dos-fios\/\" \/>\n<meta property=\"og:site_name\" content=\"Estado de Minas - Em foco\" \/>\n<meta property=\"article:published_time\" content=\"2026-03-16T18:25:00+00:00\" \/>\n<meta property=\"article:modified_time\" content=\"2026-03-12T17:14:43+00:00\" \/>\n<meta property=\"og:image\" content=\"https:\/\/www.em.com.br\/emfoco\/wp-content\/uploads\/2026\/03\/7-35.jpg\" \/>\n\t<meta property=\"og:image:width\" content=\"1280\" \/>\n\t<meta property=\"og:image:height\" content=\"720\" \/>\n\t<meta property=\"og:image:type\" content=\"image\/jpeg\" \/>\n<meta name=\"author\" content=\"Gabriel Martins\" \/>\n<meta name=\"twitter:card\" content=\"summary_large_image\" \/>\n<meta name=\"twitter:label1\" content=\"Escrito por\" \/>\n\t<meta name=\"twitter:data1\" content=\"Gabriel Martins\" \/>\n\t<meta name=\"twitter:label2\" content=\"Est. tempo de leitura\" \/>\n\t<meta name=\"twitter:data2\" content=\"5 minutos\" \/>\n<!-- \/ Yoast SEO plugin. -->","yoast_head_json":{"title":"\u00c1gua de arroz fermentada: como usar no cabelo para ajudar no crescimento e no brilho dos fios - Estado de Minas - Em foco","description":"Esse preparo simples com arroz vem sendo usado para fortalecer os fios e reduzir a quebra. Veja como fazer e aplicar no cabelo.","robots":{"index":"index","follow":"follow","max-snippet":"max-snippet:-1","max-image-preview":"max-image-preview:large","max-video-preview":"max-video-preview:-1"},"canonical":"https:\/\/www.em.com.br\/emfoco\/2026\/03\/16\/agua-de-arroz-fermentada-como-usar-no-cabelo-para-ajudar-no-crescimento-e-no-brilho-dos-fios\/","og_locale":"pt_BR","og_type":"article","og_title":"\u00c1gua de arroz fermentada: como usar no cabelo para ajudar no crescimento e no brilho dos fios - Estado de Minas - Em foco","og_description":"Esse preparo simples com arroz vem sendo usado para fortalecer os fios e reduzir a quebra. Veja como fazer e aplicar no cabelo.","og_url":"https:\/\/www.em.com.br\/emfoco\/2026\/03\/16\/agua-de-arroz-fermentada-como-usar-no-cabelo-para-ajudar-no-crescimento-e-no-brilho-dos-fios\/","og_site_name":"Estado de Minas - Em foco","article_published_time":"2026-03-16T18:25:00+00:00","article_modified_time":"2026-03-12T17:14:43+00:00","og_image":[{"width":1280,"height":720,"url":"https:\/\/www.em.com.br\/emfoco\/wp-content\/uploads\/2026\/03\/7-35.jpg","type":"image\/jpeg"}],"author":"Gabriel Martins","twitter_card":"summary_large_image","twitter_misc":{"Escrito por":"Gabriel Martins","Est. tempo de leitura":"5 minutos"},"schema":{"@context":"https:\/\/schema.org","@graph":[{"@type":"WebPage","@id":"https:\/\/www.em.com.br\/emfoco\/2026\/03\/16\/agua-de-arroz-fermentada-como-usar-no-cabelo-para-ajudar-no-crescimento-e-no-brilho-dos-fios\/","url":"https:\/\/www.em.com.br\/emfoco\/2026\/03\/16\/agua-de-arroz-fermentada-como-usar-no-cabelo-para-ajudar-no-crescimento-e-no-brilho-dos-fios\/","name":"\u00c1gua de arroz fermentada: como usar no cabelo para ajudar no crescimento e no brilho dos fios - Estado de Minas - Em foco","isPartOf":{"@id":"https:\/\/www.em.com.br\/emfoco\/#website"},"primaryImageOfPage":{"@id":"https:\/\/www.em.com.br\/emfoco\/2026\/03\/16\/agua-de-arroz-fermentada-como-usar-no-cabelo-para-ajudar-no-crescimento-e-no-brilho-dos-fios\/#primaryimage"},"image":{"@id":"https:\/\/www.em.com.br\/emfoco\/2026\/03\/16\/agua-de-arroz-fermentada-como-usar-no-cabelo-para-ajudar-no-crescimento-e-no-brilho-dos-fios\/#primaryimage"},"thumbnailUrl":"https:\/\/www.em.com.br\/emfoco\/wp-content\/uploads\/2026\/03\/7-35.jpg","datePublished":"2026-03-16T18:25:00+00:00","dateModified":"2026-03-12T17:14:43+00:00","author":{"@id":"https:\/\/www.em.com.br\/emfoco\/#\/schema\/person\/1c9ddeab18b98abeffef834667bcf08a"},"description":"Esse preparo simples com arroz vem sendo usado para fortalecer os fios e reduzir a quebra. Veja como fazer e aplicar no cabelo.","breadcrumb":{"@id":"https:\/\/www.em.com.br\/emfoco\/2026\/03\/16\/agua-de-arroz-fermentada-como-usar-no-cabelo-para-ajudar-no-crescimento-e-no-brilho-dos-fios\/#breadcrumb"},"inLanguage":"pt-BR","potentialAction":[{"@type":"ReadAction","target":["https:\/\/www.em.com.br\/emfoco\/2026\/03\/16\/agua-de-arroz-fermentada-como-usar-no-cabelo-para-ajudar-no-crescimento-e-no-brilho-dos-fios\/"]}]},{"@type":"ImageObject","inLanguage":"pt-BR","@id":"https:\/\/www.em.com.br\/emfoco\/2026\/03\/16\/agua-de-arroz-fermentada-como-usar-no-cabelo-para-ajudar-no-crescimento-e-no-brilho-dos-fios\/#primaryimage","url":"https:\/\/www.em.com.br\/emfoco\/wp-content\/uploads\/2026\/03\/7-35.jpg","contentUrl":"https:\/\/www.em.com.br\/emfoco\/wp-content\/uploads\/2026\/03\/7-35.jpg","width":1280,"height":720,"caption":"L\u00edquido fermentado estimula o crescimento e melhora o brilho dos fios"},{"@type":"BreadcrumbList","@id":"https:\/\/www.em.com.br\/emfoco\/2026\/03\/16\/agua-de-arroz-fermentada-como-usar-no-cabelo-para-ajudar-no-crescimento-e-no-brilho-dos-fios\/#breadcrumb","itemListElement":[{"@type":"ListItem","position":1,"name":"In\u00edcio","item":"https:\/\/www.em.com.br\/emfoco\/"},{"@type":"ListItem","position":2,"name":"\u00c1gua de arroz fermentada: como usar no cabelo para ajudar no crescimento e no brilho dos fios"}]},{"@type":"WebSite","@id":"https:\/\/www.em.com.br\/emfoco\/#website","url":"https:\/\/www.em.com.br\/emfoco\/","name":"Estado de Minas - Em foco","description":"Acompanhe as \u00faltimas not\u00edcias e fique bem informado sobre tudo o que acontece em Minas Gerais, Brasil e no mundo.","potentialAction":[{"@type":"SearchAction","target":{"@type":"EntryPoint","urlTemplate":"https:\/\/www.em.com.br\/emfoco\/?s={search_term_string}"},"query-input":{"@type":"PropertyValueSpecification","valueRequired":true,"valueName":"search_term_string"}}],"inLanguage":"pt-BR"},{"@type":"Person","@id":"https:\/\/www.em.com.br\/emfoco\/#\/schema\/person\/1c9ddeab18b98abeffef834667bcf08a","name":"Gabriel Martins","image":{"@type":"ImageObject","inLanguage":"pt-BR","@id":"https:\/\/www.em.com.br\/emfoco\/#\/schema\/person\/image\/","url":"https:\/\/secure.gravatar.com\/avatar\/f0f1e2efdfd88f1ad2cb08c5c2731e50?s=96&d=mm&r=g","contentUrl":"https:\/\/secure.gravatar.com\/avatar\/f0f1e2efdfd88f1ad2cb08c5c2731e50?s=96&d=mm&r=g","caption":"Gabriel Martins"},"sameAs":["https:\/\/www.em.com.br\/emfoco\/"],"url":"https:\/\/www.em.com.br\/emfoco\/author\/gabrielmartinsmyth\/"}]}},"_links":{"self":[{"href":"https:\/\/www.em.com.br\/emfoco\/wp-json\/wp\/v2\/posts\/180698","targetHints":{"allow":["GET"]}}],"collection":[{"href":"https:\/\/www.em.com.br\/emfoco\/wp-json\/wp\/v2\/posts"}],"about":[{"href":"https:\/\/www.em.com.br\/emfoco\/wp-json\/wp\/v2\/types\/post"}],"author":[{"embeddable":true,"href":"https:\/\/www.em.com.br\/emfoco\/wp-json\/wp\/v2\/users\/13"}],"replies":[{"embeddable":true,"href":"https:\/\/www.em.com.br\/emfoco\/wp-json\/wp\/v2\/comments?post=180698"}],"version-history":[{"count":1,"href":"https:\/\/www.em.com.br\/emfoco\/wp-json\/wp\/v2\/posts\/180698\/revisions"}],"predecessor-version":[{"id":180719,"href":"https:\/\/www.em.com.br\/emfoco\/wp-json\/wp\/v2\/posts\/180698\/revisions\/180719"}],"wp:featuredmedia":[{"embeddable":true,"href":"https:\/\/www.em.com.br\/emfoco\/wp-json\/wp\/v2\/media\/180712"}],"wp:attachment":[{"href":"https:\/\/www.em.com.br\/emfoco\/wp-json\/wp\/v2\/media?parent=180698"}],"wp:term":[{"taxonomy":"category","embeddable":true,"href":"https:\/\/www.em.com.br\/emfoco\/wp-json\/wp\/v2\/categories?post=180698"},{"taxonomy":"post_tag","embeddable":true,"href":"https:\/\/www.em.com.br\/emfoco\/wp-json\/wp\/v2\/tags?post=180698"}],"curies":[{"name":"wp","href":"https:\/\/api.w.org\/{rel}","templated":true}]}}