{"id":180696,"date":"2026-03-16T20:45:00","date_gmt":"2026-03-16T23:45:00","guid":{"rendered":"https:\/\/www.em.com.br\/emfoco\/?p=180696"},"modified":"2026-03-12T14:13:30","modified_gmt":"2026-03-12T17:13:30","slug":"faca-estes-exercicios-na-cama-e-veja-como-seu-abdomen-pode-ficar-mais-firme-depois-dos-60","status":"publish","type":"post","link":"https:\/\/www.em.com.br\/emfoco\/2026\/03\/16\/faca-estes-exercicios-na-cama-e-veja-como-seu-abdomen-pode-ficar-mais-firme-depois-dos-60\/","title":{"rendered":"Fa\u00e7a estes exerc\u00edcios na cama e veja como seu abd\u00f4men pode ficar mais firme depois dos 60"},"content":{"rendered":"\n<p>Com o passar dos anos, o corpo muda e isso impacta for\u00e7a, equil\u00edbrio e a forma como a gordura se distribui, especialmente abaixo do umbigo. Mesmo assim, muitas pessoas depois dos 60 continuam interessadas em manter o abd\u00f4men inferior mais liso, tanto pela est\u00e9tica quanto pela sensa\u00e7\u00e3o de estabilidade ao caminhar, levantar ou mudar de posi\u00e7\u00e3o, e os exerc\u00edcios feitos na cama surgem como alternativa acess\u00edvel para quem sente desconforto no ch\u00e3o ou prefere um ambiente mais confort\u00e1vel para se movimentar.<\/p>\n\n\n\n<h2 class=\"wp-block-heading\">Abd\u00f4men inferior mais liso ap\u00f3s os 60 anos \u00e9 poss\u00edvel<\/h2>\n\n\n\n<p>Ter um abd\u00f4men inferior mais liso ap\u00f3s os 60 anos n\u00e3o significa aus\u00eancia total de gordura, e sim uma regi\u00e3o mais firme, com postura organizada e musculatura ativa. Alimenta\u00e7\u00e3o, sono, n\u00edvel de atividade f\u00edsica ao longo da vida e mudan\u00e7as hormonais influenciam diretamente o ac\u00famulo de gordura abdominal.<\/p>\n\n\n\n<p>Nessa faixa et\u00e1ria, a prioridade costuma ser funcional: levantar da cama com menos esfor\u00e7o, manter o <strong><a href=\"https:\/\/www.em.com.br\/emfoco\/2026\/03\/10\/como-cada-signo-pode-superar-um-marco-dificil-e-manter-equilibrio-emocional-mesmo-em-um-periodo-mais-intenso\/\" target=\"_blank\" rel=\"noreferrer noopener\">equil\u00edbrio <\/a><\/strong>e evitar dores na lombar ao ficar muito tempo sentado. A apar\u00eancia mais lisa tende a ser consequ\u00eancia do conjunto entre exerc\u00edcio regular, rotina saud\u00e1vel e respeito aos limites do corpo.<\/p>\n\n\n\n<p>Confira o v\u00eddeo compartilhado pelo canal do YouTube <strong><a href=\"https:\/\/www.youtube.com\/@aurelioalfieri\">Aur\u00e9lio Alfieri<\/a><\/strong> ensinando a fazer um abdominal n\u00edvel f\u00e1cil para come\u00e7ar a entender os movimentos.<\/p>\n\n\n\n<figure class=\"wp-block-embed is-type-video is-provider-youtube wp-block-embed-youtube wp-embed-aspect-16-9 wp-has-aspect-ratio\"><div class=\"wp-block-embed__wrapper\">\n<div class=\"jeg_video_container jeg_video_content\"><iframe loading=\"lazy\" title=\"PRANCHA NA PAREDE | N\u00edvel 2 | Abdominal F\u00c1CIL para Iniciantes e Idosos | Exerc\u00edcios para Idosos\" width=\"500\" height=\"281\" src=\"https:\/\/www.youtube.com\/embed\/Hp-k0crifnI?feature=oembed\" frameborder=\"0\" allow=\"accelerometer; autoplay; clipboard-write; encrypted-media; gyroscope; picture-in-picture; web-share\" referrerpolicy=\"strict-origin-when-cross-origin\" allowfullscreen><\/iframe><\/div>\n<\/div><\/figure>\n\n\n\n<h2 class=\"wp-block-heading\">Por que escolher exerc\u00edcios de abd\u00f4men na cama depois dos 60 anos<\/h2>\n\n\n\n<p>Os abdominais tradicionais geralmente exigem deitar no ch\u00e3o ou apoiar o corpo em superf\u00edcies duras, o que incomoda joelhos, quadris, pesco\u00e7o e lombar. A cama oferece um ambiente conhecido, macio e acolhedor, facilitando a cria\u00e7\u00e3o de um h\u00e1bito consistente.<\/p>\n\n\n\n<p>Al\u00e9m disso, a pr\u00e1tica na cama pode aumentar a sensa\u00e7\u00e3o de seguran\u00e7a e controle, especialmente para quem tem medo de quedas ou sente instabilidade ao se movimentar no ch\u00e3o. Algumas vantagens se destacam:<\/p>\n\n\n\n<ul class=\"wp-block-list\">\n<li><strong>Conforto articular:<\/strong>\u00a0a superf\u00edcie macia reduz o impacto sobre joelhos, quadris e coluna.<\/li>\n\n\n\n<li><strong>Acesso facilitado:<\/strong>\u00a0\u00e9 poss\u00edvel treinar ao acordar ou antes de dormir, sem grandes deslocamentos.<\/li>\n\n\n\n<li><strong>Menos medo de quedas:<\/strong>\u00a0a rotina pode ser feita de barriga para cima, com menor risco de desequil\u00edbrio.<\/li>\n\n\n\n<li><strong>Ajustes simples:<\/strong>\u00a0travesseiros podem apoiar cabe\u00e7a ou pernas, adaptando o exerc\u00edcio \u00e0s necessidades individuais.<\/li>\n<\/ul>\n\n\n\n<h2 class=\"wp-block-heading\">Quais cuidados s\u00e3o importantes antes de iniciar os exerc\u00edcios na cama<\/h2>\n\n\n\n<p>Mesmo sendo movimentos de baixo impacto, alguns cuidados s\u00e3o fundamentais, especialmente na terceira idade. Pessoas com hist\u00f3rico de cirurgias abdominais, problemas card\u00edacos, osteoporose avan\u00e7ada ou dores fortes na lombar devem ter avalia\u00e7\u00e3o pr\u00e9via com m\u00e9dico ou fisioterapeuta.<\/p>\n\n\n\n<p>Tamb\u00e9m \u00e9 importante preparar o ambiente para dar mais seguran\u00e7a e estabilidade durante a pr\u00e1tica, evitando esfor\u00e7os desnecess\u00e1rios ou posturas que sobrecarreguem a coluna.<\/p>\n\n\n\n<ol class=\"wp-block-list\">\n<li><strong>Escolha do colch\u00e3o<\/strong>\n<ul class=\"wp-block-list\">\n<li>Colch\u00f5es muito moles dificultam o controle da postura e podem aumentar o arco lombar.<\/li>\n\n\n\n<li>Uma superf\u00edcie intermedi\u00e1ria favorece o alinhamento da coluna e o equil\u00edbrio.<\/li>\n\n\n\n<li>Verifique se a cama est\u00e1 est\u00e1vel, sem balan\u00e7os excessivos ou rod\u00edzios soltos.<\/li>\n<\/ul>\n<\/li>\n\n\n\n<li><strong>Postura inicial<\/strong>\n<ul class=\"wp-block-list\">\n<li>Cabe\u00e7a apoiada em travesseiro confort\u00e1vel, sem for\u00e7ar o pesco\u00e7o.<\/li>\n\n\n\n<li>P\u00e9s apoiados e joelhos flexionados para proteger a lombar.<\/li>\n\n\n\n<li>Ombros relaxados, bra\u00e7os ao lado do corpo ou sobre o abd\u00f4men.<\/li>\n<\/ul>\n<\/li>\n\n\n\n<li><strong>Respeito aos sinais do corpo<\/strong>\n<ul class=\"wp-block-list\">\n<li>Dor aguda, tontura intensa ou falta de ar s\u00e3o motivos para interromper a atividade.<\/li>\n\n\n\n<li>Desconfortos leves tendem a diminuir com a adapta\u00e7\u00e3o progressiva.<\/li>\n<\/ul>\n<\/li>\n<\/ol>\n\n\n\n<h2 class=\"wp-block-heading\">Como montar uma rotina simples de abd\u00f4men inferior na cama<\/h2>\n\n\n\n<p>Uma sess\u00e3o pode durar de 8 a 15 minutos, com movimentos lentos, focados na respira\u00e7\u00e3o e na qualidade da execu\u00e7\u00e3o. Em vez de muitas repeti\u00e7\u00f5es r\u00e1pidas, vale usar o tempo como refer\u00eancia, como 20 a 30 segundos por exerc\u00edcio, com pausas curtas.<\/p>\n\n\n\n<p>Uma sugest\u00e3o de sequ\u00eancia b\u00e1sica inclui um aquecimento suave, tr\u00eas exerc\u00edcios focados na parte baixa do abd\u00f4men e um alongamento leve final, que podem ser:<\/p>\n\n\n\n<figure class=\"wp-block-image size-large\"><img loading=\"lazy\" decoding=\"async\" width=\"1024\" height=\"403\" src=\"https:\/\/www.em.com.br\/emfoco\/wp-content\/uploads\/2026\/03\/convertido-18-1024x403.jpg\" alt=\"Fa\u00e7a estes exerc\u00edcios na cama e veja como seu abd\u00f4men pode ficar mais firme depois dos 60\" class=\"wp-image-180705\" srcset=\"https:\/\/www.em.com.br\/emfoco\/wp-content\/uploads\/2026\/03\/convertido-18-1024x403.jpg 1024w, https:\/\/www.em.com.br\/emfoco\/wp-content\/uploads\/2026\/03\/convertido-18-300x118.jpg 300w, https:\/\/www.em.com.br\/emfoco\/wp-content\/uploads\/2026\/03\/convertido-18-768x302.jpg 768w, https:\/\/www.em.com.br\/emfoco\/wp-content\/uploads\/2026\/03\/convertido-18-750x295.jpg 750w, https:\/\/www.em.com.br\/emfoco\/wp-content\/uploads\/2026\/03\/convertido-18-1140x449.jpg 1140w, https:\/\/www.em.com.br\/emfoco\/wp-content\/uploads\/2026\/03\/convertido-18.jpg 1280w\" sizes=\"auto, (max-width: 1024px) 100vw, 1024px\" \/><figcaption class=\"wp-element-caption\">Rotina simples de quinze minutos ativa a musculatura profunda do tronco<\/figcaption><\/figure>\n\n\n\n<h2 class=\"wp-block-heading\">Como manter os resultados no abd\u00f4men inferior depois dos 60 anos<\/h2>\n\n\n\n<p>A firmeza do abd\u00f4men inferior ap\u00f3s os 60 anos depende da combina\u00e7\u00e3o entre exerc\u00edcios regulares, postura no dia a dia e cuidados gerais com a sa\u00fade. Pequenas atitudes, como levantar da cama virando de lado antes de sentar e evitar longos per\u00edodos na mesma posi\u00e7\u00e3o, ajudam a preservar o que foi ganho.<\/p>\n\n\n\n<p>N\u00e3o espere sentir mais dor ou perda de equil\u00edbrio para come\u00e7ar: escolha um hor\u00e1rio do dia, inicie essa rotina na cama j\u00e1 nas pr\u00f3ximas 24 horas e mantenha por pelo menos 3 semanas seguidas. Seu corpo pode responder com mais controle, seguran\u00e7a para se movimentar e uma sensa\u00e7\u00e3o real de sustenta\u00e7\u00e3o na regi\u00e3o central, que faz diferen\u00e7a em cada passo que voc\u00ea d\u00e1.<\/p>\n","protected":false},"excerpt":{"rendered":"<p>Com o passar dos anos, o corpo muda e isso impacta for\u00e7a, equil\u00edbrio e a forma como a gordura se distribui, especialmente abaixo do umbigo. Mesmo assim, muitas pessoas depois dos 60 continuam interessadas em manter o abd\u00f4men inferior mais liso, tanto pela est\u00e9tica quanto pela sensa\u00e7\u00e3o de estabilidade ao caminhar, levantar ou mudar de [&hellip;]<\/p>\n","protected":false},"author":13,"featured_media":180716,"comment_status":"open","ping_status":"open","sticky":false,"template":"","format":"standard","meta":{"jnews-multi-image_gallery":[],"jnews_single_post":{"format":"standard"},"jnews_primary_category":[],"jnews_social_meta":[],"jnews_override_counter":[],"footnotes":""},"categories":[8819],"tags":[712,11972,26082],"class_list":["post-180696","post","type-post","status-publish","format-standard","has-post-thumbnail","hentry","category-curiosidades","tag-autocuidado","tag-exercicios-para-idosos","tag-fortalecer-abdomen"],"yoast_head":"<!-- This site is optimized with the Yoast SEO plugin v23.8 - https:\/\/yoast.com\/wordpress\/plugins\/seo\/ -->\n<title>Fa\u00e7a estes exerc\u00edcios na cama e veja como seu abd\u00f4men pode ficar mais firme depois dos 60 - Estado de Minas - Em foco<\/title>\n<meta name=\"description\" content=\"Movimentos leves feitos na cama podem ajudar a ativar o abd\u00f4men inferior ap\u00f3s os 60. Veja cuidados e exerc\u00edcios para come\u00e7ar com seguran\u00e7a.\" \/>\n<meta name=\"robots\" content=\"index, follow, max-snippet:-1, max-image-preview:large, max-video-preview:-1\" \/>\n<link rel=\"canonical\" href=\"https:\/\/www.em.com.br\/emfoco\/2026\/03\/16\/faca-estes-exercicios-na-cama-e-veja-como-seu-abdomen-pode-ficar-mais-firme-depois-dos-60\/\" \/>\n<meta property=\"og:locale\" content=\"pt_BR\" \/>\n<meta property=\"og:type\" content=\"article\" \/>\n<meta property=\"og:title\" content=\"Fa\u00e7a estes exerc\u00edcios na cama e veja como seu abd\u00f4men pode ficar mais firme depois dos 60 - Estado de Minas - Em foco\" \/>\n<meta property=\"og:description\" content=\"Movimentos leves feitos na cama podem ajudar a ativar o abd\u00f4men inferior ap\u00f3s os 60. Veja cuidados e exerc\u00edcios para come\u00e7ar com seguran\u00e7a.\" \/>\n<meta property=\"og:url\" content=\"https:\/\/www.em.com.br\/emfoco\/2026\/03\/16\/faca-estes-exercicios-na-cama-e-veja-como-seu-abdomen-pode-ficar-mais-firme-depois-dos-60\/\" \/>\n<meta property=\"og:site_name\" content=\"Estado de Minas - Em foco\" \/>\n<meta property=\"article:published_time\" content=\"2026-03-16T23:45:00+00:00\" \/>\n<meta property=\"article:modified_time\" content=\"2026-03-12T17:13:30+00:00\" \/>\n<meta property=\"og:image\" content=\"https:\/\/www.em.com.br\/emfoco\/wp-content\/uploads\/2026\/03\/11-23.jpg\" \/>\n\t<meta property=\"og:image:width\" content=\"1280\" \/>\n\t<meta property=\"og:image:height\" content=\"720\" \/>\n\t<meta property=\"og:image:type\" content=\"image\/jpeg\" \/>\n<meta name=\"author\" content=\"Gabriel Martins\" \/>\n<meta name=\"twitter:card\" content=\"summary_large_image\" \/>\n<meta name=\"twitter:label1\" content=\"Escrito por\" \/>\n\t<meta name=\"twitter:data1\" content=\"Gabriel Martins\" \/>\n\t<meta name=\"twitter:label2\" content=\"Est. tempo de leitura\" \/>\n\t<meta name=\"twitter:data2\" content=\"5 minutos\" \/>\n<!-- \/ Yoast SEO plugin. -->","yoast_head_json":{"title":"Fa\u00e7a estes exerc\u00edcios na cama e veja como seu abd\u00f4men pode ficar mais firme depois dos 60 - Estado de Minas - Em foco","description":"Movimentos leves feitos na cama podem ajudar a ativar o abd\u00f4men inferior ap\u00f3s os 60. Veja cuidados e exerc\u00edcios para come\u00e7ar com seguran\u00e7a.","robots":{"index":"index","follow":"follow","max-snippet":"max-snippet:-1","max-image-preview":"max-image-preview:large","max-video-preview":"max-video-preview:-1"},"canonical":"https:\/\/www.em.com.br\/emfoco\/2026\/03\/16\/faca-estes-exercicios-na-cama-e-veja-como-seu-abdomen-pode-ficar-mais-firme-depois-dos-60\/","og_locale":"pt_BR","og_type":"article","og_title":"Fa\u00e7a estes exerc\u00edcios na cama e veja como seu abd\u00f4men pode ficar mais firme depois dos 60 - Estado de Minas - Em foco","og_description":"Movimentos leves feitos na cama podem ajudar a ativar o abd\u00f4men inferior ap\u00f3s os 60. Veja cuidados e exerc\u00edcios para come\u00e7ar com seguran\u00e7a.","og_url":"https:\/\/www.em.com.br\/emfoco\/2026\/03\/16\/faca-estes-exercicios-na-cama-e-veja-como-seu-abdomen-pode-ficar-mais-firme-depois-dos-60\/","og_site_name":"Estado de Minas - Em foco","article_published_time":"2026-03-16T23:45:00+00:00","article_modified_time":"2026-03-12T17:13:30+00:00","og_image":[{"width":1280,"height":720,"url":"https:\/\/www.em.com.br\/emfoco\/wp-content\/uploads\/2026\/03\/11-23.jpg","type":"image\/jpeg"}],"author":"Gabriel Martins","twitter_card":"summary_large_image","twitter_misc":{"Escrito por":"Gabriel Martins","Est. tempo de leitura":"5 minutos"},"schema":{"@context":"https:\/\/schema.org","@graph":[{"@type":"WebPage","@id":"https:\/\/www.em.com.br\/emfoco\/2026\/03\/16\/faca-estes-exercicios-na-cama-e-veja-como-seu-abdomen-pode-ficar-mais-firme-depois-dos-60\/","url":"https:\/\/www.em.com.br\/emfoco\/2026\/03\/16\/faca-estes-exercicios-na-cama-e-veja-como-seu-abdomen-pode-ficar-mais-firme-depois-dos-60\/","name":"Fa\u00e7a estes exerc\u00edcios na cama e veja como seu abd\u00f4men pode ficar mais firme depois dos 60 - Estado de Minas - Em foco","isPartOf":{"@id":"https:\/\/www.em.com.br\/emfoco\/#website"},"primaryImageOfPage":{"@id":"https:\/\/www.em.com.br\/emfoco\/2026\/03\/16\/faca-estes-exercicios-na-cama-e-veja-como-seu-abdomen-pode-ficar-mais-firme-depois-dos-60\/#primaryimage"},"image":{"@id":"https:\/\/www.em.com.br\/emfoco\/2026\/03\/16\/faca-estes-exercicios-na-cama-e-veja-como-seu-abdomen-pode-ficar-mais-firme-depois-dos-60\/#primaryimage"},"thumbnailUrl":"https:\/\/www.em.com.br\/emfoco\/wp-content\/uploads\/2026\/03\/11-23.jpg","datePublished":"2026-03-16T23:45:00+00:00","dateModified":"2026-03-12T17:13:30+00:00","author":{"@id":"https:\/\/www.em.com.br\/emfoco\/#\/schema\/person\/1c9ddeab18b98abeffef834667bcf08a"},"description":"Movimentos leves feitos na cama podem ajudar a ativar o abd\u00f4men inferior ap\u00f3s os 60. Veja cuidados e exerc\u00edcios para come\u00e7ar com seguran\u00e7a.","breadcrumb":{"@id":"https:\/\/www.em.com.br\/emfoco\/2026\/03\/16\/faca-estes-exercicios-na-cama-e-veja-como-seu-abdomen-pode-ficar-mais-firme-depois-dos-60\/#breadcrumb"},"inLanguage":"pt-BR","potentialAction":[{"@type":"ReadAction","target":["https:\/\/www.em.com.br\/emfoco\/2026\/03\/16\/faca-estes-exercicios-na-cama-e-veja-como-seu-abdomen-pode-ficar-mais-firme-depois-dos-60\/"]}]},{"@type":"ImageObject","inLanguage":"pt-BR","@id":"https:\/\/www.em.com.br\/emfoco\/2026\/03\/16\/faca-estes-exercicios-na-cama-e-veja-como-seu-abdomen-pode-ficar-mais-firme-depois-dos-60\/#primaryimage","url":"https:\/\/www.em.com.br\/emfoco\/wp-content\/uploads\/2026\/03\/11-23.jpg","contentUrl":"https:\/\/www.em.com.br\/emfoco\/wp-content\/uploads\/2026\/03\/11-23.jpg","width":1280,"height":720,"caption":"Exerc\u00edcios abdominais feitos na cama garantem conforto e seguran\u00e7a para idosos"},{"@type":"BreadcrumbList","@id":"https:\/\/www.em.com.br\/emfoco\/2026\/03\/16\/faca-estes-exercicios-na-cama-e-veja-como-seu-abdomen-pode-ficar-mais-firme-depois-dos-60\/#breadcrumb","itemListElement":[{"@type":"ListItem","position":1,"name":"In\u00edcio","item":"https:\/\/www.em.com.br\/emfoco\/"},{"@type":"ListItem","position":2,"name":"Fa\u00e7a estes exerc\u00edcios na cama e veja como seu abd\u00f4men pode ficar mais firme depois dos 60"}]},{"@type":"WebSite","@id":"https:\/\/www.em.com.br\/emfoco\/#website","url":"https:\/\/www.em.com.br\/emfoco\/","name":"Estado de Minas - Em foco","description":"Acompanhe as \u00faltimas not\u00edcias e fique bem informado sobre tudo o que acontece em Minas Gerais, Brasil e no mundo.","potentialAction":[{"@type":"SearchAction","target":{"@type":"EntryPoint","urlTemplate":"https:\/\/www.em.com.br\/emfoco\/?s={search_term_string}"},"query-input":{"@type":"PropertyValueSpecification","valueRequired":true,"valueName":"search_term_string"}}],"inLanguage":"pt-BR"},{"@type":"Person","@id":"https:\/\/www.em.com.br\/emfoco\/#\/schema\/person\/1c9ddeab18b98abeffef834667bcf08a","name":"Gabriel Martins","image":{"@type":"ImageObject","inLanguage":"pt-BR","@id":"https:\/\/www.em.com.br\/emfoco\/#\/schema\/person\/image\/","url":"https:\/\/secure.gravatar.com\/avatar\/f0f1e2efdfd88f1ad2cb08c5c2731e50?s=96&d=mm&r=g","contentUrl":"https:\/\/secure.gravatar.com\/avatar\/f0f1e2efdfd88f1ad2cb08c5c2731e50?s=96&d=mm&r=g","caption":"Gabriel Martins"},"sameAs":["https:\/\/www.em.com.br\/emfoco\/"],"url":"https:\/\/www.em.com.br\/emfoco\/author\/gabrielmartinsmyth\/"}]}},"_links":{"self":[{"href":"https:\/\/www.em.com.br\/emfoco\/wp-json\/wp\/v2\/posts\/180696","targetHints":{"allow":["GET"]}}],"collection":[{"href":"https:\/\/www.em.com.br\/emfoco\/wp-json\/wp\/v2\/posts"}],"about":[{"href":"https:\/\/www.em.com.br\/emfoco\/wp-json\/wp\/v2\/types\/post"}],"author":[{"embeddable":true,"href":"https:\/\/www.em.com.br\/emfoco\/wp-json\/wp\/v2\/users\/13"}],"replies":[{"embeddable":true,"href":"https:\/\/www.em.com.br\/emfoco\/wp-json\/wp\/v2\/comments?post=180696"}],"version-history":[{"count":2,"href":"https:\/\/www.em.com.br\/emfoco\/wp-json\/wp\/v2\/posts\/180696\/revisions"}],"predecessor-version":[{"id":180717,"href":"https:\/\/www.em.com.br\/emfoco\/wp-json\/wp\/v2\/posts\/180696\/revisions\/180717"}],"wp:featuredmedia":[{"embeddable":true,"href":"https:\/\/www.em.com.br\/emfoco\/wp-json\/wp\/v2\/media\/180716"}],"wp:attachment":[{"href":"https:\/\/www.em.com.br\/emfoco\/wp-json\/wp\/v2\/media?parent=180696"}],"wp:term":[{"taxonomy":"category","embeddable":true,"href":"https:\/\/www.em.com.br\/emfoco\/wp-json\/wp\/v2\/categories?post=180696"},{"taxonomy":"post_tag","embeddable":true,"href":"https:\/\/www.em.com.br\/emfoco\/wp-json\/wp\/v2\/tags?post=180696"}],"curies":[{"name":"wp","href":"https:\/\/api.w.org\/{rel}","templated":true}]}}