{"id":180653,"date":"2026-03-16T12:05:00","date_gmt":"2026-03-16T15:05:00","guid":{"rendered":"https:\/\/www.em.com.br\/emfoco\/?p=180653"},"modified":"2026-03-12T13:13:19","modified_gmt":"2026-03-12T16:13:19","slug":"como-plantar-manjericao-em-vasos-e-evitar-a-floracao-precoce-o-cuidado-simples-que-preserva-aroma-e-sabor","status":"publish","type":"post","link":"https:\/\/www.em.com.br\/emfoco\/2026\/03\/16\/como-plantar-manjericao-em-vasos-e-evitar-a-floracao-precoce-o-cuidado-simples-que-preserva-aroma-e-sabor\/","title":{"rendered":"Como plantar manjeric\u00e3o em vasos e evitar a flora\u00e7\u00e3o precoce: o cuidado simples que preserva aroma e sabor"},"content":{"rendered":"\n<p>O cultivo de manjeric\u00e3o vem ganhando espa\u00e7o em varandas, quintais e at\u00e9 janelas de apartamentos, e entender como plantar e cuidar dessa erva \u00e9 essencial para colher folhas mais arom\u00e1ticas, evitar que flores\u00e7a r\u00e1pido demais e aproveitar ao m\u00e1ximo seu potencial na cozinha do dia a dia.<\/p>\n\n\n\n<h2 class=\"wp-block-heading\">Como o florescimento precoce afeta o sabor do manjeric\u00e3o<\/h2>\n\n\n\n<p>Quando o manjeric\u00e3o entra cedo demais na fase reprodutiva, ele direciona a maior parte da energia para formar flores e sementes, e n\u00e3o para produzir folhas macias e cheirosas. Assim, a planta rende menos, a textura das folhas piora e o perfume perde intensidade.<\/p>\n\n\n\n<p>Nesse cen\u00e1rio, o p\u00e9 de manjeric\u00e3o acaba oferecendo folhas mais duras, fibrosas e com menor concentra\u00e7\u00e3o de \u00f3leos essenciais, o que impacta diretamente o sabor em molhos, pestos e preparos frescos. Por isso, controlar o florescimento \u00e9 decisivo para quem busca qualidade culin\u00e1ria.<\/p>\n\n\n\n<figure class=\"wp-block-image size-large\"><img loading=\"lazy\" decoding=\"async\" width=\"1024\" height=\"576\" src=\"https:\/\/www.em.com.br\/emfoco\/wp-content\/uploads\/2026\/03\/6-42-1024x576.jpg\" alt=\"Como plantar manjeric\u00e3o em vasos e evitar a flora\u00e7\u00e3o precoce: o cuidado simples que preserva aroma e sabor\" class=\"wp-image-180691\" srcset=\"https:\/\/www.em.com.br\/emfoco\/wp-content\/uploads\/2026\/03\/6-42-1024x576.jpg 1024w, https:\/\/www.em.com.br\/emfoco\/wp-content\/uploads\/2026\/03\/6-42-300x169.jpg 300w, https:\/\/www.em.com.br\/emfoco\/wp-content\/uploads\/2026\/03\/6-42-768x432.jpg 768w, https:\/\/www.em.com.br\/emfoco\/wp-content\/uploads\/2026\/03\/6-42-750x422.jpg 750w, https:\/\/www.em.com.br\/emfoco\/wp-content\/uploads\/2026\/03\/6-42-1140x641.jpg 1140w, https:\/\/www.em.com.br\/emfoco\/wp-content\/uploads\/2026\/03\/6-42.jpg 1280w\" sizes=\"auto, (max-width: 1024px) 100vw, 1024px\" \/><figcaption class=\"wp-element-caption\">Florescimento precoce reduz o aroma intenso e a maciez das folhas<\/figcaption><\/figure>\n\n\n\n<h2 class=\"wp-block-heading\">Como plantar manjeric\u00e3o em vasos ou na horta<\/h2>\n\n\n\n<p>Quem est\u00e1 come\u00e7ando pode plantar por sementes ou mudas, sendo muito comum comprar uma muda em supermercado ou garden center e transplant\u00e1-la. O ideal \u00e9 usar um vaso com boa drenagem e cerca de 20 cm de profundidade, ou canteiros soltos e bem arejados na horta.<\/p>\n\n\n\n<p>O solo deve ser leve, f\u00e9rtil e bem drenado, e uma mistura simples costuma funcionar muito bem para cultivo dom\u00e9stico de forma pr\u00e1tica e eficiente:<\/p>\n\n\n\n<ul class=\"wp-block-list\">\n<li>1 parte de terra vegetal;<\/li>\n\n\n\n<li>1 parte de composto org\u00e2nico ou h\u00famus de minhoca;<\/li>\n\n\n\n<li>1 parte de areia grossa ou substrato para vasos, para melhorar a drenagem.<\/li>\n<\/ul>\n\n\n\n<h2 class=\"wp-block-heading\">Como regar e adubar o manjeric\u00e3o para ter folhas mais arom\u00e1ticas<\/h2>\n\n\n\n<p>O equil\u00edbrio \u00e9 essencial nos cuidados: o <strong><a href=\"https:\/\/www.em.com.br\/emfoco\/2026\/03\/05\/as-folhas-do-seu-manjericao-gigante-estao-ficando-pequenas-e-duras-por-causa-deste-erro-comum-no-calor\/\" target=\"_blank\" rel=\"noreferrer noopener\">manjeric\u00e3o <\/a><\/strong>gosta de sol direto por 4 a 6 horas di\u00e1rias, n\u00e3o tolera frio intenso e prefere clima ameno ou quente. Em regi\u00f5es muito quentes, sol da manh\u00e3 e sombra parcial \u00e0 tarde ajudam a evitar murcha e estresse.<\/p>\n\n\n\n<p>A rega deve manter o solo levemente \u00famido, nunca encharcado, e a dica \u00e9 sempre tocar a terra antes de molhar novamente. Aduba\u00e7\u00f5es leves com composto ou h\u00famus a cada 30 a 40 dias rep\u00f5em nutrientes, mant\u00eam as folhas vi\u00e7osas e prolongam o vigor da planta.<\/p>\n\n\n\n<p>Confira o v\u00eddeo compartilhado pelo canal do YouTube <strong><a href=\"https:\/\/www.youtube.com\/@cultivando-canal\" target=\"_blank\" rel=\"noreferrer noopener\">Cultivando<\/a><\/strong> dando dicas de como cultivar manjeric\u00e3o em casa e ter uma colheita saud\u00e1vel e saborosa.<\/p>\n\n\n\n<figure class=\"wp-block-embed is-type-video is-provider-youtube wp-block-embed-youtube wp-embed-aspect-16-9 wp-has-aspect-ratio\"><div class=\"wp-block-embed__wrapper\">\n<div class=\"jeg_video_container jeg_video_content\"><iframe loading=\"lazy\" title=\"6 Dicas para Cultivar MANJERIC\u00c3O\" width=\"500\" height=\"281\" src=\"https:\/\/www.youtube.com\/embed\/0lXmoxACKeo?start=115&#038;feature=oembed\" frameborder=\"0\" allow=\"accelerometer; autoplay; clipboard-write; encrypted-media; gyroscope; picture-in-picture; web-share\" referrerpolicy=\"strict-origin-when-cross-origin\" allowfullscreen><\/iframe><\/div>\n<\/div><\/figure>\n\n\n\n<h2 class=\"wp-block-heading\">Como evitar a flora\u00e7\u00e3o r\u00e1pida e prolongar a colheita<\/h2>\n\n\n\n<p>Para retardar a flora\u00e7\u00e3o e manter o p\u00e9 em fase vegetativa por mais tempo, \u00e9 preciso combinar podas regulares, nutri\u00e7\u00e3o equilibrada e aus\u00eancia de estresse h\u00eddrico. Al\u00e9m disso, colheitas frequentes ajudam a renovar o crescimento e manter a planta mais cheia.<\/p>\n\n\n\n<p>Na pr\u00e1tica, algumas a\u00e7\u00f5es simples fazem muita diferen\u00e7a no dia a dia do cultivo dom\u00e9stico:<\/p>\n\n\n\n<ol class=\"wp-block-list\">\n<li><strong>Podar as pontas regularmente:<\/strong>\u00a0beliscar o topo a cada poucas semanas estimula mais ramos e reduz a forma\u00e7\u00e3o precoce de flores.<\/li>\n\n\n\n<li><strong>Remover bot\u00f5es florais ao surgir:<\/strong>\u00a0cortar hastes com bot\u00f5es redireciona energia para folhas novas e mais macias.<\/li>\n\n\n\n<li><strong>Evitar estresse de \u00e1gua:<\/strong>\u00a0excesso ou falta de rega podem antecipar a flora\u00e7\u00e3o e encurtar o ciclo produtivo.<\/li>\n\n\n\n<li><strong>Garantir nutri\u00e7\u00e3o moderada:<\/strong>\u00a0solo muito pobre acelera o fim do ciclo, e excesso de adubo deixa a planta fr\u00e1gil.<\/li>\n<\/ol>\n\n\n\n<h2 class=\"wp-block-heading\">Quais erros encurtam a vida \u00fatil do manjeric\u00e3o e como evit\u00e1-los<\/h2>\n\n\n\n<p>Alguns erros comuns reduzem a vida \u00fatil do manjeric\u00e3o, como deix\u00e1-lo em locais com pouca luz, usar pratos com \u00e1gua acumulada sob o vaso ou esquecer completamente das podas. Tudo isso favorece florescimento precoce, doen\u00e7as de raiz e folhas menos arom\u00e1ticas.<\/p>\n\n\n\n<p>Renovar o substrato periodicamente, fazer podas constantes e observar luz, drenagem e rega s\u00e3o atitudes simples que garantem meses de colheita intensa. Comece hoje a ajustar esses detalhes e transforme seu vaso de manjeric\u00e3o em uma verdadeira f\u00e1brica de folhas frescas, antes que a pr\u00f3xima flora\u00e7\u00e3o roube o melhor do sabor que voc\u00ea poderia aproveitar.<\/p>\n","protected":false},"excerpt":{"rendered":"<p>O cultivo de manjeric\u00e3o vem ganhando espa\u00e7o em varandas, quintais e at\u00e9 janelas de apartamentos, e entender como plantar e cuidar dessa erva \u00e9 essencial para colher folhas mais arom\u00e1ticas, evitar que flores\u00e7a r\u00e1pido demais e aproveitar ao m\u00e1ximo seu potencial na cozinha do dia a dia. Como o florescimento precoce afeta o sabor do [&hellip;]<\/p>\n","protected":false},"author":13,"featured_media":180692,"comment_status":"open","ping_status":"open","sticky":false,"template":"","format":"standard","meta":{"jnews-multi-image_gallery":[],"jnews_single_post":{"format":"standard"},"jnews_primary_category":[],"jnews_social_meta":[],"jnews_override_counter":[],"footnotes":""},"categories":[8819],"tags":[4573,3358,5456],"class_list":["post-180653","post","type-post","status-publish","format-standard","has-post-thumbnail","hentry","category-curiosidades","tag-cultivo-em-casa","tag-jardinagem","tag-manjericao"],"yoast_head":"<!-- This site is optimized with the Yoast SEO plugin v23.8 - https:\/\/yoast.com\/wordpress\/plugins\/seo\/ -->\n<title>Como plantar manjeric\u00e3o em vasos e evitar a flora\u00e7\u00e3o precoce: o cuidado simples que preserva aroma e sabor - Estado de Minas - Em foco<\/title>\n<meta name=\"description\" content=\"Cultivar manjeric\u00e3o em casa \u00e9 simples, mas alguns erros fazem a planta florescer cedo. Veja como prolongar a colheita e manter o sabor.\" \/>\n<meta name=\"robots\" content=\"index, follow, max-snippet:-1, max-image-preview:large, max-video-preview:-1\" \/>\n<link rel=\"canonical\" href=\"https:\/\/www.em.com.br\/emfoco\/2026\/03\/16\/como-plantar-manjericao-em-vasos-e-evitar-a-floracao-precoce-o-cuidado-simples-que-preserva-aroma-e-sabor\/\" \/>\n<meta property=\"og:locale\" content=\"pt_BR\" \/>\n<meta property=\"og:type\" content=\"article\" \/>\n<meta property=\"og:title\" content=\"Como plantar manjeric\u00e3o em vasos e evitar a flora\u00e7\u00e3o precoce: o cuidado simples que preserva aroma e sabor - Estado de Minas - Em foco\" \/>\n<meta property=\"og:description\" content=\"Cultivar manjeric\u00e3o em casa \u00e9 simples, mas alguns erros fazem a planta florescer cedo. Veja como prolongar a colheita e manter o sabor.\" \/>\n<meta property=\"og:url\" content=\"https:\/\/www.em.com.br\/emfoco\/2026\/03\/16\/como-plantar-manjericao-em-vasos-e-evitar-a-floracao-precoce-o-cuidado-simples-que-preserva-aroma-e-sabor\/\" \/>\n<meta property=\"og:site_name\" content=\"Estado de Minas - Em foco\" \/>\n<meta property=\"article:published_time\" content=\"2026-03-16T15:05:00+00:00\" \/>\n<meta property=\"article:modified_time\" content=\"2026-03-12T16:13:19+00:00\" \/>\n<meta property=\"og:image\" content=\"https:\/\/www.em.com.br\/emfoco\/wp-content\/uploads\/2026\/03\/7-34.jpg\" \/>\n\t<meta property=\"og:image:width\" content=\"1280\" \/>\n\t<meta property=\"og:image:height\" content=\"720\" \/>\n\t<meta property=\"og:image:type\" content=\"image\/jpeg\" \/>\n<meta name=\"author\" content=\"Gabriel Martins\" \/>\n<meta name=\"twitter:card\" content=\"summary_large_image\" \/>\n<meta name=\"twitter:label1\" content=\"Escrito por\" \/>\n\t<meta name=\"twitter:data1\" content=\"Gabriel Martins\" \/>\n\t<meta name=\"twitter:label2\" content=\"Est. tempo de leitura\" \/>\n\t<meta name=\"twitter:data2\" content=\"4 minutos\" \/>\n<!-- \/ Yoast SEO plugin. -->","yoast_head_json":{"title":"Como plantar manjeric\u00e3o em vasos e evitar a flora\u00e7\u00e3o precoce: o cuidado simples que preserva aroma e sabor - Estado de Minas - Em foco","description":"Cultivar manjeric\u00e3o em casa \u00e9 simples, mas alguns erros fazem a planta florescer cedo. Veja como prolongar a colheita e manter o sabor.","robots":{"index":"index","follow":"follow","max-snippet":"max-snippet:-1","max-image-preview":"max-image-preview:large","max-video-preview":"max-video-preview:-1"},"canonical":"https:\/\/www.em.com.br\/emfoco\/2026\/03\/16\/como-plantar-manjericao-em-vasos-e-evitar-a-floracao-precoce-o-cuidado-simples-que-preserva-aroma-e-sabor\/","og_locale":"pt_BR","og_type":"article","og_title":"Como plantar manjeric\u00e3o em vasos e evitar a flora\u00e7\u00e3o precoce: o cuidado simples que preserva aroma e sabor - Estado de Minas - Em foco","og_description":"Cultivar manjeric\u00e3o em casa \u00e9 simples, mas alguns erros fazem a planta florescer cedo. Veja como prolongar a colheita e manter o sabor.","og_url":"https:\/\/www.em.com.br\/emfoco\/2026\/03\/16\/como-plantar-manjericao-em-vasos-e-evitar-a-floracao-precoce-o-cuidado-simples-que-preserva-aroma-e-sabor\/","og_site_name":"Estado de Minas - Em foco","article_published_time":"2026-03-16T15:05:00+00:00","article_modified_time":"2026-03-12T16:13:19+00:00","og_image":[{"width":1280,"height":720,"url":"https:\/\/www.em.com.br\/emfoco\/wp-content\/uploads\/2026\/03\/7-34.jpg","type":"image\/jpeg"}],"author":"Gabriel Martins","twitter_card":"summary_large_image","twitter_misc":{"Escrito por":"Gabriel Martins","Est. tempo de leitura":"4 minutos"},"schema":{"@context":"https:\/\/schema.org","@graph":[{"@type":"WebPage","@id":"https:\/\/www.em.com.br\/emfoco\/2026\/03\/16\/como-plantar-manjericao-em-vasos-e-evitar-a-floracao-precoce-o-cuidado-simples-que-preserva-aroma-e-sabor\/","url":"https:\/\/www.em.com.br\/emfoco\/2026\/03\/16\/como-plantar-manjericao-em-vasos-e-evitar-a-floracao-precoce-o-cuidado-simples-que-preserva-aroma-e-sabor\/","name":"Como plantar manjeric\u00e3o em vasos e evitar a flora\u00e7\u00e3o precoce: o cuidado simples que preserva aroma e sabor - Estado de Minas - Em foco","isPartOf":{"@id":"https:\/\/www.em.com.br\/emfoco\/#website"},"primaryImageOfPage":{"@id":"https:\/\/www.em.com.br\/emfoco\/2026\/03\/16\/como-plantar-manjericao-em-vasos-e-evitar-a-floracao-precoce-o-cuidado-simples-que-preserva-aroma-e-sabor\/#primaryimage"},"image":{"@id":"https:\/\/www.em.com.br\/emfoco\/2026\/03\/16\/como-plantar-manjericao-em-vasos-e-evitar-a-floracao-precoce-o-cuidado-simples-que-preserva-aroma-e-sabor\/#primaryimage"},"thumbnailUrl":"https:\/\/www.em.com.br\/emfoco\/wp-content\/uploads\/2026\/03\/7-34.jpg","datePublished":"2026-03-16T15:05:00+00:00","dateModified":"2026-03-12T16:13:19+00:00","author":{"@id":"https:\/\/www.em.com.br\/emfoco\/#\/schema\/person\/1c9ddeab18b98abeffef834667bcf08a"},"description":"Cultivar manjeric\u00e3o em casa \u00e9 simples, mas alguns erros fazem a planta florescer cedo. Veja como prolongar a colheita e manter o sabor.","breadcrumb":{"@id":"https:\/\/www.em.com.br\/emfoco\/2026\/03\/16\/como-plantar-manjericao-em-vasos-e-evitar-a-floracao-precoce-o-cuidado-simples-que-preserva-aroma-e-sabor\/#breadcrumb"},"inLanguage":"pt-BR","potentialAction":[{"@type":"ReadAction","target":["https:\/\/www.em.com.br\/emfoco\/2026\/03\/16\/como-plantar-manjericao-em-vasos-e-evitar-a-floracao-precoce-o-cuidado-simples-que-preserva-aroma-e-sabor\/"]}]},{"@type":"ImageObject","inLanguage":"pt-BR","@id":"https:\/\/www.em.com.br\/emfoco\/2026\/03\/16\/como-plantar-manjericao-em-vasos-e-evitar-a-floracao-precoce-o-cuidado-simples-que-preserva-aroma-e-sabor\/#primaryimage","url":"https:\/\/www.em.com.br\/emfoco\/wp-content\/uploads\/2026\/03\/7-34.jpg","contentUrl":"https:\/\/www.em.com.br\/emfoco\/wp-content\/uploads\/2026\/03\/7-34.jpg","width":1280,"height":720,"caption":"Plantar manjeric\u00e3o em casa exige sol direto e regas equilibradas constantes"},{"@type":"BreadcrumbList","@id":"https:\/\/www.em.com.br\/emfoco\/2026\/03\/16\/como-plantar-manjericao-em-vasos-e-evitar-a-floracao-precoce-o-cuidado-simples-que-preserva-aroma-e-sabor\/#breadcrumb","itemListElement":[{"@type":"ListItem","position":1,"name":"In\u00edcio","item":"https:\/\/www.em.com.br\/emfoco\/"},{"@type":"ListItem","position":2,"name":"Como plantar manjeric\u00e3o em vasos e evitar a flora\u00e7\u00e3o precoce: o cuidado simples que preserva aroma e sabor"}]},{"@type":"WebSite","@id":"https:\/\/www.em.com.br\/emfoco\/#website","url":"https:\/\/www.em.com.br\/emfoco\/","name":"Estado de Minas - Em foco","description":"Acompanhe as \u00faltimas not\u00edcias e fique bem informado sobre tudo o que acontece em Minas Gerais, Brasil e no mundo.","potentialAction":[{"@type":"SearchAction","target":{"@type":"EntryPoint","urlTemplate":"https:\/\/www.em.com.br\/emfoco\/?s={search_term_string}"},"query-input":{"@type":"PropertyValueSpecification","valueRequired":true,"valueName":"search_term_string"}}],"inLanguage":"pt-BR"},{"@type":"Person","@id":"https:\/\/www.em.com.br\/emfoco\/#\/schema\/person\/1c9ddeab18b98abeffef834667bcf08a","name":"Gabriel Martins","image":{"@type":"ImageObject","inLanguage":"pt-BR","@id":"https:\/\/www.em.com.br\/emfoco\/#\/schema\/person\/image\/","url":"https:\/\/secure.gravatar.com\/avatar\/f0f1e2efdfd88f1ad2cb08c5c2731e50?s=96&d=mm&r=g","contentUrl":"https:\/\/secure.gravatar.com\/avatar\/f0f1e2efdfd88f1ad2cb08c5c2731e50?s=96&d=mm&r=g","caption":"Gabriel Martins"},"sameAs":["https:\/\/www.em.com.br\/emfoco\/"],"url":"https:\/\/www.em.com.br\/emfoco\/author\/gabrielmartinsmyth\/"}]}},"_links":{"self":[{"href":"https:\/\/www.em.com.br\/emfoco\/wp-json\/wp\/v2\/posts\/180653","targetHints":{"allow":["GET"]}}],"collection":[{"href":"https:\/\/www.em.com.br\/emfoco\/wp-json\/wp\/v2\/posts"}],"about":[{"href":"https:\/\/www.em.com.br\/emfoco\/wp-json\/wp\/v2\/types\/post"}],"author":[{"embeddable":true,"href":"https:\/\/www.em.com.br\/emfoco\/wp-json\/wp\/v2\/users\/13"}],"replies":[{"embeddable":true,"href":"https:\/\/www.em.com.br\/emfoco\/wp-json\/wp\/v2\/comments?post=180653"}],"version-history":[{"count":1,"href":"https:\/\/www.em.com.br\/emfoco\/wp-json\/wp\/v2\/posts\/180653\/revisions"}],"predecessor-version":[{"id":180693,"href":"https:\/\/www.em.com.br\/emfoco\/wp-json\/wp\/v2\/posts\/180653\/revisions\/180693"}],"wp:featuredmedia":[{"embeddable":true,"href":"https:\/\/www.em.com.br\/emfoco\/wp-json\/wp\/v2\/media\/180692"}],"wp:attachment":[{"href":"https:\/\/www.em.com.br\/emfoco\/wp-json\/wp\/v2\/media?parent=180653"}],"wp:term":[{"taxonomy":"category","embeddable":true,"href":"https:\/\/www.em.com.br\/emfoco\/wp-json\/wp\/v2\/categories?post=180653"},{"taxonomy":"post_tag","embeddable":true,"href":"https:\/\/www.em.com.br\/emfoco\/wp-json\/wp\/v2\/tags?post=180653"}],"curies":[{"name":"wp","href":"https:\/\/api.w.org\/{rel}","templated":true}]}}