{"id":180652,"date":"2026-03-16T13:25:00","date_gmt":"2026-03-16T16:25:00","guid":{"rendered":"https:\/\/www.em.com.br\/emfoco\/?p=180652"},"modified":"2026-03-12T12:57:59","modified_gmt":"2026-03-12T15:57:59","slug":"veja-o-que-fazer-quando-surgem-trilhas-nas-folhas-do-limoeiro-e-evite-que-a-praga-derrube-a-producao","status":"publish","type":"post","link":"https:\/\/www.em.com.br\/emfoco\/2026\/03\/16\/veja-o-que-fazer-quando-surgem-trilhas-nas-folhas-do-limoeiro-e-evite-que-a-praga-derrube-a-producao\/","title":{"rendered":"Veja o que fazer quando surgem trilhas nas folhas do limoeiro e evite que a praga derrube a produ\u00e7\u00e3o"},"content":{"rendered":"\n<p>Ter um limoeiro saud\u00e1vel no quintal depende de identificar logo no in\u00edcio qualquer praga que esteja atacando a planta. Entre os problemas mais comuns est\u00e1 o <strong>minador-dos-citros<\/strong>, um inseto discreto que vive dentro das folhas jovens, causa deforma\u00e7\u00f5es, atrasa o crescimento e pode derrubar a produ\u00e7\u00e3o de frutos se n\u00e3o for controlado a tempo.<\/p>\n\n\n\n<h2 class=\"wp-block-heading\">O que \u00e9 o minador que ataca o limoeiro e como ele age?<\/h2>\n\n\n\n<p>O minador-dos-citros \u00e9 a fase larval de uma pequena mariposa que se alimenta dos brotos novos do limoeiro. A f\u00eamea deposita ovos nas folhas mais tenras e, ao eclodirem, as larvas penetram no interior do tecido foliar, abrindo verdadeiros t\u00faneis sob a superf\u00edcie.<\/p>\n\n\n\n<p>Essas galerias reduzem a capacidade de fotoss\u00edntese e deixam a planta mais sens\u00edvel a outras doen\u00e7as. Em climas quentes, como em grande parte do Brasil, o ciclo do inseto se repete v\u00e1rias vezes ao ano, permitindo que a praga se espalhe rapidamente se n\u00e3o houver manejo adequado.<\/p>\n\n\n\n<figure class=\"wp-block-image size-large\"><img loading=\"lazy\" decoding=\"async\" width=\"1024\" height=\"576\" src=\"https:\/\/www.em.com.br\/emfoco\/wp-content\/uploads\/2026\/03\/1-62-1024x576.jpg\" alt=\"Veja o que fazer quando surgem trilhas nas folhas do limoeiro e evite que a praga derrube a produ\u00e7\u00e3o\" class=\"wp-image-180681\" srcset=\"https:\/\/www.em.com.br\/emfoco\/wp-content\/uploads\/2026\/03\/1-62-1024x576.jpg 1024w, https:\/\/www.em.com.br\/emfoco\/wp-content\/uploads\/2026\/03\/1-62-300x169.jpg 300w, https:\/\/www.em.com.br\/emfoco\/wp-content\/uploads\/2026\/03\/1-62-768x432.jpg 768w, https:\/\/www.em.com.br\/emfoco\/wp-content\/uploads\/2026\/03\/1-62-750x422.jpg 750w, https:\/\/www.em.com.br\/emfoco\/wp-content\/uploads\/2026\/03\/1-62-1140x641.jpg 1140w, https:\/\/www.em.com.br\/emfoco\/wp-content\/uploads\/2026\/03\/1-62.jpg 1280w\" sizes=\"auto, (max-width: 1024px) 100vw, 1024px\" \/><figcaption class=\"wp-element-caption\">Larvas discretas criam galerias internas que prejudicam a fotoss\u00edntese foliar vital<\/figcaption><\/figure>\n\n\n\n<h2 class=\"wp-block-heading\">Como reconhecer o minador-dos-citros no limoeiro?<\/h2>\n\n\n\n<p>Reconhecer o minador cedo \u00e9 essencial para evitar que o limoeiro enfraque\u00e7a sem que voc\u00ea entenda o motivo. Ele se esconde dentro das folhas, ao contr\u00e1rio de pragas como pulg\u00f5es ou cochonilhas, o que leva muitos propriet\u00e1rios a confundirem os sintomas.<\/p>\n\n\n\n<p>Alguns sinais visuais ajudam a diferenciar o ataque do minador de outros problemas e facilitam a identifica\u00e7\u00e3o nas brota\u00e7\u00f5es mais novas:<\/p>\n\n\n\n<ul class=\"wp-block-list\">\n<li><strong>Trilhas brilhantes:<\/strong>\u00a0linhas finas, sinuosas e esbranqui\u00e7adas na superf\u00edcie da folha, lembrando um caminho prateado.<\/li>\n\n\n\n<li><strong>Folhas retorcidas:<\/strong>\u00a0brotos jovens enrolados para dentro, protegendo a larva no interior do tecido.<\/li>\n\n\n\n<li><strong>Crescimento travado:<\/strong>\u00a0ramos novos pequenos, tortos e, muitas vezes, com pontas amarronzadas e aspecto ressecado.<\/li>\n<\/ul>\n\n\n\n<h2 class=\"wp-block-heading\">Quais danos o minador causa no desenvolvimento do limoeiro?<\/h2>\n\n\n\n<p>O <strong><a href=\"https:\/\/www.agrolink.com.br\/problema\/minadora-da-folhas_131.html\" target=\"_blank\" rel=\"noreferrer noopener\">minador-dos-citros<\/a><\/strong> n\u00e3o costuma matar o limoeiro de uma vez, mas o impacto acumulado \u00e9 forte e aparece na copa rala, galhos fracos e menor frutifica\u00e7\u00e3o. Ao atacar principalmente as folhas jovens, ele compromete justamente a expans\u00e3o da copa e a renova\u00e7\u00e3o da planta.<\/p>\n\n\n\n<p>Em ataques intensos e repetidos, especialmente em plantas jovens, o limoeiro perde vigor, produz menos flores e frutos menores. A \u00e1rvore passa a gastar energia para repor folhas destru\u00eddas, abrindo ainda espa\u00e7o para <strong><a href=\"https:\/\/www.em.com.br\/emfoco\/2026\/02\/20\/nao-jogue-fora-aprenda-a-criar-mini-bercarios-em-casa-e-proteja-suas-suculentas-de-fungos\/\" target=\"_blank\" rel=\"noreferrer noopener\">fungos <\/a><\/strong>e bact\u00e9rias entrarem pelas les\u00f5es foliares.<\/p>\n\n\n\n<h2 class=\"wp-block-heading\">Como controlar o minador-dos-citros de forma simples em casa?<\/h2>\n\n\n\n<p>\u00c9 poss\u00edvel controlar o minador-dos-citros em jardins dom\u00e9sticos com medidas simples e regulares, sem depender de produtos qu\u00edmicos agressivos. A combina\u00e7\u00e3o de cuidados culturais com solu\u00e7\u00f5es como \u00f3leo de neem e sab\u00e3o de pot\u00e1ssio costuma trazer bons resultados quando o manejo \u00e9 constante.<\/p>\n\n\n\n<p>Essas pr\u00e1ticas ajudam a reduzir a popula\u00e7\u00e3o da praga e a fortalecer o limoeiro para que ele consiga se recuperar mais rapidamente dos ataques:<\/p>\n\n\n\n<ul class=\"wp-block-list\">\n<li><strong>Podas pontuais:<\/strong>\u00a0retire e descarte longe do jardim as pontas de ramos muito atacados para eliminar parte das larvas.<\/li>\n\n\n\n<li><strong>Pulveriza\u00e7\u00e3o preventiva:<\/strong>\u00a0use solu\u00e7\u00f5es de \u00f3leo de neem e sab\u00e3o de pot\u00e1ssio nas brota\u00e7\u00f5es, seguindo as orienta\u00e7\u00f5es de r\u00f3tulo.<\/li>\n\n\n\n<li><strong>Monitoramento frequente:<\/strong>\u00a0fa\u00e7a inspe\u00e7\u00f5es semanais nas folhas novas, principalmente na primavera e no ver\u00e3o.<\/li>\n\n\n\n<li><strong>Fortalecimento da planta:<\/strong>\u00a0mantenha aduba\u00e7\u00e3o equilibrada e irriga\u00e7\u00e3o adequada, aumentando a resist\u00eancia natural do limoeiro.<\/li>\n<\/ul>\n\n\n\n<figure class=\"wp-block-image size-large\"><img loading=\"lazy\" decoding=\"async\" width=\"1024\" height=\"576\" src=\"https:\/\/www.em.com.br\/emfoco\/wp-content\/uploads\/2026\/03\/2-56-1024x576.jpg\" alt=\"Veja o que fazer quando surgem trilhas nas folhas do limoeiro e evite que a praga derrube a produ\u00e7\u00e3o\" class=\"wp-image-180682\" srcset=\"https:\/\/www.em.com.br\/emfoco\/wp-content\/uploads\/2026\/03\/2-56-1024x576.jpg 1024w, https:\/\/www.em.com.br\/emfoco\/wp-content\/uploads\/2026\/03\/2-56-300x169.jpg 300w, https:\/\/www.em.com.br\/emfoco\/wp-content\/uploads\/2026\/03\/2-56-768x432.jpg 768w, https:\/\/www.em.com.br\/emfoco\/wp-content\/uploads\/2026\/03\/2-56-750x422.jpg 750w, https:\/\/www.em.com.br\/emfoco\/wp-content\/uploads\/2026\/03\/2-56-1140x641.jpg 1140w, https:\/\/www.em.com.br\/emfoco\/wp-content\/uploads\/2026\/03\/2-56.jpg 1280w\" sizes=\"auto, (max-width: 1024px) 100vw, 1024px\" \/><figcaption class=\"wp-element-caption\">Uso de \u00f3leo de neem e podas pontuais controlam a infesta\u00e7\u00e3o natural<\/figcaption><\/figure>\n\n\n\n<h2 class=\"wp-block-heading\">Como proteger seu limoeiro agora e garantir boa produ\u00e7\u00e3o?<\/h2>\n\n\n\n<p>Quanto mais cedo voc\u00ea agir contra o minador-dos-citros, maiores s\u00e3o as chances de manter o limoeiro forte, verde e produtivo ao longo do ano. Ignorar trilhas nas folhas ou brotos deformados hoje pode significar anos de atraso no desenvolvimento da \u00e1rvore e safra reduzida de frutos.<\/p>\n\n\n\n<p>Observe seu limoeiro ainda hoje, identifique poss\u00edveis sinais de ataque e inicie imediatamente as a\u00e7\u00f5es de manejo. N\u00e3o espere a praga se espalhar: cuide agora da sua planta para garantir um limoeiro saud\u00e1vel, com copa cheia e lim\u00f5es bonitos prontos para a colheita nas pr\u00f3ximas temporadas.<\/p>\n","protected":false},"excerpt":{"rendered":"<p>Ter um limoeiro saud\u00e1vel no quintal depende de identificar logo no in\u00edcio qualquer praga que esteja atacando a planta. Entre os problemas mais comuns est\u00e1 o minador-dos-citros, um inseto discreto que vive dentro das folhas jovens, causa deforma\u00e7\u00f5es, atrasa o crescimento e pode derrubar a produ\u00e7\u00e3o de frutos se n\u00e3o for controlado a tempo. O [&hellip;]<\/p>\n","protected":false},"author":13,"featured_media":180683,"comment_status":"open","ping_status":"open","sticky":false,"template":"","format":"standard","meta":{"jnews-multi-image_gallery":[],"jnews_single_post":{"format":"standard"},"jnews_primary_category":[],"jnews_social_meta":[],"jnews_override_counter":[],"footnotes":""},"categories":[8819],"tags":[3358,5555,26079],"class_list":["post-180652","post","type-post","status-publish","format-standard","has-post-thumbnail","hentry","category-curiosidades","tag-jardinagem","tag-limoeiro","tag-pragas-de-limoeiro"],"yoast_head":"<!-- This site is optimized with the Yoast SEO plugin v23.8 - https:\/\/yoast.com\/wordpress\/plugins\/seo\/ -->\n<title>Veja o que fazer quando surgem trilhas nas folhas do limoeiro e evite que a praga derrube a produ\u00e7\u00e3o - Estado de Minas - Em foco<\/title>\n<meta name=\"description\" content=\"Seu limoeiro pode estar sendo atacado pelo minador dos citros. Aprenda a reconhecer os sinais e veja como controlar essa praga.\" \/>\n<meta name=\"robots\" content=\"index, follow, max-snippet:-1, max-image-preview:large, max-video-preview:-1\" \/>\n<link rel=\"canonical\" href=\"https:\/\/www.em.com.br\/emfoco\/2026\/03\/16\/veja-o-que-fazer-quando-surgem-trilhas-nas-folhas-do-limoeiro-e-evite-que-a-praga-derrube-a-producao\/\" \/>\n<meta property=\"og:locale\" content=\"pt_BR\" \/>\n<meta property=\"og:type\" content=\"article\" \/>\n<meta property=\"og:title\" content=\"Veja o que fazer quando surgem trilhas nas folhas do limoeiro e evite que a praga derrube a produ\u00e7\u00e3o - Estado de Minas - Em foco\" \/>\n<meta property=\"og:description\" content=\"Seu limoeiro pode estar sendo atacado pelo minador dos citros. Aprenda a reconhecer os sinais e veja como controlar essa praga.\" \/>\n<meta property=\"og:url\" content=\"https:\/\/www.em.com.br\/emfoco\/2026\/03\/16\/veja-o-que-fazer-quando-surgem-trilhas-nas-folhas-do-limoeiro-e-evite-que-a-praga-derrube-a-producao\/\" \/>\n<meta property=\"og:site_name\" content=\"Estado de Minas - Em foco\" \/>\n<meta property=\"article:published_time\" content=\"2026-03-16T16:25:00+00:00\" \/>\n<meta property=\"article:modified_time\" content=\"2026-03-12T15:57:59+00:00\" \/>\n<meta property=\"og:image\" content=\"https:\/\/www.em.com.br\/emfoco\/wp-content\/uploads\/2026\/03\/3-52.jpg\" \/>\n\t<meta property=\"og:image:width\" content=\"1280\" \/>\n\t<meta property=\"og:image:height\" content=\"720\" \/>\n\t<meta property=\"og:image:type\" content=\"image\/jpeg\" \/>\n<meta name=\"author\" content=\"Gabriel Martins\" \/>\n<meta name=\"twitter:card\" content=\"summary_large_image\" \/>\n<meta name=\"twitter:label1\" content=\"Escrito por\" \/>\n\t<meta name=\"twitter:data1\" content=\"Gabriel Martins\" \/>\n\t<meta name=\"twitter:label2\" content=\"Est. tempo de leitura\" \/>\n\t<meta name=\"twitter:data2\" content=\"5 minutos\" \/>\n<!-- \/ Yoast SEO plugin. -->","yoast_head_json":{"title":"Veja o que fazer quando surgem trilhas nas folhas do limoeiro e evite que a praga derrube a produ\u00e7\u00e3o - Estado de Minas - Em foco","description":"Seu limoeiro pode estar sendo atacado pelo minador dos citros. Aprenda a reconhecer os sinais e veja como controlar essa praga.","robots":{"index":"index","follow":"follow","max-snippet":"max-snippet:-1","max-image-preview":"max-image-preview:large","max-video-preview":"max-video-preview:-1"},"canonical":"https:\/\/www.em.com.br\/emfoco\/2026\/03\/16\/veja-o-que-fazer-quando-surgem-trilhas-nas-folhas-do-limoeiro-e-evite-que-a-praga-derrube-a-producao\/","og_locale":"pt_BR","og_type":"article","og_title":"Veja o que fazer quando surgem trilhas nas folhas do limoeiro e evite que a praga derrube a produ\u00e7\u00e3o - Estado de Minas - Em foco","og_description":"Seu limoeiro pode estar sendo atacado pelo minador dos citros. Aprenda a reconhecer os sinais e veja como controlar essa praga.","og_url":"https:\/\/www.em.com.br\/emfoco\/2026\/03\/16\/veja-o-que-fazer-quando-surgem-trilhas-nas-folhas-do-limoeiro-e-evite-que-a-praga-derrube-a-producao\/","og_site_name":"Estado de Minas - Em foco","article_published_time":"2026-03-16T16:25:00+00:00","article_modified_time":"2026-03-12T15:57:59+00:00","og_image":[{"width":1280,"height":720,"url":"https:\/\/www.em.com.br\/emfoco\/wp-content\/uploads\/2026\/03\/3-52.jpg","type":"image\/jpeg"}],"author":"Gabriel Martins","twitter_card":"summary_large_image","twitter_misc":{"Escrito por":"Gabriel Martins","Est. tempo de leitura":"5 minutos"},"schema":{"@context":"https:\/\/schema.org","@graph":[{"@type":"WebPage","@id":"https:\/\/www.em.com.br\/emfoco\/2026\/03\/16\/veja-o-que-fazer-quando-surgem-trilhas-nas-folhas-do-limoeiro-e-evite-que-a-praga-derrube-a-producao\/","url":"https:\/\/www.em.com.br\/emfoco\/2026\/03\/16\/veja-o-que-fazer-quando-surgem-trilhas-nas-folhas-do-limoeiro-e-evite-que-a-praga-derrube-a-producao\/","name":"Veja o que fazer quando surgem trilhas nas folhas do limoeiro e evite que a praga derrube a produ\u00e7\u00e3o - Estado de Minas - Em foco","isPartOf":{"@id":"https:\/\/www.em.com.br\/emfoco\/#website"},"primaryImageOfPage":{"@id":"https:\/\/www.em.com.br\/emfoco\/2026\/03\/16\/veja-o-que-fazer-quando-surgem-trilhas-nas-folhas-do-limoeiro-e-evite-que-a-praga-derrube-a-producao\/#primaryimage"},"image":{"@id":"https:\/\/www.em.com.br\/emfoco\/2026\/03\/16\/veja-o-que-fazer-quando-surgem-trilhas-nas-folhas-do-limoeiro-e-evite-que-a-praga-derrube-a-producao\/#primaryimage"},"thumbnailUrl":"https:\/\/www.em.com.br\/emfoco\/wp-content\/uploads\/2026\/03\/3-52.jpg","datePublished":"2026-03-16T16:25:00+00:00","dateModified":"2026-03-12T15:57:59+00:00","author":{"@id":"https:\/\/www.em.com.br\/emfoco\/#\/schema\/person\/1c9ddeab18b98abeffef834667bcf08a"},"description":"Seu limoeiro pode estar sendo atacado pelo minador dos citros. Aprenda a reconhecer os sinais e veja como controlar essa praga.","breadcrumb":{"@id":"https:\/\/www.em.com.br\/emfoco\/2026\/03\/16\/veja-o-que-fazer-quando-surgem-trilhas-nas-folhas-do-limoeiro-e-evite-que-a-praga-derrube-a-producao\/#breadcrumb"},"inLanguage":"pt-BR","potentialAction":[{"@type":"ReadAction","target":["https:\/\/www.em.com.br\/emfoco\/2026\/03\/16\/veja-o-que-fazer-quando-surgem-trilhas-nas-folhas-do-limoeiro-e-evite-que-a-praga-derrube-a-producao\/"]}]},{"@type":"ImageObject","inLanguage":"pt-BR","@id":"https:\/\/www.em.com.br\/emfoco\/2026\/03\/16\/veja-o-que-fazer-quando-surgem-trilhas-nas-folhas-do-limoeiro-e-evite-que-a-praga-derrube-a-producao\/#primaryimage","url":"https:\/\/www.em.com.br\/emfoco\/wp-content\/uploads\/2026\/03\/3-52.jpg","contentUrl":"https:\/\/www.em.com.br\/emfoco\/wp-content\/uploads\/2026\/03\/3-52.jpg","width":1280,"height":720,"caption":"Identificar precocemente o minador evita danos graves na produ\u00e7\u00e3o do limoeiro"},{"@type":"BreadcrumbList","@id":"https:\/\/www.em.com.br\/emfoco\/2026\/03\/16\/veja-o-que-fazer-quando-surgem-trilhas-nas-folhas-do-limoeiro-e-evite-que-a-praga-derrube-a-producao\/#breadcrumb","itemListElement":[{"@type":"ListItem","position":1,"name":"In\u00edcio","item":"https:\/\/www.em.com.br\/emfoco\/"},{"@type":"ListItem","position":2,"name":"Veja o que fazer quando surgem trilhas nas folhas do limoeiro e evite que a praga derrube a produ\u00e7\u00e3o"}]},{"@type":"WebSite","@id":"https:\/\/www.em.com.br\/emfoco\/#website","url":"https:\/\/www.em.com.br\/emfoco\/","name":"Estado de Minas - Em foco","description":"Acompanhe as \u00faltimas not\u00edcias e fique bem informado sobre tudo o que acontece em Minas Gerais, Brasil e no mundo.","potentialAction":[{"@type":"SearchAction","target":{"@type":"EntryPoint","urlTemplate":"https:\/\/www.em.com.br\/emfoco\/?s={search_term_string}"},"query-input":{"@type":"PropertyValueSpecification","valueRequired":true,"valueName":"search_term_string"}}],"inLanguage":"pt-BR"},{"@type":"Person","@id":"https:\/\/www.em.com.br\/emfoco\/#\/schema\/person\/1c9ddeab18b98abeffef834667bcf08a","name":"Gabriel Martins","image":{"@type":"ImageObject","inLanguage":"pt-BR","@id":"https:\/\/www.em.com.br\/emfoco\/#\/schema\/person\/image\/","url":"https:\/\/secure.gravatar.com\/avatar\/f0f1e2efdfd88f1ad2cb08c5c2731e50?s=96&d=mm&r=g","contentUrl":"https:\/\/secure.gravatar.com\/avatar\/f0f1e2efdfd88f1ad2cb08c5c2731e50?s=96&d=mm&r=g","caption":"Gabriel Martins"},"sameAs":["https:\/\/www.em.com.br\/emfoco\/"],"url":"https:\/\/www.em.com.br\/emfoco\/author\/gabrielmartinsmyth\/"}]}},"_links":{"self":[{"href":"https:\/\/www.em.com.br\/emfoco\/wp-json\/wp\/v2\/posts\/180652","targetHints":{"allow":["GET"]}}],"collection":[{"href":"https:\/\/www.em.com.br\/emfoco\/wp-json\/wp\/v2\/posts"}],"about":[{"href":"https:\/\/www.em.com.br\/emfoco\/wp-json\/wp\/v2\/types\/post"}],"author":[{"embeddable":true,"href":"https:\/\/www.em.com.br\/emfoco\/wp-json\/wp\/v2\/users\/13"}],"replies":[{"embeddable":true,"href":"https:\/\/www.em.com.br\/emfoco\/wp-json\/wp\/v2\/comments?post=180652"}],"version-history":[{"count":1,"href":"https:\/\/www.em.com.br\/emfoco\/wp-json\/wp\/v2\/posts\/180652\/revisions"}],"predecessor-version":[{"id":180684,"href":"https:\/\/www.em.com.br\/emfoco\/wp-json\/wp\/v2\/posts\/180652\/revisions\/180684"}],"wp:featuredmedia":[{"embeddable":true,"href":"https:\/\/www.em.com.br\/emfoco\/wp-json\/wp\/v2\/media\/180683"}],"wp:attachment":[{"href":"https:\/\/www.em.com.br\/emfoco\/wp-json\/wp\/v2\/media?parent=180652"}],"wp:term":[{"taxonomy":"category","embeddable":true,"href":"https:\/\/www.em.com.br\/emfoco\/wp-json\/wp\/v2\/categories?post=180652"},{"taxonomy":"post_tag","embeddable":true,"href":"https:\/\/www.em.com.br\/emfoco\/wp-json\/wp\/v2\/tags?post=180652"}],"curies":[{"name":"wp","href":"https:\/\/api.w.org\/{rel}","templated":true}]}}