{"id":180650,"date":"2026-03-16T17:35:00","date_gmt":"2026-03-16T20:35:00","guid":{"rendered":"https:\/\/www.em.com.br\/emfoco\/?p=180650"},"modified":"2026-03-12T12:54:34","modified_gmt":"2026-03-12T15:54:34","slug":"pontas-marrons-nas-folhas-nao-aparecem-por-acaso-veja-o-que-sua-planta-esta-tentando-avisar","status":"publish","type":"post","link":"https:\/\/www.em.com.br\/emfoco\/2026\/03\/16\/pontas-marrons-nas-folhas-nao-aparecem-por-acaso-veja-o-que-sua-planta-esta-tentando-avisar\/","title":{"rendered":"Pontas marrons nas folhas n\u00e3o aparecem por acaso: veja o que sua planta est\u00e1 tentando avisar"},"content":{"rendered":"\n<p>As pontas secas nas folhas costumam indicar algum tipo de estresse, mesmo quando a planta parece saud\u00e1vel no geral. Esse ressecamento come\u00e7a devagar, com um leve amarelado nas extremidades at\u00e9 chegar ao marrom quebradi\u00e7o, e observar esse detalhe \u00e9 essencial para agir r\u00e1pido antes que o problema avance para caules e ra\u00edzes.<\/p>\n\n\n\n<h2 class=\"wp-block-heading\">Por que as pontas das folhas da planta come\u00e7am a secar?<\/h2>\n\n\n\n<p>As pontas das folhas secando geralmente est\u00e3o ligadas a desequil\u00edbrios de \u00e1gua. Quando o substrato fica seco por muito tempo, a planta entra em modo de economia, redirecionando a umidade para as partes vitais e \u201csacrificando\u201d as extremidades, que endurecem, quebram e podem se enrolar para baixo.<\/p>\n\n\n\n<p>O oposto tamb\u00e9m causa dano: o excesso de \u00e1gua. Com drenagem ruim, as ra\u00edzes ficam encharcadas, com pouco oxig\u00eanio, prejudicando a absor\u00e7\u00e3o de \u00e1gua e nutrientes. Mesmo com o <strong><a href=\"https:\/\/www.em.com.br\/emfoco\/2026\/01\/31\/como-deixar-o-solo-umido-na-medida-certa-para-nao-afogar-seu-alecrim\/\" target=\"_blank\" rel=\"noreferrer noopener\">solo \u00famido<\/a><\/strong>, isso enfraquece a planta e pode gerar pontas marrons, principalmente em vasos de interior.<\/p>\n\n\n\n<figure class=\"wp-block-image size-large\"><img loading=\"lazy\" decoding=\"async\" width=\"1024\" height=\"576\" src=\"https:\/\/www.em.com.br\/emfoco\/wp-content\/uploads\/2026\/03\/4-49-1024x576.jpg\" alt=\"Pontas marrons nas folhas n\u00e3o aparecem por acaso: veja o que sua planta est\u00e1 tentando avisar\" class=\"wp-image-180671\" srcset=\"https:\/\/www.em.com.br\/emfoco\/wp-content\/uploads\/2026\/03\/4-49-1024x576.jpg 1024w, https:\/\/www.em.com.br\/emfoco\/wp-content\/uploads\/2026\/03\/4-49-300x169.jpg 300w, https:\/\/www.em.com.br\/emfoco\/wp-content\/uploads\/2026\/03\/4-49-768x432.jpg 768w, https:\/\/www.em.com.br\/emfoco\/wp-content\/uploads\/2026\/03\/4-49-750x422.jpg 750w, https:\/\/www.em.com.br\/emfoco\/wp-content\/uploads\/2026\/03\/4-49-1140x641.jpg 1140w, https:\/\/www.em.com.br\/emfoco\/wp-content\/uploads\/2026\/03\/4-49.jpg 1280w\" sizes=\"auto, (max-width: 1024px) 100vw, 1024px\" \/><figcaption class=\"wp-element-caption\">Falta de umidade interna faz a planta sacrificar as extremidades foliares<\/figcaption><\/figure>\n\n\n\n<h2 class=\"wp-block-heading\">Como o ambiente influencia nas pontas ressecadas?<\/h2>\n\n\n\n<p>O ambiente interno tem impacto direto nas pontas das folhas ressecadas. Ar-condicionado, aquecedores e ventiladores reduzem a umidade do ar, fazendo a planta perder \u00e1gua mais r\u00e1pido pelas folhas, o que atinge primeiro as extremidades, sobretudo em esp\u00e9cies tropicais sens\u00edveis.<\/p>\n\n\n\n<p>A luz tamb\u00e9m pesa muito: plantas de meia-sombra podem ter pontas queimadas sob sol direto nas horas mais quentes, enquanto locais com pouca luz enfraquecem a planta e a tornam mais vulner\u00e1vel a qualquer erro de rega ou nutri\u00e7\u00e3o.<\/p>\n\n\n\n<h2 class=\"wp-block-heading\">Como evitar que as pontas das folhas da planta sequem<\/h2>\n\n\n\n<p>Para evitar pontas secas, o primeiro passo \u00e9 ajustar a rotina de rega observando o substrato em vez de seguir apenas uma frequ\u00eancia fixa. A planta reage melhor quando o solo se mant\u00e9m levemente \u00famido, sem per\u00edodos longos de encharcamento ou de secura extrema.<\/p>\n\n\n\n<p>A escolha do substrato tamb\u00e9m \u00e9 decisiva: misturas muito compactas ret\u00eam \u00e1gua demais, enquanto as muito arenosas secam r\u00e1pido. Um bom substrato combina terra, mat\u00e9ria org\u00e2nica e elementos drenantes, como areia grossa ou perlita, al\u00e9m de vasos com furos eficientes na base.<\/p>\n\n\n\n<figure class=\"wp-block-image size-large\"><img loading=\"lazy\" decoding=\"async\" width=\"1024\" height=\"576\" src=\"https:\/\/www.em.com.br\/emfoco\/wp-content\/uploads\/2026\/03\/3-51-1024x576.jpg\" alt=\"Pontas marrons nas folhas n\u00e3o aparecem por acaso: veja o que sua planta est\u00e1 tentando avisar\" class=\"wp-image-180670\" srcset=\"https:\/\/www.em.com.br\/emfoco\/wp-content\/uploads\/2026\/03\/3-51-1024x576.jpg 1024w, https:\/\/www.em.com.br\/emfoco\/wp-content\/uploads\/2026\/03\/3-51-300x169.jpg 300w, https:\/\/www.em.com.br\/emfoco\/wp-content\/uploads\/2026\/03\/3-51-768x432.jpg 768w, https:\/\/www.em.com.br\/emfoco\/wp-content\/uploads\/2026\/03\/3-51-750x422.jpg 750w, https:\/\/www.em.com.br\/emfoco\/wp-content\/uploads\/2026\/03\/3-51-1140x641.jpg 1140w, https:\/\/www.em.com.br\/emfoco\/wp-content\/uploads\/2026\/03\/3-51.jpg 1280w\" sizes=\"auto, (max-width: 1024px) 100vw, 1024px\" \/><figcaption class=\"wp-element-caption\">Ajustar a rotina de rega previne o surgimento do marrom quebradi\u00e7o<\/figcaption><\/figure>\n\n\n\n<h2 class=\"wp-block-heading\">Quais pr\u00e1ticas di\u00e1rias ajudam a preservar as folhas saud\u00e1veis?<\/h2>\n\n\n\n<p>Alguns cuidados no dia a dia reduzem bastante o risco de pontas queimadas. Ajustar a posi\u00e7\u00e3o do vaso, controlar o fluxo de ar e equilibrar a umidade ao redor da planta criam um ambiente mais est\u00e1vel e pr\u00f3ximo das condi\u00e7\u00f5es ideais de cada esp\u00e9cie.<\/p>\n\n\n\n<p>Ao organizar o espa\u00e7o, considere estas a\u00e7\u00f5es pr\u00e1ticas que melhoram o conforto das plantas e diminuem o <strong><a href=\"https:\/\/aegro.com.br\/blog\/estresse-hidrico-nas-plantas\/\" target=\"_blank\" rel=\"noreferrer noopener\">estresse h\u00eddrico<\/a><\/strong> e t\u00e9rmico:<\/p>\n\n\n\n<ul class=\"wp-block-list\">\n<li>Manter a planta em local com luz filtrada, evitando sol direto em esp\u00e9cies sens\u00edveis.<\/li>\n\n\n\n<li>Afastar vasos de aparelhos que sopram ar quente ou frio diretamente nas folhas.<\/li>\n\n\n\n<li>Aumentar a umidade do ar com bandejas de \u00e1gua pr\u00f3ximas ou agrupando plantas.<\/li>\n\n\n\n<li>Evitar mudan\u00e7as bruscas de local, que geram estresse e queda precoce de folhas.<\/li>\n<\/ul>\n\n\n\n<h2 class=\"wp-block-heading\">Quais cuidados extras ajudam a recuperar folhas com pontas queimadas<\/h2>\n\n\n\n<p>Quando o dano j\u00e1 aparece, aparar apenas a parte seca com tesoura limpa, seguindo o formato da folha e deixando uma pequena faixa marrom, ajuda na est\u00e9tica sem agredir o tecido saud\u00e1vel. Tamb\u00e9m \u00e9 importante revisar o uso de fertilizantes, optando por doses menores e regulares e, se houver suspeita de excesso de sais, fazer uma \u201clavagem\u201d do substrato com boa drenagem.<\/p>\n\n\n\n<p>N\u00e3o espere as folhas inteiras ficarem comprometidas para agir: observe as pontas, ajuste rega, ambiente e aduba\u00e7\u00e3o hoje mesmo e, se preciso, fa\u00e7a um replante em substrato adequado. Cuidar desses detalhes agora pode ser a diferen\u00e7a entre perder a planta ou ver ela se recuperar e voltar a exibir uma folhagem cheia, verde e viva.<\/p>\n","protected":false},"excerpt":{"rendered":"<p>As pontas secas nas folhas costumam indicar algum tipo de estresse, mesmo quando a planta parece saud\u00e1vel no geral. Esse ressecamento come\u00e7a devagar, com um leve amarelado nas extremidades at\u00e9 chegar ao marrom quebradi\u00e7o, e observar esse detalhe \u00e9 essencial para agir r\u00e1pido antes que o problema avance para caules e ra\u00edzes. Por que as [&hellip;]<\/p>\n","protected":false},"author":13,"featured_media":180672,"comment_status":"open","ping_status":"open","sticky":false,"template":"","format":"standard","meta":{"jnews-multi-image_gallery":[],"jnews_single_post":{"format":"standard"},"jnews_primary_category":[],"jnews_social_meta":[],"jnews_override_counter":[],"footnotes":""},"categories":[8819],"tags":[3358,18937,22274],"class_list":["post-180650","post","type-post","status-publish","format-standard","has-post-thumbnail","hentry","category-curiosidades","tag-jardinagem","tag-pontas-secas","tag-problemas-nas-plantas"],"yoast_head":"<!-- This site is optimized with the Yoast SEO plugin v23.8 - https:\/\/yoast.com\/wordpress\/plugins\/seo\/ -->\n<title>Pontas marrons nas folhas n\u00e3o aparecem por acaso: veja o que sua planta est\u00e1 tentando avisar - Estado de Minas - Em foco<\/title>\n<meta name=\"description\" content=\"Se as pontas das folhas est\u00e3o secando, sua planta pode estar sofrendo com rega ou ambiente errado. Veja o que ajustar agora.\" \/>\n<meta name=\"robots\" content=\"index, follow, max-snippet:-1, max-image-preview:large, max-video-preview:-1\" \/>\n<link rel=\"canonical\" href=\"https:\/\/www.em.com.br\/emfoco\/2026\/03\/16\/pontas-marrons-nas-folhas-nao-aparecem-por-acaso-veja-o-que-sua-planta-esta-tentando-avisar\/\" \/>\n<meta property=\"og:locale\" content=\"pt_BR\" \/>\n<meta property=\"og:type\" content=\"article\" \/>\n<meta property=\"og:title\" content=\"Pontas marrons nas folhas n\u00e3o aparecem por acaso: veja o que sua planta est\u00e1 tentando avisar - Estado de Minas - Em foco\" \/>\n<meta property=\"og:description\" content=\"Se as pontas das folhas est\u00e3o secando, sua planta pode estar sofrendo com rega ou ambiente errado. Veja o que ajustar agora.\" \/>\n<meta property=\"og:url\" content=\"https:\/\/www.em.com.br\/emfoco\/2026\/03\/16\/pontas-marrons-nas-folhas-nao-aparecem-por-acaso-veja-o-que-sua-planta-esta-tentando-avisar\/\" \/>\n<meta property=\"og:site_name\" content=\"Estado de Minas - Em foco\" \/>\n<meta property=\"article:published_time\" content=\"2026-03-16T20:35:00+00:00\" \/>\n<meta property=\"article:modified_time\" content=\"2026-03-12T15:54:34+00:00\" \/>\n<meta property=\"og:image\" content=\"https:\/\/www.em.com.br\/emfoco\/wp-content\/uploads\/2026\/03\/5-46.jpg\" \/>\n\t<meta property=\"og:image:width\" content=\"1280\" \/>\n\t<meta property=\"og:image:height\" content=\"720\" \/>\n\t<meta property=\"og:image:type\" content=\"image\/jpeg\" \/>\n<meta name=\"author\" content=\"Gabriel Martins\" \/>\n<meta name=\"twitter:card\" content=\"summary_large_image\" \/>\n<meta name=\"twitter:label1\" content=\"Escrito por\" \/>\n\t<meta name=\"twitter:data1\" content=\"Gabriel Martins\" \/>\n\t<meta name=\"twitter:label2\" content=\"Est. tempo de leitura\" \/>\n\t<meta name=\"twitter:data2\" content=\"4 minutos\" \/>\n<!-- \/ Yoast SEO plugin. -->","yoast_head_json":{"title":"Pontas marrons nas folhas n\u00e3o aparecem por acaso: veja o que sua planta est\u00e1 tentando avisar - Estado de Minas - Em foco","description":"Se as pontas das folhas est\u00e3o secando, sua planta pode estar sofrendo com rega ou ambiente errado. Veja o que ajustar agora.","robots":{"index":"index","follow":"follow","max-snippet":"max-snippet:-1","max-image-preview":"max-image-preview:large","max-video-preview":"max-video-preview:-1"},"canonical":"https:\/\/www.em.com.br\/emfoco\/2026\/03\/16\/pontas-marrons-nas-folhas-nao-aparecem-por-acaso-veja-o-que-sua-planta-esta-tentando-avisar\/","og_locale":"pt_BR","og_type":"article","og_title":"Pontas marrons nas folhas n\u00e3o aparecem por acaso: veja o que sua planta est\u00e1 tentando avisar - Estado de Minas - Em foco","og_description":"Se as pontas das folhas est\u00e3o secando, sua planta pode estar sofrendo com rega ou ambiente errado. Veja o que ajustar agora.","og_url":"https:\/\/www.em.com.br\/emfoco\/2026\/03\/16\/pontas-marrons-nas-folhas-nao-aparecem-por-acaso-veja-o-que-sua-planta-esta-tentando-avisar\/","og_site_name":"Estado de Minas - Em foco","article_published_time":"2026-03-16T20:35:00+00:00","article_modified_time":"2026-03-12T15:54:34+00:00","og_image":[{"width":1280,"height":720,"url":"https:\/\/www.em.com.br\/emfoco\/wp-content\/uploads\/2026\/03\/5-46.jpg","type":"image\/jpeg"}],"author":"Gabriel Martins","twitter_card":"summary_large_image","twitter_misc":{"Escrito por":"Gabriel Martins","Est. tempo de leitura":"4 minutos"},"schema":{"@context":"https:\/\/schema.org","@graph":[{"@type":"WebPage","@id":"https:\/\/www.em.com.br\/emfoco\/2026\/03\/16\/pontas-marrons-nas-folhas-nao-aparecem-por-acaso-veja-o-que-sua-planta-esta-tentando-avisar\/","url":"https:\/\/www.em.com.br\/emfoco\/2026\/03\/16\/pontas-marrons-nas-folhas-nao-aparecem-por-acaso-veja-o-que-sua-planta-esta-tentando-avisar\/","name":"Pontas marrons nas folhas n\u00e3o aparecem por acaso: veja o que sua planta est\u00e1 tentando avisar - Estado de Minas - Em foco","isPartOf":{"@id":"https:\/\/www.em.com.br\/emfoco\/#website"},"primaryImageOfPage":{"@id":"https:\/\/www.em.com.br\/emfoco\/2026\/03\/16\/pontas-marrons-nas-folhas-nao-aparecem-por-acaso-veja-o-que-sua-planta-esta-tentando-avisar\/#primaryimage"},"image":{"@id":"https:\/\/www.em.com.br\/emfoco\/2026\/03\/16\/pontas-marrons-nas-folhas-nao-aparecem-por-acaso-veja-o-que-sua-planta-esta-tentando-avisar\/#primaryimage"},"thumbnailUrl":"https:\/\/www.em.com.br\/emfoco\/wp-content\/uploads\/2026\/03\/5-46.jpg","datePublished":"2026-03-16T20:35:00+00:00","dateModified":"2026-03-12T15:54:34+00:00","author":{"@id":"https:\/\/www.em.com.br\/emfoco\/#\/schema\/person\/1c9ddeab18b98abeffef834667bcf08a"},"description":"Se as pontas das folhas est\u00e3o secando, sua planta pode estar sofrendo com rega ou ambiente errado. Veja o que ajustar agora.","breadcrumb":{"@id":"https:\/\/www.em.com.br\/emfoco\/2026\/03\/16\/pontas-marrons-nas-folhas-nao-aparecem-por-acaso-veja-o-que-sua-planta-esta-tentando-avisar\/#breadcrumb"},"inLanguage":"pt-BR","potentialAction":[{"@type":"ReadAction","target":["https:\/\/www.em.com.br\/emfoco\/2026\/03\/16\/pontas-marrons-nas-folhas-nao-aparecem-por-acaso-veja-o-que-sua-planta-esta-tentando-avisar\/"]}]},{"@type":"ImageObject","inLanguage":"pt-BR","@id":"https:\/\/www.em.com.br\/emfoco\/2026\/03\/16\/pontas-marrons-nas-folhas-nao-aparecem-por-acaso-veja-o-que-sua-planta-esta-tentando-avisar\/#primaryimage","url":"https:\/\/www.em.com.br\/emfoco\/wp-content\/uploads\/2026\/03\/5-46.jpg","contentUrl":"https:\/\/www.em.com.br\/emfoco\/wp-content\/uploads\/2026\/03\/5-46.jpg","width":1280,"height":720,"caption":"Pontas secas nas folhas indicam desequil\u00edbrios de \u00e1gua no substrato vegetal"},{"@type":"BreadcrumbList","@id":"https:\/\/www.em.com.br\/emfoco\/2026\/03\/16\/pontas-marrons-nas-folhas-nao-aparecem-por-acaso-veja-o-que-sua-planta-esta-tentando-avisar\/#breadcrumb","itemListElement":[{"@type":"ListItem","position":1,"name":"In\u00edcio","item":"https:\/\/www.em.com.br\/emfoco\/"},{"@type":"ListItem","position":2,"name":"Pontas marrons nas folhas n\u00e3o aparecem por acaso: veja o que sua planta est\u00e1 tentando avisar"}]},{"@type":"WebSite","@id":"https:\/\/www.em.com.br\/emfoco\/#website","url":"https:\/\/www.em.com.br\/emfoco\/","name":"Estado de Minas - Em foco","description":"Acompanhe as \u00faltimas not\u00edcias e fique bem informado sobre tudo o que acontece em Minas Gerais, Brasil e no mundo.","potentialAction":[{"@type":"SearchAction","target":{"@type":"EntryPoint","urlTemplate":"https:\/\/www.em.com.br\/emfoco\/?s={search_term_string}"},"query-input":{"@type":"PropertyValueSpecification","valueRequired":true,"valueName":"search_term_string"}}],"inLanguage":"pt-BR"},{"@type":"Person","@id":"https:\/\/www.em.com.br\/emfoco\/#\/schema\/person\/1c9ddeab18b98abeffef834667bcf08a","name":"Gabriel Martins","image":{"@type":"ImageObject","inLanguage":"pt-BR","@id":"https:\/\/www.em.com.br\/emfoco\/#\/schema\/person\/image\/","url":"https:\/\/secure.gravatar.com\/avatar\/f0f1e2efdfd88f1ad2cb08c5c2731e50?s=96&d=mm&r=g","contentUrl":"https:\/\/secure.gravatar.com\/avatar\/f0f1e2efdfd88f1ad2cb08c5c2731e50?s=96&d=mm&r=g","caption":"Gabriel Martins"},"sameAs":["https:\/\/www.em.com.br\/emfoco\/"],"url":"https:\/\/www.em.com.br\/emfoco\/author\/gabrielmartinsmyth\/"}]}},"_links":{"self":[{"href":"https:\/\/www.em.com.br\/emfoco\/wp-json\/wp\/v2\/posts\/180650","targetHints":{"allow":["GET"]}}],"collection":[{"href":"https:\/\/www.em.com.br\/emfoco\/wp-json\/wp\/v2\/posts"}],"about":[{"href":"https:\/\/www.em.com.br\/emfoco\/wp-json\/wp\/v2\/types\/post"}],"author":[{"embeddable":true,"href":"https:\/\/www.em.com.br\/emfoco\/wp-json\/wp\/v2\/users\/13"}],"replies":[{"embeddable":true,"href":"https:\/\/www.em.com.br\/emfoco\/wp-json\/wp\/v2\/comments?post=180650"}],"version-history":[{"count":1,"href":"https:\/\/www.em.com.br\/emfoco\/wp-json\/wp\/v2\/posts\/180650\/revisions"}],"predecessor-version":[{"id":180679,"href":"https:\/\/www.em.com.br\/emfoco\/wp-json\/wp\/v2\/posts\/180650\/revisions\/180679"}],"wp:featuredmedia":[{"embeddable":true,"href":"https:\/\/www.em.com.br\/emfoco\/wp-json\/wp\/v2\/media\/180672"}],"wp:attachment":[{"href":"https:\/\/www.em.com.br\/emfoco\/wp-json\/wp\/v2\/media?parent=180650"}],"wp:term":[{"taxonomy":"category","embeddable":true,"href":"https:\/\/www.em.com.br\/emfoco\/wp-json\/wp\/v2\/categories?post=180650"},{"taxonomy":"post_tag","embeddable":true,"href":"https:\/\/www.em.com.br\/emfoco\/wp-json\/wp\/v2\/tags?post=180650"}],"curies":[{"name":"wp","href":"https:\/\/api.w.org\/{rel}","templated":true}]}}