{"id":180648,"date":"2026-03-16T21:25:00","date_gmt":"2026-03-17T00:25:00","guid":{"rendered":"https:\/\/www.em.com.br\/emfoco\/?p=180648"},"modified":"2026-03-12T12:53:18","modified_gmt":"2026-03-12T15:53:18","slug":"mora-em-apartamento-pequeno-essa-planta-resistente-pode-transformar-seu-espaco-sem-dar-trabalho","status":"publish","type":"post","link":"https:\/\/www.em.com.br\/emfoco\/2026\/03\/16\/mora-em-apartamento-pequeno-essa-planta-resistente-pode-transformar-seu-espaco-sem-dar-trabalho\/","title":{"rendered":"Mora em apartamento pequeno? Essa planta resistente pode transformar seu espa\u00e7o sem dar trabalho"},"content":{"rendered":"\n<p>A busca por uma planta de interior resistente, bonita e f\u00e1cil de cuidar levou muita gente a se apaixonar pela <strong>jiboia<\/strong>, tamb\u00e9m chamada de\u00a0<em>pothos<\/em>\u00a0ou\u00a0<strong>Epipremnum aureum<\/strong>. Essa trepadeira cresce o ano todo dentro de casa, vai bem em espa\u00e7os pequenos e n\u00e3o precisa de jardim para se desenvolver, o que a tornou uma das queridinhas na decora\u00e7\u00e3o de apartamentos e escrit\u00f3rios.<\/p>\n\n\n\n<h2 class=\"wp-block-heading\">Por que a jiboia \u00e9 uma planta de interior t\u00e3o resistente<\/h2>\n\n\n\n<p>A jiboia se destaca pela alta capacidade de adapta\u00e7\u00e3o: suporta varia\u00e7\u00f5es de luz, umidade e temperatura comuns em ambientes internos. Ela se desenvolve bem com luz indireta e at\u00e9 em sombra parcial, mantendo folhas verdes o ano inteiro quando recebe regas equilibradas e prote\u00e7\u00e3o contra frio intenso.<\/p>\n\n\n\n<p>Por ser uma <strong><a href=\"https:\/\/www.em.com.br\/emfoco\/2026\/03\/10\/a-trepadeira-de-crescimento-rapido-que-transforma-muros-sem-graca-em-uma-cortina-de-flores-e-frutos\/\" target=\"_blank\" rel=\"noreferrer noopener\">trepadeira <\/a><\/strong>vers\u00e1til, pode ser cultivada em vasos, prateleiras, cachep\u00f4s ou pendentes, com ramos caindo de forma ornamental. Tamb\u00e9m pode ser conduzida em suportes e tutores de fibra de coco, criando um jardim vertical que ocupa pouco espa\u00e7o no ch\u00e3o.<\/p>\n\n\n\n<figure class=\"wp-block-image size-large\"><img loading=\"lazy\" decoding=\"async\" width=\"1024\" height=\"576\" src=\"https:\/\/www.em.com.br\/emfoco\/wp-content\/uploads\/2026\/03\/8-33-1024x576.jpg\" alt=\"Mora em apartamento pequeno? Essa planta resistente pode transformar seu espa\u00e7o sem dar trabalho\" class=\"wp-image-180675\" srcset=\"https:\/\/www.em.com.br\/emfoco\/wp-content\/uploads\/2026\/03\/8-33-1024x576.jpg 1024w, https:\/\/www.em.com.br\/emfoco\/wp-content\/uploads\/2026\/03\/8-33-300x169.jpg 300w, https:\/\/www.em.com.br\/emfoco\/wp-content\/uploads\/2026\/03\/8-33-768x432.jpg 768w, https:\/\/www.em.com.br\/emfoco\/wp-content\/uploads\/2026\/03\/8-33-750x422.jpg 750w, https:\/\/www.em.com.br\/emfoco\/wp-content\/uploads\/2026\/03\/8-33-1140x641.jpg 1140w, https:\/\/www.em.com.br\/emfoco\/wp-content\/uploads\/2026\/03\/8-33.jpg 1280w\" sizes=\"auto, (max-width: 1024px) 100vw, 1024px\" \/><figcaption class=\"wp-element-caption\">Alta capacidade de adapta\u00e7\u00e3o garante resist\u00eancia em diversos ambientes internos diferentes<\/figcaption><\/figure>\n\n\n\n<h2 class=\"wp-block-heading\">Como cuidar da jiboia em vasos dentro de casa<\/h2>\n\n\n\n<p>Os cuidados b\u00e1sicos da jiboia s\u00e3o simples e ideais para rotinas corridas. Ela prefere luz indireta abundante, pr\u00f3xima a janelas filtradas por cortinas leves; em locais mais escuros, cresce mais devagar e com folhas menores, mas costuma se manter saud\u00e1vel.<\/p>\n\n\n\n<p>A rega deve ser moderada, evitando encharcar o substrato. Um solo leve e bem drenado, com terra vegetal, mat\u00e9ria org\u00e2nica e algum material que favore\u00e7a a aera\u00e7\u00e3o, como casca de pinus ou perlita, ajuda a prevenir o apodrecimento das ra\u00edzes e favorece um crescimento cont\u00ednuo.<\/p>\n\n\n\n<h2 class=\"wp-block-heading\">Como cultivar jiboia na \u00e1gua ou no substrato<\/h2>\n\n\n\n<p>A jiboia pode viver tanto em substrato quanto apenas na \u00e1gua, o que amplia as possibilidades decorativas. Em vasos ou garrafas de vidro, \u00e9 comum ver ramos enraizados em \u00e1gua limpa, \u00e0s vezes acompanhados de pedras decorativas, formando arranjos modernos e minimalistas.<\/p>\n\n\n\n<p>Para quem deseja multiplicar a planta, a propaga\u00e7\u00e3o por estacas \u00e9 r\u00e1pida e econ\u00f4mica, permitindo criar v\u00e1rias novas unidades a partir de um \u00fanico vaso. Veja um passo a passo simples para enraizar a jiboia na \u00e1gua:<\/p>\n\n\n\n<ul class=\"wp-block-list\">\n<li>Cortar um peda\u00e7o saud\u00e1vel do ramo, com pelo menos um n\u00f3 bem vis\u00edvel.<\/li>\n\n\n\n<li>Remover as folhas da parte que ficar\u00e1 submersa na \u00e1gua.<\/li>\n\n\n\n<li>Colocar a estaca em recipiente com \u00e1gua limpa, mantendo o n\u00f3 dentro da \u00e1gua.<\/li>\n\n\n\n<li>Trocar a \u00e1gua regularmente para evitar odores e prolifera\u00e7\u00e3o de microrganismos.<\/li>\n<\/ul>\n\n\n\n<p>Confira o v\u00eddeo compartilhado pelo canal do YouTube <strong><a href=\"https:\/\/www.youtube.com\/@pomarehortasustentaveis\">Pomar e Horta Sustent\u00e1veis<\/a><\/strong> mostrando passo a passo e dando dicas de como cultivar jiboia em vasos.<\/p>\n\n\n\n<figure class=\"wp-block-embed is-type-video is-provider-youtube wp-block-embed-youtube wp-embed-aspect-16-9 wp-has-aspect-ratio\"><div class=\"wp-block-embed__wrapper\">\n<div class=\"jeg_video_container jeg_video_content\"><iframe loading=\"lazy\" title=\"Como Plantar Jiboia em Vasos - Nunca Mais Compre Planta Jiboia\" width=\"500\" height=\"281\" src=\"https:\/\/www.youtube.com\/embed\/oFJq8eGL58Y?feature=oembed\" frameborder=\"0\" allow=\"accelerometer; autoplay; clipboard-write; encrypted-media; gyroscope; picture-in-picture; web-share\" referrerpolicy=\"strict-origin-when-cross-origin\" allowfullscreen><\/iframe><\/div>\n<\/div><\/figure>\n\n\n\n<h2 class=\"wp-block-heading\">Quais cuidados extras mant\u00eam a jiboia bonita o ano todo<\/h2>\n\n\n\n<p>Alguns cuidados complementares ajudam a deixar a jiboia sempre vistosa. Limpar as folhas com pano \u00famido remove a poeira e melhora a fotoss\u00edntese, enquanto observar a umidade do ar e do substrato evita per\u00edodos muito longos de ressecamento, especialmente em ambientes com ar-condicionado.<\/p>\n\n\n\n<p>Aduba\u00e7\u00f5es leves com fertilizante para plantas de interior, seguindo a orienta\u00e7\u00e3o do fabricante, estimulam novas brota\u00e7\u00f5es. Podas ocasionais dos ramos mais longos ajudam a controlar o formato, deixar a planta mais cheia e fornecer novas estacas para propaga\u00e7\u00e3o.<\/p>\n\n\n\n<h2 class=\"wp-block-heading\">Como transformar a jiboia na protagonista verde da sua casa<\/h2>\n\n\n\n<p>Com poucos cuidados, a jiboia se adapta a salas, quartos, escrit\u00f3rios e varandas cobertas, entregando um visual verde o ano inteiro. Sua resist\u00eancia, versatilidade e baixa manuten\u00e7\u00e3o fazem dela uma das melhores escolhas para quem quer come\u00e7ar ou ampliar a cole\u00e7\u00e3o de plantas dentro de casa sem complica\u00e7\u00e3o.<\/p>\n\n\n\n<p>Se voc\u00ea est\u00e1 adiando o momento de trazer mais natureza para seus ambientes, este \u00e9 o sinal para agir agora: escolha um canto com boa luz indireta, prepare um vaso bem drenado e comece hoje mesmo a cultivar sua jiboia. Cada novo broto ser\u00e1 um lembrete di\u00e1rio de que \u00e9 poss\u00edvel transformar qualquer espa\u00e7o em um ref\u00fagio verde, vivo e acolhedor.<\/p>\n","protected":false},"excerpt":{"rendered":"<p>A busca por uma planta de interior resistente, bonita e f\u00e1cil de cuidar levou muita gente a se apaixonar pela jiboia, tamb\u00e9m chamada de\u00a0pothos\u00a0ou\u00a0Epipremnum aureum. Essa trepadeira cresce o ano todo dentro de casa, vai bem em espa\u00e7os pequenos e n\u00e3o precisa de jardim para se desenvolver, o que a tornou uma das queridinhas na [&hellip;]<\/p>\n","protected":false},"author":13,"featured_media":180676,"comment_status":"open","ping_status":"open","sticky":false,"template":"","format":"standard","meta":{"jnews-multi-image_gallery":[],"jnews_single_post":{"format":"standard"},"jnews_primary_category":[],"jnews_social_meta":[],"jnews_override_counter":[],"footnotes":""},"categories":[8819],"tags":[3358,10210,11239],"class_list":["post-180648","post","type-post","status-publish","format-standard","has-post-thumbnail","hentry","category-curiosidades","tag-jardinagem","tag-jiboia","tag-trepadeira"],"yoast_head":"<!-- This site is optimized with the Yoast SEO plugin v23.8 - https:\/\/yoast.com\/wordpress\/plugins\/seo\/ -->\n<title>Mora em apartamento pequeno? Essa planta resistente pode transformar seu espa\u00e7o sem dar trabalho - Estado de Minas - Em foco<\/title>\n<meta name=\"description\" content=\"Jiboia \u00e9 a planta de interior que sobrevive a pouca luz e exige pouca manuten\u00e7\u00e3o. Aprenda a cuidar, multiplicar e decorar sua casa com ela.\" \/>\n<meta name=\"robots\" content=\"index, follow, max-snippet:-1, max-image-preview:large, max-video-preview:-1\" \/>\n<link rel=\"canonical\" href=\"https:\/\/www.em.com.br\/emfoco\/2026\/03\/16\/mora-em-apartamento-pequeno-essa-planta-resistente-pode-transformar-seu-espaco-sem-dar-trabalho\/\" \/>\n<meta property=\"og:locale\" content=\"pt_BR\" \/>\n<meta property=\"og:type\" content=\"article\" \/>\n<meta property=\"og:title\" content=\"Mora em apartamento pequeno? Essa planta resistente pode transformar seu espa\u00e7o sem dar trabalho - Estado de Minas - Em foco\" \/>\n<meta property=\"og:description\" content=\"Jiboia \u00e9 a planta de interior que sobrevive a pouca luz e exige pouca manuten\u00e7\u00e3o. Aprenda a cuidar, multiplicar e decorar sua casa com ela.\" \/>\n<meta property=\"og:url\" content=\"https:\/\/www.em.com.br\/emfoco\/2026\/03\/16\/mora-em-apartamento-pequeno-essa-planta-resistente-pode-transformar-seu-espaco-sem-dar-trabalho\/\" \/>\n<meta property=\"og:site_name\" content=\"Estado de Minas - Em foco\" \/>\n<meta property=\"article:published_time\" content=\"2026-03-17T00:25:00+00:00\" \/>\n<meta property=\"article:modified_time\" content=\"2026-03-12T15:53:18+00:00\" \/>\n<meta property=\"og:image\" content=\"https:\/\/www.em.com.br\/emfoco\/wp-content\/uploads\/2026\/03\/9-32.jpg\" \/>\n\t<meta property=\"og:image:width\" content=\"1280\" \/>\n\t<meta property=\"og:image:height\" content=\"720\" \/>\n\t<meta property=\"og:image:type\" content=\"image\/jpeg\" \/>\n<meta name=\"author\" content=\"Gabriel Martins\" \/>\n<meta name=\"twitter:card\" content=\"summary_large_image\" \/>\n<meta name=\"twitter:label1\" content=\"Escrito por\" \/>\n\t<meta name=\"twitter:data1\" content=\"Gabriel Martins\" \/>\n\t<meta name=\"twitter:label2\" content=\"Est. tempo de leitura\" \/>\n\t<meta name=\"twitter:data2\" content=\"4 minutos\" \/>\n<!-- \/ Yoast SEO plugin. -->","yoast_head_json":{"title":"Mora em apartamento pequeno? Essa planta resistente pode transformar seu espa\u00e7o sem dar trabalho - Estado de Minas - Em foco","description":"Jiboia \u00e9 a planta de interior que sobrevive a pouca luz e exige pouca manuten\u00e7\u00e3o. Aprenda a cuidar, multiplicar e decorar sua casa com ela.","robots":{"index":"index","follow":"follow","max-snippet":"max-snippet:-1","max-image-preview":"max-image-preview:large","max-video-preview":"max-video-preview:-1"},"canonical":"https:\/\/www.em.com.br\/emfoco\/2026\/03\/16\/mora-em-apartamento-pequeno-essa-planta-resistente-pode-transformar-seu-espaco-sem-dar-trabalho\/","og_locale":"pt_BR","og_type":"article","og_title":"Mora em apartamento pequeno? Essa planta resistente pode transformar seu espa\u00e7o sem dar trabalho - Estado de Minas - Em foco","og_description":"Jiboia \u00e9 a planta de interior que sobrevive a pouca luz e exige pouca manuten\u00e7\u00e3o. Aprenda a cuidar, multiplicar e decorar sua casa com ela.","og_url":"https:\/\/www.em.com.br\/emfoco\/2026\/03\/16\/mora-em-apartamento-pequeno-essa-planta-resistente-pode-transformar-seu-espaco-sem-dar-trabalho\/","og_site_name":"Estado de Minas - Em foco","article_published_time":"2026-03-17T00:25:00+00:00","article_modified_time":"2026-03-12T15:53:18+00:00","og_image":[{"width":1280,"height":720,"url":"https:\/\/www.em.com.br\/emfoco\/wp-content\/uploads\/2026\/03\/9-32.jpg","type":"image\/jpeg"}],"author":"Gabriel Martins","twitter_card":"summary_large_image","twitter_misc":{"Escrito por":"Gabriel Martins","Est. tempo de leitura":"4 minutos"},"schema":{"@context":"https:\/\/schema.org","@graph":[{"@type":"WebPage","@id":"https:\/\/www.em.com.br\/emfoco\/2026\/03\/16\/mora-em-apartamento-pequeno-essa-planta-resistente-pode-transformar-seu-espaco-sem-dar-trabalho\/","url":"https:\/\/www.em.com.br\/emfoco\/2026\/03\/16\/mora-em-apartamento-pequeno-essa-planta-resistente-pode-transformar-seu-espaco-sem-dar-trabalho\/","name":"Mora em apartamento pequeno? Essa planta resistente pode transformar seu espa\u00e7o sem dar trabalho - Estado de Minas - Em foco","isPartOf":{"@id":"https:\/\/www.em.com.br\/emfoco\/#website"},"primaryImageOfPage":{"@id":"https:\/\/www.em.com.br\/emfoco\/2026\/03\/16\/mora-em-apartamento-pequeno-essa-planta-resistente-pode-transformar-seu-espaco-sem-dar-trabalho\/#primaryimage"},"image":{"@id":"https:\/\/www.em.com.br\/emfoco\/2026\/03\/16\/mora-em-apartamento-pequeno-essa-planta-resistente-pode-transformar-seu-espaco-sem-dar-trabalho\/#primaryimage"},"thumbnailUrl":"https:\/\/www.em.com.br\/emfoco\/wp-content\/uploads\/2026\/03\/9-32.jpg","datePublished":"2026-03-17T00:25:00+00:00","dateModified":"2026-03-12T15:53:18+00:00","author":{"@id":"https:\/\/www.em.com.br\/emfoco\/#\/schema\/person\/1c9ddeab18b98abeffef834667bcf08a"},"description":"Jiboia \u00e9 a planta de interior que sobrevive a pouca luz e exige pouca manuten\u00e7\u00e3o. Aprenda a cuidar, multiplicar e decorar sua casa com ela.","breadcrumb":{"@id":"https:\/\/www.em.com.br\/emfoco\/2026\/03\/16\/mora-em-apartamento-pequeno-essa-planta-resistente-pode-transformar-seu-espaco-sem-dar-trabalho\/#breadcrumb"},"inLanguage":"pt-BR","potentialAction":[{"@type":"ReadAction","target":["https:\/\/www.em.com.br\/emfoco\/2026\/03\/16\/mora-em-apartamento-pequeno-essa-planta-resistente-pode-transformar-seu-espaco-sem-dar-trabalho\/"]}]},{"@type":"ImageObject","inLanguage":"pt-BR","@id":"https:\/\/www.em.com.br\/emfoco\/2026\/03\/16\/mora-em-apartamento-pequeno-essa-planta-resistente-pode-transformar-seu-espaco-sem-dar-trabalho\/#primaryimage","url":"https:\/\/www.em.com.br\/emfoco\/wp-content\/uploads\/2026\/03\/9-32.jpg","contentUrl":"https:\/\/www.em.com.br\/emfoco\/wp-content\/uploads\/2026\/03\/9-32.jpg","width":1280,"height":720,"caption":"Planta jiboia \u00e9 ideal para decorar apartamentos com pouca luz natural"},{"@type":"BreadcrumbList","@id":"https:\/\/www.em.com.br\/emfoco\/2026\/03\/16\/mora-em-apartamento-pequeno-essa-planta-resistente-pode-transformar-seu-espaco-sem-dar-trabalho\/#breadcrumb","itemListElement":[{"@type":"ListItem","position":1,"name":"In\u00edcio","item":"https:\/\/www.em.com.br\/emfoco\/"},{"@type":"ListItem","position":2,"name":"Mora em apartamento pequeno? Essa planta resistente pode transformar seu espa\u00e7o sem dar trabalho"}]},{"@type":"WebSite","@id":"https:\/\/www.em.com.br\/emfoco\/#website","url":"https:\/\/www.em.com.br\/emfoco\/","name":"Estado de Minas - Em foco","description":"Acompanhe as \u00faltimas not\u00edcias e fique bem informado sobre tudo o que acontece em Minas Gerais, Brasil e no mundo.","potentialAction":[{"@type":"SearchAction","target":{"@type":"EntryPoint","urlTemplate":"https:\/\/www.em.com.br\/emfoco\/?s={search_term_string}"},"query-input":{"@type":"PropertyValueSpecification","valueRequired":true,"valueName":"search_term_string"}}],"inLanguage":"pt-BR"},{"@type":"Person","@id":"https:\/\/www.em.com.br\/emfoco\/#\/schema\/person\/1c9ddeab18b98abeffef834667bcf08a","name":"Gabriel Martins","image":{"@type":"ImageObject","inLanguage":"pt-BR","@id":"https:\/\/www.em.com.br\/emfoco\/#\/schema\/person\/image\/","url":"https:\/\/secure.gravatar.com\/avatar\/f0f1e2efdfd88f1ad2cb08c5c2731e50?s=96&d=mm&r=g","contentUrl":"https:\/\/secure.gravatar.com\/avatar\/f0f1e2efdfd88f1ad2cb08c5c2731e50?s=96&d=mm&r=g","caption":"Gabriel Martins"},"sameAs":["https:\/\/www.em.com.br\/emfoco\/"],"url":"https:\/\/www.em.com.br\/emfoco\/author\/gabrielmartinsmyth\/"}]}},"_links":{"self":[{"href":"https:\/\/www.em.com.br\/emfoco\/wp-json\/wp\/v2\/posts\/180648","targetHints":{"allow":["GET"]}}],"collection":[{"href":"https:\/\/www.em.com.br\/emfoco\/wp-json\/wp\/v2\/posts"}],"about":[{"href":"https:\/\/www.em.com.br\/emfoco\/wp-json\/wp\/v2\/types\/post"}],"author":[{"embeddable":true,"href":"https:\/\/www.em.com.br\/emfoco\/wp-json\/wp\/v2\/users\/13"}],"replies":[{"embeddable":true,"href":"https:\/\/www.em.com.br\/emfoco\/wp-json\/wp\/v2\/comments?post=180648"}],"version-history":[{"count":1,"href":"https:\/\/www.em.com.br\/emfoco\/wp-json\/wp\/v2\/posts\/180648\/revisions"}],"predecessor-version":[{"id":180677,"href":"https:\/\/www.em.com.br\/emfoco\/wp-json\/wp\/v2\/posts\/180648\/revisions\/180677"}],"wp:featuredmedia":[{"embeddable":true,"href":"https:\/\/www.em.com.br\/emfoco\/wp-json\/wp\/v2\/media\/180676"}],"wp:attachment":[{"href":"https:\/\/www.em.com.br\/emfoco\/wp-json\/wp\/v2\/media?parent=180648"}],"wp:term":[{"taxonomy":"category","embeddable":true,"href":"https:\/\/www.em.com.br\/emfoco\/wp-json\/wp\/v2\/categories?post=180648"},{"taxonomy":"post_tag","embeddable":true,"href":"https:\/\/www.em.com.br\/emfoco\/wp-json\/wp\/v2\/tags?post=180648"}],"curies":[{"name":"wp","href":"https:\/\/api.w.org\/{rel}","templated":true}]}}