{"id":18063,"date":"2025-02-22T22:20:00","date_gmt":"2025-02-23T01:20:00","guid":{"rendered":"https:\/\/www.em.com.br\/emfoco\/?p=18063"},"modified":"2025-02-12T08:52:21","modified_gmt":"2025-02-12T11:52:21","slug":"amazon-aposta-alto-em-ia-e-prepara-a-maior-evolucao-da-alexa","status":"publish","type":"post","link":"https:\/\/www.em.com.br\/emfoco\/2025\/02\/22\/amazon-aposta-alto-em-ia-e-prepara-a-maior-evolucao-da-alexa\/","title":{"rendered":"Amazon aposta alto em IA e prepara a maior evolu\u00e7\u00e3o da Alexa"},"content":{"rendered":"\n<p>A <strong><a href=\"https:\/\/www.amazon.com.br\/\" target=\"_blank\" rel=\"noreferrer noopener\">Amazon<\/a><\/strong> anunciou um grande evento de lan\u00e7amento de produtos que ocorrer\u00e1 no dia 26 de fevereiro em <strong><a href=\"https:\/\/www.em.com.br\/emfoco\/2025\/01\/08\/rio-de-janeiro-supera-nova-york-entre-os-destinos-turisticos-globais\/\" target=\"_blank\" rel=\"noreferrer noopener\">Nova York<\/a><\/strong>. Este evento promete ser um marco na evolu\u00e7\u00e3o dos dispositivos inteligentes da empresa, com foco especial na assistente virtual Alexa. A expectativa \u00e9 alta, especialmente considerando a participa\u00e7\u00e3o de <strong>Panos Panay<\/strong>, chefe da equipe de dispositivos da Amazon, que ser\u00e1 o anfitri\u00e3o da apresenta\u00e7\u00e3o.<\/p>\n\n\n\n<p>Embora a Amazon ainda n\u00e3o tenha divulgado muitos detalhes sobre as novidades, h\u00e1 especula\u00e7\u00f5es de que a empresa pretende lan\u00e7ar uma vers\u00e3o da <strong>Alexa<\/strong> equipada com intelig\u00eancia artificial generativa. Este projeto tem sido trabalhado h\u00e1 algum tempo dentro da companhia e, se concretizado, pode revolucionar a maneira como os usu\u00e1rios interagem com a assistente virtual.<\/p>\n\n\n\n<h2 class=\"wp-block-heading\">O que esperar da nova Alexa com IA Generativa?<\/h2>\n\n\n\n<p>Segundo fontes, a nova Alexa pretende ser muito mais do que uma simples assistente de voz. A integra\u00e7\u00e3o de IA generativa permitir\u00e1 que ela seja mais proativa, entendendo melhor o contexto das conversas e at\u00e9 mesmo agindo em nome do usu\u00e1rio para realizar tarefas. A transforma\u00e7\u00e3o visa colocar a Alexa como uma ferramenta di\u00e1ria indispens\u00e1vel.<\/p>\n\n\n\n<p>A facilidade de acesso \u00e0 Alexa em uma variedade de dispositivos, como carros, televisores, termostatos e celulares, sugere que essa nova capacidade pode impactar significativamente a rotina dos usu\u00e1rios. Com a evolu\u00e7\u00e3o da Alexa, as atividades cotidianas, como agendamentos e compras, podem se tornar muito mais eficientes e integradas.<\/p>\n\n\n\n<figure class=\"wp-block-image size-large\"><img loading=\"lazy\" decoding=\"async\" width=\"1024\" height=\"576\" src=\"https:\/\/www.em.com.br\/emfoco\/wp-content\/uploads\/2025\/02\/alexa_1739050587254-1024x576.jpg\" alt=\"Amazon aposta alto em IA e prepara a maior evolu\u00e7\u00e3o da Alexa\" class=\"wp-image-18066\" srcset=\"https:\/\/www.em.com.br\/emfoco\/wp-content\/uploads\/2025\/02\/alexa_1739050587254-1024x576.jpg 1024w, https:\/\/www.em.com.br\/emfoco\/wp-content\/uploads\/2025\/02\/alexa_1739050587254-300x169.jpg 300w, https:\/\/www.em.com.br\/emfoco\/wp-content\/uploads\/2025\/02\/alexa_1739050587254-768x432.jpg 768w, https:\/\/www.em.com.br\/emfoco\/wp-content\/uploads\/2025\/02\/alexa_1739050587254-750x422.jpg 750w, https:\/\/www.em.com.br\/emfoco\/wp-content\/uploads\/2025\/02\/alexa_1739050587254-1140x641.jpg 1140w, https:\/\/www.em.com.br\/emfoco\/wp-content\/uploads\/2025\/02\/alexa_1739050587254.jpg 1280w\" sizes=\"auto, (max-width: 1024px) 100vw, 1024px\" \/><figcaption class=\"wp-element-caption\">Alexa &#8211; Cr\u00e9ditos: depositphotos.com \/ fabiomax<\/figcaption><\/figure>\n\n\n\n<h2 class=\"wp-block-heading\">Como ser\u00e1 a distribui\u00e7\u00e3o inicial da nova tecnologia?<\/h2>\n\n\n\n<p>Inicialmente, a Amazon pretende disponibilizar a nova Alexa a um grupo limitado de usu\u00e1rios, utilizando um modelo de acesso gratuito. Este lan\u00e7amento estrat\u00e9gico permitir\u00e1 \u00e0 empresa testar a aceita\u00e7\u00e3o e funcionalidade da nova assistente antes de uma disponibiliza\u00e7\u00e3o mais ampla.<\/p>\n\n\n\n<p>No entanto, a empresa planeja transformar essa oferta inovadora em um servi\u00e7o pago. A Alexa tradicional continuar\u00e1 sendo oferecida gratuitamente, enquanto a vers\u00e3o com capacidades avan\u00e7adas de IA dever\u00e1 vir acompanhada de planos de assinatura. Estes planos devem variar entre US$ 5 (aproximadamente R$ 29) e US$ 10 (aproximadamente R$ 58), permitindo aos usu\u00e1rios escolher entre a vers\u00e3o b\u00e1sica e as fun\u00e7\u00f5es avan\u00e7adas.<\/p>\n\n\n\n<h2 class=\"wp-block-heading\">Por que a nova Alexa \u00e9 importante para a Amazon?<\/h2>\n\n\n\n<p>A introdu\u00e7\u00e3o de funcionalidades de intelig\u00eancia artificial generativa \u00e0 Alexa representa uma evolu\u00e7\u00e3o significativa na tecnologia de assistentes virtuais. Com cerca de meio bilh\u00e3o de dispositivos habilitados, a Amazon est\u00e1 em uma posi\u00e7\u00e3o \u00fanica para popularizar essa tecnologia, potencialmente redefinindo a intera\u00e7\u00e3o humano-m\u00e1quina.<\/p>\n\n\n\n<p>A capacidade da nova Alexa de cumprir tarefas de forma independente e proativa pode expandir significativamente seu uso no cotidiano, criando um mercado mais robusto para a Amazon. Al\u00e9m disso, com a concorr\u00eancia crescente no setor de IA, o timing deste lan\u00e7amento pode fortalecer a posi\u00e7\u00e3o da Amazon como l\u00edder em tecnologia de dispositivos dom\u00e9sticos inteligentes.<\/p>\n\n\n\n<h2 class=\"wp-block-heading\">O futuro da Alexa e o impacto da IA Generativa<\/h2>\n\n\n\n<p>O futuro da tecnologia de assistentes pessoais pode ser moldado pelas inova\u00e7\u00f5es que a Amazon planeja lan\u00e7ar com sua nova Alexa. A implementa\u00e7\u00e3o da IA generativa pode aumentar a efici\u00eancia e personaliza\u00e7\u00e3o da assistente, intensificando a concorr\u00eancia com outras empresas no setor.<\/p>\n\n\n\n<p>A longo prazo, essas inova\u00e7\u00f5es podem abrir caminho para experi\u00eancias ainda mais avan\u00e7adas, \u00e0 medida que a capacidade de entender e prever necessidades dos usu\u00e1rios continua a evoluir. Com as mudan\u00e7as tecnol\u00f3gicas em constante acelera\u00e7\u00e3o, a Amazon posiciona-se para definir tend\u00eancias no mercado de assistentes inteligentes, com a nova Alexa sendo uma pe\u00e7a fundamental dessa estrat\u00e9gia.<\/p>\n","protected":false},"excerpt":{"rendered":"<p>A Amazon anunciou um grande evento de lan\u00e7amento de produtos que ocorrer\u00e1 no dia 26 de fevereiro em Nova York. Este evento promete ser um marco na evolu\u00e7\u00e3o dos dispositivos inteligentes da empresa, com foco especial na assistente virtual Alexa. A expectativa \u00e9 alta, especialmente considerando a participa\u00e7\u00e3o de Panos Panay, chefe da equipe de [&hellip;]<\/p>\n","protected":false},"author":5,"featured_media":18065,"comment_status":"open","ping_status":"open","sticky":false,"template":"","format":"standard","meta":{"jnews-multi-image_gallery":[],"jnews_single_post":{"format":"standard"},"jnews_primary_category":[],"jnews_social_meta":[],"jnews_override_counter":[],"footnotes":""},"categories":[1,4204],"tags":[3335,1855,161],"class_list":["post-18063","post","type-post","status-publish","format-standard","has-post-thumbnail","hentry","category-noticias","category-tecnologia","tag-alexa","tag-amazon","tag-tecnologia"],"yoast_head":"<!-- This site is optimized with the Yoast SEO plugin v23.8 - https:\/\/yoast.com\/wordpress\/plugins\/seo\/ -->\n<title>Amazon aposta alto em IA e prepara a maior evolu\u00e7\u00e3o da Alexa - Estado de Minas - Em foco<\/title>\n<meta name=\"description\" content=\"A nova Alexa promete revolucionar assistentes virtuais com IA generativa. Amazon deve anunciar detalhes no evento de fevereiro!\" \/>\n<meta name=\"robots\" content=\"index, follow, max-snippet:-1, max-image-preview:large, max-video-preview:-1\" \/>\n<link rel=\"canonical\" href=\"https:\/\/www.em.com.br\/emfoco\/2025\/02\/22\/amazon-aposta-alto-em-ia-e-prepara-a-maior-evolucao-da-alexa\/\" \/>\n<meta property=\"og:locale\" content=\"pt_BR\" \/>\n<meta property=\"og:type\" content=\"article\" \/>\n<meta property=\"og:title\" content=\"Amazon aposta alto em IA e prepara a maior evolu\u00e7\u00e3o da Alexa - Estado de Minas - Em foco\" \/>\n<meta property=\"og:description\" content=\"A nova Alexa promete revolucionar assistentes virtuais com IA generativa. Amazon deve anunciar detalhes no evento de fevereiro!\" \/>\n<meta property=\"og:url\" content=\"https:\/\/www.em.com.br\/emfoco\/2025\/02\/22\/amazon-aposta-alto-em-ia-e-prepara-a-maior-evolucao-da-alexa\/\" \/>\n<meta property=\"og:site_name\" content=\"Estado de Minas - Em foco\" \/>\n<meta property=\"article:published_time\" content=\"2025-02-23T01:20:00+00:00\" \/>\n<meta property=\"article:modified_time\" content=\"2025-02-12T11:52:21+00:00\" \/>\n<meta property=\"og:image\" content=\"https:\/\/www.em.com.br\/emfoco\/wp-content\/uploads\/2025\/02\/alexa_1739050542526.jpg\" \/>\n\t<meta property=\"og:image:width\" content=\"1280\" \/>\n\t<meta property=\"og:image:height\" content=\"720\" \/>\n\t<meta property=\"og:image:type\" content=\"image\/jpeg\" \/>\n<meta name=\"author\" content=\"N\u00fabia Rangel\" \/>\n<meta name=\"twitter:card\" content=\"summary_large_image\" \/>\n<meta name=\"twitter:label1\" content=\"Escrito por\" \/>\n\t<meta name=\"twitter:data1\" content=\"N\u00fabia Rangel\" \/>\n\t<meta name=\"twitter:label2\" content=\"Est. tempo de leitura\" \/>\n\t<meta name=\"twitter:data2\" content=\"4 minutos\" \/>\n<!-- \/ Yoast SEO plugin. -->","yoast_head_json":{"title":"Amazon aposta alto em IA e prepara a maior evolu\u00e7\u00e3o da Alexa - Estado de Minas - Em foco","description":"A nova Alexa promete revolucionar assistentes virtuais com IA generativa. Amazon deve anunciar detalhes no evento de fevereiro!","robots":{"index":"index","follow":"follow","max-snippet":"max-snippet:-1","max-image-preview":"max-image-preview:large","max-video-preview":"max-video-preview:-1"},"canonical":"https:\/\/www.em.com.br\/emfoco\/2025\/02\/22\/amazon-aposta-alto-em-ia-e-prepara-a-maior-evolucao-da-alexa\/","og_locale":"pt_BR","og_type":"article","og_title":"Amazon aposta alto em IA e prepara a maior evolu\u00e7\u00e3o da Alexa - Estado de Minas - Em foco","og_description":"A nova Alexa promete revolucionar assistentes virtuais com IA generativa. Amazon deve anunciar detalhes no evento de fevereiro!","og_url":"https:\/\/www.em.com.br\/emfoco\/2025\/02\/22\/amazon-aposta-alto-em-ia-e-prepara-a-maior-evolucao-da-alexa\/","og_site_name":"Estado de Minas - Em foco","article_published_time":"2025-02-23T01:20:00+00:00","article_modified_time":"2025-02-12T11:52:21+00:00","og_image":[{"width":1280,"height":720,"url":"https:\/\/www.em.com.br\/emfoco\/wp-content\/uploads\/2025\/02\/alexa_1739050542526.jpg","type":"image\/jpeg"}],"author":"N\u00fabia Rangel","twitter_card":"summary_large_image","twitter_misc":{"Escrito por":"N\u00fabia Rangel","Est. tempo de leitura":"4 minutos"},"schema":{"@context":"https:\/\/schema.org","@graph":[{"@type":"WebPage","@id":"https:\/\/www.em.com.br\/emfoco\/2025\/02\/22\/amazon-aposta-alto-em-ia-e-prepara-a-maior-evolucao-da-alexa\/","url":"https:\/\/www.em.com.br\/emfoco\/2025\/02\/22\/amazon-aposta-alto-em-ia-e-prepara-a-maior-evolucao-da-alexa\/","name":"Amazon aposta alto em IA e prepara a maior evolu\u00e7\u00e3o da Alexa - Estado de Minas - Em foco","isPartOf":{"@id":"https:\/\/www.em.com.br\/emfoco\/#website"},"primaryImageOfPage":{"@id":"https:\/\/www.em.com.br\/emfoco\/2025\/02\/22\/amazon-aposta-alto-em-ia-e-prepara-a-maior-evolucao-da-alexa\/#primaryimage"},"image":{"@id":"https:\/\/www.em.com.br\/emfoco\/2025\/02\/22\/amazon-aposta-alto-em-ia-e-prepara-a-maior-evolucao-da-alexa\/#primaryimage"},"thumbnailUrl":"https:\/\/www.em.com.br\/emfoco\/wp-content\/uploads\/2025\/02\/alexa_1739050542526.jpg","datePublished":"2025-02-23T01:20:00+00:00","dateModified":"2025-02-12T11:52:21+00:00","author":{"@id":"https:\/\/www.em.com.br\/emfoco\/#\/schema\/person\/524437ef54f8a5d32591b143307f2e20"},"description":"A nova Alexa promete revolucionar assistentes virtuais com IA generativa. Amazon deve anunciar detalhes no evento de fevereiro!","breadcrumb":{"@id":"https:\/\/www.em.com.br\/emfoco\/2025\/02\/22\/amazon-aposta-alto-em-ia-e-prepara-a-maior-evolucao-da-alexa\/#breadcrumb"},"inLanguage":"pt-BR","potentialAction":[{"@type":"ReadAction","target":["https:\/\/www.em.com.br\/emfoco\/2025\/02\/22\/amazon-aposta-alto-em-ia-e-prepara-a-maior-evolucao-da-alexa\/"]}]},{"@type":"ImageObject","inLanguage":"pt-BR","@id":"https:\/\/www.em.com.br\/emfoco\/2025\/02\/22\/amazon-aposta-alto-em-ia-e-prepara-a-maior-evolucao-da-alexa\/#primaryimage","url":"https:\/\/www.em.com.br\/emfoco\/wp-content\/uploads\/2025\/02\/alexa_1739050542526.jpg","contentUrl":"https:\/\/www.em.com.br\/emfoco\/wp-content\/uploads\/2025\/02\/alexa_1739050542526.jpg","width":1280,"height":720,"caption":"Alexa - Cr\u00e9ditos: depositphotos.com \/ akulamatiau"},{"@type":"BreadcrumbList","@id":"https:\/\/www.em.com.br\/emfoco\/2025\/02\/22\/amazon-aposta-alto-em-ia-e-prepara-a-maior-evolucao-da-alexa\/#breadcrumb","itemListElement":[{"@type":"ListItem","position":1,"name":"In\u00edcio","item":"https:\/\/www.em.com.br\/emfoco\/"},{"@type":"ListItem","position":2,"name":"Amazon aposta alto em IA e prepara a maior evolu\u00e7\u00e3o da Alexa"}]},{"@type":"WebSite","@id":"https:\/\/www.em.com.br\/emfoco\/#website","url":"https:\/\/www.em.com.br\/emfoco\/","name":"Estado de Minas - Em foco","description":"Acompanhe as \u00faltimas not\u00edcias e fique bem informado sobre tudo o que acontece em Minas Gerais, Brasil e no mundo.","potentialAction":[{"@type":"SearchAction","target":{"@type":"EntryPoint","urlTemplate":"https:\/\/www.em.com.br\/emfoco\/?s={search_term_string}"},"query-input":{"@type":"PropertyValueSpecification","valueRequired":true,"valueName":"search_term_string"}}],"inLanguage":"pt-BR"},{"@type":"Person","@id":"https:\/\/www.em.com.br\/emfoco\/#\/schema\/person\/524437ef54f8a5d32591b143307f2e20","name":"N\u00fabia Rangel","image":{"@type":"ImageObject","inLanguage":"pt-BR","@id":"https:\/\/www.em.com.br\/emfoco\/#\/schema\/person\/image\/","url":"https:\/\/secure.gravatar.com\/avatar\/47cff2827a5ba23c37e8068c86817ea4?s=96&d=mm&r=g","contentUrl":"https:\/\/secure.gravatar.com\/avatar\/47cff2827a5ba23c37e8068c86817ea4?s=96&d=mm&r=g","caption":"N\u00fabia Rangel"},"sameAs":["https:\/\/www.em.com.br\/emfoco\/"],"url":"https:\/\/www.em.com.br\/emfoco\/author\/nubiamyth\/"}]}},"_links":{"self":[{"href":"https:\/\/www.em.com.br\/emfoco\/wp-json\/wp\/v2\/posts\/18063","targetHints":{"allow":["GET"]}}],"collection":[{"href":"https:\/\/www.em.com.br\/emfoco\/wp-json\/wp\/v2\/posts"}],"about":[{"href":"https:\/\/www.em.com.br\/emfoco\/wp-json\/wp\/v2\/types\/post"}],"author":[{"embeddable":true,"href":"https:\/\/www.em.com.br\/emfoco\/wp-json\/wp\/v2\/users\/5"}],"replies":[{"embeddable":true,"href":"https:\/\/www.em.com.br\/emfoco\/wp-json\/wp\/v2\/comments?post=18063"}],"version-history":[{"count":2,"href":"https:\/\/www.em.com.br\/emfoco\/wp-json\/wp\/v2\/posts\/18063\/revisions"}],"predecessor-version":[{"id":18067,"href":"https:\/\/www.em.com.br\/emfoco\/wp-json\/wp\/v2\/posts\/18063\/revisions\/18067"}],"wp:featuredmedia":[{"embeddable":true,"href":"https:\/\/www.em.com.br\/emfoco\/wp-json\/wp\/v2\/media\/18065"}],"wp:attachment":[{"href":"https:\/\/www.em.com.br\/emfoco\/wp-json\/wp\/v2\/media?parent=18063"}],"wp:term":[{"taxonomy":"category","embeddable":true,"href":"https:\/\/www.em.com.br\/emfoco\/wp-json\/wp\/v2\/categories?post=18063"},{"taxonomy":"post_tag","embeddable":true,"href":"https:\/\/www.em.com.br\/emfoco\/wp-json\/wp\/v2\/tags?post=18063"}],"curies":[{"name":"wp","href":"https:\/\/api.w.org\/{rel}","templated":true}]}}