{"id":180617,"date":"2026-03-12T18:30:00","date_gmt":"2026-03-12T21:30:00","guid":{"rendered":"https:\/\/www.em.com.br\/emfoco\/?p=180617"},"modified":"2026-03-12T16:33:19","modified_gmt":"2026-03-12T19:33:19","slug":"mudancas-na-lei-garantem-que-inquilinos-podem-permanecer-no-imovel-mesmo-que-o-proprietario-queira-rescindir-o-contrato","status":"publish","type":"post","link":"https:\/\/www.em.com.br\/emfoco\/2026\/03\/12\/mudancas-na-lei-garantem-que-inquilinos-podem-permanecer-no-imovel-mesmo-que-o-proprietario-queira-rescindir-o-contrato\/","title":{"rendered":"Mudan\u00e7as na lei garantem que inquilinos podem permanecer no im\u00f3vel mesmo que o propriet\u00e1rio queira rescindir o contrato"},"content":{"rendered":"\n<p>Uma mudan\u00e7a importante na legisla\u00e7\u00e3o de aluguel na&nbsp;<strong>Calif\u00f3rnia<\/strong>&nbsp;vem transformando a rela\u00e7\u00e3o entre propriet\u00e1rios e inquilinos. A&nbsp;<strong>Lei de Prote\u00e7\u00e3o de Inquilinos da Calif\u00f3rnia (AB 1482)<\/strong>&nbsp;trouxe limites para aumentos de aluguel e regras mais r\u00edgidas para despejos, criando um cen\u00e1rio mais previs\u00edvel e equilibrado para quem aluga e para quem oferece im\u00f3veis no mercado residencial, servindo de refer\u00eancia at\u00e9 para debates no Brasil.<\/p>\n\n\n\n<h2 class=\"wp-block-heading\">O que diz a Lei de Prote\u00e7\u00e3o de Inquilinos da Calif\u00f3rnia (AB 1482)?<\/h2>\n\n\n\n<p>A&nbsp;<strong>Lei de Prote\u00e7\u00e3o de Inquilinos da Calif\u00f3rnia<\/strong>, conhecida como&nbsp;<strong>AB 1482<\/strong>, \u00e9 uma norma estadual que regula contratos de loca\u00e7\u00e3o na maior parte dos im\u00f3veis residenciais. Ela se concentra em dois eixos principais:&nbsp;<strong>limites para aumentos de aluguel<\/strong>&nbsp;e&nbsp;<strong>regras de despejo por \u201ccausa justificada\u201d<\/strong>, criando um modelo de controle moderado sem congelar os pre\u00e7os.<\/p>\n\n\n\n<p>A lei n\u00e3o abrange todas as propriedades, havendo exce\u00e7\u00f5es, como im\u00f3veis rec\u00e9m-constru\u00eddos ou unidades j\u00e1 cobertas por outras regula\u00e7\u00f5es. Ainda assim, para a maioria dos contratos, a&nbsp;<em>AB 1482<\/em>&nbsp;orienta reajustes anuais, dura\u00e7\u00e3o da loca\u00e7\u00e3o e hip\u00f3teses legais para encerramento do contrato de arrendamento, podendo ser complementada por leis locais de cidades como Los Angeles e San Francisco.<\/p>\n\n\n\n<figure class=\"wp-block-image\"><img decoding=\"async\" src=\"https:\/\/www.em.com.br\/emfoco\/wp-content\/uploads\/2025\/12\/Gemini_Generated_Image_pt1fn9pt1fn9pt1f-1-1024x576.png\" alt=\"\"\/><figcaption class=\"wp-element-caption\">Seu contrato de aluguel pode mudar tudo<\/figcaption><\/figure>\n\n\n\n<h2 class=\"wp-block-heading\">Como funciona a prote\u00e7\u00e3o ao inquilino no Brasil em 2026?<\/h2>\n\n\n\n<p>No Brasil, em 2026, a rela\u00e7\u00e3o entre locador e locat\u00e1rio continua sendo regida principalmente pela&nbsp;<strong>Lei do Inquilinato (Lei n\u00ba 8.245\/1991)<\/strong>. Embora n\u00e3o exista um controle de aluguel nos moldes da AB 1482 da Calif\u00f3rnia, h\u00e1 regras claras sobre quando o inquilino tem o direito de permanecer no im\u00f3vel e em quais situa\u00e7\u00f5es ele pode ser despejado, refor\u00e7adas por decis\u00f5es dos tribunais.<\/p>\n\n\n\n<p><strong>Quando o inquilino TEM o direito de permanecer:<\/strong><\/p>\n\n\n\n<ul class=\"wp-block-list\">\n<li><strong>Contrato com prazo determinado:<\/strong>\u00a0Durante a vig\u00eancia do contrato, o locador n\u00e3o pode reaver o im\u00f3vel sem justificativa legal, mesmo que ofere\u00e7a pagar multa para encerrar o contrato antes do prazo.<\/li>\n\n\n\n<li><strong>Venda do im\u00f3vel:<\/strong>\u00a0Se o contrato contiver\u00a0<strong>cl\u00e1usula de vig\u00eancia<\/strong>\u00a0averbada na matr\u00edcula, o novo propriet\u00e1rio deve respeitar o prazo; sem essa cl\u00e1usula, o comprador pode pedir o im\u00f3vel, com\u00a0<strong>90 dias<\/strong>\u00a0para desocupa\u00e7\u00e3o.<\/li>\n\n\n\n<li><strong>Prorroga\u00e7\u00e3o autom\u00e1tica:<\/strong>\u00a0Se o contrato vencer e o inquilino ficar mais de 30 dias sem oposi\u00e7\u00e3o, a loca\u00e7\u00e3o vira prazo indeterminado. Em contratos de menos de 30 meses, ap\u00f3s\u00a0<strong>5 anos de ocupa\u00e7\u00e3o ininterrupta<\/strong>, o propriet\u00e1rio s\u00f3 pode reaver o im\u00f3vel em hip\u00f3teses legais espec\u00edficas.<\/li>\n<\/ul>\n\n\n\n<h2 class=\"wp-block-heading\">Como funciona a causa justificada de desalojo na Calif\u00f3rnia?<\/h2>\n\n\n\n<p>Um ponto central da&nbsp;<strong>lei de aluguel na Calif\u00f3rnia<\/strong>&nbsp;\u00e9 a exig\u00eancia de&nbsp;<strong>\u201ccausa justificada de desalojo\u201d<\/strong>&nbsp;ap\u00f3s, em geral, 12 meses cont\u00ednuos de ocupa\u00e7\u00e3o. Nessa etapa, o propriet\u00e1rio n\u00e3o pode simplesmente encerrar o contrato por vontade pr\u00f3pria: ele precisa se enquadrar em um motivo previsto em lei, salvo exce\u00e7\u00f5es locais espec\u00edficas.<\/p>\n\n\n\n<p>As causas justificadas se dividem em situa\u00e7\u00f5es com culpa do inquilino e situa\u00e7\u00f5es sem culpa, o que influencia prazos de aviso e poss\u00edveis compensa\u00e7\u00f5es. Isso busca evitar despejos arbitr\u00e1rios e garantir motivos objetivos para o fim da loca\u00e7\u00e3o, alinhando prote\u00e7\u00e3o social e seguran\u00e7a jur\u00eddica para investidores.<\/p>\n\n\n\n<figure class=\"wp-block-image\"><img decoding=\"async\" src=\"https:\/\/www.em.com.br\/emfoco\/wp-content\/uploads\/2025\/12\/Gemini_Generated_Image_me70t1me70t1me70-1-1024x576.png\" alt=\"\"\/><figcaption class=\"wp-element-caption\">Inquilinos e propriet\u00e1rios repensam contratos<\/figcaption><\/figure>\n\n\n\n<h2 class=\"wp-block-heading\">Quais s\u00e3o as causas e limites para despejo e aumento de aluguel na AB 1482?<\/h2>\n\n\n\n<p>A&nbsp;<strong>Lei de Prote\u00e7\u00e3o de Inquilinos da Calif\u00f3rnia<\/strong>&nbsp;lista causas que legitimam o t\u00e9rmino do contrato e define um teto para reajustes anuais de aluguel. Nas causas com culpa do inquilino, a lei foca em comportamentos que violam o contrato ou a legisla\u00e7\u00e3o, exigindo em muitos casos notifica\u00e7\u00e3o pr\u00e9via e chance de corre\u00e7\u00e3o do problema.<\/p>\n\n\n\n<ul class=\"wp-block-list\">\n<li><strong>Falta de pagamento do aluguel<\/strong>, total ou parcial, sem solu\u00e7\u00e3o ap\u00f3s notifica\u00e7\u00e3o formal.<\/li>\n\n\n\n<li><strong>Viola\u00e7\u00e3o relevante do contrato<\/strong>, como uso n\u00e3o autorizado do im\u00f3vel ou excesso de ocupantes.<\/li>\n\n\n\n<li><strong>Danos ao im\u00f3vel<\/strong>\u00a0al\u00e9m do desgaste natural, afetando estrutura ou \u00e1reas comuns.<\/li>\n\n\n\n<li><strong>Uso ilegal da propriedade<\/strong>, incluindo atividades criminalizadas em \u00e2mbito local, estadual ou federal.<\/li>\n<\/ul>\n\n\n\n<p>Nas causas sem culpa, a lei reconhece necessidades leg\u00edtimas do propriet\u00e1rio, como uso pr\u00f3prio, obras substanciais ou retirada do im\u00f3vel do mercado. Al\u00e9m disso, o&nbsp;<strong>teto para reajustes anuais<\/strong>&nbsp;\u00e9 calculado com base na infla\u00e7\u00e3o mais uma margem adicional, at\u00e9 um limite m\u00e1ximo ao ano, impedindo aumentos abusivos usados como forma indireta de expulsar o inquilino.<\/p>\n\n\n\n<h2 class=\"wp-block-heading\">Por que conhecer essas leis de aluguel \u00e9 decisivo agora?<\/h2>\n\n\n\n<p>Com esse conjunto de normas, a&nbsp;<strong>Lei de Prote\u00e7\u00e3o de Inquilinos da Calif\u00f3rnia<\/strong>&nbsp;redefine a din\u00e2mica entre locadores e inquilinos, enquanto a&nbsp;<strong>Lei do Inquilinato<\/strong>&nbsp;mant\u00e9m as bases da loca\u00e7\u00e3o no Brasil at\u00e9 pelo menos 2026. Entender direitos, deveres, prazos e hip\u00f3teses de despejo \u00e9 essencial para negociar contratos, evitar conflitos e agir com seguran\u00e7a diante de aumentos de aluguel ou amea\u00e7as de desocupa\u00e7\u00e3o.<\/p>\n\n\n\n<p>Se voc\u00ea \u00e9 inquilino ou propriet\u00e1rio na Calif\u00f3rnia ou no Brasil, n\u00e3o espere enfrentar uma crise para buscar informa\u00e7\u00e3o. Consulte a legisla\u00e7\u00e3o atualizada, organize todos os documentos de loca\u00e7\u00e3o e procure orienta\u00e7\u00e3o jur\u00eddica especializada, como escrit\u00f3rios focados em direito imobili\u00e1rio (por exemplo,&nbsp;<strong>Rocha Advogados Associados<\/strong>): agir agora pode ser a diferen\u00e7a entre perder sua moradia ou seu investimento e garantir prote\u00e7\u00e3o real enquanto essas leis ainda est\u00e3o em plena vig\u00eancia.<\/p>\n","protected":false},"excerpt":{"rendered":"<p>Uma mudan\u00e7a importante na legisla\u00e7\u00e3o de aluguel na&nbsp;Calif\u00f3rnia&nbsp;vem transformando a rela\u00e7\u00e3o entre propriet\u00e1rios e inquilinos. A&nbsp;Lei de Prote\u00e7\u00e3o de Inquilinos da Calif\u00f3rnia (AB 1482)&nbsp;trouxe limites para aumentos de aluguel e regras mais r\u00edgidas para despejos, criando um cen\u00e1rio mais previs\u00edvel e equilibrado para quem aluga e para quem oferece im\u00f3veis no mercado residencial, servindo de [&hellip;]<\/p>\n","protected":false},"author":11,"featured_media":139615,"comment_status":"open","ping_status":"open","sticky":false,"template":"","format":"standard","meta":{"jnews-multi-image_gallery":[],"jnews_single_post":{"format":"standard"},"jnews_primary_category":[],"jnews_social_meta":[],"jnews_override_counter":[],"footnotes":""},"categories":[28,1],"tags":[1526,14807,19670,17704,26052,26053],"class_list":["post-180617","post","type-post","status-publish","format-standard","has-post-thumbnail","hentry","category-economia","category-noticias","tag-aluguel","tag-contrato","tag-contrato-de-aluguel","tag-inquilinos","tag-nova-lei-de-aluguel","tag-regras-de-despejo"],"yoast_head":"<!-- This site is optimized with the Yoast SEO plugin v23.8 - https:\/\/yoast.com\/wordpress\/plugins\/seo\/ -->\n<title>Mudan\u00e7as na lei garantem que inquilinos podem permanecer no im\u00f3vel mesmo que o propriet\u00e1rio queira rescindir o contrato - Estado de Minas - Em foco<\/title>\n<meta name=\"description\" content=\"A nova lei de aluguel na Calif\u00f3rnia traz limites para reajustes e regras de despejo. Entenda o que muda para inquilinos.\" \/>\n<meta name=\"robots\" content=\"index, follow, max-snippet:-1, max-image-preview:large, max-video-preview:-1\" \/>\n<link rel=\"canonical\" href=\"https:\/\/www.em.com.br\/emfoco\/2026\/03\/12\/mudancas-na-lei-garantem-que-inquilinos-podem-permanecer-no-imovel-mesmo-que-o-proprietario-queira-rescindir-o-contrato\/\" \/>\n<meta property=\"og:locale\" content=\"pt_BR\" \/>\n<meta property=\"og:type\" content=\"article\" \/>\n<meta property=\"og:title\" content=\"Mudan\u00e7as na lei garantem que inquilinos podem permanecer no im\u00f3vel mesmo que o propriet\u00e1rio queira rescindir o contrato - Estado de Minas - Em foco\" \/>\n<meta property=\"og:description\" content=\"A nova lei de aluguel na Calif\u00f3rnia traz limites para reajustes e regras de despejo. Entenda o que muda para inquilinos.\" \/>\n<meta property=\"og:url\" content=\"https:\/\/www.em.com.br\/emfoco\/2026\/03\/12\/mudancas-na-lei-garantem-que-inquilinos-podem-permanecer-no-imovel-mesmo-que-o-proprietario-queira-rescindir-o-contrato\/\" \/>\n<meta property=\"og:site_name\" content=\"Estado de Minas - Em foco\" \/>\n<meta property=\"article:published_time\" content=\"2026-03-12T21:30:00+00:00\" \/>\n<meta property=\"article:modified_time\" content=\"2026-03-12T19:33:19+00:00\" \/>\n<meta property=\"og:image\" content=\"https:\/\/www.em.com.br\/emfoco\/wp-content\/uploads\/2025\/12\/Gemini_Generated_Image_wtv6wkwtv6wkwtv6-1.png\" \/>\n\t<meta property=\"og:image:width\" content=\"1280\" \/>\n\t<meta property=\"og:image:height\" content=\"720\" \/>\n\t<meta property=\"og:image:type\" content=\"image\/png\" \/>\n<meta name=\"author\" content=\"Andre\u0301 Rangel\u00a0\" \/>\n<meta name=\"twitter:card\" content=\"summary_large_image\" \/>\n<meta name=\"twitter:label1\" content=\"Escrito por\" \/>\n\t<meta name=\"twitter:data1\" content=\"Andre\u0301 Rangel\u00a0\" \/>\n\t<meta name=\"twitter:label2\" content=\"Est. tempo de leitura\" \/>\n\t<meta name=\"twitter:data2\" content=\"6 minutos\" \/>\n<!-- \/ Yoast SEO plugin. -->","yoast_head_json":{"title":"Mudan\u00e7as na lei garantem que inquilinos podem permanecer no im\u00f3vel mesmo que o propriet\u00e1rio queira rescindir o contrato - Estado de Minas - Em foco","description":"A nova lei de aluguel na Calif\u00f3rnia traz limites para reajustes e regras de despejo. Entenda o que muda para inquilinos.","robots":{"index":"index","follow":"follow","max-snippet":"max-snippet:-1","max-image-preview":"max-image-preview:large","max-video-preview":"max-video-preview:-1"},"canonical":"https:\/\/www.em.com.br\/emfoco\/2026\/03\/12\/mudancas-na-lei-garantem-que-inquilinos-podem-permanecer-no-imovel-mesmo-que-o-proprietario-queira-rescindir-o-contrato\/","og_locale":"pt_BR","og_type":"article","og_title":"Mudan\u00e7as na lei garantem que inquilinos podem permanecer no im\u00f3vel mesmo que o propriet\u00e1rio queira rescindir o contrato - Estado de Minas - Em foco","og_description":"A nova lei de aluguel na Calif\u00f3rnia traz limites para reajustes e regras de despejo. Entenda o que muda para inquilinos.","og_url":"https:\/\/www.em.com.br\/emfoco\/2026\/03\/12\/mudancas-na-lei-garantem-que-inquilinos-podem-permanecer-no-imovel-mesmo-que-o-proprietario-queira-rescindir-o-contrato\/","og_site_name":"Estado de Minas - Em foco","article_published_time":"2026-03-12T21:30:00+00:00","article_modified_time":"2026-03-12T19:33:19+00:00","og_image":[{"width":1280,"height":720,"url":"https:\/\/www.em.com.br\/emfoco\/wp-content\/uploads\/2025\/12\/Gemini_Generated_Image_wtv6wkwtv6wkwtv6-1.png","type":"image\/png"}],"author":"Andre\u0301 Rangel\u00a0","twitter_card":"summary_large_image","twitter_misc":{"Escrito por":"Andre\u0301 Rangel\u00a0","Est. tempo de leitura":"6 minutos"},"schema":{"@context":"https:\/\/schema.org","@graph":[{"@type":"WebPage","@id":"https:\/\/www.em.com.br\/emfoco\/2026\/03\/12\/mudancas-na-lei-garantem-que-inquilinos-podem-permanecer-no-imovel-mesmo-que-o-proprietario-queira-rescindir-o-contrato\/","url":"https:\/\/www.em.com.br\/emfoco\/2026\/03\/12\/mudancas-na-lei-garantem-que-inquilinos-podem-permanecer-no-imovel-mesmo-que-o-proprietario-queira-rescindir-o-contrato\/","name":"Mudan\u00e7as na lei garantem que inquilinos podem permanecer no im\u00f3vel mesmo que o propriet\u00e1rio queira rescindir o contrato - Estado de Minas - Em foco","isPartOf":{"@id":"https:\/\/www.em.com.br\/emfoco\/#website"},"primaryImageOfPage":{"@id":"https:\/\/www.em.com.br\/emfoco\/2026\/03\/12\/mudancas-na-lei-garantem-que-inquilinos-podem-permanecer-no-imovel-mesmo-que-o-proprietario-queira-rescindir-o-contrato\/#primaryimage"},"image":{"@id":"https:\/\/www.em.com.br\/emfoco\/2026\/03\/12\/mudancas-na-lei-garantem-que-inquilinos-podem-permanecer-no-imovel-mesmo-que-o-proprietario-queira-rescindir-o-contrato\/#primaryimage"},"thumbnailUrl":"https:\/\/www.em.com.br\/emfoco\/wp-content\/uploads\/2025\/12\/Gemini_Generated_Image_wtv6wkwtv6wkwtv6-1.png","datePublished":"2026-03-12T21:30:00+00:00","dateModified":"2026-03-12T19:33:19+00:00","author":{"@id":"https:\/\/www.em.com.br\/emfoco\/#\/schema\/person\/60eda09c1fedf0d6891f4cef4b60b8b8"},"description":"A nova lei de aluguel na Calif\u00f3rnia traz limites para reajustes e regras de despejo. Entenda o que muda para inquilinos.","breadcrumb":{"@id":"https:\/\/www.em.com.br\/emfoco\/2026\/03\/12\/mudancas-na-lei-garantem-que-inquilinos-podem-permanecer-no-imovel-mesmo-que-o-proprietario-queira-rescindir-o-contrato\/#breadcrumb"},"inLanguage":"pt-BR","potentialAction":[{"@type":"ReadAction","target":["https:\/\/www.em.com.br\/emfoco\/2026\/03\/12\/mudancas-na-lei-garantem-que-inquilinos-podem-permanecer-no-imovel-mesmo-que-o-proprietario-queira-rescindir-o-contrato\/"]}]},{"@type":"ImageObject","inLanguage":"pt-BR","@id":"https:\/\/www.em.com.br\/emfoco\/2026\/03\/12\/mudancas-na-lei-garantem-que-inquilinos-podem-permanecer-no-imovel-mesmo-que-o-proprietario-queira-rescindir-o-contrato\/#primaryimage","url":"https:\/\/www.em.com.br\/emfoco\/wp-content\/uploads\/2025\/12\/Gemini_Generated_Image_wtv6wkwtv6wkwtv6-1.png","contentUrl":"https:\/\/www.em.com.br\/emfoco\/wp-content\/uploads\/2025\/12\/Gemini_Generated_Image_wtv6wkwtv6wkwtv6-1.png","width":1280,"height":720,"caption":"Inquilinos e propriet\u00e1rios repensam contratos"},{"@type":"BreadcrumbList","@id":"https:\/\/www.em.com.br\/emfoco\/2026\/03\/12\/mudancas-na-lei-garantem-que-inquilinos-podem-permanecer-no-imovel-mesmo-que-o-proprietario-queira-rescindir-o-contrato\/#breadcrumb","itemListElement":[{"@type":"ListItem","position":1,"name":"In\u00edcio","item":"https:\/\/www.em.com.br\/emfoco\/"},{"@type":"ListItem","position":2,"name":"Mudan\u00e7as na lei garantem que inquilinos podem permanecer no im\u00f3vel mesmo que o propriet\u00e1rio queira rescindir o contrato"}]},{"@type":"WebSite","@id":"https:\/\/www.em.com.br\/emfoco\/#website","url":"https:\/\/www.em.com.br\/emfoco\/","name":"Estado de Minas - Em foco","description":"Acompanhe as \u00faltimas not\u00edcias e fique bem informado sobre tudo o que acontece em Minas Gerais, Brasil e no mundo.","potentialAction":[{"@type":"SearchAction","target":{"@type":"EntryPoint","urlTemplate":"https:\/\/www.em.com.br\/emfoco\/?s={search_term_string}"},"query-input":{"@type":"PropertyValueSpecification","valueRequired":true,"valueName":"search_term_string"}}],"inLanguage":"pt-BR"},{"@type":"Person","@id":"https:\/\/www.em.com.br\/emfoco\/#\/schema\/person\/60eda09c1fedf0d6891f4cef4b60b8b8","name":"Andre\u0301 Rangel\u00a0","image":{"@type":"ImageObject","inLanguage":"pt-BR","@id":"https:\/\/www.em.com.br\/emfoco\/#\/schema\/person\/image\/","url":"https:\/\/secure.gravatar.com\/avatar\/6234dc814c77c8ef6d8bba622c787efc?s=96&d=mm&r=g","contentUrl":"https:\/\/secure.gravatar.com\/avatar\/6234dc814c77c8ef6d8bba622c787efc?s=96&d=mm&r=g","caption":"Andre\u0301 Rangel\u00a0"},"url":"https:\/\/www.em.com.br\/emfoco\/author\/luizmyth\/"}]}},"_links":{"self":[{"href":"https:\/\/www.em.com.br\/emfoco\/wp-json\/wp\/v2\/posts\/180617","targetHints":{"allow":["GET"]}}],"collection":[{"href":"https:\/\/www.em.com.br\/emfoco\/wp-json\/wp\/v2\/posts"}],"about":[{"href":"https:\/\/www.em.com.br\/emfoco\/wp-json\/wp\/v2\/types\/post"}],"author":[{"embeddable":true,"href":"https:\/\/www.em.com.br\/emfoco\/wp-json\/wp\/v2\/users\/11"}],"replies":[{"embeddable":true,"href":"https:\/\/www.em.com.br\/emfoco\/wp-json\/wp\/v2\/comments?post=180617"}],"version-history":[{"count":2,"href":"https:\/\/www.em.com.br\/emfoco\/wp-json\/wp\/v2\/posts\/180617\/revisions"}],"predecessor-version":[{"id":180619,"href":"https:\/\/www.em.com.br\/emfoco\/wp-json\/wp\/v2\/posts\/180617\/revisions\/180619"}],"wp:featuredmedia":[{"embeddable":true,"href":"https:\/\/www.em.com.br\/emfoco\/wp-json\/wp\/v2\/media\/139615"}],"wp:attachment":[{"href":"https:\/\/www.em.com.br\/emfoco\/wp-json\/wp\/v2\/media?parent=180617"}],"wp:term":[{"taxonomy":"category","embeddable":true,"href":"https:\/\/www.em.com.br\/emfoco\/wp-json\/wp\/v2\/categories?post=180617"},{"taxonomy":"post_tag","embeddable":true,"href":"https:\/\/www.em.com.br\/emfoco\/wp-json\/wp\/v2\/tags?post=180617"}],"curies":[{"name":"wp","href":"https:\/\/api.w.org\/{rel}","templated":true}]}}