{"id":180602,"date":"2026-03-12T21:40:00","date_gmt":"2026-03-13T00:40:00","guid":{"rendered":"https:\/\/www.em.com.br\/emfoco\/?p=180602"},"modified":"2026-03-13T10:23:58","modified_gmt":"2026-03-13T13:23:58","slug":"aposentados-recebem-alerta-para-marco-de-2026-e-importante-verificar-informacoes-e-evitar-problemas-no-beneficio","status":"publish","type":"post","link":"https:\/\/www.em.com.br\/emfoco\/2026\/03\/12\/aposentados-recebem-alerta-para-marco-de-2026-e-importante-verificar-informacoes-e-evitar-problemas-no-beneficio\/","title":{"rendered":"Aposentados recebem alerta para mar\u00e7o de 2026: \u201c\u00c9 importante verificar informa\u00e7\u00f5es e evitar problemas no benef\u00edcio\u201d"},"content":{"rendered":"\n<p>Mar\u00e7o de 2026 chegou com uma s\u00e9rie de pontos de aten\u00e7\u00e3o para aposentados e pensionistas que dependem do <strong>INSS<\/strong>, reunindo prazos finais de ressarcimento, mudan\u00e7as em regras de descontos, alertas sobre golpes digitais e d\u00favidas sobre consignado, calend\u00e1rio de pagamentos e poss\u00edvel antecipa\u00e7\u00e3o do 13\u00ba sal\u00e1rio.<\/p>\n\n\n\n<h2 class=\"wp-block-heading\">Alerta aposentados mar\u00e7o 2026 e o prazo de ressarcimento<\/h2>\n\n\n\n<p>O maior foco desse&nbsp;<strong>alerta para os aposentados <\/strong>\u00e9 sobre o prazo final para contesta\u00e7\u00e3o de descontos associativos n\u00e3o autorizados. At\u00e9 20 de mar\u00e7o de 2026, aposentados e pensionistas podem pedir devolu\u00e7\u00e3o de valores descontados indevidamente entre mar\u00e7o de 2020 e mar\u00e7o de 2025, referentes a clubes, entidades ou associa\u00e7\u00f5es n\u00e3o autorizadas.<\/p>\n\n\n\n<p>Para checar se houve esse tipo de cobran\u00e7a, \u00e9 essencial consultar o extrato de pagamento do benef\u00edcio no aplicativo ou site&nbsp;<strong>Meu INSS<\/strong>. Ao identificar alguma cobran\u00e7a desconhecida, \u00e9 poss\u00edvel registrar contesta\u00e7\u00e3o e solicitar o ressarcimento corrigido pelo&nbsp;<em>Meu INSS<\/em>&nbsp;ou em ag\u00eancias dos Correios habilitadas, apresentando documento com foto e n\u00famero do benef\u00edcio.<\/p>\n\n\n\n<figure class=\"wp-block-image\"><img decoding=\"async\" src=\"https:\/\/www.em.com.br\/emfoco\/wp-content\/uploads\/2026\/01\/ChatGPT-Image-5-de-jan.-de-2026-10_30_28-1-1024x576.png\" alt=\"\"\/><figcaption class=\"wp-element-caption\">O aviso mais importante para aposentados agora<\/figcaption><\/figure>\n\n\n\n<h2 class=\"wp-block-heading\">Quais s\u00e3o os golpes mais comuns contra aposentados em mar\u00e7o de 2026<\/h2>\n\n\n\n<p>Outra quest\u00e3o&nbsp;\u00e9 o aumento de fraudes banc\u00e1rias e digitais, especialmente o&nbsp;<strong>golpe do falso gerente<\/strong>&nbsp;e o uso indevido do nome do INSS para roubar dados. Criminosos ligam ou enviam mensagens se passando por banco ou \u00f3rg\u00e3o p\u00fablico, pedindo senhas, c\u00f3digos de SMS ou transfer\u00eancias para supostas \u201ccontas seguras\u201d.<\/p>\n\n\n\n<p>A fraude ligada \u00e0&nbsp;<strong>prova de vida<\/strong>&nbsp;tamb\u00e9m cresceu, com mensagens por WhatsApp pedindo selfies com documentos, fotos de RG, CPF ou v\u00eddeos de reconhecimento facial. O INSS refor\u00e7a que n\u00e3o solicita dados pessoais por aplicativos de mensagem, nem cobra \u201ctaxas de regulariza\u00e7\u00e3o\u201d para manter ou liberar o benef\u00edcio.<\/p>\n\n\n\n<p>Para reconhecer e evitar esses golpes, vale ficar atento a algumas situa\u00e7\u00f5es comuns relatadas por bancos, INSS e \u00f3rg\u00e3os de defesa do consumidor:<\/p>\n\n\n\n<ul class=\"wp-block-list\">\n<li><strong>Golpe do falso gerente:<\/strong>&nbsp;liga\u00e7\u00f5es ou mensagens pedindo senhas, tokens e transfer\u00eancias para \u201ccontas seguras\u201d.<\/li>\n\n\n\n<li><strong>Fraude da prova de vida:<\/strong>&nbsp;pedidos de selfies, documentos e v\u00eddeos por WhatsApp ou SMS em nome do INSS.<\/li>\n\n\n\n<li><strong>Taxas falsas:<\/strong>&nbsp;cobran\u00e7as em nome do Gov.br para liberar pagamentos, ressarcimentos ou 13\u00ba sal\u00e1rio.<\/li>\n<\/ul>\n\n\n\n<h2 class=\"wp-block-heading\">O que muda no empr\u00e9stimo consignado e nos bancos suspensos<\/h2>\n\n\n\n<p>Dentro do conjunto de\u00a0<strong>alertas para aposentados em mar\u00e7o de 2026<\/strong>, o cr\u00e9dito consignado segue em destaque. O INSS mant\u00e9m suspensos novos contratos de consignado<sup data-fn=\"6a8f5109-01b1-445e-9666-4e0ddb24e3b1\" class=\"fn\"><a id=\"6a8f5109-01b1-445e-9666-4e0ddb24e3b1-link\" href=\"#6a8f5109-01b1-445e-9666-4e0ddb24e3b1\">1<\/a><\/sup> com algumas institui\u00e7\u00f5es, devido a investiga\u00e7\u00f5es de irregularidades e reclama\u00e7\u00f5es de consumidores.<\/p>\n\n\n\n<p>A&nbsp;<strong><a href=\"https:\/\/www2.camara.leg.br\/legin\/fed\/lei\/2026\/lei-15327-6-janeiro-2026-798630-publicacaooriginal-177702-pl.html\" target=\"_blank\" rel=\"noreferrer noopener\">Lei 15.327\/2026<\/a><\/strong>&nbsp;refor\u00e7ou a proibi\u00e7\u00e3o de descontos de mensalidades associativas sem autoriza\u00e7\u00e3o pr\u00e9via, expressa e clara, al\u00e9m de endurecer regras para oferta de consignado. Assim, cada novo v\u00ednculo associativo ou empr\u00e9stimo deve ser analisado com cuidado, conferindo contratos, taxas, prazos e o limite m\u00e1ximo de desconto permitido no benef\u00edcio.<\/p>\n\n\n\n<figure class=\"wp-block-image\"><img decoding=\"async\" src=\"https:\/\/www.em.com.br\/emfoco\/wp-content\/uploads\/2026\/03\/ChatGPT-Image-7-de-mar.-de-2026-16_52_07-1-1024x576.png\" alt=\"\"\/><figcaption class=\"wp-element-caption\">Alerta sobre golpes preocupa institui\u00e7\u00f5es<\/figcaption><\/figure>\n\n\n\n<h2 class=\"wp-block-heading\">Como fica o calend\u00e1rio de pagamentos e o 13\u00ba sal\u00e1rio em 2026<\/h2>\n\n\n\n<p>O&nbsp;alerta&nbsp;tamb\u00e9m inclui aten\u00e7\u00e3o ao calend\u00e1rio de pagamentos. Os dep\u00f3sitos referentes ao m\u00eas de fevereiro s\u00e3o finalizados em 6 de mar\u00e7o de 2026, seguindo o n\u00famero final do benef\u00edcio, e os demais cr\u00e9ditos passam a seguir o calend\u00e1rio regular de mar\u00e7o dispon\u00edvel no&nbsp;<em>Meu INSS<\/em>&nbsp;e no portal oficial do governo.<\/p>\n\n\n\n<p>Quanto ao&nbsp;<strong>13\u00ba sal\u00e1rio<\/strong>&nbsp;de 2026, o <strong>Governo Federal <\/strong>sinaliza poss\u00edvel antecipa\u00e7\u00e3o da primeira parcela a partir de abril, mas datas e grupos contemplados s\u00f3 valem ap\u00f3s publica\u00e7\u00e3o oficial. Links enviados por <strong>SMS <\/strong>ou <strong>WhatsApp <\/strong>prometendo \u201cantecipar imediatamente o 13\u00ba\u201d mediante pagamento de taxa s\u00e3o altamente suspeitos e t\u00eam sido usados para roubar dados e acessar contas banc\u00e1rias.<\/p>\n\n\n\n<h2 class=\"wp-block-heading\">Por que o alerta aposentados mar\u00e7o 2026 exige aten\u00e7\u00e3o imediata<\/h2>\n\n\n\n<p>Diante de prazos de ressarcimento se encerrando, golpes cada vez mais sofisticados e mudan\u00e7as em consignados, o&nbsp;<strong>alerta aposentados mar\u00e7o 2026<\/strong>&nbsp;funciona como um lembrete urgente para acompanhar o extrato com frequ\u00eancia, desconfiar de qualquer pedido de dado por mensagem e priorizar sempre canais oficiais como&nbsp;<strong>Meu INSS<\/strong>,&nbsp;<strong>Gov.br<\/strong>&nbsp;e aplicativos dos bancos.<\/p>\n\n\n\n<p>Se voc\u00ea \u00e9 aposentado, pensionista ou cuida das finan\u00e7as de algu\u00e9m nessa condi\u00e7\u00e3o, n\u00e3o espere o problema aparecer: revise seus extratos hoje, confirme se h\u00e1 descontos estranhos e oriente familiares e amigos. Qualquer d\u00favida deve ser tratada imediatamente com o INSS, banco ou Procon, antes que um golpe vire um preju\u00edzo dif\u00edcil de reverter.<\/p>\n\n\n<ol class=\"wp-block-footnotes\"><li id=\"6a8f5109-01b1-445e-9666-4e0ddb24e3b1\">Diferente do que publicamos na mat\u00e9ria do dia 12\/03, o servi\u00e7o de empr\u00e9stimo consignado do Banco Inter <strong>n\u00e3o est\u00e1 suspenso<\/strong> e segue operando normalmente.<br>Em respeito \u00e0 verdade dos fatos, pedimos sinceras desculpas pelo erro e reiteramos que a mat\u00e9ria j\u00e1 foi corrigida e as informa\u00e7\u00f5es, rigorosamente revisadas. <a href=\"#6a8f5109-01b1-445e-9666-4e0ddb24e3b1-link\" aria-label=\"Ir para a refer\u00eancia 1 na nota de rodap\u00e9\">\u21a9\ufe0e<\/a><\/li><\/ol>\n\n\n<p><\/p>\n","protected":false},"excerpt":{"rendered":"<p>Mar\u00e7o de 2026 chegou com uma s\u00e9rie de pontos de aten\u00e7\u00e3o para aposentados e pensionistas que dependem do INSS, reunindo prazos finais de ressarcimento, mudan\u00e7as em regras de descontos, alertas sobre golpes digitais e d\u00favidas sobre consignado, calend\u00e1rio de pagamentos e poss\u00edvel antecipa\u00e7\u00e3o do 13\u00ba sal\u00e1rio. Alerta aposentados mar\u00e7o 2026 e o prazo de ressarcimento [&hellip;]<\/p>\n","protected":false},"author":11,"featured_media":180605,"comment_status":"open","ping_status":"open","sticky":false,"template":"","format":"standard","meta":{"jnews-multi-image_gallery":[],"jnews_single_post":{"format":"standard"},"jnews_primary_category":[],"jnews_social_meta":[],"jnews_override_counter":[],"footnotes":"[{\"content\":\"Diferente do que publicamos na mat\u00e9ria do dia 12\/03, o servi\u00e7o de empr\u00e9stimo consignado do Banco Inter <strong>n\u00e3o est\u00e1 suspenso<\/strong> e segue operando normalmente.<br>Em respeito \u00e0 verdade dos fatos, pedimos sinceras desculpas pelo erro e reiteramos que a mat\u00e9ria j\u00e1 foi corrigida e as informa\u00e7\u00f5es, rigorosamente revisadas.\",\"id\":\"6a8f5109-01b1-445e-9666-4e0ddb24e3b1\"}]"},"categories":[28,1],"tags":[204,172,529,259,1393,1540,1644,174],"class_list":["post-180602","post","type-post","status-publish","format-standard","has-post-thumbnail","hentry","category-economia","category-noticias","tag-alerta","tag-aposentadoria","tag-aposentados","tag-beneficio","tag-calendario-de-pagamentos","tag-descontos-indevidos","tag-golpes","tag-inss"],"yoast_head":"<!-- This site is optimized with the Yoast SEO plugin v23.8 - https:\/\/yoast.com\/wordpress\/plugins\/seo\/ -->\n<title>Aposentados recebem alerta para mar\u00e7o de 2026: \u201c\u00c9 importante verificar informa\u00e7\u00f5es e evitar problemas no benef\u00edcio\u201d - Estado de Minas - Em foco<\/title>\n<meta name=\"description\" content=\"Um alerta importante envolve aposentados em mar\u00e7o de 2026. Entenda prazos de ressarcimento, golpes e mudan\u00e7as no consignado.\" \/>\n<meta name=\"robots\" content=\"index, follow, max-snippet:-1, max-image-preview:large, max-video-preview:-1\" \/>\n<link rel=\"canonical\" href=\"https:\/\/www.em.com.br\/emfoco\/2026\/03\/12\/aposentados-recebem-alerta-para-marco-de-2026-e-importante-verificar-informacoes-e-evitar-problemas-no-beneficio\/\" \/>\n<meta property=\"og:locale\" content=\"pt_BR\" \/>\n<meta property=\"og:type\" content=\"article\" \/>\n<meta property=\"og:title\" content=\"Aposentados recebem alerta para mar\u00e7o de 2026: \u201c\u00c9 importante verificar informa\u00e7\u00f5es e evitar problemas no benef\u00edcio\u201d - Estado de Minas - Em foco\" \/>\n<meta property=\"og:description\" content=\"Um alerta importante envolve aposentados em mar\u00e7o de 2026. Entenda prazos de ressarcimento, golpes e mudan\u00e7as no consignado.\" \/>\n<meta property=\"og:url\" content=\"https:\/\/www.em.com.br\/emfoco\/2026\/03\/12\/aposentados-recebem-alerta-para-marco-de-2026-e-importante-verificar-informacoes-e-evitar-problemas-no-beneficio\/\" \/>\n<meta property=\"og:site_name\" content=\"Estado de Minas - Em foco\" \/>\n<meta property=\"article:published_time\" content=\"2026-03-13T00:40:00+00:00\" \/>\n<meta property=\"article:modified_time\" content=\"2026-03-13T13:23:58+00:00\" \/>\n<meta property=\"og:image\" content=\"https:\/\/www.em.com.br\/emfoco\/wp-content\/uploads\/2026\/03\/Gemini_Generated_Image_axbrapaxbrapaxbr-1.png\" \/>\n\t<meta property=\"og:image:width\" content=\"1280\" \/>\n\t<meta property=\"og:image:height\" content=\"720\" \/>\n\t<meta property=\"og:image:type\" content=\"image\/png\" \/>\n<meta name=\"author\" content=\"Andre\u0301 Rangel\u00a0\" \/>\n<meta name=\"twitter:card\" content=\"summary_large_image\" \/>\n<meta name=\"twitter:label1\" content=\"Escrito por\" \/>\n\t<meta name=\"twitter:data1\" content=\"Andre\u0301 Rangel\u00a0\" \/>\n\t<meta name=\"twitter:label2\" content=\"Est. tempo de leitura\" \/>\n\t<meta name=\"twitter:data2\" content=\"5 minutos\" \/>\n<!-- \/ Yoast SEO plugin. -->","yoast_head_json":{"title":"Aposentados recebem alerta para mar\u00e7o de 2026: \u201c\u00c9 importante verificar informa\u00e7\u00f5es e evitar problemas no benef\u00edcio\u201d - Estado de Minas - Em foco","description":"Um alerta importante envolve aposentados em mar\u00e7o de 2026. Entenda prazos de ressarcimento, golpes e mudan\u00e7as no consignado.","robots":{"index":"index","follow":"follow","max-snippet":"max-snippet:-1","max-image-preview":"max-image-preview:large","max-video-preview":"max-video-preview:-1"},"canonical":"https:\/\/www.em.com.br\/emfoco\/2026\/03\/12\/aposentados-recebem-alerta-para-marco-de-2026-e-importante-verificar-informacoes-e-evitar-problemas-no-beneficio\/","og_locale":"pt_BR","og_type":"article","og_title":"Aposentados recebem alerta para mar\u00e7o de 2026: \u201c\u00c9 importante verificar informa\u00e7\u00f5es e evitar problemas no benef\u00edcio\u201d - Estado de Minas - Em foco","og_description":"Um alerta importante envolve aposentados em mar\u00e7o de 2026. Entenda prazos de ressarcimento, golpes e mudan\u00e7as no consignado.","og_url":"https:\/\/www.em.com.br\/emfoco\/2026\/03\/12\/aposentados-recebem-alerta-para-marco-de-2026-e-importante-verificar-informacoes-e-evitar-problemas-no-beneficio\/","og_site_name":"Estado de Minas - Em foco","article_published_time":"2026-03-13T00:40:00+00:00","article_modified_time":"2026-03-13T13:23:58+00:00","og_image":[{"width":1280,"height":720,"url":"https:\/\/www.em.com.br\/emfoco\/wp-content\/uploads\/2026\/03\/Gemini_Generated_Image_axbrapaxbrapaxbr-1.png","type":"image\/png"}],"author":"Andre\u0301 Rangel\u00a0","twitter_card":"summary_large_image","twitter_misc":{"Escrito por":"Andre\u0301 Rangel\u00a0","Est. tempo de leitura":"5 minutos"},"schema":{"@context":"https:\/\/schema.org","@graph":[{"@type":"WebPage","@id":"https:\/\/www.em.com.br\/emfoco\/2026\/03\/12\/aposentados-recebem-alerta-para-marco-de-2026-e-importante-verificar-informacoes-e-evitar-problemas-no-beneficio\/","url":"https:\/\/www.em.com.br\/emfoco\/2026\/03\/12\/aposentados-recebem-alerta-para-marco-de-2026-e-importante-verificar-informacoes-e-evitar-problemas-no-beneficio\/","name":"Aposentados recebem alerta para mar\u00e7o de 2026: \u201c\u00c9 importante verificar informa\u00e7\u00f5es e evitar problemas no benef\u00edcio\u201d - Estado de Minas - Em foco","isPartOf":{"@id":"https:\/\/www.em.com.br\/emfoco\/#website"},"primaryImageOfPage":{"@id":"https:\/\/www.em.com.br\/emfoco\/2026\/03\/12\/aposentados-recebem-alerta-para-marco-de-2026-e-importante-verificar-informacoes-e-evitar-problemas-no-beneficio\/#primaryimage"},"image":{"@id":"https:\/\/www.em.com.br\/emfoco\/2026\/03\/12\/aposentados-recebem-alerta-para-marco-de-2026-e-importante-verificar-informacoes-e-evitar-problemas-no-beneficio\/#primaryimage"},"thumbnailUrl":"https:\/\/www.em.com.br\/emfoco\/wp-content\/uploads\/2026\/03\/Gemini_Generated_Image_axbrapaxbrapaxbr-1.png","datePublished":"2026-03-13T00:40:00+00:00","dateModified":"2026-03-13T13:23:58+00:00","author":{"@id":"https:\/\/www.em.com.br\/emfoco\/#\/schema\/person\/60eda09c1fedf0d6891f4cef4b60b8b8"},"description":"Um alerta importante envolve aposentados em mar\u00e7o de 2026. Entenda prazos de ressarcimento, golpes e mudan\u00e7as no consignado.","breadcrumb":{"@id":"https:\/\/www.em.com.br\/emfoco\/2026\/03\/12\/aposentados-recebem-alerta-para-marco-de-2026-e-importante-verificar-informacoes-e-evitar-problemas-no-beneficio\/#breadcrumb"},"inLanguage":"pt-BR","potentialAction":[{"@type":"ReadAction","target":["https:\/\/www.em.com.br\/emfoco\/2026\/03\/12\/aposentados-recebem-alerta-para-marco-de-2026-e-importante-verificar-informacoes-e-evitar-problemas-no-beneficio\/"]}]},{"@type":"ImageObject","inLanguage":"pt-BR","@id":"https:\/\/www.em.com.br\/emfoco\/2026\/03\/12\/aposentados-recebem-alerta-para-marco-de-2026-e-importante-verificar-informacoes-e-evitar-problemas-no-beneficio\/#primaryimage","url":"https:\/\/www.em.com.br\/emfoco\/wp-content\/uploads\/2026\/03\/Gemini_Generated_Image_axbrapaxbrapaxbr-1.png","contentUrl":"https:\/\/www.em.com.br\/emfoco\/wp-content\/uploads\/2026\/03\/Gemini_Generated_Image_axbrapaxbrapaxbr-1.png","width":1280,"height":720,"caption":"O aviso mais importante para aposentados agora"},{"@type":"BreadcrumbList","@id":"https:\/\/www.em.com.br\/emfoco\/2026\/03\/12\/aposentados-recebem-alerta-para-marco-de-2026-e-importante-verificar-informacoes-e-evitar-problemas-no-beneficio\/#breadcrumb","itemListElement":[{"@type":"ListItem","position":1,"name":"In\u00edcio","item":"https:\/\/www.em.com.br\/emfoco\/"},{"@type":"ListItem","position":2,"name":"Aposentados recebem alerta para mar\u00e7o de 2026: \u201c\u00c9 importante verificar informa\u00e7\u00f5es e evitar problemas no benef\u00edcio\u201d"}]},{"@type":"WebSite","@id":"https:\/\/www.em.com.br\/emfoco\/#website","url":"https:\/\/www.em.com.br\/emfoco\/","name":"Estado de Minas - Em foco","description":"Acompanhe as \u00faltimas not\u00edcias e fique bem informado sobre tudo o que acontece em Minas Gerais, Brasil e no mundo.","potentialAction":[{"@type":"SearchAction","target":{"@type":"EntryPoint","urlTemplate":"https:\/\/www.em.com.br\/emfoco\/?s={search_term_string}"},"query-input":{"@type":"PropertyValueSpecification","valueRequired":true,"valueName":"search_term_string"}}],"inLanguage":"pt-BR"},{"@type":"Person","@id":"https:\/\/www.em.com.br\/emfoco\/#\/schema\/person\/60eda09c1fedf0d6891f4cef4b60b8b8","name":"Andre\u0301 Rangel\u00a0","image":{"@type":"ImageObject","inLanguage":"pt-BR","@id":"https:\/\/www.em.com.br\/emfoco\/#\/schema\/person\/image\/","url":"https:\/\/secure.gravatar.com\/avatar\/6234dc814c77c8ef6d8bba622c787efc?s=96&d=mm&r=g","contentUrl":"https:\/\/secure.gravatar.com\/avatar\/6234dc814c77c8ef6d8bba622c787efc?s=96&d=mm&r=g","caption":"Andre\u0301 Rangel\u00a0"},"url":"https:\/\/www.em.com.br\/emfoco\/author\/luizmyth\/"}]}},"_links":{"self":[{"href":"https:\/\/www.em.com.br\/emfoco\/wp-json\/wp\/v2\/posts\/180602","targetHints":{"allow":["GET"]}}],"collection":[{"href":"https:\/\/www.em.com.br\/emfoco\/wp-json\/wp\/v2\/posts"}],"about":[{"href":"https:\/\/www.em.com.br\/emfoco\/wp-json\/wp\/v2\/types\/post"}],"author":[{"embeddable":true,"href":"https:\/\/www.em.com.br\/emfoco\/wp-json\/wp\/v2\/users\/11"}],"replies":[{"embeddable":true,"href":"https:\/\/www.em.com.br\/emfoco\/wp-json\/wp\/v2\/comments?post=180602"}],"version-history":[{"count":5,"href":"https:\/\/www.em.com.br\/emfoco\/wp-json\/wp\/v2\/posts\/180602\/revisions"}],"predecessor-version":[{"id":181207,"href":"https:\/\/www.em.com.br\/emfoco\/wp-json\/wp\/v2\/posts\/180602\/revisions\/181207"}],"wp:featuredmedia":[{"embeddable":true,"href":"https:\/\/www.em.com.br\/emfoco\/wp-json\/wp\/v2\/media\/180605"}],"wp:attachment":[{"href":"https:\/\/www.em.com.br\/emfoco\/wp-json\/wp\/v2\/media?parent=180602"}],"wp:term":[{"taxonomy":"category","embeddable":true,"href":"https:\/\/www.em.com.br\/emfoco\/wp-json\/wp\/v2\/categories?post=180602"},{"taxonomy":"post_tag","embeddable":true,"href":"https:\/\/www.em.com.br\/emfoco\/wp-json\/wp\/v2\/tags?post=180602"}],"curies":[{"name":"wp","href":"https:\/\/api.w.org\/{rel}","templated":true}]}}