{"id":180596,"date":"2026-03-12T11:00:00","date_gmt":"2026-03-12T14:00:00","guid":{"rendered":"https:\/\/www.em.com.br\/emfoco\/?p=180596"},"modified":"2026-03-12T10:12:39","modified_gmt":"2026-03-12T13:12:39","slug":"semana-de-trabalho-de-4-dias-esta-sendo-testada-a-ideia-e-melhorar-produtividade-e-qualidade-de-vida","status":"publish","type":"post","link":"https:\/\/www.em.com.br\/emfoco\/2026\/03\/12\/semana-de-trabalho-de-4-dias-esta-sendo-testada-a-ideia-e-melhorar-produtividade-e-qualidade-de-vida\/","title":{"rendered":"Semana de trabalho de 4 dias est\u00e1 sendo testada: \u201cA ideia \u00e9 melhorar produtividade e qualidade de vida\u201d"},"content":{"rendered":"\n<p>A discuss\u00e3o sobre a\u00a0<strong>semana de trabalho de 4 dias<\/strong>\u00a0deixou de ser apenas um experimento distante e j\u00e1 faz parte da rotina de empresas em pa\u00edses como <strong>Su\u00e9cia<\/strong>, <strong>Noruega <\/strong>e, mais recentemente, do debate corporativo e pol\u00edtico brasileiro, com foco em manter sal\u00e1rio, reduzir carga hor\u00e1ria e reorganizar o trabalho para aumentar produtividade, bem-estar e qualidade de vida.<\/p>\n\n\n\n<h2 class=\"wp-block-heading\">Como est\u00e1 a semana de 4 dias no Brasil em 2026<\/h2>\n\n\n\n<p>No <strong>Brasil<\/strong>, a\u00a0semana de trabalho reduzida\u00a0ganhou for\u00e7a a partir de projetos-piloto e debates legislativos entre 2024 e 2026, envolvendo empresas, governo e trabalhadores. Ainda n\u00e3o h\u00e1 legisla\u00e7\u00e3o federal consolidada sobre a semana de 4 dias, mas o tema j\u00e1 aparece em programas de governo e mesas de negocia\u00e7\u00e3o sindical.<\/p>\n\n\n\n<p>O projeto piloto\u00a0<strong>4 Day Week Brazil<\/strong>, parte de um experimento global da 4 Day Week Global com a Reconnect Happiness at Work, adotou o modelo\u00a0<strong>100-80-100<\/strong>: 100% do sal\u00e1rio, 80% do tempo, 100% da produtividade. Relat\u00f3rios de 2024 e 2025, indicam queda de estresse, maior bem-estar e equil\u00edbrio entre vida pessoal e profissional em empresas como\u00a0<strong>Editora Mol<\/strong>,\u00a0<strong>Thanks for Sharing<\/strong>\u00a0e\u00a0<strong>Oxygen<\/strong>.<\/p>\n\n\n\n<figure class=\"wp-block-image size-large\"><img loading=\"lazy\" decoding=\"async\" width=\"1024\" height=\"576\" src=\"https:\/\/www.em.com.br\/emfoco\/wp-content\/uploads\/2026\/03\/Gemini_Generated_Image_7wvh797wvh797wvh-1-1024x576.png\" alt=\"Trabalhadores podem ganhar mais tempo de vida\" class=\"wp-image-180599\" srcset=\"https:\/\/www.em.com.br\/emfoco\/wp-content\/uploads\/2026\/03\/Gemini_Generated_Image_7wvh797wvh797wvh-1-1024x576.png 1024w, https:\/\/www.em.com.br\/emfoco\/wp-content\/uploads\/2026\/03\/Gemini_Generated_Image_7wvh797wvh797wvh-1-300x169.png 300w, https:\/\/www.em.com.br\/emfoco\/wp-content\/uploads\/2026\/03\/Gemini_Generated_Image_7wvh797wvh797wvh-1-768x432.png 768w, https:\/\/www.em.com.br\/emfoco\/wp-content\/uploads\/2026\/03\/Gemini_Generated_Image_7wvh797wvh797wvh-1-750x422.png 750w, https:\/\/www.em.com.br\/emfoco\/wp-content\/uploads\/2026\/03\/Gemini_Generated_Image_7wvh797wvh797wvh-1-1140x641.png 1140w, https:\/\/www.em.com.br\/emfoco\/wp-content\/uploads\/2026\/03\/Gemini_Generated_Image_7wvh797wvh797wvh-1.png 1280w\" sizes=\"auto, (max-width: 1024px) 100vw, 1024px\" \/><figcaption class=\"wp-element-caption\">Trabalhadores podem ganhar mais tempo de vida<\/figcaption><\/figure>\n\n\n\n<h2 class=\"wp-block-heading\">Quais debates legais moldam a jornada de trabalho no pa\u00eds<\/h2>\n\n\n\n<p>No campo pol\u00edtico, o tema avan\u00e7ou com for\u00e7a em 2026. O presidente&nbsp;<strong>Lula<\/strong>&nbsp;e o ministro do Trabalho,&nbsp;<strong>Luiz Marinho<\/strong>, defenderam a redu\u00e7\u00e3o para&nbsp;<strong>40 horas semanais<\/strong>&nbsp;(escala 5&#215;2) como passo inicial para superar a tradicional jornada&nbsp;<strong>6&#215;1<\/strong>, vista como desgastante e pouco compat\u00edvel com os novos modelos de trabalho.<\/p>\n\n\n\n<p>A chamada \u201c<strong><a href=\"https:\/\/www.camara.leg.br\/proposicoesWeb\/fichadetramitacao?idProposicao=2485341\" target=\"_blank\" rel=\"noreferrer noopener\">PEC 6&#215;1<\/a><\/strong>\u201d prop\u00f5e jornada de\u00a0<strong>36 horas semanais<\/strong>, abrindo espa\u00e7o para escalas como\u00a0<strong>4&#215;3<\/strong>\u00a0(quatro dias de trabalho e tr\u00eas de folga). Em 2026, a proposta j\u00e1 re\u00fane assinaturas necess\u00e1rias e est\u00e1 em an\u00e1lise na CCJ da C\u00e2mara, enquanto o\u00a0<strong>Minist\u00e9rio do Trabalho<\/strong>\u00a0refor\u00e7a publicamente que a redu\u00e7\u00e3o \u00e9 \u201cplenamente poss\u00edvel e saud\u00e1vel\u201d para a economia.<\/p>\n\n\n\n<h2 class=\"wp-block-heading\">Como a semana reduzida impacta bem-estar e produtividade<\/h2>\n\n\n\n<p>Nos testes brasileiros e n\u00f3rdicos, os impactos na&nbsp;<strong>sa\u00fade mental<\/strong>&nbsp;chamam aten\u00e7\u00e3o: mais tempo livre reduz estresse, melhora o sono e diminui quadros de exaust\u00e3o. Trabalhadores relatam mais energia, melhor conviv\u00eancia familiar e menos afastamentos m\u00e9dicos, o que reduz o&nbsp;<strong>absente\u00edsmo<\/strong>&nbsp;e melhora a continuidade das opera\u00e7\u00f5es.<\/p>\n\n\n\n<p>Quanto \u00e0 produtividade, estudos mostram que boa parte do expediente tradicional \u00e9 consumida por&nbsp;<strong>pseudotrabalho<\/strong>, como reuni\u00f5es improdutivas e burocracias redundantes. Ao cortar essas atividades, cresce o foco em tarefas de alto valor, mantendo ou at\u00e9 aumentando os resultados, inclusive com mais espa\u00e7o para ideias criativas e solu\u00e7\u00f5es inovadoras.<\/p>\n\n\n\n<figure class=\"wp-block-image size-large\"><img loading=\"lazy\" decoding=\"async\" width=\"1024\" height=\"576\" src=\"https:\/\/www.em.com.br\/emfoco\/wp-content\/uploads\/2026\/03\/ChatGPT-Image-12-de-mar.-de-2026-10_02_46-1-1024x576.png\" alt=\"Trabalhadores podem ganhar mais tempo de vida\" class=\"wp-image-180598\" srcset=\"https:\/\/www.em.com.br\/emfoco\/wp-content\/uploads\/2026\/03\/ChatGPT-Image-12-de-mar.-de-2026-10_02_46-1-1024x576.png 1024w, https:\/\/www.em.com.br\/emfoco\/wp-content\/uploads\/2026\/03\/ChatGPT-Image-12-de-mar.-de-2026-10_02_46-1-300x169.png 300w, https:\/\/www.em.com.br\/emfoco\/wp-content\/uploads\/2026\/03\/ChatGPT-Image-12-de-mar.-de-2026-10_02_46-1-768x432.png 768w, https:\/\/www.em.com.br\/emfoco\/wp-content\/uploads\/2026\/03\/ChatGPT-Image-12-de-mar.-de-2026-10_02_46-1-750x422.png 750w, https:\/\/www.em.com.br\/emfoco\/wp-content\/uploads\/2026\/03\/ChatGPT-Image-12-de-mar.-de-2026-10_02_46-1-1140x641.png 1140w, https:\/\/www.em.com.br\/emfoco\/wp-content\/uploads\/2026\/03\/ChatGPT-Image-12-de-mar.-de-2026-10_02_46-1.png 1280w\" sizes=\"auto, (max-width: 1024px) 100vw, 1024px\" \/><figcaption class=\"wp-element-caption\">Trabalhadores podem ganhar mais tempo de vida<\/figcaption><\/figure>\n\n\n\n<h2 class=\"wp-block-heading\">Quais s\u00e3o as chaves para uma semana de trabalho de 4 dias funcionar<\/h2>\n\n\n\n<p>Para que a&nbsp;<strong>semana de trabalho reduzida<\/strong>&nbsp;funcione de forma sustent\u00e1vel, n\u00e3o basta cortar um dia: \u00e9 preciso redesenhar rotinas, prioridades e comunica\u00e7\u00e3o. Lideran\u00e7as t\u00eam papel central ao apoiar mudan\u00e7as, combater a cultura da disponibilidade permanente e evitar apenas comprimir a mesma carga em menos dias.<\/p>\n\n\n\n<p>Nesse contexto, algumas pr\u00e1ticas se repetem como essenciais para que equipes mantenham desempenho e qualidade de vida, sem sobrecarga ou perda de resultados:<\/p>\n\n\n\n<ul class=\"wp-block-list\">\n<li><strong>Priorizar o que gera valor:<\/strong>\u00a0focar em tarefas que impactam diretamente o resultado e eliminar atividades redundantes.<\/li>\n\n\n\n<li><strong>Planejar blocos de foco:<\/strong>\u00a0reservar per\u00edodos para concentra\u00e7\u00e3o, limitando e-mails, chats e interrup\u00e7\u00f5es constantes.<\/li>\n\n\n\n<li><strong>Rever reuni\u00f5es:<\/strong>\u00a0cancelar encontros sem prop\u00f3sito definido e reduzir tempo dos que forem realmente necess\u00e1rios.<\/li>\n\n\n\n<li><strong>Estimular reflex\u00e3o cont\u00ednua:<\/strong>\u00a0analisar resultados, ajustar processos e aprender com dados e feedbacks.<\/li>\n<\/ul>\n\n\n\n<h2 class=\"wp-block-heading\">Quais li\u00e7\u00f5es a experi\u00eancia n\u00f3rdica oferece e o que fazer agora<\/h2>\n\n\n\n<p>A experi\u00eancia de Su\u00e9cia e Noruega mostra que setores variados \u2014 de energia e sa\u00fade a consultoria e servi\u00e7os sociais \u2014 podem adotar a semana de 4 dias com estabilidade financeira, desde que usem pilotos bem planejados, revis\u00e3o profunda de processos e monitoramento constante de bem-estar e produtividade ao longo dos anos.<\/p>\n\n\n\n<p>Se sua empresa ainda est\u00e1 esperando \u201co momento ideal\u201d, o risco \u00e9 ficar para tr\u00e1s na disputa por talentos e competitividade. Comece um projeto-piloto agora, com objetivos claros e m\u00e9tricas definidas, envolva sua equipe na constru\u00e7\u00e3o do modelo e teste por alguns meses: adiar essa decis\u00e3o pode custar caro em engajamento, inova\u00e7\u00e3o e sa\u00fade das pessoas.<\/p>\n","protected":false},"excerpt":{"rendered":"<p>A discuss\u00e3o sobre a\u00a0semana de trabalho de 4 dias\u00a0deixou de ser apenas um experimento distante e j\u00e1 faz parte da rotina de empresas em pa\u00edses como Su\u00e9cia, Noruega e, mais recentemente, do debate corporativo e pol\u00edtico brasileiro, com foco em manter sal\u00e1rio, reduzir carga hor\u00e1ria e reorganizar o trabalho para aumentar produtividade, bem-estar e qualidade [&hellip;]<\/p>\n","protected":false},"author":11,"featured_media":180600,"comment_status":"open","ping_status":"open","sticky":false,"template":"","format":"standard","meta":{"jnews-multi-image_gallery":[],"jnews_single_post":{"format":"standard"},"jnews_primary_category":[],"jnews_social_meta":[],"jnews_override_counter":[],"footnotes":""},"categories":[28,1],"tags":[502,409,5151,327,508],"class_list":["post-180596","post","type-post","status-publish","format-standard","has-post-thumbnail","hentry","category-economia","category-noticias","tag-emprego","tag-jornada-de-trabalho","tag-produtividade","tag-qualidade-de-vida","tag-trabalho"],"yoast_head":"<!-- This site is optimized with the Yoast SEO plugin v23.8 - https:\/\/yoast.com\/wordpress\/plugins\/seo\/ -->\n<title>Semana de trabalho de 4 dias est\u00e1 sendo testada: \u201cA ideia \u00e9 melhorar produtividade e qualidade de vida\u201d - Estado de Minas - Em foco<\/title>\n<meta name=\"description\" content=\"A semana de trabalho de 4 dias ganha for\u00e7a. Projetos e debates apontam mudan\u00e7as na jornada e na qualidade de vida.\" \/>\n<meta name=\"robots\" content=\"index, follow, max-snippet:-1, max-image-preview:large, max-video-preview:-1\" \/>\n<link rel=\"canonical\" href=\"https:\/\/www.em.com.br\/emfoco\/2026\/03\/12\/semana-de-trabalho-de-4-dias-esta-sendo-testada-a-ideia-e-melhorar-produtividade-e-qualidade-de-vida\/\" \/>\n<meta property=\"og:locale\" content=\"pt_BR\" \/>\n<meta property=\"og:type\" content=\"article\" \/>\n<meta property=\"og:title\" content=\"Semana de trabalho de 4 dias est\u00e1 sendo testada: \u201cA ideia \u00e9 melhorar produtividade e qualidade de vida\u201d - Estado de Minas - Em foco\" \/>\n<meta property=\"og:description\" content=\"A semana de trabalho de 4 dias ganha for\u00e7a. Projetos e debates apontam mudan\u00e7as na jornada e na qualidade de vida.\" \/>\n<meta property=\"og:url\" content=\"https:\/\/www.em.com.br\/emfoco\/2026\/03\/12\/semana-de-trabalho-de-4-dias-esta-sendo-testada-a-ideia-e-melhorar-produtividade-e-qualidade-de-vida\/\" \/>\n<meta property=\"og:site_name\" content=\"Estado de Minas - Em foco\" \/>\n<meta property=\"article:published_time\" content=\"2026-03-12T14:00:00+00:00\" \/>\n<meta property=\"article:modified_time\" content=\"2026-03-12T13:12:39+00:00\" \/>\n<meta property=\"og:image\" content=\"https:\/\/www.em.com.br\/emfoco\/wp-content\/uploads\/2026\/03\/ChatGPT-Image-12-de-mar.-de-2026-10_10_35-1.png\" \/>\n\t<meta property=\"og:image:width\" content=\"1280\" \/>\n\t<meta property=\"og:image:height\" content=\"720\" \/>\n\t<meta property=\"og:image:type\" content=\"image\/png\" \/>\n<meta name=\"author\" content=\"Andre\u0301 Rangel\u00a0\" \/>\n<meta name=\"twitter:card\" content=\"summary_large_image\" \/>\n<meta name=\"twitter:label1\" content=\"Escrito por\" \/>\n\t<meta name=\"twitter:data1\" content=\"Andre\u0301 Rangel\u00a0\" \/>\n\t<meta name=\"twitter:label2\" content=\"Est. tempo de leitura\" \/>\n\t<meta name=\"twitter:data2\" content=\"5 minutos\" \/>\n<!-- \/ Yoast SEO plugin. -->","yoast_head_json":{"title":"Semana de trabalho de 4 dias est\u00e1 sendo testada: \u201cA ideia \u00e9 melhorar produtividade e qualidade de vida\u201d - Estado de Minas - Em foco","description":"A semana de trabalho de 4 dias ganha for\u00e7a. Projetos e debates apontam mudan\u00e7as na jornada e na qualidade de vida.","robots":{"index":"index","follow":"follow","max-snippet":"max-snippet:-1","max-image-preview":"max-image-preview:large","max-video-preview":"max-video-preview:-1"},"canonical":"https:\/\/www.em.com.br\/emfoco\/2026\/03\/12\/semana-de-trabalho-de-4-dias-esta-sendo-testada-a-ideia-e-melhorar-produtividade-e-qualidade-de-vida\/","og_locale":"pt_BR","og_type":"article","og_title":"Semana de trabalho de 4 dias est\u00e1 sendo testada: \u201cA ideia \u00e9 melhorar produtividade e qualidade de vida\u201d - Estado de Minas - Em foco","og_description":"A semana de trabalho de 4 dias ganha for\u00e7a. Projetos e debates apontam mudan\u00e7as na jornada e na qualidade de vida.","og_url":"https:\/\/www.em.com.br\/emfoco\/2026\/03\/12\/semana-de-trabalho-de-4-dias-esta-sendo-testada-a-ideia-e-melhorar-produtividade-e-qualidade-de-vida\/","og_site_name":"Estado de Minas - Em foco","article_published_time":"2026-03-12T14:00:00+00:00","article_modified_time":"2026-03-12T13:12:39+00:00","og_image":[{"width":1280,"height":720,"url":"https:\/\/www.em.com.br\/emfoco\/wp-content\/uploads\/2026\/03\/ChatGPT-Image-12-de-mar.-de-2026-10_10_35-1.png","type":"image\/png"}],"author":"Andre\u0301 Rangel\u00a0","twitter_card":"summary_large_image","twitter_misc":{"Escrito por":"Andre\u0301 Rangel\u00a0","Est. tempo de leitura":"5 minutos"},"schema":{"@context":"https:\/\/schema.org","@graph":[{"@type":"WebPage","@id":"https:\/\/www.em.com.br\/emfoco\/2026\/03\/12\/semana-de-trabalho-de-4-dias-esta-sendo-testada-a-ideia-e-melhorar-produtividade-e-qualidade-de-vida\/","url":"https:\/\/www.em.com.br\/emfoco\/2026\/03\/12\/semana-de-trabalho-de-4-dias-esta-sendo-testada-a-ideia-e-melhorar-produtividade-e-qualidade-de-vida\/","name":"Semana de trabalho de 4 dias est\u00e1 sendo testada: \u201cA ideia \u00e9 melhorar produtividade e qualidade de vida\u201d - Estado de Minas - Em foco","isPartOf":{"@id":"https:\/\/www.em.com.br\/emfoco\/#website"},"primaryImageOfPage":{"@id":"https:\/\/www.em.com.br\/emfoco\/2026\/03\/12\/semana-de-trabalho-de-4-dias-esta-sendo-testada-a-ideia-e-melhorar-produtividade-e-qualidade-de-vida\/#primaryimage"},"image":{"@id":"https:\/\/www.em.com.br\/emfoco\/2026\/03\/12\/semana-de-trabalho-de-4-dias-esta-sendo-testada-a-ideia-e-melhorar-produtividade-e-qualidade-de-vida\/#primaryimage"},"thumbnailUrl":"https:\/\/www.em.com.br\/emfoco\/wp-content\/uploads\/2026\/03\/ChatGPT-Image-12-de-mar.-de-2026-10_10_35-1.png","datePublished":"2026-03-12T14:00:00+00:00","dateModified":"2026-03-12T13:12:39+00:00","author":{"@id":"https:\/\/www.em.com.br\/emfoco\/#\/schema\/person\/60eda09c1fedf0d6891f4cef4b60b8b8"},"description":"A semana de trabalho de 4 dias ganha for\u00e7a. Projetos e debates apontam mudan\u00e7as na jornada e na qualidade de vida.","breadcrumb":{"@id":"https:\/\/www.em.com.br\/emfoco\/2026\/03\/12\/semana-de-trabalho-de-4-dias-esta-sendo-testada-a-ideia-e-melhorar-produtividade-e-qualidade-de-vida\/#breadcrumb"},"inLanguage":"pt-BR","potentialAction":[{"@type":"ReadAction","target":["https:\/\/www.em.com.br\/emfoco\/2026\/03\/12\/semana-de-trabalho-de-4-dias-esta-sendo-testada-a-ideia-e-melhorar-produtividade-e-qualidade-de-vida\/"]}]},{"@type":"ImageObject","inLanguage":"pt-BR","@id":"https:\/\/www.em.com.br\/emfoco\/2026\/03\/12\/semana-de-trabalho-de-4-dias-esta-sendo-testada-a-ideia-e-melhorar-produtividade-e-qualidade-de-vida\/#primaryimage","url":"https:\/\/www.em.com.br\/emfoco\/wp-content\/uploads\/2026\/03\/ChatGPT-Image-12-de-mar.-de-2026-10_10_35-1.png","contentUrl":"https:\/\/www.em.com.br\/emfoco\/wp-content\/uploads\/2026\/03\/ChatGPT-Image-12-de-mar.-de-2026-10_10_35-1.png","width":1280,"height":720,"caption":"A melhor mudan\u00e7a para pais trabalhadores chegou"},{"@type":"BreadcrumbList","@id":"https:\/\/www.em.com.br\/emfoco\/2026\/03\/12\/semana-de-trabalho-de-4-dias-esta-sendo-testada-a-ideia-e-melhorar-produtividade-e-qualidade-de-vida\/#breadcrumb","itemListElement":[{"@type":"ListItem","position":1,"name":"In\u00edcio","item":"https:\/\/www.em.com.br\/emfoco\/"},{"@type":"ListItem","position":2,"name":"Semana de trabalho de 4 dias est\u00e1 sendo testada: \u201cA ideia \u00e9 melhorar produtividade e qualidade de vida\u201d"}]},{"@type":"WebSite","@id":"https:\/\/www.em.com.br\/emfoco\/#website","url":"https:\/\/www.em.com.br\/emfoco\/","name":"Estado de Minas - Em foco","description":"Acompanhe as \u00faltimas not\u00edcias e fique bem informado sobre tudo o que acontece em Minas Gerais, Brasil e no mundo.","potentialAction":[{"@type":"SearchAction","target":{"@type":"EntryPoint","urlTemplate":"https:\/\/www.em.com.br\/emfoco\/?s={search_term_string}"},"query-input":{"@type":"PropertyValueSpecification","valueRequired":true,"valueName":"search_term_string"}}],"inLanguage":"pt-BR"},{"@type":"Person","@id":"https:\/\/www.em.com.br\/emfoco\/#\/schema\/person\/60eda09c1fedf0d6891f4cef4b60b8b8","name":"Andre\u0301 Rangel\u00a0","image":{"@type":"ImageObject","inLanguage":"pt-BR","@id":"https:\/\/www.em.com.br\/emfoco\/#\/schema\/person\/image\/","url":"https:\/\/secure.gravatar.com\/avatar\/6234dc814c77c8ef6d8bba622c787efc?s=96&d=mm&r=g","contentUrl":"https:\/\/secure.gravatar.com\/avatar\/6234dc814c77c8ef6d8bba622c787efc?s=96&d=mm&r=g","caption":"Andre\u0301 Rangel\u00a0"},"url":"https:\/\/www.em.com.br\/emfoco\/author\/luizmyth\/"}]}},"_links":{"self":[{"href":"https:\/\/www.em.com.br\/emfoco\/wp-json\/wp\/v2\/posts\/180596","targetHints":{"allow":["GET"]}}],"collection":[{"href":"https:\/\/www.em.com.br\/emfoco\/wp-json\/wp\/v2\/posts"}],"about":[{"href":"https:\/\/www.em.com.br\/emfoco\/wp-json\/wp\/v2\/types\/post"}],"author":[{"embeddable":true,"href":"https:\/\/www.em.com.br\/emfoco\/wp-json\/wp\/v2\/users\/11"}],"replies":[{"embeddable":true,"href":"https:\/\/www.em.com.br\/emfoco\/wp-json\/wp\/v2\/comments?post=180596"}],"version-history":[{"count":2,"href":"https:\/\/www.em.com.br\/emfoco\/wp-json\/wp\/v2\/posts\/180596\/revisions"}],"predecessor-version":[{"id":180601,"href":"https:\/\/www.em.com.br\/emfoco\/wp-json\/wp\/v2\/posts\/180596\/revisions\/180601"}],"wp:featuredmedia":[{"embeddable":true,"href":"https:\/\/www.em.com.br\/emfoco\/wp-json\/wp\/v2\/media\/180600"}],"wp:attachment":[{"href":"https:\/\/www.em.com.br\/emfoco\/wp-json\/wp\/v2\/media?parent=180596"}],"wp:term":[{"taxonomy":"category","embeddable":true,"href":"https:\/\/www.em.com.br\/emfoco\/wp-json\/wp\/v2\/categories?post=180596"},{"taxonomy":"post_tag","embeddable":true,"href":"https:\/\/www.em.com.br\/emfoco\/wp-json\/wp\/v2\/tags?post=180596"}],"curies":[{"name":"wp","href":"https:\/\/api.w.org\/{rel}","templated":true}]}}