{"id":180581,"date":"2026-03-12T19:55:00","date_gmt":"2026-03-12T22:55:00","guid":{"rendered":"https:\/\/www.em.com.br\/emfoco\/?p=180581"},"modified":"2026-03-12T19:52:03","modified_gmt":"2026-03-12T22:52:03","slug":"troque-o-pao-de-queijo-pelas-montanhas-brancas-de-neve-a-poucas-horas-de-belo-horizonte","status":"publish","type":"post","link":"https:\/\/www.em.com.br\/emfoco\/2026\/03\/12\/troque-o-pao-de-queijo-pelas-montanhas-brancas-de-neve-a-poucas-horas-de-belo-horizonte\/","title":{"rendered":"Troque o p\u00e3o de queijo pelas montanhas brancas de neve a poucas horas de Belo Horizonte"},"content":{"rendered":"\n<p>Em quatro horas e meia, o mineiro troca o p\u00e3o de queijo quente pelas empanadas rec\u00e9m\u2011sa\u00eddas do forno em\u00a0<strong>Santiago<\/strong>. A capital do\u00a0<strong>Chile<\/strong>\u00a0recebe voos diretos de\u00a0<strong>Belo Horizonte<\/strong>\u00a0tr\u00eas vezes por semana e revela uma cidade que equilibra a cordilheira nevada com bairros bo\u00eamios e uma gastronomia de altitude. O viajante que desembarca no aeroporto de\u00a0<strong>Pudahuel<\/strong>\u00a0est\u00e1 a apenas 15 km do centro hist\u00f3rico e a poucas horas de vin\u00edcolas centen\u00e1rias e praias no Pac\u00edfico.<\/p>\n\n\n\n<h2 class=\"wp-block-heading\">O voo direto que encurta os Andes<\/h2>\n\n\n\n<p>A\u00a0<strong>LATAM<\/strong>\u00a0opera a rota BH\u2011Santiago \u00e0s quartas, sextas e domingos. A aeronave percorre cerca de 3.046 km em m\u00e9dia 4h19 de voo, tempo suficiente para assistir a um filme e come\u00e7ar a planejar o roteiro. A facilidade da conex\u00e3o direta faz com que a capital chilena seja um dos destinos internacionais mais acess\u00edveis para quem sai de Minas Gerais<\/p>\n\n\n<div class=\"wp-block-image\">\n<figure class=\"aligncenter size-large\"><img loading=\"lazy\" decoding=\"async\" width=\"1024\" height=\"576\" src=\"https:\/\/www.em.com.br\/emfoco\/wp-content\/uploads\/2026\/01\/Santiago-ice_1768547196687-1024x576.jpg\" alt=\"\" class=\"wp-image-157311\" srcset=\"https:\/\/www.em.com.br\/emfoco\/wp-content\/uploads\/2026\/01\/Santiago-ice_1768547196687-1024x576.jpg 1024w, https:\/\/www.em.com.br\/emfoco\/wp-content\/uploads\/2026\/01\/Santiago-ice_1768547196687-300x169.jpg 300w, https:\/\/www.em.com.br\/emfoco\/wp-content\/uploads\/2026\/01\/Santiago-ice_1768547196687-768x432.jpg 768w, https:\/\/www.em.com.br\/emfoco\/wp-content\/uploads\/2026\/01\/Santiago-ice_1768547196687-750x422.jpg 750w, https:\/\/www.em.com.br\/emfoco\/wp-content\/uploads\/2026\/01\/Santiago-ice_1768547196687-1140x641.jpg 1140w, https:\/\/www.em.com.br\/emfoco\/wp-content\/uploads\/2026\/01\/Santiago-ice_1768547196687.jpg 1280w\" sizes=\"auto, (max-width: 1024px) 100vw, 1024px\" \/><figcaption class=\"wp-element-caption\">Santiago mescla neve na Cordilheira dos Andes e vinhos premiados em roteiro saindo de Minas \/\/ Cr\u00e9ditos: depositphotos.com \/ MaRabelo<\/figcaption><\/figure><\/div>\n\n\n<h2 class=\"wp-block-heading\">O que ver no primeiro dia em Santiago?<\/h2>\n\n\n\n<p>O centro hist\u00f3rico concentra os principais cart\u00f5es\u2011postais e pode ser percorrido a p\u00e9. Comece pela&nbsp;<strong>Plaza de Armas<\/strong>, marco zero da cidade, onde est\u00e1 a&nbsp;<strong>Catedral Metropolitana<\/strong>&nbsp;e o correio central. A poucas quadras fica o&nbsp;<strong>Pal\u00e1cio La Moneda<\/strong>, sede do governo chileno, com troca de guarda pela manh\u00e3. O&nbsp;<strong>Cerro Santa Luc\u00eda<\/strong>, um morro de 70 metros com jardins e mirante 360\u00b0, foi o local escolhido pelo fundador da cidade para iniciar a ocupa\u00e7\u00e3o espanhola no s\u00e9culo XVI.<\/p>\n\n\n\n<p>O&nbsp;<strong>Mercado Central<\/strong>, constru\u00eddo em 1872 com estrutura met\u00e1lica trazida da Inglaterra, \u00e9 parada obrigat\u00f3ria para almo\u00e7ar frutos do mar. As&nbsp;<em>paila marina<\/em>&nbsp;e as&nbsp;<em>machas a la parmesana<\/em>&nbsp;est\u00e3o entre os pratos mais pedidos. O edif\u00edcio \u00e9 tombado e mant\u00e9m o burburinho t\u00edpico das feiras tradicionais.<\/p>\n\n\n<div class=\"wp-block-image\">\n<figure class=\"aligncenter size-large\"><img loading=\"lazy\" decoding=\"async\" width=\"1024\" height=\"576\" src=\"https:\/\/www.em.com.br\/emfoco\/wp-content\/uploads\/2025\/12\/Santiago_1762499885261-1024x576.jpg\" alt=\"\" class=\"wp-image-144008\" srcset=\"https:\/\/www.em.com.br\/emfoco\/wp-content\/uploads\/2025\/12\/Santiago_1762499885261-1024x576.jpg 1024w, https:\/\/www.em.com.br\/emfoco\/wp-content\/uploads\/2025\/12\/Santiago_1762499885261-300x169.jpg 300w, https:\/\/www.em.com.br\/emfoco\/wp-content\/uploads\/2025\/12\/Santiago_1762499885261-768x432.jpg 768w, https:\/\/www.em.com.br\/emfoco\/wp-content\/uploads\/2025\/12\/Santiago_1762499885261-750x422.jpg 750w, https:\/\/www.em.com.br\/emfoco\/wp-content\/uploads\/2025\/12\/Santiago_1762499885261-1140x641.jpg 1140w, https:\/\/www.em.com.br\/emfoco\/wp-content\/uploads\/2025\/12\/Santiago_1762499885261.jpg 1280w\" sizes=\"auto, (max-width: 1024px) 100vw, 1024px\" \/><figcaption class=\"wp-element-caption\">Santiago encanta brasileiros com paisagens entre montanhas e vinhedos \/\/ Cr\u00e9ditos: depositphotos.com \/ progat<\/figcaption><\/figure><\/div>\n\n\n<h2 class=\"wp-block-heading\">Onde a cidade se abre para os c\u00e9us<\/h2>\n\n\n\n<p>Dois mirantes disputam a melhor vista de Santiago. O&nbsp;<strong>Sky Costanera<\/strong>, no 62\u00b0 andar da torre mais alta da Am\u00e9rica Latina, alcan\u00e7a 300 metros de altura e permite ver a cidade inteira abra\u00e7ada pela Cordilheira dos Andes nos dias limpos. O ingresso pode ser comprado antecipadamente para evitar filas. J\u00e1 o&nbsp;<strong>Cerro San Crist\u00f3bal<\/strong>, com seus 1.000 metros de altitude, \u00e9 um parque urbano gigante. O acesso pelo funicular \u2014 que completa 100 anos em 2025 \u2014 ou pelo telef\u00e9rico leva ao Santu\u00e1rio da Imaculada Concei\u00e7\u00e3o, de onde se descortina o bairro de Bellavista e o centro.<\/p>\n\n\n\n<p><strong>Leia tamb\u00e9m: <a href=\"https:\/\/www.em.com.br\/emfoco\/2026\/03\/04\/uma-montanha-1-385-metros-desapareceu-a-cidade-mineira-a-2-horas-de-belo-horizonte-onde-a-paisagem-valia-menos-que-os-lucros-e-o-maior-poeta-brasileiro-nasceu\/\" target=\"_blank\" rel=\"noreferrer noopener\">Uma montanha de 1.385 metros desapareceu, a cidade mineira a 2 horas de Belo Horizonte onde a paisagem valia menos que os lucros e o maior poeta brasileiro nasceu<\/a><\/strong><\/p>\n\n\n\n<h2 class=\"wp-block-heading\">Al\u00e9m da capital: vinho, mar e montanha<\/h2>\n\n\n\n<p>A 40 minutos de Santiago, na comuna de Pirque, fica a\u00a0<strong>Vin\u00edcola Concha y Toro<\/strong>, a mais famosa do pa\u00eds. O tour guiado passa pelos vinhedos, pela antiga adega e termina com degusta\u00e7\u00e3o de r\u00f3tulos como o Casillero del Diablo, cuja lenda diz que o pr\u00f3prio diabo protege a caverna onde as garrafas eram guardadas. Quem prefere o litoral encontra\u00a0<strong>Vi\u00f1a del Mar<\/strong>\u00a0e\u00a0<strong>Valpara\u00edso<\/strong>\u00a0a 1h30 de estrada. A primeira \u00e9 a \u201cCidade Jardim\u201d, com o Rel\u00f3gio das Flores e o Cassino Municipal. A segunda, Patrim\u00f4nio Mundial da UNESCO, encanta com os morros coloridos, os elevadores centen\u00e1rios e a\u00a0<strong>La Sebastiana<\/strong>, uma das casas do poeta Pablo Neruda.<\/p>\n\n\n\n<p>Para contato com a natureza, o&nbsp;<strong>Caj\u00f3n del Maipo<\/strong>&nbsp;fica a uma hora da capital. O c\u00e2nion andino leva ao&nbsp;<strong>Embalse El Yeso<\/strong>, represa de \u00e1gua turquesa cercada por picos nevados. No inverno (junho a setembro), as esta\u00e7\u00f5es de&nbsp;<strong>Valle Nevado<\/strong>&nbsp;e&nbsp;<strong>Farellones<\/strong>&nbsp;recebem fam\u00edlias para tubing, tirolesa e brincadeiras na neve, mesmo para quem n\u00e3o esquia.<\/p>\n\n\n\n<p>Quem planeja uma viagem para o <strong>Chile<\/strong>, vai curtir esse v\u00eddeo especialmente selecionado do canal <strong>Fabi Cassol | Minha Praia Viajar<\/strong>, que conta com mais de <strong>354 mil<\/strong> visualiza\u00e7\u00f5es, onde <strong>Fabi Cassol<\/strong> mostra um roteiro completo por <strong>Santiago<\/strong>, incluindo dicas de neve e vin\u00edcolas:<\/p>\n\n\n\n<figure class=\"wp-block-embed is-type-video is-provider-youtube wp-block-embed-youtube wp-embed-aspect-16-9 wp-has-aspect-ratio\"><div class=\"wp-block-embed__wrapper\">\n<div class=\"jeg_video_container jeg_video_content\"><iframe loading=\"lazy\" title=\"SANTIAGO CHILE 2025: ROTEIRO COMPLETO COM PRE\u00c7OS  | O QUE FAZER | MELHORES PASSEIOS | NEVE | DICAS\" width=\"500\" height=\"281\" src=\"https:\/\/www.youtube.com\/embed\/EMIIu-PdiDg?feature=oembed\" frameborder=\"0\" allow=\"accelerometer; autoplay; clipboard-write; encrypted-media; gyroscope; picture-in-picture; web-share\" referrerpolicy=\"strict-origin-when-cross-origin\" allowfullscreen><\/iframe><\/div>\n<\/div><\/figure>\n\n\n\n<h2 class=\"wp-block-heading\">Onde a mesa chilena ganha o viajante<\/h2>\n\n\n\n<p>Santiago se tornou um polo gastron\u00f4mico respeitado. O bairro&nbsp;<strong>Bellavista<\/strong>&nbsp;re\u00fane de restaurantes peruanos a botecos modernos.&nbsp;<strong>Lastarria<\/strong>&nbsp;aposta na cena cultural e em endere\u00e7os sofisticados com terra\u00e7os. J\u00e1&nbsp;<strong>El Golf<\/strong>, no setor financeiro, concentra rooftops e alta cozinha. Para comer como local, a&nbsp;<strong>Vega Central<\/strong>&nbsp;e o&nbsp;<strong>Mercado Tirso de Molina<\/strong>&nbsp;oferecem produtos frescos, frutas ex\u00f3ticas e preparos r\u00e1pidos de&nbsp;<em>completos<\/em>&nbsp;\u2014 o cachorro\u2011quente chileno com abacate, tomate e maionese. O&nbsp;<em>pastel de choclo<\/em>, uma torta salgada de milho com recheio de carne, e o doce&nbsp;<em>mote con huesillos<\/em>&nbsp;(p\u00eassego seco com trigo) completam a imers\u00e3o.<\/p>\n\n\n\n<p><strong>Leia tamb\u00e9m: <a href=\"https:\/\/www.em.com.br\/emfoco\/2026\/03\/08\/a-vila-onde-nao-ha-bancos-nao-ha-asfalto-e-nao-ha-postes-de-luz-so-o-brilho-da-lua-sobre-as-praias-mais-bonitas-do-planeta\/\" target=\"_blank\" rel=\"noreferrer noopener\">A vila onde n\u00e3o h\u00e1 bancos, n\u00e3o h\u00e1 asfalto e n\u00e3o h\u00e1 postes de luz: s\u00f3 o brilho da lua sobre as praias mais bonitas do planeta<\/a><\/strong><\/p>\n\n\n\n<h2 class=\"wp-block-heading\">Quando o clima define o roteiro<\/h2>\n\n\n\n<p>O clima mediterr\u00e2neo de Santiago tem esta\u00e7\u00f5es bem marcadas. O ver\u00e3o \u00e9 seco e quente, ideal para subir aos mirantes e explorar o Caj\u00f3n del Maipo. No inverno, o frio \u00famido e a neve na cordilheira convidam aos museus, \u00e0s vin\u00edcolas e \u00e0s esta\u00e7\u00f5es de esqui. A tabela abaixo ajuda a planejar:<\/p>\n\n\n\n<style>\n    .card-interativo {\n        transition: transform 0.15s ease-in-out, box-shadow 0.15s ease-in-out;\n        cursor: pointer;\n    }\n    .card-interativo:hover {\n        transform: translateY(-4px);\n    }\n    .card-interativo:active {\n        transform: scale(0.96);\n    }\n<\/style>\n<div class=\"google-auto-ads-ignore\" style=\"box-sizing: border-box; display: flex; flex-direction: column; width: 100%; max-width: 900px; margin: 30px auto; font-family: 'Segoe UI', Roboto, Helvetica, Arial, sans-serif; clear: both;\">\n    <div style=\"display: flex; flex-wrap: wrap; gap: 15px;\">\n        \n        <div class=\"card-interativo\" style=\"flex: 1 1 calc(25% - 15px); min-width: 200px; border: 1px solid #e1e6ef; border-top: 4px solid #1a2a57; border-radius: 8px; padding: 20px; background: #fff; box-sizing: border-box; box-shadow: 0 4px 10px rgba(26, 42, 87, 0.05); display: flex; flex-direction: column;\">\n            <div style=\"display: flex; align-items: center; justify-content: center; gap: 8px; margin-bottom: 20px;\">\n                <span style=\"font-size: 22px; line-height: 1;\">\u2600\ufe0f<\/span>\n                <strong style=\"color: #1a2a57; font-size: 16px; text-transform: uppercase;\">Ver\u00e3o<\/strong>\n            <\/div>\n            <div style=\"margin-bottom: auto;\">\n                <div style=\"text-align: center; font-size: 11px; font-weight: 800; color: #111c3a; text-transform: uppercase; margin-bottom: 5px;\">Dezembro &#8211; Mar\u00e7o<\/div>\n                <div style=\"text-align: center; font-size: 26px; font-weight: 900; color: #1a2a57; margin-bottom: 10px;\">15\u00b0C a 30\u00b0C<\/div>\n                <div style=\"text-align: center; font-size: 13px; color: #555; line-height: 1.5; margin-bottom: 15px;\">O clima fica extremamente seco e os dias s\u00e3o quentes e longos! Cen\u00e1rio ideal e com c\u00e9u limpo para subir aos <strong>mirantes, explorar o Caj\u00f3n del Maipo e visitar vin\u00edcolas<\/strong>. <em>Use muito protetor solar e hidrate-se!<\/em><\/div>\n            <\/div>\n            <div style=\"text-align: center;\">\n                <span style=\"display: inline-block; background: #f0f4f8; color: #1a2a57; font-size: 10px; font-weight: 800; padding: 6px 12px; border-radius: 20px; text-transform: uppercase; border: 1px solid #e1e6ef; line-height: 1.4;\">\ud83c\udf24\ufe0f Chuva Baixa<\/span>\n            <\/div>\n        <\/div>\n\n        <div class=\"card-interativo\" style=\"flex: 1 1 calc(25% - 15px); min-width: 200px; border: 1px solid #e1e6ef; border-top: 4px solid #1a2a57; border-radius: 8px; padding: 20px; background: #fff; box-sizing: border-box; box-shadow: 0 4px 10px rgba(26, 42, 87, 0.05); display: flex; flex-direction: column;\">\n            <div style=\"display: flex; align-items: center; justify-content: center; gap: 8px; margin-bottom: 20px;\">\n                <span style=\"font-size: 22px; line-height: 1;\">\ud83c\udf42<\/span>\n                <strong style=\"color: #1a2a57; font-size: 16px; text-transform: uppercase;\">Outono<\/strong>\n            <\/div>\n            <div style=\"margin-bottom: auto;\">\n                <div style=\"text-align: center; font-size: 11px; font-weight: 800; color: #111c3a; text-transform: uppercase; margin-bottom: 5px;\">Abril &#8211; Maio<\/div>\n                <div style=\"text-align: center; font-size: 26px; font-weight: 900; color: #1a2a57; margin-bottom: 10px;\">10\u00b0C a 25\u00b0C<\/div>\n                <div style=\"text-align: center; font-size: 13px; color: #555; line-height: 1.5; margin-bottom: 15px;\">As temperaturas come\u00e7am a cair e as folhas ganham tons alaranjados, dando um charme todo especial. \u00c9poca muito confort\u00e1vel para um <strong>city tour, ir a Valpara\u00edso e curtir a gastronomia<\/strong>.<\/div>\n            <\/div>\n            <div style=\"text-align: center;\">\n                <span style=\"display: inline-block; background: #f0f4f8; color: #1a2a57; font-size: 10px; font-weight: 800; padding: 6px 12px; border-radius: 20px; text-transform: uppercase; border: 1px solid #e1e6ef; line-height: 1.4;\">\u2601\ufe0f Chuva M\u00e9dia<\/span>\n            <\/div>\n        <\/div>\n\n        <div class=\"card-interativo\" style=\"flex: 1 1 calc(25% - 15px); min-width: 200px; border: 2px solid #1a2a57; border-radius: 8px; padding: 20px; background: #f0f4f8; box-sizing: border-box; box-shadow: 0 4px 10px rgba(26, 42, 87, 0.1); display: flex; flex-direction: column;\">\n            <div style=\"display: flex; align-items: center; justify-content: center; gap: 8px; margin-bottom: 20px;\">\n                <span style=\"font-size: 22px; line-height: 1;\">\u2744\ufe0f<\/span>\n                <strong style=\"color: #1a2a57; font-size: 16px; text-transform: uppercase;\">Inverno<\/strong>\n            <\/div>\n            <div style=\"margin-bottom: auto;\">\n                <div style=\"text-align: center; font-size: 11px; font-weight: 800; color: #111c3a; text-transform: uppercase; margin-bottom: 5px;\">Junho &#8211; Agosto<\/div>\n                <div style=\"text-align: center; font-size: 26px; font-weight: 900; color: #1a2a57; margin-bottom: 10px;\">3\u00b0C a 15\u00b0C<\/div>\n                <div style=\"text-align: center; font-size: 13px; color: #555; line-height: 1.5; margin-bottom: 15px;\">A Cordilheira dos Andes ganha seu manto branco e o turismo ferve! As chuvas da cidade viram <strong>neve em Farellones<\/strong> e nas esta\u00e7\u00f5es de esqui. \u00d3timo tamb\u00e9m para <strong>museus e compras<\/strong>.<\/div>\n            <\/div>\n            <div style=\"text-align: center;\">\n                <span style=\"display: inline-block; background: #1a2a57; color: #fff; font-size: 10px; font-weight: 800; padding: 6px 12px; border-radius: 20px; text-transform: uppercase; line-height: 1.4;\">\u26c4 Temporada de Neve<\/span>\n            <\/div>\n        <\/div>\n\n        <div class=\"card-interativo\" style=\"flex: 1 1 calc(25% - 15px); min-width: 200px; border: 1px solid #e1e6ef; border-top: 4px solid #1a2a57; border-radius: 8px; padding: 20px; background: #fff; box-sizing: border-box; box-shadow: 0 4px 10px rgba(26, 42, 87, 0.05); display: flex; flex-direction: column;\">\n            <div style=\"display: flex; align-items: center; justify-content: center; gap: 8px; margin-bottom: 20px;\">\n                <span style=\"font-size: 22px; line-height: 1;\">\ud83c\udf38<\/span>\n                <strong style=\"color: #1a2a57; font-size: 16px; text-transform: uppercase;\">Primavera<\/strong>\n            <\/div>\n            <div style=\"margin-bottom: auto;\">\n                <div style=\"text-align: center; font-size: 11px; font-weight: 800; color: #111c3a; text-transform: uppercase; margin-bottom: 5px;\">Setembro &#8211; Novembro<\/div>\n                <div style=\"text-align: center; font-size: 26px; font-weight: 900; color: #1a2a57; margin-bottom: 10px;\">8\u00b0C a 22\u00b0C<\/div>\n                <div style=\"text-align: center; font-size: 13px; color: #555; line-height: 1.5; margin-bottom: 15px;\">O frio extremo se despede, dando lugar a temperaturas maravilhosamente amenas. Aproveite a bela <strong>flora\u00e7\u00e3o da cidade, explore os parques e fa\u00e7a passeios ao ar livre<\/strong>.<\/div>\n            <\/div>\n            <div style=\"text-align: center;\">\n                <span style=\"display: inline-block; background: #f0f4f8; color: #1a2a57; font-size: 10px; font-weight: 800; padding: 6px 12px; border-radius: 20px; text-transform: uppercase; border: 1px solid #e1e6ef; line-height: 1.4;\">\u2601\ufe0f Chuva M\u00e9dia<\/span>\n            <\/div>\n        <\/div>\n        \n    <\/div>\n<\/div>\n\n\n\n<p><em>Dados aproximados com base em\u00a0<a href=\"https:\/\/www.climatempo.com.br\/previsao-do-tempo\/15-dias\/cidade\/7601\/santiago-cl\" target=\"_blank\" rel=\"noreferrer noopener\"><strong>Climatempo<\/strong><\/a>. Condi\u00e7\u00f5es reais podem variar.<\/em><\/p>\n\n\n\n<h2 class=\"wp-block-heading\">De malas prontas para os Andes chilenos<\/h2>\n\n\n\n<p>Santiago oferece ao mineiro uma mistura rara de acessibilidade e diversidade. Em menos de cinco horas de voo \u00e9 poss\u00edvel trocar a serra mineira pela Cordilheira dos Andes, provar vinhos premiados, caminhar por bairros que respiram hist\u00f3ria e ainda voltar com o rosto gelado pelo vento do Pac\u00edfico. Suba a bordo desse voo direto e descubra por que a capital chilena \u00e9 o destino certo para quem busca uma viagem completa sem passar o dia nos aeroportos.<\/p>\n","protected":false},"excerpt":{"rendered":"<p>Em quatro horas e meia, o mineiro troca o p\u00e3o de queijo quente pelas empanadas rec\u00e9m\u2011sa\u00eddas do forno em\u00a0Santiago. A capital do\u00a0Chile\u00a0recebe voos diretos de\u00a0Belo Horizonte\u00a0tr\u00eas vezes por semana e revela uma cidade que equilibra a cordilheira nevada com bairros bo\u00eamios e uma gastronomia de altitude. O viajante que desembarca no aeroporto de\u00a0Pudahuel\u00a0est\u00e1 a apenas [&hellip;]<\/p>\n","protected":false},"author":6,"featured_media":181031,"comment_status":"open","ping_status":"open","sticky":false,"template":"","format":"standard","meta":{"jnews-multi-image_gallery":[],"jnews_single_post":{"format":"standard"},"jnews_primary_category":[],"jnews_social_meta":[],"jnews_override_counter":[],"footnotes":""},"categories":[26],"tags":[10943,183,2227],"class_list":["post-180581","post","type-post","status-publish","format-standard","has-post-thumbnail","hentry","category-cidades","tag-chile","tag-cidades","tag-santiago"],"yoast_head":"<!-- This site is optimized with the Yoast SEO plugin v23.8 - https:\/\/yoast.com\/wordpress\/plugins\/seo\/ -->\n<title>Troque o p\u00e3o de queijo pelas montanhas brancas de neve a poucas horas de Belo Horizonte - Estado de Minas - Em foco<\/title>\n<meta name=\"description\" content=\"A poucas horas de viagem saindo de Belo Horizonte, um destino surpreende com paisagens frias e montanhas cobertas de neve.\" \/>\n<meta name=\"robots\" content=\"index, follow, max-snippet:-1, max-image-preview:large, max-video-preview:-1\" \/>\n<link rel=\"canonical\" href=\"https:\/\/www.em.com.br\/emfoco\/2026\/03\/12\/troque-o-pao-de-queijo-pelas-montanhas-brancas-de-neve-a-poucas-horas-de-belo-horizonte\/\" \/>\n<meta property=\"og:locale\" content=\"pt_BR\" \/>\n<meta property=\"og:type\" content=\"article\" \/>\n<meta property=\"og:title\" content=\"Troque o p\u00e3o de queijo pelas montanhas brancas de neve a poucas horas de Belo Horizonte - Estado de Minas - Em foco\" \/>\n<meta property=\"og:description\" content=\"A poucas horas de viagem saindo de Belo Horizonte, um destino surpreende com paisagens frias e montanhas cobertas de neve.\" \/>\n<meta property=\"og:url\" content=\"https:\/\/www.em.com.br\/emfoco\/2026\/03\/12\/troque-o-pao-de-queijo-pelas-montanhas-brancas-de-neve-a-poucas-horas-de-belo-horizonte\/\" \/>\n<meta property=\"og:site_name\" content=\"Estado de Minas - Em foco\" \/>\n<meta property=\"article:published_time\" content=\"2026-03-12T22:55:00+00:00\" \/>\n<meta property=\"article:modified_time\" content=\"2026-03-12T22:52:03+00:00\" \/>\n<meta property=\"og:image\" content=\"https:\/\/www.em.com.br\/emfoco\/wp-content\/uploads\/2026\/03\/ngz-santiago-88767.jpg\" \/>\n\t<meta property=\"og:image:width\" content=\"1280\" \/>\n\t<meta property=\"og:image:height\" content=\"720\" \/>\n\t<meta property=\"og:image:type\" content=\"image\/jpeg\" \/>\n<meta name=\"author\" content=\"Vitor Bruno\" \/>\n<meta name=\"twitter:card\" content=\"summary_large_image\" \/>\n<meta name=\"twitter:label1\" content=\"Escrito por\" \/>\n\t<meta name=\"twitter:data1\" content=\"Vitor Bruno\" \/>\n\t<meta name=\"twitter:label2\" content=\"Est. tempo de leitura\" \/>\n\t<meta name=\"twitter:data2\" content=\"7 minutos\" \/>\n<!-- \/ Yoast SEO plugin. -->","yoast_head_json":{"title":"Troque o p\u00e3o de queijo pelas montanhas brancas de neve a poucas horas de Belo Horizonte - Estado de Minas - Em foco","description":"A poucas horas de viagem saindo de Belo Horizonte, um destino surpreende com paisagens frias e montanhas cobertas de neve.","robots":{"index":"index","follow":"follow","max-snippet":"max-snippet:-1","max-image-preview":"max-image-preview:large","max-video-preview":"max-video-preview:-1"},"canonical":"https:\/\/www.em.com.br\/emfoco\/2026\/03\/12\/troque-o-pao-de-queijo-pelas-montanhas-brancas-de-neve-a-poucas-horas-de-belo-horizonte\/","og_locale":"pt_BR","og_type":"article","og_title":"Troque o p\u00e3o de queijo pelas montanhas brancas de neve a poucas horas de Belo Horizonte - Estado de Minas - Em foco","og_description":"A poucas horas de viagem saindo de Belo Horizonte, um destino surpreende com paisagens frias e montanhas cobertas de neve.","og_url":"https:\/\/www.em.com.br\/emfoco\/2026\/03\/12\/troque-o-pao-de-queijo-pelas-montanhas-brancas-de-neve-a-poucas-horas-de-belo-horizonte\/","og_site_name":"Estado de Minas - Em foco","article_published_time":"2026-03-12T22:55:00+00:00","article_modified_time":"2026-03-12T22:52:03+00:00","og_image":[{"width":1280,"height":720,"url":"https:\/\/www.em.com.br\/emfoco\/wp-content\/uploads\/2026\/03\/ngz-santiago-88767.jpg","type":"image\/jpeg"}],"author":"Vitor Bruno","twitter_card":"summary_large_image","twitter_misc":{"Escrito por":"Vitor Bruno","Est. tempo de leitura":"7 minutos"},"schema":{"@context":"https:\/\/schema.org","@graph":[{"@type":"WebPage","@id":"https:\/\/www.em.com.br\/emfoco\/2026\/03\/12\/troque-o-pao-de-queijo-pelas-montanhas-brancas-de-neve-a-poucas-horas-de-belo-horizonte\/","url":"https:\/\/www.em.com.br\/emfoco\/2026\/03\/12\/troque-o-pao-de-queijo-pelas-montanhas-brancas-de-neve-a-poucas-horas-de-belo-horizonte\/","name":"Troque o p\u00e3o de queijo pelas montanhas brancas de neve a poucas horas de Belo Horizonte - Estado de Minas - Em foco","isPartOf":{"@id":"https:\/\/www.em.com.br\/emfoco\/#website"},"primaryImageOfPage":{"@id":"https:\/\/www.em.com.br\/emfoco\/2026\/03\/12\/troque-o-pao-de-queijo-pelas-montanhas-brancas-de-neve-a-poucas-horas-de-belo-horizonte\/#primaryimage"},"image":{"@id":"https:\/\/www.em.com.br\/emfoco\/2026\/03\/12\/troque-o-pao-de-queijo-pelas-montanhas-brancas-de-neve-a-poucas-horas-de-belo-horizonte\/#primaryimage"},"thumbnailUrl":"https:\/\/www.em.com.br\/emfoco\/wp-content\/uploads\/2026\/03\/ngz-santiago-88767.jpg","datePublished":"2026-03-12T22:55:00+00:00","dateModified":"2026-03-12T22:52:03+00:00","author":{"@id":"https:\/\/www.em.com.br\/emfoco\/#\/schema\/person\/364ac1852fafd00f1be20f0b8b237569"},"description":"A poucas horas de viagem saindo de Belo Horizonte, um destino surpreende com paisagens frias e montanhas cobertas de neve.","breadcrumb":{"@id":"https:\/\/www.em.com.br\/emfoco\/2026\/03\/12\/troque-o-pao-de-queijo-pelas-montanhas-brancas-de-neve-a-poucas-horas-de-belo-horizonte\/#breadcrumb"},"inLanguage":"pt-BR","potentialAction":[{"@type":"ReadAction","target":["https:\/\/www.em.com.br\/emfoco\/2026\/03\/12\/troque-o-pao-de-queijo-pelas-montanhas-brancas-de-neve-a-poucas-horas-de-belo-horizonte\/"]}]},{"@type":"ImageObject","inLanguage":"pt-BR","@id":"https:\/\/www.em.com.br\/emfoco\/2026\/03\/12\/troque-o-pao-de-queijo-pelas-montanhas-brancas-de-neve-a-poucas-horas-de-belo-horizonte\/#primaryimage","url":"https:\/\/www.em.com.br\/emfoco\/wp-content\/uploads\/2026\/03\/ngz-santiago-88767.jpg","contentUrl":"https:\/\/www.em.com.br\/emfoco\/wp-content\/uploads\/2026\/03\/ngz-santiago-88767.jpg","width":1280,"height":720,"caption":"De BH para os Andes: 5 horas de voo at\u00e9 Santiago e seus contrastes chilenos (imagem ilustrativa)"},{"@type":"BreadcrumbList","@id":"https:\/\/www.em.com.br\/emfoco\/2026\/03\/12\/troque-o-pao-de-queijo-pelas-montanhas-brancas-de-neve-a-poucas-horas-de-belo-horizonte\/#breadcrumb","itemListElement":[{"@type":"ListItem","position":1,"name":"In\u00edcio","item":"https:\/\/www.em.com.br\/emfoco\/"},{"@type":"ListItem","position":2,"name":"Troque o p\u00e3o de queijo pelas montanhas brancas de neve a poucas horas de Belo Horizonte"}]},{"@type":"WebSite","@id":"https:\/\/www.em.com.br\/emfoco\/#website","url":"https:\/\/www.em.com.br\/emfoco\/","name":"Estado de Minas - Em foco","description":"Acompanhe as \u00faltimas not\u00edcias e fique bem informado sobre tudo o que acontece em Minas Gerais, Brasil e no mundo.","potentialAction":[{"@type":"SearchAction","target":{"@type":"EntryPoint","urlTemplate":"https:\/\/www.em.com.br\/emfoco\/?s={search_term_string}"},"query-input":{"@type":"PropertyValueSpecification","valueRequired":true,"valueName":"search_term_string"}}],"inLanguage":"pt-BR"},{"@type":"Person","@id":"https:\/\/www.em.com.br\/emfoco\/#\/schema\/person\/364ac1852fafd00f1be20f0b8b237569","name":"Vitor Bruno","image":{"@type":"ImageObject","inLanguage":"pt-BR","@id":"https:\/\/www.em.com.br\/emfoco\/#\/schema\/person\/image\/","url":"https:\/\/secure.gravatar.com\/avatar\/b719e5cdede09f942064960883b5524d?s=96&d=mm&r=g","contentUrl":"https:\/\/secure.gravatar.com\/avatar\/b719e5cdede09f942064960883b5524d?s=96&d=mm&r=g","caption":"Vitor Bruno"},"sameAs":["https:\/\/www.em.com.br\/emfoco\/"],"url":"https:\/\/www.em.com.br\/emfoco\/author\/vitormyth\/"}]}},"_links":{"self":[{"href":"https:\/\/www.em.com.br\/emfoco\/wp-json\/wp\/v2\/posts\/180581","targetHints":{"allow":["GET"]}}],"collection":[{"href":"https:\/\/www.em.com.br\/emfoco\/wp-json\/wp\/v2\/posts"}],"about":[{"href":"https:\/\/www.em.com.br\/emfoco\/wp-json\/wp\/v2\/types\/post"}],"author":[{"embeddable":true,"href":"https:\/\/www.em.com.br\/emfoco\/wp-json\/wp\/v2\/users\/6"}],"replies":[{"embeddable":true,"href":"https:\/\/www.em.com.br\/emfoco\/wp-json\/wp\/v2\/comments?post=180581"}],"version-history":[{"count":4,"href":"https:\/\/www.em.com.br\/emfoco\/wp-json\/wp\/v2\/posts\/180581\/revisions"}],"predecessor-version":[{"id":181045,"href":"https:\/\/www.em.com.br\/emfoco\/wp-json\/wp\/v2\/posts\/180581\/revisions\/181045"}],"wp:featuredmedia":[{"embeddable":true,"href":"https:\/\/www.em.com.br\/emfoco\/wp-json\/wp\/v2\/media\/181031"}],"wp:attachment":[{"href":"https:\/\/www.em.com.br\/emfoco\/wp-json\/wp\/v2\/media?parent=180581"}],"wp:term":[{"taxonomy":"category","embeddable":true,"href":"https:\/\/www.em.com.br\/emfoco\/wp-json\/wp\/v2\/categories?post=180581"},{"taxonomy":"post_tag","embeddable":true,"href":"https:\/\/www.em.com.br\/emfoco\/wp-json\/wp\/v2\/tags?post=180581"}],"curies":[{"name":"wp","href":"https:\/\/api.w.org\/{rel}","templated":true}]}}