{"id":180580,"date":"2026-03-12T18:05:00","date_gmt":"2026-03-12T21:05:00","guid":{"rendered":"https:\/\/www.em.com.br\/emfoco\/?p=180580"},"modified":"2026-03-12T18:20:39","modified_gmt":"2026-03-12T21:20:39","slug":"mar-gelado-em-pleno-tropico-e-areia-branca-de-quartzo-o-fenomeno-que-criou-o-caribe-fluminense","status":"publish","type":"post","link":"https:\/\/www.em.com.br\/emfoco\/2026\/03\/12\/mar-gelado-em-pleno-tropico-e-areia-branca-de-quartzo-o-fenomeno-que-criou-o-caribe-fluminense\/","title":{"rendered":"Mar gelado em pleno tr\u00f3pico e areia branca de quartzo: o fen\u00f4meno que criou o Caribe fluminense"},"content":{"rendered":"\n<p>Em 1503, <strong>Am\u00e9rico Vesp\u00facio<\/strong> ancorou no litoral e estranhou a temperatura da \u00e1gua. O mar era frio demais para o tr\u00f3pico. Batizou o lugar de <strong>Cabo Frio<\/strong>, sem saber que correntes do fundo do oceano explicavam tudo. Cinco s\u00e9culos depois, esse mesmo mar gelado e cristalino atrai milh\u00f5es de visitantes \u00e0 <strong>Regi\u00e3o dos Lagos<\/strong>, no <strong>Rio de Janeiro<\/strong>.<\/p>\n\n\n\n<h2 class=\"wp-block-heading\">O fen\u00f4meno que ningu\u00e9m v\u00ea e todo mundo sente<\/h2>\n\n\n\n<p>O segredo do mar azul-turquesa tem nome cient\u00edfico: <strong>ressurg\u00eancia<\/strong>. Ventos constantes de nordeste empurram a \u00e1gua quente da superf\u00edcie para o oceano aberto. No vazio, correntes geladas sobem de grandes profundidades carregadas de nutrientes. A troca reduz sedimentos em suspens\u00e3o e deixa o litoral com transpar\u00eancia compar\u00e1vel \u00e0 do <strong>Caribe<\/strong>. A temperatura da \u00e1gua pode baixar a 16 \u00b0C mesmo no ver\u00e3o.<\/p>\n\n\n\n<p>Esse mesmo fen\u00f4meno alimenta cardumes que sustentam a pesca artesanal e cria um microclima semi\u00e1rido raro no estado, com m\u00e9dia de apenas 850 mm de chuva por ano. Cabo Frio deve ao mar frio n\u00e3o apenas o nome, mas boa parte da sua identidade. A <a href=\"https:\/\/portal.cabofrio.rj.gov.br\/omunicipio\" target=\"_blank\" rel=\"noreferrer noopener\"><strong>Prefeitura de Cabo Frio<\/strong><\/a> refor\u00e7a que o fen\u00f4meno foi o respons\u00e1vel por atrair Vesp\u00facio e, depois, colonizadores que disputaram a costa por d\u00e9cadas.<\/p>\n\n\n<div class=\"wp-block-image\">\n<figure class=\"aligncenter size-large\"><img loading=\"lazy\" decoding=\"async\" width=\"1024\" height=\"576\" src=\"https:\/\/www.em.com.br\/emfoco\/wp-content\/uploads\/2025\/12\/Cabo-Frio_1766653537321-1024x576.jpg\" alt=\"\" class=\"wp-image-145849\" srcset=\"https:\/\/www.em.com.br\/emfoco\/wp-content\/uploads\/2025\/12\/Cabo-Frio_1766653537321-1024x576.jpg 1024w, https:\/\/www.em.com.br\/emfoco\/wp-content\/uploads\/2025\/12\/Cabo-Frio_1766653537321-300x169.jpg 300w, https:\/\/www.em.com.br\/emfoco\/wp-content\/uploads\/2025\/12\/Cabo-Frio_1766653537321-768x432.jpg 768w, https:\/\/www.em.com.br\/emfoco\/wp-content\/uploads\/2025\/12\/Cabo-Frio_1766653537321-750x422.jpg 750w, https:\/\/www.em.com.br\/emfoco\/wp-content\/uploads\/2025\/12\/Cabo-Frio_1766653537321-1140x641.jpg 1140w, https:\/\/www.em.com.br\/emfoco\/wp-content\/uploads\/2025\/12\/Cabo-Frio_1766653537321.jpg 1280w\" sizes=\"auto, (max-width: 1024px) 100vw, 1024px\" \/><figcaption class=\"wp-element-caption\">Sol e mar o ano inteiro fazem de Cabo Frio um ref\u00fagio \/\/ Cr\u00e9ditos: depositphotos.com \/ Cristian_Lourenco<\/figcaption><\/figure><\/div>\n\n\n<h2 class=\"wp-block-heading\">Forte erguido com \u00f3leo de baleia e a 7\u00aa cidade mais antiga do Brasil<\/h2>\n\n\n\n<p>Fundada em 13 de novembro de 1615, Cabo Frio \u00e9 a s\u00e9tima cidade mais antiga do pa\u00eds. Portugueses, franceses e holandeses disputaram o territ\u00f3rio por causa do pau-brasil. Para defender a costa, os portugueses ergueram o <a href=\"https:\/\/turismo.cabofrio.rj.gov.br\/forte-sao-matheus-2\/\" target=\"_blank\" rel=\"noreferrer noopener\"><strong>Forte S\u00e3o Mateus<\/strong><\/a> entre 1616 e 1620, usando uma argamassa incomum: \u00f3leo de baleia e conchas trituradas no lugar do cimento. Tombado pelo <strong>IPHAN<\/strong>, o forte ainda guarda canh\u00f5es originais e oferece uma das vistas mais amplas da orla.<\/p>\n\n\n\n<p>Outra curiosidade nasceu no Bairro da Passagem: em 1953, a costureira <strong>Nilza Rodrigues Lisboa<\/strong> copiou moldes de biqu\u00ednis da atriz <strong>T\u00f4nia Carrero<\/strong> e come\u00e7ou a produzir pe\u00e7as com uma m\u00e1quina de manivela \u00e0 luz de lampi\u00e3o. Nascia ali o embri\u00e3o do que se tornaria a <strong>Rua dos Biqu\u00ednis<\/strong>, reconhecida como o maior shopping de moda praia a c\u00e9u aberto do pa\u00eds, com mais de 100 lojas.<\/p>\n\n\n<div class=\"wp-block-image\">\n<figure class=\"aligncenter size-large\"><img loading=\"lazy\" decoding=\"async\" width=\"1024\" height=\"576\" src=\"https:\/\/www.em.com.br\/emfoco\/wp-content\/uploads\/2025\/12\/Cabo-Frio_1766653523745-1024x576.jpg\" alt=\"\" class=\"wp-image-145848\" srcset=\"https:\/\/www.em.com.br\/emfoco\/wp-content\/uploads\/2025\/12\/Cabo-Frio_1766653523745-1024x576.jpg 1024w, https:\/\/www.em.com.br\/emfoco\/wp-content\/uploads\/2025\/12\/Cabo-Frio_1766653523745-300x169.jpg 300w, https:\/\/www.em.com.br\/emfoco\/wp-content\/uploads\/2025\/12\/Cabo-Frio_1766653523745-768x432.jpg 768w, https:\/\/www.em.com.br\/emfoco\/wp-content\/uploads\/2025\/12\/Cabo-Frio_1766653523745-750x422.jpg 750w, https:\/\/www.em.com.br\/emfoco\/wp-content\/uploads\/2025\/12\/Cabo-Frio_1766653523745-1140x641.jpg 1140w, https:\/\/www.em.com.br\/emfoco\/wp-content\/uploads\/2025\/12\/Cabo-Frio_1766653523745.jpg 1280w\" sizes=\"auto, (max-width: 1024px) 100vw, 1024px\" \/><figcaption class=\"wp-element-caption\">Praias paradis\u00edacas e clima agrad\u00e1vel definem Cabo Frio \/\/ Cr\u00e9ditos: depositphotos.com \/ Cristian_Lourenco<\/figcaption><\/figure><\/div>\n\n\n<p><strong>Leia tamb\u00e9m: <a href=\"https:\/\/www.em.com.br\/emfoco\/2026\/03\/04\/uma-montanha-1-385-metros-desapareceu-a-cidade-mineira-a-2-horas-de-belo-horizonte-onde-a-paisagem-valia-menos-que-os-lucros-e-o-maior-poeta-brasileiro-nasceu\/\" target=\"_blank\" rel=\"noreferrer noopener\">Uma montanha de 1.385 metros desapareceu, a cidade mineira a 2 horas de Belo Horizonte onde a paisagem valia menos que os lucros e o maior poeta brasileiro nasceu<\/a><\/strong><\/p>\n\n\n\n<h2 class=\"wp-block-heading\">O que fazer em Cabo Frio?<\/h2>\n\n\n\n<p>A cidade re\u00fane praias para todos os perfis, patrim\u00f4nio colonial e passeios n\u00e1uticos a poucos minutos do centro. A lista inclui atra\u00e7\u00f5es de areia, mar e hist\u00f3ria:<\/p>\n\n\n\n<ul class=\"wp-block-list has-medium-font-size\">\n<li><strong>Praia do Forte<\/strong>: 7,5 km de areia branca fin\u00edssima (rica em quartzo) e mar esverdeado no cora\u00e7\u00e3o da cidade. O Forte S\u00e3o Mateus na extremidade completa o cart\u00e3o-postal. Quiosques e estrutura ao longo de toda a orla.<\/li>\n\n\n\n<li><strong>Praia do Per\u00f3<\/strong>: certificada com o selo internacional <strong>Bandeira Azul<\/strong> pela s\u00e9tima vez consecutiva, atestando qualidade ambiental. Dunas preservadas, ondas disputadas por surfistas e paisagem que lembra os <strong>Len\u00e7\u00f3is Maranhenses<\/strong>. Fica a 8 km do centro, conforme o <a href=\"https:\/\/turismo.cabofrio.rj.gov.br\/\" target=\"_blank\" rel=\"noreferrer noopener\"><strong>Portal de Turismo de Cabo Frio<\/strong><\/a>.<\/li>\n\n\n\n<li><strong>Praia das Conchas<\/strong>: enseada de mar calmo e transparente, cercada por cost\u00f5es rochosos. Ideal para mergulho livre, caiaque e fam\u00edlias com crian\u00e7as.<\/li>\n\n\n\n<li><strong>Ilha do Japon\u00eas<\/strong>: \u00e1guas rasas e calmas no Canal do Itajuru, acess\u00edvel por barcos-t\u00e1xi. Integra o <strong>Parque Estadual da Costa do Sol<\/strong>.<\/li>\n\n\n\n<li><strong>Bairro da Passagem<\/strong>: n\u00facleo original da cidade, com ruas de paralelep\u00edpedo, casar\u00f5es coloniais e a <strong>Igreja de S\u00e3o Benedito<\/strong>. Hoje funciona como polo cultural e de vida noturna.<\/li>\n\n\n\n<li><strong>Cabo Frio Vista do Mar<\/strong>: primeiro <a href=\"https:\/\/turismo.cabofrio.rj.gov.br\/cabo-frio-vista-do-mar\/\" target=\"_blank\" rel=\"noreferrer noopener\">roteiro n\u00e1utico tur\u00edstico e hist\u00f3rico<\/a> do estado do Rio. O passeio de barco percorre o canal passando pelo Forte, Morro do Arpoador e Farol da Lajinha.<\/li>\n<\/ul>\n\n\n\n<p>Quem busca o roteiro perfeito para o <strong>Rio de Janeiro<\/strong>, vai curtir esse v\u00eddeo especialmente selecionado do canal <strong>Rol\u00ea Fam\u00edlia<\/strong>, que conta com mais de <strong>125 mil<\/strong> visualiza\u00e7\u00f5es, onde os apresentadores mostram o que fazer em 4 dias em <strong>Cabo Frio<\/strong>:<\/p>\n\n\n\n<figure class=\"wp-block-embed is-type-video is-provider-youtube wp-block-embed-youtube wp-embed-aspect-16-9 wp-has-aspect-ratio\"><div class=\"wp-block-embed__wrapper\">\n<div class=\"jeg_video_container jeg_video_content\"><iframe loading=\"lazy\" title=\"CABO FRIO, RJ | Roteiro completo de 4 dias: O que fazer, onde comer, onde se hospedar (com PRE\u00c7OS)\" width=\"500\" height=\"281\" src=\"https:\/\/www.youtube.com\/embed\/ltU7Dx-r2og?feature=oembed\" frameborder=\"0\" allow=\"accelerometer; autoplay; clipboard-write; encrypted-media; gyroscope; picture-in-picture; web-share\" referrerpolicy=\"strict-origin-when-cross-origin\" allowfullscreen><\/iframe><\/div>\n<\/div><\/figure>\n\n\n\n<h2 class=\"wp-block-heading\">Quando o sol que brilha o ano inteiro favorece mais?<\/h2>\n\n\n\n<p>O microclima semi\u00e1rido garante sol na maior parte do ano. Cabo Frio \u00e9 uma das cidades com menos chuva do estado do <strong>Rio de Janeiro<\/strong>. A ressurg\u00eancia mant\u00e9m a temperatura da \u00e1gua entre 18 \u00b0C e 25 \u00b0C, mais fria que a maioria do litoral fluminense:<\/p>\n\n\n\n<style>\n    .card-interativo {\n        transition: transform 0.15s ease-in-out, box-shadow 0.15s ease-in-out;\n        cursor: pointer;\n    }\n    .card-interativo:hover {\n        transform: translateY(-4px);\n    }\n    .card-interativo:active {\n        transform: scale(0.96);\n    }\n<\/style>\n<div class=\"google-auto-ads-ignore\" style=\"box-sizing: border-box; display: flex; flex-direction: column; width: 100%; max-width: 900px; margin: 30px auto; font-family: 'Segoe UI', Roboto, Helvetica, Arial, sans-serif; clear: both;\">\n    <div style=\"display: flex; flex-wrap: wrap; gap: 15px;\">\n        \n        <div class=\"card-interativo\" style=\"flex: 1 1 calc(25% - 15px); min-width: 200px; border: 2px solid #1a2a57; border-radius: 8px; padding: 20px; background: #f0f4f8; box-sizing: border-box; box-shadow: 0 4px 10px rgba(26, 42, 87, 0.1); display: flex; flex-direction: column;\">\n            <div style=\"display: flex; align-items: center; justify-content: center; gap: 8px; margin-bottom: 20px;\">\n                <span style=\"font-size: 22px; line-height: 1;\">\u2600\ufe0f<\/span>\n                <strong style=\"color: #1a2a57; font-size: 16px; text-transform: uppercase;\">Ver\u00e3o<\/strong>\n            <\/div>\n            <div style=\"margin-bottom: auto;\">\n                <div style=\"text-align: center; font-size: 11px; font-weight: 800; color: #111c3a; text-transform: uppercase; margin-bottom: 5px;\">Dezembro &#8211; Fevereiro<\/div>\n                <div style=\"text-align: center; font-size: 26px; font-weight: 900; color: #1a2a57; margin-bottom: 10px;\">23\u00b0C a 32\u00b0C<\/div>\n                <div style=\"text-align: center; font-size: 13px; color: #555; line-height: 1.5; margin-bottom: 15px;\">A alt\u00edssima temporada lota as areias de Cabo Frio! Aproveite as <strong>praias cheias, mergulho refrescante (\u00e1gua da ressurg\u00eancia a 18\u00b0C) e os passeios de barco<\/strong>. <em>Cuidado com o tr\u00e2nsito da Regi\u00e3o dos Lagos.<\/em><\/div>\n            <\/div>\n            <div style=\"text-align: center;\">\n                <span style=\"display: inline-block; background: #1a2a57; color: #fff; font-size: 10px; font-weight: 800; padding: 6px 12px; border-radius: 20px; text-transform: uppercase; line-height: 1.4;\">\u2b50 Alta Temporada<\/span>\n            <\/div>\n        <\/div>\n\n        <div class=\"card-interativo\" style=\"flex: 1 1 calc(25% - 15px); min-width: 200px; border: 1px solid #e1e6ef; border-top: 4px solid #1a2a57; border-radius: 8px; padding: 20px; background: #fff; box-sizing: border-box; box-shadow: 0 4px 10px rgba(26, 42, 87, 0.05); display: flex; flex-direction: column;\">\n            <div style=\"display: flex; align-items: center; justify-content: center; gap: 8px; margin-bottom: 20px;\">\n                <span style=\"font-size: 22px; line-height: 1;\">\ud83c\udf42<\/span>\n                <strong style=\"color: #1a2a57; font-size: 16px; text-transform: uppercase;\">Outono<\/strong>\n            <\/div>\n            <div style=\"margin-bottom: auto;\">\n                <div style=\"text-align: center; font-size: 11px; font-weight: 800; color: #111c3a; text-transform: uppercase; margin-bottom: 5px;\">Mar\u00e7o &#8211; Maio<\/div>\n                <div style=\"text-align: center; font-size: 26px; font-weight: 900; color: #1a2a57; margin-bottom: 10px;\">20\u00b0C a 28\u00b0C<\/div>\n                <div style=\"text-align: center; font-size: 13px; color: #555; line-height: 1.5; margin-bottom: 15px;\">O calor insuport\u00e1vel passa, os pre\u00e7os ficam acess\u00edveis e o clima favorece! Excelente fase para encontrar <strong>praias vazias e um mar cristalino de tirar o f\u00f4lego<\/strong>.<\/div>\n            <\/div>\n            <div style=\"text-align: center;\">\n                <span style=\"display: inline-block; background: #f0f4f8; color: #1a2a57; font-size: 10px; font-weight: 800; padding: 6px 12px; border-radius: 20px; text-transform: uppercase; border: 1px solid #e1e6ef; line-height: 1.4;\">\ud83c\udf24\ufe0f Chuva Baixa<\/span>\n            <\/div>\n        <\/div>\n\n        <div class=\"card-interativo\" style=\"flex: 1 1 calc(25% - 15px); min-width: 200px; border: 1px solid #e1e6ef; border-top: 4px solid #1a2a57; border-radius: 8px; padding: 20px; background: #fff; box-sizing: border-box; box-shadow: 0 4px 10px rgba(26, 42, 87, 0.05); display: flex; flex-direction: column;\">\n            <div style=\"display: flex; align-items: center; justify-content: center; gap: 8px; margin-bottom: 20px;\">\n                <span style=\"font-size: 22px; line-height: 1;\">\u2744\ufe0f<\/span>\n                <strong style=\"color: #1a2a57; font-size: 16px; text-transform: uppercase;\">Inverno<\/strong>\n            <\/div>\n            <div style=\"margin-bottom: auto;\">\n                <div style=\"text-align: center; font-size: 11px; font-weight: 800; color: #111c3a; text-transform: uppercase; margin-bottom: 5px;\">Junho &#8211; Agosto<\/div>\n                <div style=\"text-align: center; font-size: 26px; font-weight: 900; color: #1a2a57; margin-bottom: 10px;\">17\u00b0C a 25\u00b0C<\/div>\n                <div style=\"text-align: center; font-size: 13px; color: #555; line-height: 1.5; margin-bottom: 15px;\">Cabo Frio \u00e9 uma das cidades que menos chove no Rio de Janeiro! O tempo incrivelmente seco e os <strong>ventos fortes transformam a regi\u00e3o num para\u00edso do kitesurf e trilhas<\/strong>.<\/div>\n            <\/div>\n            <div style=\"text-align: center;\">\n                <span style=\"display: inline-block; background: #f0f4f8; color: #1a2a57; font-size: 10px; font-weight: 800; padding: 6px 12px; border-radius: 20px; text-transform: uppercase; border: 1px solid #e1e6ef; line-height: 1.4;\">\ud83c\udf2c\ufe0f Ventos Fortes<\/span>\n            <\/div>\n        <\/div>\n\n        <div class=\"card-interativo\" style=\"flex: 1 1 calc(25% - 15px); min-width: 200px; border: 1px solid #e1e6ef; border-top: 4px solid #1a2a57; border-radius: 8px; padding: 20px; background: #fff; box-sizing: border-box; box-shadow: 0 4px 10px rgba(26, 42, 87, 0.05); display: flex; flex-direction: column;\">\n            <div style=\"display: flex; align-items: center; justify-content: center; gap: 8px; margin-bottom: 20px;\">\n                <span style=\"font-size: 22px; line-height: 1;\">\ud83c\udf38<\/span>\n                <strong style=\"color: #1a2a57; font-size: 16px; text-transform: uppercase;\">Primavera<\/strong>\n            <\/div>\n            <div style=\"margin-bottom: auto;\">\n                <div style=\"text-align: center; font-size: 11px; font-weight: 800; color: #111c3a; text-transform: uppercase; margin-bottom: 5px;\">Setembro &#8211; Novembro<\/div>\n                <div style=\"text-align: center; font-size: 26px; font-weight: 900; color: #1a2a57; margin-bottom: 10px;\">20\u00b0C a 29\u00b0C<\/div>\n                <div style=\"text-align: center; font-size: 13px; color: #555; line-height: 1.5; margin-bottom: 15px;\">Os term\u00f4metros ganham tra\u00e7\u00e3o e o sol volta a reinar forte. \u00c9 a fase ideal e vazia para frequentar a maravilhosa e sustent\u00e1vel <strong>Praia do Per\u00f3 e focar em passeios na natureza<\/strong>.<\/div>\n            <\/div>\n            <div style=\"text-align: center;\">\n                <span style=\"display: inline-block; background: #f0f4f8; color: #1a2a57; font-size: 10px; font-weight: 800; padding: 6px 12px; border-radius: 20px; text-transform: uppercase; border: 1px solid #e1e6ef; line-height: 1.4;\">\ud83c\udf24\ufe0f Chuva Baixa<\/span>\n            <\/div>\n        <\/div>\n        \n    <\/div>\n<\/div>\n\n\n\n<p><em>Temperaturas aproximadas. Consulte a previs\u00e3o atualizada no <a href=\"https:\/\/www.climatempo.com.br\/previsao-do-tempo\/cidade\/241\/cabofrio-rj\" target=\"_blank\" rel=\"noreferrer noopener\"><strong>Climatempo<\/strong><\/a>. Condi\u00e7\u00f5es podem variar.<\/em><\/p>\n\n\n\n<p><strong>Leia tamb\u00e9m: <a href=\"https:\/\/www.em.com.br\/emfoco\/2026\/03\/08\/a-vila-onde-nao-ha-bancos-nao-ha-asfalto-e-nao-ha-postes-de-luz-so-o-brilho-da-lua-sobre-as-praias-mais-bonitas-do-planeta\/\" target=\"_blank\" rel=\"noreferrer noopener\">A vila onde n\u00e3o h\u00e1 bancos, n\u00e3o h\u00e1 asfalto e n\u00e3o h\u00e1 postes de luz: s\u00f3 o brilho da lua sobre as praias mais bonitas do planeta<\/a><\/strong><\/p>\n\n\n\n<h2 class=\"wp-block-heading\">O Caribe que come\u00e7a onde o mar esfria<\/h2>\n\n\n\n<p>Cabo Frio inverte a l\u00f3gica tropical: quanto mais frio o mar, mais azul e cristalino ele fica. Essa contradi\u00e7\u00e3o, nascida no fundo do oceano, transformou um antigo entreposto de pau-brasil em um dos destinos mais procurados do litoral brasileiro. A cidade soma 400 anos de hist\u00f3ria, praias com certifica\u00e7\u00e3o internacional e um fen\u00f4meno natural que nenhuma engenharia conseguiria reproduzir.<\/p>\n\n\n\n<p>Vista a roupa de banho (de prefer\u00eancia comprada na Rua dos Biqu\u00ednis), encare o mar gelado e entenda por que Vesp\u00facio ficou t\u00e3o intrigado com esse peda\u00e7o de costa em pleno tr\u00f3pico.<\/p>\n","protected":false},"excerpt":{"rendered":"<p>Em 1503, Am\u00e9rico Vesp\u00facio ancorou no litoral e estranhou a temperatura da \u00e1gua. O mar era frio demais para o tr\u00f3pico. Batizou o lugar de Cabo Frio, sem saber que correntes do fundo do oceano explicavam tudo. Cinco s\u00e9culos depois, esse mesmo mar gelado e cristalino atrai milh\u00f5es de visitantes \u00e0 Regi\u00e3o dos Lagos, no [&hellip;]<\/p>\n","protected":false},"author":6,"featured_media":145850,"comment_status":"open","ping_status":"open","sticky":false,"template":"","format":"standard","meta":{"jnews-multi-image_gallery":[],"jnews_single_post":{"format":"standard"},"jnews_primary_category":[],"jnews_social_meta":[],"jnews_override_counter":[],"footnotes":""},"categories":[26],"tags":[8316,183,151],"class_list":["post-180580","post","type-post","status-publish","format-standard","has-post-thumbnail","hentry","category-cidades","tag-cabo-frio","tag-cidades","tag-rio-de-janeiro"],"yoast_head":"<!-- This site is optimized with the Yoast SEO plugin v23.8 - https:\/\/yoast.com\/wordpress\/plugins\/seo\/ -->\n<title>Mar gelado em pleno tr\u00f3pico e areia branca de quartzo: o fen\u00f4meno que criou o Caribe fluminense - Estado de Minas - Em foco<\/title>\n<meta name=\"description\" content=\"No litoral do Rio, um fen\u00f4meno natural cria mar gelado e areia clara de quartzo, revelando um cen\u00e1rio inesperado.\" \/>\n<meta name=\"robots\" content=\"index, follow, max-snippet:-1, max-image-preview:large, max-video-preview:-1\" \/>\n<link rel=\"canonical\" href=\"https:\/\/www.em.com.br\/emfoco\/2026\/03\/12\/mar-gelado-em-pleno-tropico-e-areia-branca-de-quartzo-o-fenomeno-que-criou-o-caribe-fluminense\/\" \/>\n<meta property=\"og:locale\" content=\"pt_BR\" \/>\n<meta property=\"og:type\" content=\"article\" \/>\n<meta property=\"og:title\" content=\"Mar gelado em pleno tr\u00f3pico e areia branca de quartzo: o fen\u00f4meno que criou o Caribe fluminense - Estado de Minas - Em foco\" \/>\n<meta property=\"og:description\" content=\"No litoral do Rio, um fen\u00f4meno natural cria mar gelado e areia clara de quartzo, revelando um cen\u00e1rio inesperado.\" \/>\n<meta property=\"og:url\" content=\"https:\/\/www.em.com.br\/emfoco\/2026\/03\/12\/mar-gelado-em-pleno-tropico-e-areia-branca-de-quartzo-o-fenomeno-que-criou-o-caribe-fluminense\/\" \/>\n<meta property=\"og:site_name\" content=\"Estado de Minas - Em foco\" \/>\n<meta property=\"article:published_time\" content=\"2026-03-12T21:05:00+00:00\" \/>\n<meta property=\"article:modified_time\" content=\"2026-03-12T21:20:39+00:00\" \/>\n<meta property=\"og:image\" content=\"https:\/\/www.em.com.br\/emfoco\/wp-content\/uploads\/2025\/12\/image-63.png\" \/>\n\t<meta property=\"og:image:width\" content=\"1280\" \/>\n\t<meta property=\"og:image:height\" content=\"721\" \/>\n\t<meta property=\"og:image:type\" content=\"image\/png\" \/>\n<meta name=\"author\" content=\"Vitor Bruno\" \/>\n<meta name=\"twitter:card\" content=\"summary_large_image\" \/>\n<meta name=\"twitter:label1\" content=\"Escrito por\" \/>\n\t<meta name=\"twitter:data1\" content=\"Vitor Bruno\" \/>\n\t<meta name=\"twitter:label2\" content=\"Est. tempo de leitura\" \/>\n\t<meta name=\"twitter:data2\" content=\"7 minutos\" \/>\n<!-- \/ Yoast SEO plugin. -->","yoast_head_json":{"title":"Mar gelado em pleno tr\u00f3pico e areia branca de quartzo: o fen\u00f4meno que criou o Caribe fluminense - Estado de Minas - Em foco","description":"No litoral do Rio, um fen\u00f4meno natural cria mar gelado e areia clara de quartzo, revelando um cen\u00e1rio inesperado.","robots":{"index":"index","follow":"follow","max-snippet":"max-snippet:-1","max-image-preview":"max-image-preview:large","max-video-preview":"max-video-preview:-1"},"canonical":"https:\/\/www.em.com.br\/emfoco\/2026\/03\/12\/mar-gelado-em-pleno-tropico-e-areia-branca-de-quartzo-o-fenomeno-que-criou-o-caribe-fluminense\/","og_locale":"pt_BR","og_type":"article","og_title":"Mar gelado em pleno tr\u00f3pico e areia branca de quartzo: o fen\u00f4meno que criou o Caribe fluminense - Estado de Minas - Em foco","og_description":"No litoral do Rio, um fen\u00f4meno natural cria mar gelado e areia clara de quartzo, revelando um cen\u00e1rio inesperado.","og_url":"https:\/\/www.em.com.br\/emfoco\/2026\/03\/12\/mar-gelado-em-pleno-tropico-e-areia-branca-de-quartzo-o-fenomeno-que-criou-o-caribe-fluminense\/","og_site_name":"Estado de Minas - Em foco","article_published_time":"2026-03-12T21:05:00+00:00","article_modified_time":"2026-03-12T21:20:39+00:00","og_image":[{"width":1280,"height":721,"url":"https:\/\/www.em.com.br\/emfoco\/wp-content\/uploads\/2025\/12\/image-63.png","type":"image\/png"}],"author":"Vitor Bruno","twitter_card":"summary_large_image","twitter_misc":{"Escrito por":"Vitor Bruno","Est. tempo de leitura":"7 minutos"},"schema":{"@context":"https:\/\/schema.org","@graph":[{"@type":"WebPage","@id":"https:\/\/www.em.com.br\/emfoco\/2026\/03\/12\/mar-gelado-em-pleno-tropico-e-areia-branca-de-quartzo-o-fenomeno-que-criou-o-caribe-fluminense\/","url":"https:\/\/www.em.com.br\/emfoco\/2026\/03\/12\/mar-gelado-em-pleno-tropico-e-areia-branca-de-quartzo-o-fenomeno-que-criou-o-caribe-fluminense\/","name":"Mar gelado em pleno tr\u00f3pico e areia branca de quartzo: o fen\u00f4meno que criou o Caribe fluminense - Estado de Minas - Em foco","isPartOf":{"@id":"https:\/\/www.em.com.br\/emfoco\/#website"},"primaryImageOfPage":{"@id":"https:\/\/www.em.com.br\/emfoco\/2026\/03\/12\/mar-gelado-em-pleno-tropico-e-areia-branca-de-quartzo-o-fenomeno-que-criou-o-caribe-fluminense\/#primaryimage"},"image":{"@id":"https:\/\/www.em.com.br\/emfoco\/2026\/03\/12\/mar-gelado-em-pleno-tropico-e-areia-branca-de-quartzo-o-fenomeno-que-criou-o-caribe-fluminense\/#primaryimage"},"thumbnailUrl":"https:\/\/www.em.com.br\/emfoco\/wp-content\/uploads\/2025\/12\/image-63.png","datePublished":"2026-03-12T21:05:00+00:00","dateModified":"2026-03-12T21:20:39+00:00","author":{"@id":"https:\/\/www.em.com.br\/emfoco\/#\/schema\/person\/364ac1852fafd00f1be20f0b8b237569"},"description":"No litoral do Rio, um fen\u00f4meno natural cria mar gelado e areia clara de quartzo, revelando um cen\u00e1rio inesperado.","breadcrumb":{"@id":"https:\/\/www.em.com.br\/emfoco\/2026\/03\/12\/mar-gelado-em-pleno-tropico-e-areia-branca-de-quartzo-o-fenomeno-que-criou-o-caribe-fluminense\/#breadcrumb"},"inLanguage":"pt-BR","potentialAction":[{"@type":"ReadAction","target":["https:\/\/www.em.com.br\/emfoco\/2026\/03\/12\/mar-gelado-em-pleno-tropico-e-areia-branca-de-quartzo-o-fenomeno-que-criou-o-caribe-fluminense\/"]}]},{"@type":"ImageObject","inLanguage":"pt-BR","@id":"https:\/\/www.em.com.br\/emfoco\/2026\/03\/12\/mar-gelado-em-pleno-tropico-e-areia-branca-de-quartzo-o-fenomeno-que-criou-o-caribe-fluminense\/#primaryimage","url":"https:\/\/www.em.com.br\/emfoco\/wp-content\/uploads\/2025\/12\/image-63.png","contentUrl":"https:\/\/www.em.com.br\/emfoco\/wp-content\/uploads\/2025\/12\/image-63.png","width":1280,"height":721,"caption":"Cabo Frio encanta com \u00e1guas l\u00edmpidas e dunas na Regi\u00e3o dos Lagos"},{"@type":"BreadcrumbList","@id":"https:\/\/www.em.com.br\/emfoco\/2026\/03\/12\/mar-gelado-em-pleno-tropico-e-areia-branca-de-quartzo-o-fenomeno-que-criou-o-caribe-fluminense\/#breadcrumb","itemListElement":[{"@type":"ListItem","position":1,"name":"In\u00edcio","item":"https:\/\/www.em.com.br\/emfoco\/"},{"@type":"ListItem","position":2,"name":"Mar gelado em pleno tr\u00f3pico e areia branca de quartzo: o fen\u00f4meno que criou o Caribe fluminense"}]},{"@type":"WebSite","@id":"https:\/\/www.em.com.br\/emfoco\/#website","url":"https:\/\/www.em.com.br\/emfoco\/","name":"Estado de Minas - Em foco","description":"Acompanhe as \u00faltimas not\u00edcias e fique bem informado sobre tudo o que acontece em Minas Gerais, Brasil e no mundo.","potentialAction":[{"@type":"SearchAction","target":{"@type":"EntryPoint","urlTemplate":"https:\/\/www.em.com.br\/emfoco\/?s={search_term_string}"},"query-input":{"@type":"PropertyValueSpecification","valueRequired":true,"valueName":"search_term_string"}}],"inLanguage":"pt-BR"},{"@type":"Person","@id":"https:\/\/www.em.com.br\/emfoco\/#\/schema\/person\/364ac1852fafd00f1be20f0b8b237569","name":"Vitor Bruno","image":{"@type":"ImageObject","inLanguage":"pt-BR","@id":"https:\/\/www.em.com.br\/emfoco\/#\/schema\/person\/image\/","url":"https:\/\/secure.gravatar.com\/avatar\/b719e5cdede09f942064960883b5524d?s=96&d=mm&r=g","contentUrl":"https:\/\/secure.gravatar.com\/avatar\/b719e5cdede09f942064960883b5524d?s=96&d=mm&r=g","caption":"Vitor Bruno"},"sameAs":["https:\/\/www.em.com.br\/emfoco\/"],"url":"https:\/\/www.em.com.br\/emfoco\/author\/vitormyth\/"}]}},"_links":{"self":[{"href":"https:\/\/www.em.com.br\/emfoco\/wp-json\/wp\/v2\/posts\/180580","targetHints":{"allow":["GET"]}}],"collection":[{"href":"https:\/\/www.em.com.br\/emfoco\/wp-json\/wp\/v2\/posts"}],"about":[{"href":"https:\/\/www.em.com.br\/emfoco\/wp-json\/wp\/v2\/types\/post"}],"author":[{"embeddable":true,"href":"https:\/\/www.em.com.br\/emfoco\/wp-json\/wp\/v2\/users\/6"}],"replies":[{"embeddable":true,"href":"https:\/\/www.em.com.br\/emfoco\/wp-json\/wp\/v2\/comments?post=180580"}],"version-history":[{"count":7,"href":"https:\/\/www.em.com.br\/emfoco\/wp-json\/wp\/v2\/posts\/180580\/revisions"}],"predecessor-version":[{"id":180977,"href":"https:\/\/www.em.com.br\/emfoco\/wp-json\/wp\/v2\/posts\/180580\/revisions\/180977"}],"wp:featuredmedia":[{"embeddable":true,"href":"https:\/\/www.em.com.br\/emfoco\/wp-json\/wp\/v2\/media\/145850"}],"wp:attachment":[{"href":"https:\/\/www.em.com.br\/emfoco\/wp-json\/wp\/v2\/media?parent=180580"}],"wp:term":[{"taxonomy":"category","embeddable":true,"href":"https:\/\/www.em.com.br\/emfoco\/wp-json\/wp\/v2\/categories?post=180580"},{"taxonomy":"post_tag","embeddable":true,"href":"https:\/\/www.em.com.br\/emfoco\/wp-json\/wp\/v2\/tags?post=180580"}],"curies":[{"name":"wp","href":"https:\/\/api.w.org\/{rel}","templated":true}]}}