{"id":180579,"date":"2026-03-12T15:05:00","date_gmt":"2026-03-12T18:05:00","guid":{"rendered":"https:\/\/www.em.com.br\/emfoco\/?p=180579"},"modified":"2026-03-12T14:45:47","modified_gmt":"2026-03-12T17:45:47","slug":"o-vilarejo-amazonico-onde-o-rio-vira-caribe-foi-eleito-a-praia-de-agua-doce-mais-bonita-do-mundo","status":"publish","type":"post","link":"https:\/\/www.em.com.br\/emfoco\/2026\/03\/12\/o-vilarejo-amazonico-onde-o-rio-vira-caribe-foi-eleito-a-praia-de-agua-doce-mais-bonita-do-mundo\/","title":{"rendered":"O vilarejo amaz\u00f4nico onde o rio vira Caribe foi eleito a praia de \u00e1gua doce mais bonita do mundo"},"content":{"rendered":"\n<p>A areia \u00e9 branca, a \u00e1gua muda do azul-turquesa ao verde-esmeralda conforme a luz do sol e n\u00e3o existe uma \u00fanica onda. S\u00f3 que isso n\u00e3o \u00e9 o <strong>Caribe<\/strong>: \u00e9 um rio. <strong>Alter do Ch\u00e3o<\/strong>, vilarejo de cerca de 6 mil habitantes \u00e0s margens do <strong>Rio Tapaj\u00f3s<\/strong>, fica a 37 km de <strong>Santar\u00e9m<\/strong>, no oeste do <strong>Par\u00e1<\/strong>. Fundado em <strong>1626<\/strong> como miss\u00e3o jesu\u00edta, o distrito ganhou fama internacional quando o jornal brit\u00e2nico <strong>The Guardian<\/strong> o elegeu, em <strong>2009<\/strong>, como a praia de \u00e1gua doce mais bonita do mundo, conforme registra o portal <a href=\"https:\/\/visitbrasil.com\/en\/location\/alter-do-chao\/\" target=\"_blank\" rel=\"noreferrer noopener\"><strong>Visit Brasil (Embratur)<\/strong><\/a>.<\/p>\n\n\n\n<h2 class=\"wp-block-heading\">O rio que muda de cen\u00e1rio a cada seis meses<\/h2>\n\n\n\n<p>O Tapaj\u00f3s \u00e9 um dos poucos rios da <strong>Amaz\u00f4nia<\/strong> com \u00e1guas claras. A aus\u00eancia de sedimentos permite enxergar o fundo, mergulhar sem turbidez e tomar banho em temperatura morna o ano inteiro. Mas o verdadeiro espet\u00e1culo est\u00e1 no ciclo das \u00e1guas. Entre agosto e dezembro, o n\u00edvel do rio baixa e revela extensas faixas de areia branca que formam praias em plena selva. \u00c9 quando surge a <strong>Ilha do Amor<\/strong>, o cart\u00e3o-postal mais fotografado da regi\u00e3o.<\/p>\n\n\n\n<p>De fevereiro a julho, a paisagem se inverte. As chuvas amaz\u00f4nicas fazem o rio subir e as praias desaparecem sob o espelho d&#8217;\u00e1gua. A floresta \u00e0s margens \u00e9 parcialmente inundada, formando os igap\u00f3s, florestas alagadas que permitem passeios de canoa por entre as copas das \u00e1rvores. O vilarejo oferece dois destinos completamente diferentes no mesmo endere\u00e7o, separados apenas pela esta\u00e7\u00e3o.<\/p>\n\n\n<div class=\"wp-block-image\">\n<figure class=\"aligncenter size-large\"><img loading=\"lazy\" decoding=\"async\" width=\"1024\" height=\"576\" src=\"https:\/\/www.em.com.br\/emfoco\/wp-content\/uploads\/2025\/12\/Alter-do-Chao_-O-Paraiso-Amazonico-visto-do-alto-_-As-Melhores-Imagens-Aereas-de-Drone-4-15-screenshot-1024x576.jpg\" alt=\"O Caribe Amaz\u00f4nico de \u00e1guas cristalinas virou ref\u00fagio de quem busca paz\" class=\"wp-image-145338\" srcset=\"https:\/\/www.em.com.br\/emfoco\/wp-content\/uploads\/2025\/12\/Alter-do-Chao_-O-Paraiso-Amazonico-visto-do-alto-_-As-Melhores-Imagens-Aereas-de-Drone-4-15-screenshot-1024x576.jpg 1024w, https:\/\/www.em.com.br\/emfoco\/wp-content\/uploads\/2025\/12\/Alter-do-Chao_-O-Paraiso-Amazonico-visto-do-alto-_-As-Melhores-Imagens-Aereas-de-Drone-4-15-screenshot-300x169.jpg 300w, https:\/\/www.em.com.br\/emfoco\/wp-content\/uploads\/2025\/12\/Alter-do-Chao_-O-Paraiso-Amazonico-visto-do-alto-_-As-Melhores-Imagens-Aereas-de-Drone-4-15-screenshot-768x432.jpg 768w, https:\/\/www.em.com.br\/emfoco\/wp-content\/uploads\/2025\/12\/Alter-do-Chao_-O-Paraiso-Amazonico-visto-do-alto-_-As-Melhores-Imagens-Aereas-de-Drone-4-15-screenshot-750x422.jpg 750w, https:\/\/www.em.com.br\/emfoco\/wp-content\/uploads\/2025\/12\/Alter-do-Chao_-O-Paraiso-Amazonico-visto-do-alto-_-As-Melhores-Imagens-Aereas-de-Drone-4-15-screenshot-1140x641.jpg 1140w, https:\/\/www.em.com.br\/emfoco\/wp-content\/uploads\/2025\/12\/Alter-do-Chao_-O-Paraiso-Amazonico-visto-do-alto-_-As-Melhores-Imagens-Aereas-de-Drone-4-15-screenshot.jpg 1280w\" sizes=\"auto, (max-width: 1024px) 100vw, 1024px\" \/><figcaption class=\"wp-element-caption\">Alter do Ch\u00e3o oferece uma atmosfera \u00fanica baseada em conviv\u00eancia comunit\u00e1ria \/\/ Cr\u00e9ditos: YouTube.com\/@Miapelomundo<\/figcaption><\/figure><\/div>\n\n\n<h2 class=\"wp-block-heading\">Ra\u00edzes ind\u00edgenas, patrim\u00f4nio do Par\u00e1 e o menor camar\u00e3o do mundo<\/h2>\n\n\n\n<p>Antes dos portugueses, a regi\u00e3o era habitada pelos <strong>Borari<\/strong>, povo ind\u00edgena cujas tradi\u00e7\u00f5es ainda marcam a cultura local. A vila foi fundada pelo explorador <strong>Pedro Teixeira<\/strong> e elevada \u00e0 categoria de vila em <strong>1758<\/strong> pelo governador <strong>Francisco Xavier de Mendon\u00e7a Furtado<\/strong>. Em <strong>2022<\/strong>, Alter do Ch\u00e3o foi reconhecida como patrim\u00f4nio cultural material e imaterial do <strong>Estado do Par\u00e1<\/strong> pela Lei Estadual 9.543.<\/p>\n\n\n\n<p>Duas curiosidades pouco conhecidas ampliam o perfil singular do vilarejo. O <strong>avi\u00fa<\/strong>, considerado o menor camar\u00e3o do mundo, com apenas um cent\u00edmetro de comprimento, se reproduz no encontro dos rios Tapaj\u00f3s e Amazonas, ali perto. A <strong>Floresta Nacional do Tapaj\u00f3s<\/strong> abriga torres clim\u00e1ticas criadas em parceria com a <strong>NASA<\/strong> na d\u00e9cada de 1990, que monitoram vento, temperatura, umidade e compostos como carbono e nitrog\u00eanio no metabolismo da floresta.<\/p>\n\n\n<div class=\"wp-block-image\">\n<figure class=\"aligncenter size-large\"><img loading=\"lazy\" decoding=\"async\" width=\"1024\" height=\"576\" src=\"https:\/\/www.em.com.br\/emfoco\/wp-content\/uploads\/2025\/12\/Alter-do-Chao_-O-Paraiso-Amazonico-visto-do-alto-_-As-Melhores-Imagens-Aereas-de-Drone-0-1-screenshot-1024x576.jpg\" alt=\"O Caribe Amaz\u00f4nico de \u00e1guas cristalinas virou ref\u00fagio de quem busca paz\" class=\"wp-image-145337\" srcset=\"https:\/\/www.em.com.br\/emfoco\/wp-content\/uploads\/2025\/12\/Alter-do-Chao_-O-Paraiso-Amazonico-visto-do-alto-_-As-Melhores-Imagens-Aereas-de-Drone-0-1-screenshot-1024x576.jpg 1024w, https:\/\/www.em.com.br\/emfoco\/wp-content\/uploads\/2025\/12\/Alter-do-Chao_-O-Paraiso-Amazonico-visto-do-alto-_-As-Melhores-Imagens-Aereas-de-Drone-0-1-screenshot-300x169.jpg 300w, https:\/\/www.em.com.br\/emfoco\/wp-content\/uploads\/2025\/12\/Alter-do-Chao_-O-Paraiso-Amazonico-visto-do-alto-_-As-Melhores-Imagens-Aereas-de-Drone-0-1-screenshot-768x432.jpg 768w, https:\/\/www.em.com.br\/emfoco\/wp-content\/uploads\/2025\/12\/Alter-do-Chao_-O-Paraiso-Amazonico-visto-do-alto-_-As-Melhores-Imagens-Aereas-de-Drone-0-1-screenshot-750x422.jpg 750w, https:\/\/www.em.com.br\/emfoco\/wp-content\/uploads\/2025\/12\/Alter-do-Chao_-O-Paraiso-Amazonico-visto-do-alto-_-As-Melhores-Imagens-Aereas-de-Drone-0-1-screenshot-1140x641.jpg 1140w, https:\/\/www.em.com.br\/emfoco\/wp-content\/uploads\/2025\/12\/Alter-do-Chao_-O-Paraiso-Amazonico-visto-do-alto-_-As-Melhores-Imagens-Aereas-de-Drone-0-1-screenshot.jpg 1280w\" sizes=\"auto, (max-width: 1024px) 100vw, 1024px\" \/><figcaption class=\"wp-element-caption\">Alter do Ch\u00e3o moldou um modelo inspirador de desenvolvimento sustent\u00e1vel \/\/ Cr\u00e9ditos: YouTube.com\/@Miapelomundo<\/figcaption><\/figure><\/div>\n\n\n<p>Veja mais sobre o Alter de Ch\u00e3o neste v\u00eddeo abaixo do canal Mia Pelo Mundo:<\/p>\n\n\n\n<figure class=\"wp-block-embed is-type-video is-provider-youtube wp-block-embed-youtube wp-embed-aspect-16-9 wp-has-aspect-ratio\"><div class=\"wp-block-embed__wrapper\">\n<div class=\"jeg_video_container jeg_video_content\"><iframe loading=\"lazy\" title=\"Alter do Ch\u00e3o: O Para\u00edso Amaz\u00f4nico visto do alto | As Melhores Imagens A\u00e9reas de Drone\" width=\"500\" height=\"281\" src=\"https:\/\/www.youtube.com\/embed\/hTkQhcMH3_E?start=534&#038;feature=oembed\" frameborder=\"0\" allow=\"accelerometer; autoplay; clipboard-write; encrypted-media; gyroscope; picture-in-picture; web-share\" referrerpolicy=\"strict-origin-when-cross-origin\" allowfullscreen><\/iframe><\/div>\n<\/div><\/figure>\n\n\n\n<p><strong>Leia tamb\u00e9m: <a href=\"https:\/\/www.em.com.br\/emfoco\/2026\/03\/04\/uma-montanha-1-385-metros-desapareceu-a-cidade-mineira-a-2-horas-de-belo-horizonte-onde-a-paisagem-valia-menos-que-os-lucros-e-o-maior-poeta-brasileiro-nasceu\/\" target=\"_blank\" rel=\"noreferrer noopener\">Uma montanha de 1.385 metros desapareceu, a cidade mineira a 2 horas de Belo Horizonte onde a paisagem valia menos que os lucros e o maior poeta brasileiro nasceu<\/a><\/strong><\/p>\n\n\n\n<h2 class=\"wp-block-heading\">O que fazer no Caribe Amaz\u00f4nico?<\/h2>\n\n\n\n<p>Alter do Ch\u00e3o distribui atra\u00e7\u00f5es entre praias fluviais, floresta e cultura ribeirinha. A lista a seguir re\u00fane os programas essenciais para quem visita o vilarejo:<\/p>\n\n\n\n<ul class=\"wp-block-list has-medium-font-size\">\n<li><strong>Ilha do Amor<\/strong>: pen\u00ednsula de areia branca em frente \u00e0 vila, acess\u00edvel por barquinhos a remo. Surge na seca (agosto a dezembro) e concentra quiosques com peixe fresco e redes \u00e0 beira do rio.<\/li>\n\n\n\n<li><strong>Ponta do Cururu<\/strong>: faixa de areia que avan\u00e7a quase 2 km dentro do Tapaj\u00f3s. Acess\u00edvel por lancha ou caminhada de 50 minutos pela praia. Um dos melhores pontos para ver o p\u00f4r do sol.<\/li>\n\n\n\n<li><strong>Lago Verde (Floresta Encantada)<\/strong>: na \u00e9poca da cheia, o n\u00edvel da \u00e1gua sobe e permite navegar de canoa ou caiaque por entre \u00e1rvores parcialmente submersas, em cen\u00e1rio que parece sa\u00eddo de filme.<\/li>\n\n\n\n<li><strong>Serra da Piroca<\/strong>: trilha leve de 2 km com 110 metros de desn\u00edvel. Do mirante no topo, vista panor\u00e2mica de Alter do Ch\u00e3o, Ilha do Amor e do Tapaj\u00f3s. Ideal para o fim de tarde.<\/li>\n\n\n\n<li><strong>Floresta Nacional do Tapaj\u00f3s (Flona)<\/strong>: trilhas pela selva prim\u00e1ria com \u00e1rvores centen\u00e1rias, incluindo suma\u00famas gigantes. Visita a comunidades ribeirinhas que produzem farinha de mandioca artesanal e criam tartarugas.<\/li>\n\n\n\n<li><strong>Canal do Jari<\/strong>: bra\u00e7o do Rio Amazonas onde \u00e9 poss\u00edvel observar pregui\u00e7as, macacos e vit\u00f3rias-r\u00e9gias em habitat natural.<\/li>\n\n\n\n<li><strong>Praias do Rio Arapiuns<\/strong>: mais distantes e desertas que as do Tapaj\u00f3s, com \u00e1guas t\u00e3o cristalinas que \u00e9 poss\u00edvel ver o fundo de areia onde se pisa. Acess\u00edveis por lancha.<\/li>\n\n\n\n<li><strong>Festa do \u00c7air\u00e9<\/strong>: uma das manifesta\u00e7\u00f5es folcl\u00f3ricas mais antigas do norte do <strong>Brasil<\/strong>, realizada na primeira quinzena de setembro. Mistura rituais cat\u00f3licos com tradi\u00e7\u00f5es ind\u00edgenas Borari e inclui a disputa entre os botos cor-de-rosa e tucuxi.<\/li>\n<\/ul>\n\n\n\n<p>Quem planeja uma viagem para o <strong>Par\u00e1<\/strong>, vai curtir esse v\u00eddeo especialmente selecionado do canal <strong>Rol\u00ea Fam\u00edlia<\/strong>, que conta com mais de <strong>119 mil<\/strong> visualiza\u00e7\u00f5es, onde os apresentadores mostram o guia completo de <strong>Alter do Ch\u00e3o<\/strong>:<\/p>\n\n\n\n<figure class=\"wp-block-embed is-type-video is-provider-youtube wp-block-embed-youtube wp-embed-aspect-16-9 wp-has-aspect-ratio\"><div class=\"wp-block-embed__wrapper\">\n<div class=\"jeg_video_container jeg_video_content\"><iframe loading=\"lazy\" title=\"ALTER DO CH\u00c3O | GUIA COMPLETO com O QUE FAZER, PASSEIOS, QUANDO IR, COMO CHEGAR e outras DICAS\" width=\"500\" height=\"281\" src=\"https:\/\/www.youtube.com\/embed\/Hn89IFD4ECU?feature=oembed\" frameborder=\"0\" allow=\"accelerometer; autoplay; clipboard-write; encrypted-media; gyroscope; picture-in-picture; web-share\" referrerpolicy=\"strict-origin-when-cross-origin\" allowfullscreen><\/iframe><\/div>\n<\/div><\/figure>\n\n\n\n<h2 class=\"wp-block-heading\">Quando a Amaz\u00f4nia vira praia e quando vira floresta alagada?<\/h2>\n\n\n\n<p>O clima equatorial garante calor e umidade o ano inteiro, mas o n\u00edvel do rio \u00e9 o verdadeiro term\u00f4metro da viagem. A tabela a seguir cruza clima e n\u00edvel das \u00e1guas para ajudar no planejamento:<\/p>\n\n\n\n<style>\n    .card-interativo {\n        transition: transform 0.15s ease-in-out, box-shadow 0.15s ease-in-out;\n        cursor: pointer;\n    }\n    .card-interativo:hover {\n        transform: translateY(-4px);\n    }\n    .card-interativo:active {\n        transform: scale(0.96);\n    }\n<\/style>\n<div class=\"google-auto-ads-ignore\" style=\"box-sizing: border-box; display: flex; flex-direction: column; width: 100%; max-width: 900px; margin: 30px auto; font-family: 'Segoe UI', Roboto, Helvetica, Arial, sans-serif; clear: both;\">\n    <div style=\"display: flex; flex-wrap: wrap; gap: 15px;\">\n        \n        <div class=\"card-interativo\" style=\"flex: 1 1 calc(33.333% - 15px); min-width: 200px; border: 2px solid #1a2a57; border-radius: 8px; padding: 20px; background: #f0f4f8; box-sizing: border-box; box-shadow: 0 4px 10px rgba(26, 42, 87, 0.1); display: flex; flex-direction: column;\">\n            <div style=\"display: flex; align-items: center; justify-content: center; gap: 8px; margin-bottom: 20px;\">\n                <span style=\"font-size: 22px; line-height: 1;\">\ud83c\udfd6\ufe0f<\/span>\n                <strong style=\"color: #1a2a57; font-size: 16px; text-transform: uppercase;\">Ver\u00e3o Amaz\u00f4nico<\/strong>\n            <\/div>\n            <div style=\"margin-bottom: auto;\">\n                <div style=\"text-align: center; font-size: 11px; font-weight: 800; color: #111c3a; text-transform: uppercase; margin-bottom: 5px;\">Agosto &#8211; Dezembro<\/div>\n                <div style=\"text-align: center; font-size: 26px; font-weight: 900; color: #1a2a57; margin-bottom: 5px;\">26\u00b0C a 35\u00b0C<\/div>\n                <div style=\"text-align: center; font-size: 12px; font-weight: 700; color: #d68910; margin-bottom: 15px;\">N\u00edvel do Rio: Baixo<\/div>\n                <div style=\"text-align: center; font-size: 13px; color: #555; line-height: 1.5; margin-bottom: 15px;\">A grande estrela do destino! As \u00e1guas recuam e as maravilhosas <strong>praias de areia branca surgem, como a Ilha do Amor e Ponta do Cururu<\/strong>. Perfeito para mergulho e sol!<\/div>\n            <\/div>\n            <div style=\"text-align: center;\">\n                <span style=\"display: inline-block; background: #1a2a57; color: #fff; font-size: 10px; font-weight: 800; padding: 6px 12px; border-radius: 20px; text-transform: uppercase; line-height: 1.4;\">\u2b50 Alta Temporada<\/span>\n            <\/div>\n        <\/div>\n\n        <div class=\"card-interativo\" style=\"flex: 1 1 calc(33.333% - 15px); min-width: 200px; border: 1px solid #e1e6ef; border-top: 4px solid #1a2a57; border-radius: 8px; padding: 20px; background: #fff; box-sizing: border-box; box-shadow: 0 4px 10px rgba(26, 42, 87, 0.05); display: flex; flex-direction: column;\">\n            <div style=\"display: flex; align-items: center; justify-content: center; gap: 8px; margin-bottom: 20px;\">\n                <span style=\"font-size: 22px; line-height: 1;\">\ud83d\udef6<\/span>\n                <strong style=\"color: #1a2a57; font-size: 16px; text-transform: uppercase;\">Transi\u00e7\u00e3o<\/strong>\n            <\/div>\n            <div style=\"margin-bottom: auto;\">\n                <div style=\"text-align: center; font-size: 11px; font-weight: 800; color: #111c3a; text-transform: uppercase; margin-bottom: 5px;\">Janeiro<\/div>\n                <div style=\"text-align: center; font-size: 26px; font-weight: 900; color: #1a2a57; margin-bottom: 5px;\">25\u00b0C a 33\u00b0C<\/div>\n                <div style=\"text-align: center; font-size: 12px; font-weight: 700; color: #2e86c1; margin-bottom: 15px;\">N\u00edvel do Rio: Subindo<\/div>\n                <div style=\"text-align: center; font-size: 13px; color: #555; line-height: 1.5; margin-bottom: 15px;\">A floresta come\u00e7a a mudar de cara. As chuvas aumentam e voc\u00ea ainda pega as <strong>\u00faltimas praias, al\u00e9m de dar in\u00edcio aos passeios de canoa<\/strong> com as \u00e1guas subindo.<\/div>\n            <\/div>\n            <div style=\"text-align: center;\">\n                <span style=\"display: inline-block; background: #f0f4f8; color: #1a2a57; font-size: 10px; font-weight: 800; padding: 6px 12px; border-radius: 20px; text-transform: uppercase; border: 1px solid #e1e6ef; line-height: 1.4;\">\u2601\ufe0f Chuva M\u00e9dia<\/span>\n            <\/div>\n        <\/div>\n\n        <div class=\"card-interativo\" style=\"flex: 1 1 calc(33.333% - 15px); min-width: 200px; border: 1px solid #e1e6ef; border-top: 4px solid #1a2a57; border-radius: 8px; padding: 20px; background: #fff; box-sizing: border-box; box-shadow: 0 4px 10px rgba(26, 42, 87, 0.05); display: flex; flex-direction: column;\">\n            <div style=\"display: flex; align-items: center; justify-content: center; gap: 8px; margin-bottom: 20px;\">\n                <span style=\"font-size: 22px; line-height: 1;\">\ud83c\udf33<\/span>\n                <strong style=\"color: #1a2a57; font-size: 16px; text-transform: uppercase;\">Inverno Amaz\u00f4nico<\/strong>\n            <\/div>\n            <div style=\"margin-bottom: auto;\">\n                <div style=\"text-align: center; font-size: 11px; font-weight: 800; color: #111c3a; text-transform: uppercase; margin-bottom: 5px;\">Fevereiro &#8211; Julho<\/div>\n                <div style=\"text-align: center; font-size: 26px; font-weight: 900; color: #1a2a57; margin-bottom: 5px;\">24\u00b0C a 32\u00b0C<\/div>\n                <div style=\"text-align: center; font-size: 12px; font-weight: 700; color: #21618c; margin-bottom: 15px;\">N\u00edvel do Rio: Alto<\/div>\n                <div style=\"text-align: center; font-size: 13px; color: #555; line-height: 1.5; margin-bottom: 15px;\">A praia vira floresta alagada! Os rios transbordam trazendo uma magia sem igual. \u00c9 o per\u00edodo de deslizar de barco pela <strong>Floresta Encantada, igap\u00f3s, Canal do Jari e avistar a fauna<\/strong>.<\/div>\n            <\/div>\n            <div style=\"text-align: center;\">\n                <span style=\"display: inline-block; background: #f0f4f8; color: #1a2a57; font-size: 10px; font-weight: 800; padding: 6px 12px; border-radius: 20px; text-transform: uppercase; border: 1px solid #e1e6ef; line-height: 1.4;\">\u2614 Chuva Alta<\/span>\n            <\/div>\n        <\/div>\n        \n    <\/div>\n<\/div>\n\n\n\n<p><em>Temperaturas aproximadas com base no <a href=\"https:\/\/www.climatempo.com.br\/previsao-do-tempo\/cidade\/480\/santarem-pa\" target=\"_blank\" rel=\"noreferrer noopener\"><strong>Climatempo (Santar\u00e9m\/PA)<\/strong><\/a>. Setembro \u00e9 considerado o m\u00eas ideal para praias: menor incid\u00eancia de chuvas e maior faixa de areia exposta. Para a Floresta Encantada, os meses de maio e junho oferecem o auge da cheia.<\/em><\/p>\n\n\n\n<p><strong>Leia tamb\u00e9m: <a href=\"https:\/\/www.em.com.br\/emfoco\/2026\/03\/08\/a-vila-onde-nao-ha-bancos-nao-ha-asfalto-e-nao-ha-postes-de-luz-so-o-brilho-da-lua-sobre-as-praias-mais-bonitas-do-planeta\/\" target=\"_blank\" rel=\"noreferrer noopener\">A vila onde n\u00e3o h\u00e1 bancos, n\u00e3o h\u00e1 asfalto e n\u00e3o h\u00e1 postes de luz: s\u00f3 o brilho da lua sobre as praias mais bonitas do planeta<\/a><\/strong><\/p>\n\n\n\n<h2 class=\"wp-block-heading\">O vilarejo onde o rio ensina a desacelerar<\/h2>\n\n\n\n<p>Alter do Ch\u00e3o entrega algo raro: um destino amaz\u00f4nico acess\u00edvel, seguro e deslumbrante, onde a mesma paisagem se transforma em praia caribenha ou floresta alagada dependendo do m\u00eas. O vilarejo de ruas de terra, igreja colonial e carimb\u00f3 nas noites de fim de semana prova que a selva tamb\u00e9m tem praia, e das mais bonitas do planeta.<\/p>\n\n\n\n<p>Voc\u00ea precisa pisar na areia da Ilha do Amor, olhar as \u00e1guas cristalinas do Tapaj\u00f3s cercadas de floresta tropical e entender por que esse peda\u00e7o do Par\u00e1 faz qualquer rel\u00f3gio perder o sentido.<\/p>\n","protected":false},"excerpt":{"rendered":"<p>A areia \u00e9 branca, a \u00e1gua muda do azul-turquesa ao verde-esmeralda conforme a luz do sol e n\u00e3o existe uma \u00fanica onda. S\u00f3 que isso n\u00e3o \u00e9 o Caribe: \u00e9 um rio. Alter do Ch\u00e3o, vilarejo de cerca de 6 mil habitantes \u00e0s margens do Rio Tapaj\u00f3s, fica a 37 km de Santar\u00e9m, no oeste [&hellip;]<\/p>\n","protected":false},"author":6,"featured_media":145339,"comment_status":"open","ping_status":"open","sticky":false,"template":"","format":"standard","meta":{"jnews-multi-image_gallery":[],"jnews_single_post":{"format":"standard"},"jnews_primary_category":[],"jnews_social_meta":[],"jnews_override_counter":[],"footnotes":""},"categories":[26],"tags":[6342,183,6343],"class_list":["post-180579","post","type-post","status-publish","format-standard","has-post-thumbnail","hentry","category-cidades","tag-alter-do-chao","tag-cidades","tag-para"],"yoast_head":"<!-- This site is optimized with the Yoast SEO plugin v23.8 - https:\/\/yoast.com\/wordpress\/plugins\/seo\/ -->\n<title>O vilarejo amaz\u00f4nico onde o rio vira Caribe foi eleito a praia de \u00e1gua doce mais bonita do mundo - Estado de Minas - Em foco<\/title>\n<meta name=\"description\" content=\"O Caribe no cora\u00e7\u00e3o da floresta, um para\u00edso de \u00e1gua doce com paisagens tropicais que encanta viajantes e chama aten\u00e7\u00e3o no mundo todo.\" \/>\n<meta name=\"robots\" content=\"index, follow, max-snippet:-1, max-image-preview:large, max-video-preview:-1\" \/>\n<link rel=\"canonical\" href=\"https:\/\/www.em.com.br\/emfoco\/2026\/03\/12\/o-vilarejo-amazonico-onde-o-rio-vira-caribe-foi-eleito-a-praia-de-agua-doce-mais-bonita-do-mundo\/\" \/>\n<meta property=\"og:locale\" content=\"pt_BR\" \/>\n<meta property=\"og:type\" content=\"article\" \/>\n<meta property=\"og:title\" content=\"O vilarejo amaz\u00f4nico onde o rio vira Caribe foi eleito a praia de \u00e1gua doce mais bonita do mundo - Estado de Minas - Em foco\" \/>\n<meta property=\"og:description\" content=\"O Caribe no cora\u00e7\u00e3o da floresta, um para\u00edso de \u00e1gua doce com paisagens tropicais que encanta viajantes e chama aten\u00e7\u00e3o no mundo todo.\" \/>\n<meta property=\"og:url\" content=\"https:\/\/www.em.com.br\/emfoco\/2026\/03\/12\/o-vilarejo-amazonico-onde-o-rio-vira-caribe-foi-eleito-a-praia-de-agua-doce-mais-bonita-do-mundo\/\" \/>\n<meta property=\"og:site_name\" content=\"Estado de Minas - Em foco\" \/>\n<meta property=\"article:published_time\" content=\"2026-03-12T18:05:00+00:00\" \/>\n<meta property=\"article:modified_time\" content=\"2026-03-12T17:45:47+00:00\" \/>\n<meta property=\"og:image\" content=\"https:\/\/www.em.com.br\/emfoco\/wp-content\/uploads\/2025\/12\/image-62.png\" \/>\n\t<meta property=\"og:image:width\" content=\"1280\" \/>\n\t<meta property=\"og:image:height\" content=\"720\" \/>\n\t<meta property=\"og:image:type\" content=\"image\/png\" \/>\n<meta name=\"author\" content=\"Vitor Bruno\" \/>\n<meta name=\"twitter:card\" content=\"summary_large_image\" \/>\n<meta name=\"twitter:label1\" content=\"Escrito por\" \/>\n\t<meta name=\"twitter:data1\" content=\"Vitor Bruno\" \/>\n\t<meta name=\"twitter:label2\" content=\"Est. tempo de leitura\" \/>\n\t<meta name=\"twitter:data2\" content=\"7 minutos\" \/>\n<!-- \/ Yoast SEO plugin. -->","yoast_head_json":{"title":"O vilarejo amaz\u00f4nico onde o rio vira Caribe foi eleito a praia de \u00e1gua doce mais bonita do mundo - Estado de Minas - Em foco","description":"O Caribe no cora\u00e7\u00e3o da floresta, um para\u00edso de \u00e1gua doce com paisagens tropicais que encanta viajantes e chama aten\u00e7\u00e3o no mundo todo.","robots":{"index":"index","follow":"follow","max-snippet":"max-snippet:-1","max-image-preview":"max-image-preview:large","max-video-preview":"max-video-preview:-1"},"canonical":"https:\/\/www.em.com.br\/emfoco\/2026\/03\/12\/o-vilarejo-amazonico-onde-o-rio-vira-caribe-foi-eleito-a-praia-de-agua-doce-mais-bonita-do-mundo\/","og_locale":"pt_BR","og_type":"article","og_title":"O vilarejo amaz\u00f4nico onde o rio vira Caribe foi eleito a praia de \u00e1gua doce mais bonita do mundo - Estado de Minas - Em foco","og_description":"O Caribe no cora\u00e7\u00e3o da floresta, um para\u00edso de \u00e1gua doce com paisagens tropicais que encanta viajantes e chama aten\u00e7\u00e3o no mundo todo.","og_url":"https:\/\/www.em.com.br\/emfoco\/2026\/03\/12\/o-vilarejo-amazonico-onde-o-rio-vira-caribe-foi-eleito-a-praia-de-agua-doce-mais-bonita-do-mundo\/","og_site_name":"Estado de Minas - Em foco","article_published_time":"2026-03-12T18:05:00+00:00","article_modified_time":"2026-03-12T17:45:47+00:00","og_image":[{"width":1280,"height":720,"url":"https:\/\/www.em.com.br\/emfoco\/wp-content\/uploads\/2025\/12\/image-62.png","type":"image\/png"}],"author":"Vitor Bruno","twitter_card":"summary_large_image","twitter_misc":{"Escrito por":"Vitor Bruno","Est. tempo de leitura":"7 minutos"},"schema":{"@context":"https:\/\/schema.org","@graph":[{"@type":"WebPage","@id":"https:\/\/www.em.com.br\/emfoco\/2026\/03\/12\/o-vilarejo-amazonico-onde-o-rio-vira-caribe-foi-eleito-a-praia-de-agua-doce-mais-bonita-do-mundo\/","url":"https:\/\/www.em.com.br\/emfoco\/2026\/03\/12\/o-vilarejo-amazonico-onde-o-rio-vira-caribe-foi-eleito-a-praia-de-agua-doce-mais-bonita-do-mundo\/","name":"O vilarejo amaz\u00f4nico onde o rio vira Caribe foi eleito a praia de \u00e1gua doce mais bonita do mundo - Estado de Minas - Em foco","isPartOf":{"@id":"https:\/\/www.em.com.br\/emfoco\/#website"},"primaryImageOfPage":{"@id":"https:\/\/www.em.com.br\/emfoco\/2026\/03\/12\/o-vilarejo-amazonico-onde-o-rio-vira-caribe-foi-eleito-a-praia-de-agua-doce-mais-bonita-do-mundo\/#primaryimage"},"image":{"@id":"https:\/\/www.em.com.br\/emfoco\/2026\/03\/12\/o-vilarejo-amazonico-onde-o-rio-vira-caribe-foi-eleito-a-praia-de-agua-doce-mais-bonita-do-mundo\/#primaryimage"},"thumbnailUrl":"https:\/\/www.em.com.br\/emfoco\/wp-content\/uploads\/2025\/12\/image-62.png","datePublished":"2026-03-12T18:05:00+00:00","dateModified":"2026-03-12T17:45:47+00:00","author":{"@id":"https:\/\/www.em.com.br\/emfoco\/#\/schema\/person\/364ac1852fafd00f1be20f0b8b237569"},"description":"O Caribe no cora\u00e7\u00e3o da floresta, um para\u00edso de \u00e1gua doce com paisagens tropicais que encanta viajantes e chama aten\u00e7\u00e3o no mundo todo.","breadcrumb":{"@id":"https:\/\/www.em.com.br\/emfoco\/2026\/03\/12\/o-vilarejo-amazonico-onde-o-rio-vira-caribe-foi-eleito-a-praia-de-agua-doce-mais-bonita-do-mundo\/#breadcrumb"},"inLanguage":"pt-BR","potentialAction":[{"@type":"ReadAction","target":["https:\/\/www.em.com.br\/emfoco\/2026\/03\/12\/o-vilarejo-amazonico-onde-o-rio-vira-caribe-foi-eleito-a-praia-de-agua-doce-mais-bonita-do-mundo\/"]}]},{"@type":"ImageObject","inLanguage":"pt-BR","@id":"https:\/\/www.em.com.br\/emfoco\/2026\/03\/12\/o-vilarejo-amazonico-onde-o-rio-vira-caribe-foi-eleito-a-praia-de-agua-doce-mais-bonita-do-mundo\/#primaryimage","url":"https:\/\/www.em.com.br\/emfoco\/wp-content\/uploads\/2025\/12\/image-62.png","contentUrl":"https:\/\/www.em.com.br\/emfoco\/wp-content\/uploads\/2025\/12\/image-62.png","width":1280,"height":720,"caption":"Alter do Ch\u00e3o encanta com praias de \u00e1gua doce e areia branca (imagem ilustrativa)"},{"@type":"BreadcrumbList","@id":"https:\/\/www.em.com.br\/emfoco\/2026\/03\/12\/o-vilarejo-amazonico-onde-o-rio-vira-caribe-foi-eleito-a-praia-de-agua-doce-mais-bonita-do-mundo\/#breadcrumb","itemListElement":[{"@type":"ListItem","position":1,"name":"In\u00edcio","item":"https:\/\/www.em.com.br\/emfoco\/"},{"@type":"ListItem","position":2,"name":"O vilarejo amaz\u00f4nico onde o rio vira Caribe foi eleito a praia de \u00e1gua doce mais bonita do mundo"}]},{"@type":"WebSite","@id":"https:\/\/www.em.com.br\/emfoco\/#website","url":"https:\/\/www.em.com.br\/emfoco\/","name":"Estado de Minas - Em foco","description":"Acompanhe as \u00faltimas not\u00edcias e fique bem informado sobre tudo o que acontece em Minas Gerais, Brasil e no mundo.","potentialAction":[{"@type":"SearchAction","target":{"@type":"EntryPoint","urlTemplate":"https:\/\/www.em.com.br\/emfoco\/?s={search_term_string}"},"query-input":{"@type":"PropertyValueSpecification","valueRequired":true,"valueName":"search_term_string"}}],"inLanguage":"pt-BR"},{"@type":"Person","@id":"https:\/\/www.em.com.br\/emfoco\/#\/schema\/person\/364ac1852fafd00f1be20f0b8b237569","name":"Vitor Bruno","image":{"@type":"ImageObject","inLanguage":"pt-BR","@id":"https:\/\/www.em.com.br\/emfoco\/#\/schema\/person\/image\/","url":"https:\/\/secure.gravatar.com\/avatar\/b719e5cdede09f942064960883b5524d?s=96&d=mm&r=g","contentUrl":"https:\/\/secure.gravatar.com\/avatar\/b719e5cdede09f942064960883b5524d?s=96&d=mm&r=g","caption":"Vitor Bruno"},"sameAs":["https:\/\/www.em.com.br\/emfoco\/"],"url":"https:\/\/www.em.com.br\/emfoco\/author\/vitormyth\/"}]}},"_links":{"self":[{"href":"https:\/\/www.em.com.br\/emfoco\/wp-json\/wp\/v2\/posts\/180579","targetHints":{"allow":["GET"]}}],"collection":[{"href":"https:\/\/www.em.com.br\/emfoco\/wp-json\/wp\/v2\/posts"}],"about":[{"href":"https:\/\/www.em.com.br\/emfoco\/wp-json\/wp\/v2\/types\/post"}],"author":[{"embeddable":true,"href":"https:\/\/www.em.com.br\/emfoco\/wp-json\/wp\/v2\/users\/6"}],"replies":[{"embeddable":true,"href":"https:\/\/www.em.com.br\/emfoco\/wp-json\/wp\/v2\/comments?post=180579"}],"version-history":[{"count":8,"href":"https:\/\/www.em.com.br\/emfoco\/wp-json\/wp\/v2\/posts\/180579\/revisions"}],"predecessor-version":[{"id":180744,"href":"https:\/\/www.em.com.br\/emfoco\/wp-json\/wp\/v2\/posts\/180579\/revisions\/180744"}],"wp:featuredmedia":[{"embeddable":true,"href":"https:\/\/www.em.com.br\/emfoco\/wp-json\/wp\/v2\/media\/145339"}],"wp:attachment":[{"href":"https:\/\/www.em.com.br\/emfoco\/wp-json\/wp\/v2\/media?parent=180579"}],"wp:term":[{"taxonomy":"category","embeddable":true,"href":"https:\/\/www.em.com.br\/emfoco\/wp-json\/wp\/v2\/categories?post=180579"},{"taxonomy":"post_tag","embeddable":true,"href":"https:\/\/www.em.com.br\/emfoco\/wp-json\/wp\/v2\/tags?post=180579"}],"curies":[{"name":"wp","href":"https:\/\/api.w.org\/{rel}","templated":true}]}}