{"id":180571,"date":"2026-03-12T10:35:00","date_gmt":"2026-03-12T13:35:00","guid":{"rendered":"https:\/\/www.em.com.br\/emfoco\/?p=180571"},"modified":"2026-03-12T10:38:28","modified_gmt":"2026-03-12T13:38:28","slug":"12-milhao-de-litros-por-hora-a-cidade-goiana-onde-a-agua-brota-do-chao-a-mais-de-50-c-e-as-piscinas-nunca-precisam-de-aquecedor","status":"publish","type":"post","link":"https:\/\/www.em.com.br\/emfoco\/2026\/03\/12\/12-milhao-de-litros-por-hora-a-cidade-goiana-onde-a-agua-brota-do-chao-a-mais-de-50-c-e-as-piscinas-nunca-precisam-de-aquecedor\/","title":{"rendered":"1,2 milh\u00e3o de litros por hora: a cidade goiana onde a \u00e1gua brota do ch\u00e3o a mais de 50 \u00b0C e as piscinas nunca precisam de aquecedor"},"content":{"rendered":"\n<p>O vapor sobe das piscinas mesmo em noites de julho. Quem chega a <strong>Caldas Novas<\/strong> pela primeira vez estranha: nenhuma caldeira, nenhum aquecedor, e ainda assim a \u00e1gua est\u00e1 morna. A explica\u00e7\u00e3o est\u00e1 debaixo do ch\u00e3o. A 170 km de <strong>Goi\u00e2nia<\/strong>, no sul de <strong>Goi\u00e1s<\/strong>, a cidade abriga o maior manancial hidrotermal do planeta, alimentado por chuvas que infiltraram na serra h\u00e1 cerca de mil anos e voltam quentes pela for\u00e7a da pr\u00f3pria <strong>Terra<\/strong>.<\/p>\n\n\n\n<h2 class=\"wp-block-heading\">Chuva de mil anos que volta quente: como funciona o fen\u00f4meno<\/h2>\n\n\n\n<p>N\u00e3o existe vulc\u00e3o por baixo de Caldas Novas. A explica\u00e7\u00e3o, segundo o <a href=\"https:\/\/www.gov.br\/turismo\/pt-br\/assuntos\/noticias\/aguas-termais-saiba-de-onde-vem-as-aguas-aquecidas-da-cidade-de-rio-quente-go\" target=\"_blank\" rel=\"noreferrer noopener\"><strong>Minist\u00e9rio do Turismo<\/strong><\/a>, \u00e9 a geotermia. A chuva se infiltra pelas fissuras da <strong>Serra de Caldas<\/strong>, desce lentamente pelo solo e atinge profundidades pr\u00f3ximas a mil metros. No caminho, as rochas da forma\u00e7\u00e3o geol\u00f3gica aquecem a \u00e1gua por gradiente geot\u00e9rmico, elevando a temperatura para cerca de 60 \u00b0C.<\/p>\n\n\n\n<p>Quando a press\u00e3o \u00e9 suficiente, a \u00e1gua retorna por fendas e se mistura, j\u00e1 perto da superf\u00edcie, com infiltra\u00e7\u00f5es mais rasas do len\u00e7ol fre\u00e1tico. Esse processo de resfriamento parcial entrega temperaturas m\u00e9dias de 37,5 \u00b0C nas piscinas dos hot\u00e9is e parques. Em alguns pontos, como a hist\u00f3rica <strong>Lagoa de Pirapitinga<\/strong>, a \u00e1gua chega a 57 \u00b0C, quente o bastante para cozinhar um ovo em minutos. Todo esse ciclo leva aproximadamente mil anos: a \u00e1gua em que os turistas mergulham hoje caiu como chuva na \u00e9poca em que os vikings exploravam a <strong>Europa<\/strong>.<\/p>\n\n\n<div class=\"wp-block-image\">\n<figure class=\"aligncenter size-large\"><img loading=\"lazy\" decoding=\"async\" width=\"1024\" height=\"576\" src=\"https:\/\/www.em.com.br\/emfoco\/wp-content\/uploads\/2026\/03\/Caldas-Novas3-1024x576.jpg\" alt=\"\" class=\"wp-image-180608\" srcset=\"https:\/\/www.em.com.br\/emfoco\/wp-content\/uploads\/2026\/03\/Caldas-Novas3-1024x576.jpg 1024w, https:\/\/www.em.com.br\/emfoco\/wp-content\/uploads\/2026\/03\/Caldas-Novas3-300x169.jpg 300w, https:\/\/www.em.com.br\/emfoco\/wp-content\/uploads\/2026\/03\/Caldas-Novas3-768x432.jpg 768w, https:\/\/www.em.com.br\/emfoco\/wp-content\/uploads\/2026\/03\/Caldas-Novas3-750x422.jpg 750w, https:\/\/www.em.com.br\/emfoco\/wp-content\/uploads\/2026\/03\/Caldas-Novas3-1140x641.jpg 1140w, https:\/\/www.em.com.br\/emfoco\/wp-content\/uploads\/2026\/03\/Caldas-Novas3.jpg 1280w\" sizes=\"auto, (max-width: 1024px) 100vw, 1024px\" \/><figcaption class=\"wp-element-caption\">Caldas Novas \u00e9 o para\u00edso goiano \/\/ Cr\u00e9ditos: Wikipedia \/ Wikimedia Commons<\/figcaption><\/figure><\/div>\n\n\n<h2 class=\"wp-block-heading\">A serra que protege o aquecedor natural da cidade<\/h2>\n\n\n\n<p>A caixa-d&#8217;\u00e1gua de Caldas Novas n\u00e3o \u00e9 artificial. O <a href=\"https:\/\/goias.gov.br\/meioambiente\/parque-estadual-da-serra-de-caldas-novas-pescan\/\" target=\"_blank\" rel=\"noreferrer noopener\"><strong>Parque Estadual da Serra de Caldas Novas (PESCaN)<\/strong><\/a>, criado em <strong>1970<\/strong> e administrado pela <strong>Secretaria de Meio Ambiente e Desenvolvimento Sustent\u00e1vel de Goi\u00e1s (Semad)<\/strong>, protege 12.315 hectares de <strong>Cerrado<\/strong> nos munic\u00edpios de Caldas Novas e <strong>Rio Quente<\/strong>. \u00c9 a mais antiga unidade de conserva\u00e7\u00e3o do estado.<\/p>\n\n\n\n<p>A serra se formou por dois eventos tect\u00f4nicos, ocorridos h\u00e1 600 e 130 milh\u00f5es de anos, que fraturaram e arquearam as rochas. Essas fissuras s\u00e3o exatamente o caminho por onde a chuva infiltra e se aquece. Dentro do parque n\u00e3o existem \u00e1guas quentes: toda a m\u00e1gica acontece no subsolo, na descida da \u00e1gua pelas fraturas. Em <strong>2025<\/strong>, a <strong>NASA<\/strong> publicou em seu perfil oficial uma imagem de sat\u00e9lite da serra, destacando a singularidade geol\u00f3gica da forma\u00e7\u00e3o. A postagem ultrapassou 400 mil curtidas e atraiu curiosidade de pesquisadores do mundo inteiro.<\/p>\n\n\n\n<p><strong>Leia tamb\u00e9m: <a href=\"https:\/\/www.em.com.br\/emfoco\/2026\/03\/04\/uma-montanha-1-385-metros-desapareceu-a-cidade-mineira-a-2-horas-de-belo-horizonte-onde-a-paisagem-valia-menos-que-os-lucros-e-o-maior-poeta-brasileiro-nasceu\/\" target=\"_blank\" rel=\"noreferrer noopener\">Uma montanha de 1.385 metros desapareceu, a cidade mineira a 2 horas de Belo Horizonte onde a paisagem valia menos que os lucros e o maior poeta brasileiro nasceu<\/a><\/strong><\/p>\n\n\n\n<h2 class=\"wp-block-heading\">O que fazer em Caldas Novas al\u00e9m de mergulhar?<\/h2>\n\n\n\n<p>A Capital das \u00c1guas Quentes oferece atra\u00e7\u00f5es que v\u00e3o das piscinas termais \u00e0s trilhas de Cerrado preservado. A lista a seguir re\u00fane os destaques verificados:<\/p>\n\n\n\n<ul class=\"wp-block-list has-medium-font-size\">\n<li><strong>Parques aqu\u00e1ticos<\/strong>: <strong>Hot Park<\/strong> (em Rio Quente), <strong>diRoma Acqua Park<\/strong>, <strong>Water Park<\/strong> e <strong>Lagoa Quente Park<\/strong> operam com piscinas abastecidas por \u00e1gua termal natural, sem aquecimento artificial. Tobo\u00e1guas, rios lentos, piscinas de ondas e spas fazem parte da estrutura.<\/li>\n\n\n\n<li><strong>Lagoa de Pirapitinga<\/strong>: nascente hist\u00f3rica onde a \u00e1gua brota a 57 \u00b0C. O &#8220;po\u00e7o do ovo&#8221;, que cozinha um ovo em poucos minutos, \u00e9 a atra\u00e7\u00e3o mais curiosa e o marco da descoberta das fontes.<\/li>\n\n\n\n<li><strong>PESCaN<\/strong>: trilhas da Cascatinha (716 m) e do Pared\u00e3o (1,1 km) levam a cachoeiras de \u00e1gua fria, mirantes e c\u00e2nions. Entrada gratuita, aberto das 6h \u00e0s 16h, conforme a <a href=\"https:\/\/goias.gov.br\/meioambiente\/parque-estadual-da-serra-de-caldas-novas-pescan\/\" target=\"_blank\" rel=\"noreferrer noopener\"><strong>Semad<\/strong><\/a>.<\/li>\n\n\n\n<li><strong>Lago de Corumb\u00e1<\/strong>: represa \u00e0s margens da cidade com passeios de lancha, jet-ski e pesca esportiva.<\/li>\n\n\n\n<li><strong>Jardim Japon\u00eas<\/strong>: projetado pelo paisagista <strong>Toshiyuki Murai<\/strong> nos anos 1980, com pontes arqueadas, lagos de carpas coloridas e espa\u00e7o de contempla\u00e7\u00e3o.<\/li>\n<\/ul>\n\n\n\n<p>Quem deseja relaxar nas \u00e1guas termais, vai curtir esse v\u00eddeo especialmente selecionado do canal <strong>Dell Por Aqui<\/strong>, que conta com mais de <strong>120 mil<\/strong> visualiza\u00e7\u00f5es, onde <strong>Dell<\/strong> mostra como aproveitar os parques e a gastronomia de <strong>Caldas Novas<\/strong>, em <strong>Goi\u00e1s<\/strong>:<\/p>\n\n\n\n<figure class=\"wp-block-embed is-type-video is-provider-youtube wp-block-embed-youtube wp-embed-aspect-16-9 wp-has-aspect-ratio\"><div class=\"wp-block-embed__wrapper\">\n<div class=\"jeg_video_container jeg_video_content\"><iframe loading=\"lazy\" title=\"Ningu\u00e9m Te Conta Isso Sobre Caldas Novas, At\u00e9 Agora!\" width=\"500\" height=\"281\" src=\"https:\/\/www.youtube.com\/embed\/E8y6Jt6SDmE?start=698&#038;feature=oembed\" frameborder=\"0\" allow=\"accelerometer; autoplay; clipboard-write; encrypted-media; gyroscope; picture-in-picture; web-share\" referrerpolicy=\"strict-origin-when-cross-origin\" allowfullscreen><\/iframe><\/div>\n<\/div><\/figure>\n\n\n\n<h2 class=\"wp-block-heading\">Como o clima e a temperatura da \u00e1gua mudam ao longo do ano?<\/h2>\n\n\n\n<p>A \u00e1gua termal mant\u00e9m temperatura agrad\u00e1vel o ano inteiro, mas o clima de superf\u00edcie varia bastante. O ver\u00e3o \u00e9 quente e chuvoso, t\u00edpico do Cerrado. O inverno seco e ameno transforma os banhos noturnos nas piscinas fumegantes em experi\u00eancia visual \u00fanica. A tabela a seguir cruza o clima externo com a temperatura da \u00e1gua para ajudar no planejamento:<\/p>\n\n\n\n<style>\n    .card-interativo {\n        transition: transform 0.15s ease-in-out, box-shadow 0.15s ease-in-out;\n        cursor: pointer;\n    }\n    .card-interativo:hover {\n        transform: translateY(-4px);\n    }\n    .card-interativo:active {\n        transform: scale(0.96);\n    }\n<\/style>\n<div class=\"google-auto-ads-ignore\" style=\"box-sizing: border-box; display: flex; flex-direction: column; width: 100%; max-width: 900px; margin: 30px auto; font-family: 'Segoe UI', Roboto, Helvetica, Arial, sans-serif; clear: both;\">\n    <div style=\"display: flex; flex-wrap: wrap; gap: 15px;\">\n        \n        <div class=\"card-interativo\" style=\"flex: 1 1 calc(25% - 15px); min-width: 200px; border: 2px solid #1a2a57; border-radius: 8px; padding: 20px; background: #f0f4f8; box-sizing: border-box; box-shadow: 0 4px 10px rgba(26, 42, 87, 0.1); display: flex; flex-direction: column;\">\n            <div style=\"display: flex; align-items: center; justify-content: center; gap: 8px; margin-bottom: 20px;\">\n                <span style=\"font-size: 22px; line-height: 1;\">\u2600\ufe0f<\/span>\n                <strong style=\"color: #1a2a57; font-size: 16px; text-transform: uppercase;\">Ver\u00e3o<\/strong>\n            <\/div>\n            <div style=\"margin-bottom: auto;\">\n                <div style=\"text-align: center; font-size: 11px; font-weight: 800; color: #111c3a; text-transform: uppercase; margin-bottom: 5px;\">Dezembro &#8211; Fevereiro<\/div>\n                <div style=\"text-align: center; font-size: 26px; font-weight: 900; color: #1a2a57; margin-bottom: 5px;\">22\u00b0C a 33\u00b0C<\/div>\n                <div style=\"text-align: center; font-size: 12px; font-weight: 700; color: #c4302b; margin-bottom: 15px;\">\u00c1gua Termal: 37\u00b0C a 50\u00b0C<\/div>\n                <div style=\"text-align: center; font-size: 13px; color: #555; line-height: 1.5; margin-bottom: 15px;\">O clima t\u00edpico do Cerrado ferve e as chuvas chegam com tudo. Aproveite a alt\u00edssima temporada para curtir os grandiosos <strong>parques aqu\u00e1ticos e o Lago de Corumb\u00e1<\/strong>!<\/div>\n            <\/div>\n            <div style=\"text-align: center;\">\n                <span style=\"display: inline-block; background: #1a2a57; color: #fff; font-size: 10px; font-weight: 800; padding: 6px 12px; border-radius: 20px; text-transform: uppercase; line-height: 1.4;\">\u2b50 Alta Temporada<\/span>\n            <\/div>\n        <\/div>\n\n        <div class=\"card-interativo\" style=\"flex: 1 1 calc(25% - 15px); min-width: 200px; border: 1px solid #e1e6ef; border-top: 4px solid #1a2a57; border-radius: 8px; padding: 20px; background: #fff; box-sizing: border-box; box-shadow: 0 4px 10px rgba(26, 42, 87, 0.05); display: flex; flex-direction: column;\">\n            <div style=\"display: flex; align-items: center; justify-content: center; gap: 8px; margin-bottom: 20px;\">\n                <span style=\"font-size: 22px; line-height: 1;\">\ud83c\udf42<\/span>\n                <strong style=\"color: #1a2a57; font-size: 16px; text-transform: uppercase;\">Outono<\/strong>\n            <\/div>\n            <div style=\"margin-bottom: auto;\">\n                <div style=\"text-align: center; font-size: 11px; font-weight: 800; color: #111c3a; text-transform: uppercase; margin-bottom: 5px;\">Mar\u00e7o &#8211; Maio<\/div>\n                <div style=\"text-align: center; font-size: 26px; font-weight: 900; color: #1a2a57; margin-bottom: 5px;\">20\u00b0C a 31\u00b0C<\/div>\n                <div style=\"text-align: center; font-size: 12px; font-weight: 700; color: #c4302b; margin-bottom: 15px;\">\u00c1gua Termal: 37\u00b0C a 50\u00b0C<\/div>\n                <div style=\"text-align: center; font-size: 13px; color: #555; line-height: 1.5; margin-bottom: 15px;\">As temperaturas come\u00e7am a ficar mais amenas e o volume de chuvas cai. \u00c9 uma \u00f3tima pedida para fazer <strong>trilhas no PESCaN com as cachoeiras ainda cheias<\/strong> de \u00e1gua.<\/div>\n            <\/div>\n            <div style=\"text-align: center;\">\n                <span style=\"display: inline-block; background: #f0f4f8; color: #1a2a57; font-size: 10px; font-weight: 800; padding: 6px 12px; border-radius: 20px; text-transform: uppercase; border: 1px solid #e1e6ef; line-height: 1.4;\">\u2601\ufe0f Chuva M\u00e9dia<\/span>\n            <\/div>\n        <\/div>\n\n        <div class=\"card-interativo\" style=\"flex: 1 1 calc(25% - 15px); min-width: 200px; border: 1px solid #e1e6ef; border-top: 4px solid #1a2a57; border-radius: 8px; padding: 20px; background: #fff; box-sizing: border-box; box-shadow: 0 4px 10px rgba(26, 42, 87, 0.05); display: flex; flex-direction: column;\">\n            <div style=\"display: flex; align-items: center; justify-content: center; gap: 8px; margin-bottom: 20px;\">\n                <span style=\"font-size: 22px; line-height: 1;\">\u2744\ufe0f<\/span>\n                <strong style=\"color: #1a2a57; font-size: 16px; text-transform: uppercase;\">Inverno<\/strong>\n            <\/div>\n            <div style=\"margin-bottom: auto;\">\n                <div style=\"text-align: center; font-size: 11px; font-weight: 800; color: #111c3a; text-transform: uppercase; margin-bottom: 5px;\">Junho &#8211; Agosto<\/div>\n                <div style=\"text-align: center; font-size: 26px; font-weight: 900; color: #1a2a57; margin-bottom: 5px;\">14\u00b0C a 29\u00b0C<\/div>\n                <div style=\"text-align: center; font-size: 12px; font-weight: 700; color: #c4302b; margin-bottom: 15px;\">\u00c1gua Termal: 37\u00b0C a 50\u00b0C<\/div>\n                <div style=\"text-align: center; font-size: 13px; color: #555; line-height: 1.5; margin-bottom: 15px;\">O clima seco e de noites frias traz uma experi\u00eancia visual \u00fanica com o vapor das \u00e1guas! Aproveite o <strong>Jardim Japon\u00eas e os incr\u00edveis banhos noturnos e spas<\/strong> da cidade.<\/div>\n            <\/div>\n            <div style=\"text-align: center;\">\n                <span style=\"display: inline-block; background: #f0f4f8; color: #1a2a57; font-size: 10px; font-weight: 800; padding: 6px 12px; border-radius: 20px; text-transform: uppercase; border: 1px solid #e1e6ef; line-height: 1.4;\">\ud83c\udf92 Melhor Experi\u00eancia<\/span>\n            <\/div>\n        <\/div>\n\n        <div class=\"card-interativo\" style=\"flex: 1 1 calc(25% - 15px); min-width: 200px; border: 1px solid #e1e6ef; border-top: 4px solid #1a2a57; border-radius: 8px; padding: 20px; background: #fff; box-sizing: border-box; box-shadow: 0 4px 10px rgba(26, 42, 87, 0.05); display: flex; flex-direction: column;\">\n            <div style=\"display: flex; align-items: center; justify-content: center; gap: 8px; margin-bottom: 20px;\">\n                <span style=\"font-size: 22px; line-height: 1;\">\ud83c\udf38<\/span>\n                <strong style=\"color: #1a2a57; font-size: 16px; text-transform: uppercase;\">Primavera<\/strong>\n            <\/div>\n            <div style=\"margin-bottom: auto;\">\n                <div style=\"text-align: center; font-size: 11px; font-weight: 800; color: #111c3a; text-transform: uppercase; margin-bottom: 5px;\">Setembro &#8211; Novembro<\/div>\n                <div style=\"text-align: center; font-size: 26px; font-weight: 900; color: #1a2a57; margin-bottom: 5px;\">20\u00b0C a 34\u00b0C<\/div>\n                <div style=\"text-align: center; font-size: 12px; font-weight: 700; color: #c4302b; margin-bottom: 15px;\">\u00c1gua Termal: 37\u00b0C a 50\u00b0C<\/div>\n                <div style=\"text-align: center; font-size: 13px; color: #555; line-height: 1.5; margin-bottom: 15px;\">O calor do centro-oeste retorna com for\u00e7a, aquecendo os term\u00f4metros e o turismo festivo da cidade, com grande destaque para o <strong>Caldas Country e os festivais sertanejos<\/strong>.<\/div>\n            <\/div>\n            <div style=\"text-align: center;\">\n                <span style=\"display: inline-block; background: #f0f4f8; color: #1a2a57; font-size: 10px; font-weight: 800; padding: 6px 12px; border-radius: 20px; text-transform: uppercase; border: 1px solid #e1e6ef; line-height: 1.4;\">\ud83c\udfb5 Festivais<\/span>\n            <\/div>\n        <\/div>\n        \n    <\/div>\n<\/div>\n\n\n\n<p><em>Temperaturas do ar aproximadas com base no <a href=\"https:\/\/www.climatempo.com.br\/previsao-do-tempo\/cidade\/1092\/caldasnovas-go\" target=\"_blank\" rel=\"noreferrer noopener\"><strong>Climatempo<\/strong><\/a>. A \u00e1gua termal mant\u00e9m-se naturalmente aquecida o ano todo, variando conforme o po\u00e7o e a profundidade. A altitude de 686 metros ameniza as noites.<\/em><\/p>\n\n\n\n<p>O inverno seco (junho a agosto) \u00e9 considerado a melhor \u00e9poca para quem quer sentir o contraste entre o ar fresco da madrugada e a \u00e1gua fumegante das piscinas. A alta temporada coincide com as f\u00e9rias de julho e os feriados prolongados. Para tarifas mais acess\u00edveis e menos filas nos parques, os meses de mar\u00e7o a maio e setembro a outubro s\u00e3o os mais indicados.<\/p>\n\n\n\n<p><strong>Leia tamb\u00e9m: <a href=\"https:\/\/www.em.com.br\/emfoco\/2026\/03\/08\/a-vila-onde-nao-ha-bancos-nao-ha-asfalto-e-nao-ha-postes-de-luz-so-o-brilho-da-lua-sobre-as-praias-mais-bonitas-do-planeta\/\" target=\"_blank\" rel=\"noreferrer noopener\">A vila onde n\u00e3o h\u00e1 bancos, n\u00e3o h\u00e1 asfalto e n\u00e3o h\u00e1 postes de luz: s\u00f3 o brilho da lua sobre as praias mais bonitas do planeta<\/a><\/strong><\/p>\n\n\n\n<h2 class=\"wp-block-heading\">Mergulhe na \u00e1gua que a Terra aquece h\u00e1 mil anos<\/h2>\n\n\n\n<p>Caldas Novas \u00e9 a prova de que o <strong>Brasil<\/strong> guarda fen\u00f4menos geol\u00f3gicos capazes de rivalizar com qualquer destino europeu de termas. Uma cidade onde 86 po\u00e7os jorram mais de um milh\u00e3o de litros quentes por hora, onde a serra que abastece o sistema termal virou destaque da NASA e onde o banho de piscina dispensa qualquer equipamento artificial.<\/p>\n\n\n\n<p>Voc\u00ea precisa sentir a \u00e1gua quente subindo dos p\u00e9s enquanto o c\u00e9u do Cerrado escurece para entender por que Caldas Novas transformou um acidente geol\u00f3gico de mil anos na maior est\u00e2ncia hidrotermal do planeta.<\/p>\n","protected":false},"excerpt":{"rendered":"<p>O vapor sobe das piscinas mesmo em noites de julho. Quem chega a Caldas Novas pela primeira vez estranha: nenhuma caldeira, nenhum aquecedor, e ainda assim a \u00e1gua est\u00e1 morna. A explica\u00e7\u00e3o est\u00e1 debaixo do ch\u00e3o. A 170 km de Goi\u00e2nia, no sul de Goi\u00e1s, a cidade abriga o maior manancial hidrotermal do planeta, alimentado [&hellip;]<\/p>\n","protected":false},"author":6,"featured_media":180607,"comment_status":"open","ping_status":"open","sticky":false,"template":"","format":"standard","meta":{"jnews-multi-image_gallery":[],"jnews_single_post":{"format":"standard"},"jnews_primary_category":[],"jnews_social_meta":[],"jnews_override_counter":[],"footnotes":""},"categories":[26],"tags":[2187,183,13657],"class_list":["post-180571","post","type-post","status-publish","format-standard","has-post-thumbnail","hentry","category-cidades","tag-caldas-novas","tag-cidades","tag-goias-2"],"yoast_head":"<!-- This site is optimized with the Yoast SEO plugin v23.8 - https:\/\/yoast.com\/wordpress\/plugins\/seo\/ -->\n<title>1,2 milh\u00e3o de litros por hora: a cidade goiana onde a \u00e1gua brota do ch\u00e3o a mais de 50 \u00b0C e as piscinas nunca precisam de aquecedor - Estado de Minas - Em foco<\/title>\n<meta name=\"description\" content=\"Na cidade goiana famosa pelas \u00e1guas termais, milh\u00f5es de litros brotam do solo a mais de 50 \u00b0C e alimentam piscinas naturais.\" \/>\n<meta name=\"robots\" content=\"index, follow, max-snippet:-1, max-image-preview:large, max-video-preview:-1\" \/>\n<link rel=\"canonical\" href=\"https:\/\/www.em.com.br\/emfoco\/2026\/03\/12\/12-milhao-de-litros-por-hora-a-cidade-goiana-onde-a-agua-brota-do-chao-a-mais-de-50-c-e-as-piscinas-nunca-precisam-de-aquecedor\/\" \/>\n<meta property=\"og:locale\" content=\"pt_BR\" \/>\n<meta property=\"og:type\" content=\"article\" \/>\n<meta property=\"og:title\" content=\"1,2 milh\u00e3o de litros por hora: a cidade goiana onde a \u00e1gua brota do ch\u00e3o a mais de 50 \u00b0C e as piscinas nunca precisam de aquecedor - Estado de Minas - Em foco\" \/>\n<meta property=\"og:description\" content=\"Na cidade goiana famosa pelas \u00e1guas termais, milh\u00f5es de litros brotam do solo a mais de 50 \u00b0C e alimentam piscinas naturais.\" \/>\n<meta property=\"og:url\" content=\"https:\/\/www.em.com.br\/emfoco\/2026\/03\/12\/12-milhao-de-litros-por-hora-a-cidade-goiana-onde-a-agua-brota-do-chao-a-mais-de-50-c-e-as-piscinas-nunca-precisam-de-aquecedor\/\" \/>\n<meta property=\"og:site_name\" content=\"Estado de Minas - Em foco\" \/>\n<meta property=\"article:published_time\" content=\"2026-03-12T13:35:00+00:00\" \/>\n<meta property=\"article:modified_time\" content=\"2026-03-12T13:38:28+00:00\" \/>\n<meta property=\"og:image\" content=\"https:\/\/www.em.com.br\/emfoco\/wp-content\/uploads\/2026\/03\/ngz-caldas-novas-47115.jpg\" \/>\n\t<meta property=\"og:image:width\" content=\"1280\" \/>\n\t<meta property=\"og:image:height\" content=\"720\" \/>\n\t<meta property=\"og:image:type\" content=\"image\/jpeg\" \/>\n<meta name=\"author\" content=\"Vitor Bruno\" \/>\n<meta name=\"twitter:card\" content=\"summary_large_image\" \/>\n<meta name=\"twitter:label1\" content=\"Escrito por\" \/>\n\t<meta name=\"twitter:data1\" content=\"Vitor Bruno\" \/>\n\t<meta name=\"twitter:label2\" content=\"Est. tempo de leitura\" \/>\n\t<meta name=\"twitter:data2\" content=\"7 minutos\" \/>\n<!-- \/ Yoast SEO plugin. -->","yoast_head_json":{"title":"1,2 milh\u00e3o de litros por hora: a cidade goiana onde a \u00e1gua brota do ch\u00e3o a mais de 50 \u00b0C e as piscinas nunca precisam de aquecedor - Estado de Minas - Em foco","description":"Na cidade goiana famosa pelas \u00e1guas termais, milh\u00f5es de litros brotam do solo a mais de 50 \u00b0C e alimentam piscinas naturais.","robots":{"index":"index","follow":"follow","max-snippet":"max-snippet:-1","max-image-preview":"max-image-preview:large","max-video-preview":"max-video-preview:-1"},"canonical":"https:\/\/www.em.com.br\/emfoco\/2026\/03\/12\/12-milhao-de-litros-por-hora-a-cidade-goiana-onde-a-agua-brota-do-chao-a-mais-de-50-c-e-as-piscinas-nunca-precisam-de-aquecedor\/","og_locale":"pt_BR","og_type":"article","og_title":"1,2 milh\u00e3o de litros por hora: a cidade goiana onde a \u00e1gua brota do ch\u00e3o a mais de 50 \u00b0C e as piscinas nunca precisam de aquecedor - Estado de Minas - Em foco","og_description":"Na cidade goiana famosa pelas \u00e1guas termais, milh\u00f5es de litros brotam do solo a mais de 50 \u00b0C e alimentam piscinas naturais.","og_url":"https:\/\/www.em.com.br\/emfoco\/2026\/03\/12\/12-milhao-de-litros-por-hora-a-cidade-goiana-onde-a-agua-brota-do-chao-a-mais-de-50-c-e-as-piscinas-nunca-precisam-de-aquecedor\/","og_site_name":"Estado de Minas - Em foco","article_published_time":"2026-03-12T13:35:00+00:00","article_modified_time":"2026-03-12T13:38:28+00:00","og_image":[{"width":1280,"height":720,"url":"https:\/\/www.em.com.br\/emfoco\/wp-content\/uploads\/2026\/03\/ngz-caldas-novas-47115.jpg","type":"image\/jpeg"}],"author":"Vitor Bruno","twitter_card":"summary_large_image","twitter_misc":{"Escrito por":"Vitor Bruno","Est. tempo de leitura":"7 minutos"},"schema":{"@context":"https:\/\/schema.org","@graph":[{"@type":"WebPage","@id":"https:\/\/www.em.com.br\/emfoco\/2026\/03\/12\/12-milhao-de-litros-por-hora-a-cidade-goiana-onde-a-agua-brota-do-chao-a-mais-de-50-c-e-as-piscinas-nunca-precisam-de-aquecedor\/","url":"https:\/\/www.em.com.br\/emfoco\/2026\/03\/12\/12-milhao-de-litros-por-hora-a-cidade-goiana-onde-a-agua-brota-do-chao-a-mais-de-50-c-e-as-piscinas-nunca-precisam-de-aquecedor\/","name":"1,2 milh\u00e3o de litros por hora: a cidade goiana onde a \u00e1gua brota do ch\u00e3o a mais de 50 \u00b0C e as piscinas nunca precisam de aquecedor - Estado de Minas - Em foco","isPartOf":{"@id":"https:\/\/www.em.com.br\/emfoco\/#website"},"primaryImageOfPage":{"@id":"https:\/\/www.em.com.br\/emfoco\/2026\/03\/12\/12-milhao-de-litros-por-hora-a-cidade-goiana-onde-a-agua-brota-do-chao-a-mais-de-50-c-e-as-piscinas-nunca-precisam-de-aquecedor\/#primaryimage"},"image":{"@id":"https:\/\/www.em.com.br\/emfoco\/2026\/03\/12\/12-milhao-de-litros-por-hora-a-cidade-goiana-onde-a-agua-brota-do-chao-a-mais-de-50-c-e-as-piscinas-nunca-precisam-de-aquecedor\/#primaryimage"},"thumbnailUrl":"https:\/\/www.em.com.br\/emfoco\/wp-content\/uploads\/2026\/03\/ngz-caldas-novas-47115.jpg","datePublished":"2026-03-12T13:35:00+00:00","dateModified":"2026-03-12T13:38:28+00:00","author":{"@id":"https:\/\/www.em.com.br\/emfoco\/#\/schema\/person\/364ac1852fafd00f1be20f0b8b237569"},"description":"Na cidade goiana famosa pelas \u00e1guas termais, milh\u00f5es de litros brotam do solo a mais de 50 \u00b0C e alimentam piscinas naturais.","breadcrumb":{"@id":"https:\/\/www.em.com.br\/emfoco\/2026\/03\/12\/12-milhao-de-litros-por-hora-a-cidade-goiana-onde-a-agua-brota-do-chao-a-mais-de-50-c-e-as-piscinas-nunca-precisam-de-aquecedor\/#breadcrumb"},"inLanguage":"pt-BR","potentialAction":[{"@type":"ReadAction","target":["https:\/\/www.em.com.br\/emfoco\/2026\/03\/12\/12-milhao-de-litros-por-hora-a-cidade-goiana-onde-a-agua-brota-do-chao-a-mais-de-50-c-e-as-piscinas-nunca-precisam-de-aquecedor\/"]}]},{"@type":"ImageObject","inLanguage":"pt-BR","@id":"https:\/\/www.em.com.br\/emfoco\/2026\/03\/12\/12-milhao-de-litros-por-hora-a-cidade-goiana-onde-a-agua-brota-do-chao-a-mais-de-50-c-e-as-piscinas-nunca-precisam-de-aquecedor\/#primaryimage","url":"https:\/\/www.em.com.br\/emfoco\/wp-content\/uploads\/2026\/03\/ngz-caldas-novas-47115.jpg","contentUrl":"https:\/\/www.em.com.br\/emfoco\/wp-content\/uploads\/2026\/03\/ngz-caldas-novas-47115.jpg","width":1280,"height":720,"caption":"Caldas Novas ostenta o t\u00edtulo de Maior Est\u00e2ncia Hidrotermal do Mundo (imagem ilustrativa)"},{"@type":"BreadcrumbList","@id":"https:\/\/www.em.com.br\/emfoco\/2026\/03\/12\/12-milhao-de-litros-por-hora-a-cidade-goiana-onde-a-agua-brota-do-chao-a-mais-de-50-c-e-as-piscinas-nunca-precisam-de-aquecedor\/#breadcrumb","itemListElement":[{"@type":"ListItem","position":1,"name":"In\u00edcio","item":"https:\/\/www.em.com.br\/emfoco\/"},{"@type":"ListItem","position":2,"name":"1,2 milh\u00e3o de litros por hora: a cidade goiana onde a \u00e1gua brota do ch\u00e3o a mais de 50 \u00b0C e as piscinas nunca precisam de aquecedor"}]},{"@type":"WebSite","@id":"https:\/\/www.em.com.br\/emfoco\/#website","url":"https:\/\/www.em.com.br\/emfoco\/","name":"Estado de Minas - Em foco","description":"Acompanhe as \u00faltimas not\u00edcias e fique bem informado sobre tudo o que acontece em Minas Gerais, Brasil e no mundo.","potentialAction":[{"@type":"SearchAction","target":{"@type":"EntryPoint","urlTemplate":"https:\/\/www.em.com.br\/emfoco\/?s={search_term_string}"},"query-input":{"@type":"PropertyValueSpecification","valueRequired":true,"valueName":"search_term_string"}}],"inLanguage":"pt-BR"},{"@type":"Person","@id":"https:\/\/www.em.com.br\/emfoco\/#\/schema\/person\/364ac1852fafd00f1be20f0b8b237569","name":"Vitor Bruno","image":{"@type":"ImageObject","inLanguage":"pt-BR","@id":"https:\/\/www.em.com.br\/emfoco\/#\/schema\/person\/image\/","url":"https:\/\/secure.gravatar.com\/avatar\/b719e5cdede09f942064960883b5524d?s=96&d=mm&r=g","contentUrl":"https:\/\/secure.gravatar.com\/avatar\/b719e5cdede09f942064960883b5524d?s=96&d=mm&r=g","caption":"Vitor Bruno"},"sameAs":["https:\/\/www.em.com.br\/emfoco\/"],"url":"https:\/\/www.em.com.br\/emfoco\/author\/vitormyth\/"}]}},"_links":{"self":[{"href":"https:\/\/www.em.com.br\/emfoco\/wp-json\/wp\/v2\/posts\/180571","targetHints":{"allow":["GET"]}}],"collection":[{"href":"https:\/\/www.em.com.br\/emfoco\/wp-json\/wp\/v2\/posts"}],"about":[{"href":"https:\/\/www.em.com.br\/emfoco\/wp-json\/wp\/v2\/types\/post"}],"author":[{"embeddable":true,"href":"https:\/\/www.em.com.br\/emfoco\/wp-json\/wp\/v2\/users\/6"}],"replies":[{"embeddable":true,"href":"https:\/\/www.em.com.br\/emfoco\/wp-json\/wp\/v2\/comments?post=180571"}],"version-history":[{"count":6,"href":"https:\/\/www.em.com.br\/emfoco\/wp-json\/wp\/v2\/posts\/180571\/revisions"}],"predecessor-version":[{"id":180610,"href":"https:\/\/www.em.com.br\/emfoco\/wp-json\/wp\/v2\/posts\/180571\/revisions\/180610"}],"wp:featuredmedia":[{"embeddable":true,"href":"https:\/\/www.em.com.br\/emfoco\/wp-json\/wp\/v2\/media\/180607"}],"wp:attachment":[{"href":"https:\/\/www.em.com.br\/emfoco\/wp-json\/wp\/v2\/media?parent=180571"}],"wp:term":[{"taxonomy":"category","embeddable":true,"href":"https:\/\/www.em.com.br\/emfoco\/wp-json\/wp\/v2\/categories?post=180571"},{"taxonomy":"post_tag","embeddable":true,"href":"https:\/\/www.em.com.br\/emfoco\/wp-json\/wp\/v2\/tags?post=180571"}],"curies":[{"name":"wp","href":"https:\/\/api.w.org\/{rel}","templated":true}]}}