{"id":180545,"date":"2026-03-14T19:25:00","date_gmt":"2026-03-14T22:25:00","guid":{"rendered":"https:\/\/www.em.com.br\/emfoco\/?p=180545"},"modified":"2026-03-13T22:40:18","modified_gmt":"2026-03-14T01:40:18","slug":"pintar-o-cabelo-muito-sujo-atrapalha-a-tintura-a-sujeira-e-o-acumulo-de-produto-podem-bloquear-a-acao-da-tinta","status":"publish","type":"post","link":"https:\/\/www.em.com.br\/emfoco\/2026\/03\/14\/pintar-o-cabelo-muito-sujo-atrapalha-a-tintura-a-sujeira-e-o-acumulo-de-produto-podem-bloquear-a-acao-da-tinta\/","title":{"rendered":"Pintar o cabelo muito sujo atrapalha a tintura? \u201cA sujeira e o ac\u00famulo de produto podem bloquear a a\u00e7\u00e3o da tinta\u201d"},"content":{"rendered":"\n<p>Ir ao sal\u00e3o com o cabelo sujo para pintar ainda \u00e9 um h\u00e1bito comum, mas hoje os profissionais orientam o contr\u00e1rio: com as novas f\u00f3rmulas de colora\u00e7\u00e3o, chegar com os fios limpos, sem excesso de res\u00edduos e com o couro cabeludo equilibrado faz toda a diferen\u00e7a no conforto do processo e na uniformidade da cor.<\/p>\n\n\n\n<h2 class=\"wp-block-heading\">De onde vem o mito de que \u00e9 melhor pintar o cabelo sujo?<\/h2>\n\n\n\n<p>A cren\u00e7a de que \u201ca <a href=\"https:\/\/www.em.com.br\/emfoco\/2026\/03\/11\/adeus-as-tintas-nova-tendencia-cobre-cabelos-brancos-e-deixa-a-aparencia-mais-jovem\/\" target=\"_blank\" rel=\"noreferrer noopener\">tinta <\/a>pega melhor em cabelo sujo\u201d vem de gera\u00e7\u00f5es passadas, quando as colora\u00e7\u00f5es eram mais agressivas e a oleosidade natural funcionava como um escudo contra a ard\u00eancia. Com o tempo, essa recomenda\u00e7\u00e3o espec\u00edfica foi generalizada, como se quanto mais sujo, melhor fosse o resultado.<\/p>\n\n\n\n<p>Hoje a cosm\u00e9tica capilar \u00e9 mais tecnol\u00f3gica, com f\u00f3rmulas pensadas para agir direto no fio e reduzir irrita\u00e7\u00f5es. Apesar disso, o ganho em \u201cprote\u00e7\u00e3o\u201d n\u00e3o compensa a perda de efic\u00e1cia quando h\u00e1 gordura e sujeira em excesso, que criam uma barreira f\u00edsica e podem gerar diferen\u00e7a de tom entre raiz, comprimento e pontas.<\/p>\n\n\n\n<figure class=\"wp-block-image\"><img decoding=\"async\" src=\"https:\/\/www.em.com.br\/emfoco\/wp-content\/uploads\/2025\/10\/pintar-cabelo_1761400616191-1024x576.jpg\" alt=\"\"\/><figcaption class=\"wp-element-caption\">O detalhe que pode evitar manchas no cabelo &#8211; Cr\u00e9ditos: depositphotos.com \/ nenovbrothers<\/figcaption><\/figure>\n\n\n\n<h2 class=\"wp-block-heading\">O que realmente interfere no resultado da colora\u00e7\u00e3o?<\/h2>\n\n\n\n<p>Ao falar em pintar o cabelo sujo, o que mais pesa n\u00e3o \u00e9 quanto tempo faz que voc\u00ea lavou, mas o n\u00edvel de res\u00edduos acumulados. Oleosidade moderada costuma ser bem tolerada, mas a combina\u00e7\u00e3o de suor, polui\u00e7\u00e3o, cremes de pentear e laqu\u00ea muda totalmente o comportamento da tinta ou tonalizante.<\/p>\n\n\n\n<p>Os elementos que mais atrapalham o desempenho da colora\u00e7\u00e3o e podem causar manchas, falhas e nuances desiguais incluem:<\/p>\n\n\n\n<ul class=\"wp-block-list\">\n<li><strong>Oleosidade excessiva<\/strong>, que impede o contato direto entre a mistura e a fibra capilar.<\/li>\n\n\n\n<li><strong>Res\u00edduos de spray, mousse e gel<\/strong>, que formam uma pel\u00edcula r\u00edgida ao redor do fio.<\/li>\n\n\n\n<li><strong>Silicones pesados e s\u00e9runs oleosos<\/strong>, dif\u00edceis de remover em uma lavagem r\u00e1pida.<\/li>\n\n\n\n<li><strong>Protetores t\u00e9rmicos \u00e0 prova d\u2019\u00e1gua<\/strong>, que criam camadas resistentes e irregulares.<\/li>\n<\/ul>\n\n\n\n<h2 class=\"wp-block-heading\">Com quanto tempo de anteced\u00eancia lavar o cabelo antes de pintar?<\/h2>\n\n\n\n<p>Muitos profissionais seguem a \u201cregra das 24 horas\u201d: lavar o cabelo no dia anterior ao procedimento, com xampu adequado ao couro cabeludo, enxaguar bem e evitar produtos que deixem res\u00edduos pesados. Assim, a pele recupera parte da prote\u00e7\u00e3o natural sem formar uma camada espessa de gordura que bloqueie a a\u00e7\u00e3o da cor.<\/p>\n\n\n\n<p>Para quem tem couro cabeludo sens\u00edvel, o ideal \u00e9 manter um equil\u00edbrio: lavar de 12 a 24 horas antes com produto suave, n\u00e3o usar \u00f3leos e sprays nas horas seguintes e sempre avisar o profissional sobre qualquer hist\u00f3rico de alergia, ard\u00eancia ou coceira em procedimentos anteriores.<\/p>\n\n\n\n<figure class=\"wp-block-image\"><img decoding=\"async\" src=\"https:\/\/www.em.com.br\/emfoco\/wp-content\/uploads\/2025\/10\/tintura-de-cabelo_1761675018483-1024x576.jpg\" alt=\"\"\/><figcaption class=\"wp-element-caption\">O detalhe que pode evitar manchas no cabelo &#8211; Cr\u00e9ditos: depositphotos.com \/ urban_light<\/figcaption><\/figure>\n\n\n\n<h2 class=\"wp-block-heading\">Quando o cabelo precisa estar muito limpo para colorir?<\/h2>\n\n\n\n<p>Algumas t\u00e9cnicas exigem o cabelo o mais limpo poss\u00edvel, tanto pelo resultado quanto pelo conforto. <a href=\"https:\/\/br.pinterest.com\/naykabb\/luzes-na-touca\/\" target=\"_blank\" rel=\"noreferrer noopener\">Reflexos com touca<\/a>, descolora\u00e7\u00f5es intensas, loiros platinados, ruivos vibrantes e cores fantasia reagem melhor em fios higienizados, sem camadas de creme e oleosidade que atrapalhem o clareamento ou a deposi\u00e7\u00e3o do pigmento.<\/p>\n\n\n\n<p>Trabalhar em um cabelo bem limpo ajuda o profissional a prever melhor o tempo de pausa, o tom que ser\u00e1 alcan\u00e7ado e como o fio vai reagir \u00e0 qu\u00edmica. Quanto menos barreiras sobre a fibra, maior a chance de um resultado uniforme, luminoso e com menos retoques antecipados.<\/p>\n\n\n\n<h2 class=\"wp-block-heading\">Como escolher o melhor momento para lavar e garantir a cor dos sonhos<\/h2>\n\n\n\n<p>De forma geral, a orienta\u00e7\u00e3o atual dos sal\u00f5es \u00e9 clara: chegue com o cabelo limpo, seco, sem res\u00edduos aparentes e com o couro cabeludo em equil\u00edbrio, preferencialmente higienizado na v\u00e9spera. Evite \u00f3leos, pomadas e sprays antes da colora\u00e7\u00e3o e converse abertamente com o profissional sobre sua rotina e sensibilidade.<\/p>\n\n\n\n<p>Se voc\u00ea est\u00e1 planejando mudar a cor, n\u00e3o deixe para decidir isso em cima da hora: ajuste hoje mesmo a forma e o momento de lavar, organize sua rotina de finalizadores e marque seu hor\u00e1rio j\u00e1. Quanto antes voc\u00ea preparar o cabelo corretamente, maior a chance de sair do sal\u00e3o com o resultado exato que imagina \u2013 sem manchas, sem ard\u00eancia e sem arrependimentos.<\/p>\n","protected":false},"excerpt":{"rendered":"<p>Ir ao sal\u00e3o com o cabelo sujo para pintar ainda \u00e9 um h\u00e1bito comum, mas hoje os profissionais orientam o contr\u00e1rio: com as novas f\u00f3rmulas de colora\u00e7\u00e3o, chegar com os fios limpos, sem excesso de res\u00edduos e com o couro cabeludo equilibrado faz toda a diferen\u00e7a no conforto do processo e na uniformidade da cor. [&hellip;]<\/p>\n","protected":false},"author":11,"featured_media":180568,"comment_status":"open","ping_status":"open","sticky":false,"template":"","format":"standard","meta":{"jnews-multi-image_gallery":[],"jnews_single_post":{"format":"standard"},"jnews_primary_category":[],"jnews_social_meta":[],"jnews_override_counter":[],"footnotes":""},"categories":[8819,1],"tags":[4905,26048,6886,18073,26049],"class_list":["post-180545","post","type-post","status-publish","format-standard","has-post-thumbnail","hentry","category-curiosidades","category-noticias","tag-cabelo","tag-cabelo-sujo","tag-coloracao","tag-pintar-o-cabelo","tag-resultado-da-cor"],"yoast_head":"<!-- This site is optimized with the Yoast SEO plugin v23.8 - https:\/\/yoast.com\/wordpress\/plugins\/seo\/ -->\n<title>Pintar o cabelo muito sujo atrapalha a tintura? \u201cA sujeira e o ac\u00famulo de produto podem bloquear a a\u00e7\u00e3o da tinta\u201d - Estado de Minas - Em foco<\/title>\n<meta name=\"description\" content=\"Pintar o cabelo sujo pode atrapalhar o resultado da cor. Especialistas explicam quando lavar os fios antes da colora\u00e7\u00e3o.\" \/>\n<meta name=\"robots\" content=\"index, follow, max-snippet:-1, max-image-preview:large, max-video-preview:-1\" \/>\n<link rel=\"canonical\" href=\"https:\/\/www.em.com.br\/emfoco\/2026\/03\/14\/pintar-o-cabelo-muito-sujo-atrapalha-a-tintura-a-sujeira-e-o-acumulo-de-produto-podem-bloquear-a-acao-da-tinta\/\" \/>\n<meta property=\"og:locale\" content=\"pt_BR\" \/>\n<meta property=\"og:type\" content=\"article\" \/>\n<meta property=\"og:title\" content=\"Pintar o cabelo muito sujo atrapalha a tintura? \u201cA sujeira e o ac\u00famulo de produto podem bloquear a a\u00e7\u00e3o da tinta\u201d - Estado de Minas - Em foco\" \/>\n<meta property=\"og:description\" content=\"Pintar o cabelo sujo pode atrapalhar o resultado da cor. Especialistas explicam quando lavar os fios antes da colora\u00e7\u00e3o.\" \/>\n<meta property=\"og:url\" content=\"https:\/\/www.em.com.br\/emfoco\/2026\/03\/14\/pintar-o-cabelo-muito-sujo-atrapalha-a-tintura-a-sujeira-e-o-acumulo-de-produto-podem-bloquear-a-acao-da-tinta\/\" \/>\n<meta property=\"og:site_name\" content=\"Estado de Minas - Em foco\" \/>\n<meta property=\"article:published_time\" content=\"2026-03-14T22:25:00+00:00\" \/>\n<meta property=\"article:modified_time\" content=\"2026-03-14T01:40:18+00:00\" \/>\n<meta property=\"og:image\" content=\"https:\/\/www.em.com.br\/emfoco\/wp-content\/uploads\/2026\/03\/Gemini_Generated_Image_i2l8zqi2l8zqi2l8-1.png\" \/>\n\t<meta property=\"og:image:width\" content=\"1280\" \/>\n\t<meta property=\"og:image:height\" content=\"720\" \/>\n\t<meta property=\"og:image:type\" content=\"image\/png\" \/>\n<meta name=\"author\" content=\"Andre\u0301 Rangel\u00a0\" \/>\n<meta name=\"twitter:card\" content=\"summary_large_image\" \/>\n<meta name=\"twitter:label1\" content=\"Escrito por\" \/>\n\t<meta name=\"twitter:data1\" content=\"Andre\u0301 Rangel\u00a0\" \/>\n\t<meta name=\"twitter:label2\" content=\"Est. tempo de leitura\" \/>\n\t<meta name=\"twitter:data2\" content=\"5 minutos\" \/>\n<!-- \/ Yoast SEO plugin. -->","yoast_head_json":{"title":"Pintar o cabelo muito sujo atrapalha a tintura? \u201cA sujeira e o ac\u00famulo de produto podem bloquear a a\u00e7\u00e3o da tinta\u201d - Estado de Minas - Em foco","description":"Pintar o cabelo sujo pode atrapalhar o resultado da cor. Especialistas explicam quando lavar os fios antes da colora\u00e7\u00e3o.","robots":{"index":"index","follow":"follow","max-snippet":"max-snippet:-1","max-image-preview":"max-image-preview:large","max-video-preview":"max-video-preview:-1"},"canonical":"https:\/\/www.em.com.br\/emfoco\/2026\/03\/14\/pintar-o-cabelo-muito-sujo-atrapalha-a-tintura-a-sujeira-e-o-acumulo-de-produto-podem-bloquear-a-acao-da-tinta\/","og_locale":"pt_BR","og_type":"article","og_title":"Pintar o cabelo muito sujo atrapalha a tintura? \u201cA sujeira e o ac\u00famulo de produto podem bloquear a a\u00e7\u00e3o da tinta\u201d - Estado de Minas - Em foco","og_description":"Pintar o cabelo sujo pode atrapalhar o resultado da cor. Especialistas explicam quando lavar os fios antes da colora\u00e7\u00e3o.","og_url":"https:\/\/www.em.com.br\/emfoco\/2026\/03\/14\/pintar-o-cabelo-muito-sujo-atrapalha-a-tintura-a-sujeira-e-o-acumulo-de-produto-podem-bloquear-a-acao-da-tinta\/","og_site_name":"Estado de Minas - Em foco","article_published_time":"2026-03-14T22:25:00+00:00","article_modified_time":"2026-03-14T01:40:18+00:00","og_image":[{"width":1280,"height":720,"url":"https:\/\/www.em.com.br\/emfoco\/wp-content\/uploads\/2026\/03\/Gemini_Generated_Image_i2l8zqi2l8zqi2l8-1.png","type":"image\/png"}],"author":"Andre\u0301 Rangel\u00a0","twitter_card":"summary_large_image","twitter_misc":{"Escrito por":"Andre\u0301 Rangel\u00a0","Est. tempo de leitura":"5 minutos"},"schema":{"@context":"https:\/\/schema.org","@graph":[{"@type":"WebPage","@id":"https:\/\/www.em.com.br\/emfoco\/2026\/03\/14\/pintar-o-cabelo-muito-sujo-atrapalha-a-tintura-a-sujeira-e-o-acumulo-de-produto-podem-bloquear-a-acao-da-tinta\/","url":"https:\/\/www.em.com.br\/emfoco\/2026\/03\/14\/pintar-o-cabelo-muito-sujo-atrapalha-a-tintura-a-sujeira-e-o-acumulo-de-produto-podem-bloquear-a-acao-da-tinta\/","name":"Pintar o cabelo muito sujo atrapalha a tintura? \u201cA sujeira e o ac\u00famulo de produto podem bloquear a a\u00e7\u00e3o da tinta\u201d - Estado de Minas - Em foco","isPartOf":{"@id":"https:\/\/www.em.com.br\/emfoco\/#website"},"primaryImageOfPage":{"@id":"https:\/\/www.em.com.br\/emfoco\/2026\/03\/14\/pintar-o-cabelo-muito-sujo-atrapalha-a-tintura-a-sujeira-e-o-acumulo-de-produto-podem-bloquear-a-acao-da-tinta\/#primaryimage"},"image":{"@id":"https:\/\/www.em.com.br\/emfoco\/2026\/03\/14\/pintar-o-cabelo-muito-sujo-atrapalha-a-tintura-a-sujeira-e-o-acumulo-de-produto-podem-bloquear-a-acao-da-tinta\/#primaryimage"},"thumbnailUrl":"https:\/\/www.em.com.br\/emfoco\/wp-content\/uploads\/2026\/03\/Gemini_Generated_Image_i2l8zqi2l8zqi2l8-1.png","datePublished":"2026-03-14T22:25:00+00:00","dateModified":"2026-03-14T01:40:18+00:00","author":{"@id":"https:\/\/www.em.com.br\/emfoco\/#\/schema\/person\/60eda09c1fedf0d6891f4cef4b60b8b8"},"description":"Pintar o cabelo sujo pode atrapalhar o resultado da cor. Especialistas explicam quando lavar os fios antes da colora\u00e7\u00e3o.","breadcrumb":{"@id":"https:\/\/www.em.com.br\/emfoco\/2026\/03\/14\/pintar-o-cabelo-muito-sujo-atrapalha-a-tintura-a-sujeira-e-o-acumulo-de-produto-podem-bloquear-a-acao-da-tinta\/#breadcrumb"},"inLanguage":"pt-BR","potentialAction":[{"@type":"ReadAction","target":["https:\/\/www.em.com.br\/emfoco\/2026\/03\/14\/pintar-o-cabelo-muito-sujo-atrapalha-a-tintura-a-sujeira-e-o-acumulo-de-produto-podem-bloquear-a-acao-da-tinta\/"]}]},{"@type":"ImageObject","inLanguage":"pt-BR","@id":"https:\/\/www.em.com.br\/emfoco\/2026\/03\/14\/pintar-o-cabelo-muito-sujo-atrapalha-a-tintura-a-sujeira-e-o-acumulo-de-produto-podem-bloquear-a-acao-da-tinta\/#primaryimage","url":"https:\/\/www.em.com.br\/emfoco\/wp-content\/uploads\/2026\/03\/Gemini_Generated_Image_i2l8zqi2l8zqi2l8-1.png","contentUrl":"https:\/\/www.em.com.br\/emfoco\/wp-content\/uploads\/2026\/03\/Gemini_Generated_Image_i2l8zqi2l8zqi2l8-1.png","width":1280,"height":720,"caption":"Lavar o cabelo antes de pintar faz diferen\u00e7a no resultado"},{"@type":"BreadcrumbList","@id":"https:\/\/www.em.com.br\/emfoco\/2026\/03\/14\/pintar-o-cabelo-muito-sujo-atrapalha-a-tintura-a-sujeira-e-o-acumulo-de-produto-podem-bloquear-a-acao-da-tinta\/#breadcrumb","itemListElement":[{"@type":"ListItem","position":1,"name":"In\u00edcio","item":"https:\/\/www.em.com.br\/emfoco\/"},{"@type":"ListItem","position":2,"name":"Pintar o cabelo muito sujo atrapalha a tintura? \u201cA sujeira e o ac\u00famulo de produto podem bloquear a a\u00e7\u00e3o da tinta\u201d"}]},{"@type":"WebSite","@id":"https:\/\/www.em.com.br\/emfoco\/#website","url":"https:\/\/www.em.com.br\/emfoco\/","name":"Estado de Minas - Em foco","description":"Acompanhe as \u00faltimas not\u00edcias e fique bem informado sobre tudo o que acontece em Minas Gerais, Brasil e no mundo.","potentialAction":[{"@type":"SearchAction","target":{"@type":"EntryPoint","urlTemplate":"https:\/\/www.em.com.br\/emfoco\/?s={search_term_string}"},"query-input":{"@type":"PropertyValueSpecification","valueRequired":true,"valueName":"search_term_string"}}],"inLanguage":"pt-BR"},{"@type":"Person","@id":"https:\/\/www.em.com.br\/emfoco\/#\/schema\/person\/60eda09c1fedf0d6891f4cef4b60b8b8","name":"Andre\u0301 Rangel\u00a0","image":{"@type":"ImageObject","inLanguage":"pt-BR","@id":"https:\/\/www.em.com.br\/emfoco\/#\/schema\/person\/image\/","url":"https:\/\/secure.gravatar.com\/avatar\/6234dc814c77c8ef6d8bba622c787efc?s=96&d=mm&r=g","contentUrl":"https:\/\/secure.gravatar.com\/avatar\/6234dc814c77c8ef6d8bba622c787efc?s=96&d=mm&r=g","caption":"Andre\u0301 Rangel\u00a0"},"url":"https:\/\/www.em.com.br\/emfoco\/author\/luizmyth\/"}]}},"_links":{"self":[{"href":"https:\/\/www.em.com.br\/emfoco\/wp-json\/wp\/v2\/posts\/180545","targetHints":{"allow":["GET"]}}],"collection":[{"href":"https:\/\/www.em.com.br\/emfoco\/wp-json\/wp\/v2\/posts"}],"about":[{"href":"https:\/\/www.em.com.br\/emfoco\/wp-json\/wp\/v2\/types\/post"}],"author":[{"embeddable":true,"href":"https:\/\/www.em.com.br\/emfoco\/wp-json\/wp\/v2\/users\/11"}],"replies":[{"embeddable":true,"href":"https:\/\/www.em.com.br\/emfoco\/wp-json\/wp\/v2\/comments?post=180545"}],"version-history":[{"count":4,"href":"https:\/\/www.em.com.br\/emfoco\/wp-json\/wp\/v2\/posts\/180545\/revisions"}],"predecessor-version":[{"id":180569,"href":"https:\/\/www.em.com.br\/emfoco\/wp-json\/wp\/v2\/posts\/180545\/revisions\/180569"}],"wp:featuredmedia":[{"embeddable":true,"href":"https:\/\/www.em.com.br\/emfoco\/wp-json\/wp\/v2\/media\/180568"}],"wp:attachment":[{"href":"https:\/\/www.em.com.br\/emfoco\/wp-json\/wp\/v2\/media?parent=180545"}],"wp:term":[{"taxonomy":"category","embeddable":true,"href":"https:\/\/www.em.com.br\/emfoco\/wp-json\/wp\/v2\/categories?post=180545"},{"taxonomy":"post_tag","embeddable":true,"href":"https:\/\/www.em.com.br\/emfoco\/wp-json\/wp\/v2\/tags?post=180545"}],"curies":[{"name":"wp","href":"https:\/\/api.w.org\/{rel}","templated":true}]}}