{"id":180493,"date":"2026-03-13T10:05:00","date_gmt":"2026-03-13T13:05:00","guid":{"rendered":"https:\/\/www.em.com.br\/emfoco\/?p=180493"},"modified":"2026-03-12T23:49:11","modified_gmt":"2026-03-13T02:49:11","slug":"supermercado-tradicional-anuncia-encerramento-total-foi-uma-decisao-dificil-apos-anos-atendendo-a-comunidade","status":"publish","type":"post","link":"https:\/\/www.em.com.br\/emfoco\/2026\/03\/13\/supermercado-tradicional-anuncia-encerramento-total-foi-uma-decisao-dificil-apos-anos-atendendo-a-comunidade\/","title":{"rendered":"Supermercado tradicional anuncia encerramento total: \u201cFoi uma decis\u00e3o dif\u00edcil ap\u00f3s anos atendendo \u00e0 comunidade\u201d"},"content":{"rendered":"\n<p>O encerramento das opera\u00e7\u00f5es da rede de supermercados <strong>Spid <\/strong>na <strong>Col\u00f4mbia <\/strong>marca um ponto de virada no varejo alimentar do pa\u00eds, em um cen\u00e1rio em que grandes redes, lojas de bairro, descontos agressivos, conveni\u00eancia extrema e entregas r\u00e1pidas disputam a aten\u00e7\u00e3o de um consumidor cada vez mais conectado, exigente e sens\u00edvel a pre\u00e7o.<\/p>\n\n\n\n<h2 class=\"wp-block-heading\">Por que a Spid na Col\u00f4mbia encerrou suas atividades<\/h2>\n\n\n\n<p>A marca operava com lojas de proximidade em grandes centros, focadas em reposi\u00e7\u00e3o r\u00e1pida da despensa dom\u00e9stica e entregas em poucos minutos.<\/p>\n\n\n\n<p>Na pr\u00e1tica, o volume de pedidos e o t\u00edquete m\u00e9dio n\u00e3o compensaram os custos fixos elevados, especialmente em \u00e1reas urbanas valorizadas. A <a href=\"https:\/\/www.topsort.com\/pt\/customer-blog\/cencosud\" target=\"_blank\" rel=\"noreferrer noopener\">Cencosud <\/a>decidiu descontinuar a bandeira como parte de um redesenho do portf\u00f3lio, priorizando marcas mais robustas financeiramente e com modelos de neg\u00f3cio considerados mais previs\u00edveis.<\/p>\n\n\n\n<figure class=\"wp-block-image\"><img decoding=\"async\" src=\"https:\/\/www.em.com.br\/emfoco\/wp-content\/uploads\/2026\/01\/supermercado-fechado_1769030767898-1024x576.jpg\" alt=\"\"\/><figcaption class=\"wp-element-caption\">Supermercados tradicionais perdem espa\u00e7o &#8211; Cr\u00e9ditos: depositphotos.com \/ trongnguyen<\/figcaption><\/figure>\n\n\n\n<h2 class=\"wp-block-heading\">Como funcionava o modelo da Spid na Col\u00f4mbia e quais eram seus principais desafios<\/h2>\n\n\n\n<p>O modelo da&nbsp;<strong>Spid na Col\u00f4mbia<\/strong>&nbsp;combinava loja f\u00edsica compacta e opera\u00e7\u00e3o de \u201cquick commerce\u201d, com promessa de entrega r\u00e1pida e sortimento enxuto de itens b\u00e1sicos. A proposta era atender quem precisava repor poucos produtos, fugindo de deslocamentos longos at\u00e9 hipermercados.<\/p>\n\n\n\n<p>Entretanto, operar nesse formato exigia lidar com alugu\u00e9is altos, equipes enxutas, frota dedicada ou parceiros log\u00edsticos e estoques bem ajustados para evitar rupturas. Esse cen\u00e1rio pressionou a rentabilidade, principalmente em um mercado j\u00e1 acostumado a redes de baixo pre\u00e7o e forte competi\u00e7\u00e3o por conveni\u00eancia.<\/p>\n\n\n\n<h2 class=\"wp-block-heading\">Quais fatores de mercado pesaram contra a Spid na Col\u00f4mbia<\/h2>\n\n\n\n<p>O ambiente competitivo ficou mais intenso a partir de 2020, com a acelera\u00e7\u00e3o do consumo digital e a consolida\u00e7\u00e3o de redes de desconto como D1 e Ara. Essas bandeiras expandiram lojas, fortaleceram marcas pr\u00f3prias e ampliaram a percep\u00e7\u00e3o de valor em pre\u00e7o baixo para o consumidor colombiano.<\/p>\n\n\n\n<p>Ao mesmo tempo, grupos como <strong>\u00c9xito <\/strong>e <strong>Ol\u00edmpica <\/strong>refor\u00e7aram canais online, programas de fidelidade e parcerias com plataformas de delivery, criando um ecossistema em que a Spid disputava o mesmo or\u00e7amento com players de maior escala. Nesse contexto, diferentes formatos passaram a competir diretamente pela conveni\u00eancia do dia a dia:<\/p>\n\n\n\n<ul class=\"wp-block-list\">\n<li>Redes de desconto com grande capilaridade e forte foco em pre\u00e7o.<\/li>\n\n\n\n<li>Supermercados tradicionais investindo em e-commerce e apps pr\u00f3prios.<\/li>\n\n\n\n<li>Lojas de bairro preservando relacionamento e proximidade com o cliente.<\/li>\n\n\n\n<li>Plataformas de entrega reunindo m\u00faltiplos supermercados em um s\u00f3 app.<\/li>\n<\/ul>\n\n\n\n<figure class=\"wp-block-image\"><img decoding=\"async\" src=\"https:\/\/www.em.com.br\/emfoco\/wp-content\/uploads\/2025\/06\/supermercado-fechado_1751121985200-1024x576.jpg\" alt=\"\"\/><figcaption class=\"wp-element-caption\">Check out supermercado fechado &#8211; Cr\u00e9ditos: depositphotos.com \/ 4eX<\/figcaption><\/figure>\n\n\n\n<h2 class=\"wp-block-heading\">O que mudou na estrat\u00e9gia da Cencosud ap\u00f3s o fim da Spid na Col\u00f4mbia<\/h2>\n\n\n\n<p>Com o fim da Spid na Col\u00f4mbia, a Cencosud passou a direcionar capital e gest\u00e3o para formatos considerados mais s\u00f3lidos. Jumbo ficou focado em grandes <a href=\"https:\/\/www.em.com.br\/emfoco\/2026\/03\/04\/convencao-coletiva-faz-supermercados-fecharem-aos-domingos-e-consumidores-precisam-antecipar-compras\/\" target=\"_blank\" rel=\"noreferrer noopener\">compras <\/a>e portf\u00f3lio amplo, Metro no consumo frequente e Easy em casa e constru\u00e7\u00e3o, reduzindo sobreposi\u00e7\u00e3o entre marcas e conflitos internos por recursos.<\/p>\n\n\n\n<p>Parte importante desse movimento foi a realoca\u00e7\u00e3o de funcion\u00e1rios da Spid para outras opera\u00e7\u00f5es, preservando expertise em conveni\u00eancia e entregas r\u00e1pidas. O conhecimento acumulado sobre h\u00e1bitos de consumo em quick commerce e e-commerce alimentar tende a fortalecer os servi\u00e7os digitais das demais bandeiras do grupo.<\/p>\n\n\n\n<h2 class=\"wp-block-heading\">Quais li\u00e7\u00f5es a experi\u00eancia da Spid na Col\u00f4mbia deixa para o varejo alimentar<\/h2>\n\n\n\n<p>O caso da&nbsp;<strong>Spid na Col\u00f4mbia<\/strong>&nbsp;mostra que modelos de com\u00e9rcio ultrarr\u00e1pido dependem de alta densidade de pedidos, log\u00edstica extremamente enxuta e clara diferencia\u00e7\u00e3o em pre\u00e7o, servi\u00e7o ou experi\u00eancia. Em mercados maduros e competitivos, conveni\u00eancia e proximidade, sozinhas, n\u00e3o sustentam um neg\u00f3cio de forma duradoura.<\/p>\n\n\n\n<p>Para redes interessadas nesse tipo de opera\u00e7\u00e3o, a li\u00e7\u00e3o \u00e9 testar formatos em ciclos curtos, revisar custos com rigor e ajustar continuamente a proposta de valor antes de escalar. Se sua empresa atua ou pretende atuar em quick commerce, o momento de revisar estrat\u00e9gias, n\u00fameros e posicionamento \u00e9 agora, antes que a press\u00e3o competitiva torne a corre\u00e7\u00e3o de rota muito mais cara e arriscada.<\/p>\n\n\n\n<p><\/p>\n","protected":false},"excerpt":{"rendered":"<p>O encerramento das opera\u00e7\u00f5es da rede de supermercados Spid na Col\u00f4mbia marca um ponto de virada no varejo alimentar do pa\u00eds, em um cen\u00e1rio em que grandes redes, lojas de bairro, descontos agressivos, conveni\u00eancia extrema e entregas r\u00e1pidas disputam a aten\u00e7\u00e3o de um consumidor cada vez mais conectado, exigente e sens\u00edvel a pre\u00e7o. Por que [&hellip;]<\/p>\n","protected":false},"author":11,"featured_media":158401,"comment_status":"open","ping_status":"open","sticky":false,"template":"","format":"standard","meta":{"jnews-multi-image_gallery":[],"jnews_single_post":{"format":"standard"},"jnews_primary_category":[],"jnews_social_meta":[],"jnews_override_counter":[],"footnotes":""},"categories":[28,1],"tags":[794,10179,16557,15377],"class_list":["post-180493","post","type-post","status-publish","format-standard","has-post-thumbnail","hentry","category-economia","category-noticias","tag-encerramento","tag-fechamento","tag-fechamento-de-loja","tag-supermercado"],"yoast_head":"<!-- This site is optimized with the Yoast SEO plugin v23.8 - https:\/\/yoast.com\/wordpress\/plugins\/seo\/ -->\n<title>Supermercado tradicional anuncia encerramento total: \u201cFoi uma decis\u00e3o dif\u00edcil ap\u00f3s anos atendendo \u00e0 comunidade\u201d - Estado de Minas - Em foco<\/title>\n<meta name=\"description\" content=\"Um supermercado tradicional anunciou o encerramento total ap\u00f3s anos atendendo a comunidade. A decis\u00e3o surpreendeu clientes.\" \/>\n<meta name=\"robots\" content=\"index, follow, max-snippet:-1, max-image-preview:large, max-video-preview:-1\" \/>\n<link rel=\"canonical\" href=\"https:\/\/www.em.com.br\/emfoco\/2026\/03\/13\/supermercado-tradicional-anuncia-encerramento-total-foi-uma-decisao-dificil-apos-anos-atendendo-a-comunidade\/\" \/>\n<meta property=\"og:locale\" content=\"pt_BR\" \/>\n<meta property=\"og:type\" content=\"article\" \/>\n<meta property=\"og:title\" content=\"Supermercado tradicional anuncia encerramento total: \u201cFoi uma decis\u00e3o dif\u00edcil ap\u00f3s anos atendendo \u00e0 comunidade\u201d - Estado de Minas - Em foco\" \/>\n<meta property=\"og:description\" content=\"Um supermercado tradicional anunciou o encerramento total ap\u00f3s anos atendendo a comunidade. A decis\u00e3o surpreendeu clientes.\" \/>\n<meta property=\"og:url\" content=\"https:\/\/www.em.com.br\/emfoco\/2026\/03\/13\/supermercado-tradicional-anuncia-encerramento-total-foi-uma-decisao-dificil-apos-anos-atendendo-a-comunidade\/\" \/>\n<meta property=\"og:site_name\" content=\"Estado de Minas - Em foco\" \/>\n<meta property=\"article:published_time\" content=\"2026-03-13T13:05:00+00:00\" \/>\n<meta property=\"article:modified_time\" content=\"2026-03-13T02:49:11+00:00\" \/>\n<meta property=\"og:image\" content=\"https:\/\/www.em.com.br\/emfoco\/wp-content\/uploads\/2026\/01\/supermercado-fechado_1769030838997.jpg\" \/>\n\t<meta property=\"og:image:width\" content=\"1280\" \/>\n\t<meta property=\"og:image:height\" content=\"720\" \/>\n\t<meta property=\"og:image:type\" content=\"image\/jpeg\" \/>\n<meta name=\"author\" content=\"Andre\u0301 Rangel\u00a0\" \/>\n<meta name=\"twitter:card\" content=\"summary_large_image\" \/>\n<meta name=\"twitter:label1\" content=\"Escrito por\" \/>\n\t<meta name=\"twitter:data1\" content=\"Andre\u0301 Rangel\u00a0\" \/>\n\t<meta name=\"twitter:label2\" content=\"Est. tempo de leitura\" \/>\n\t<meta name=\"twitter:data2\" content=\"5 minutos\" \/>\n<!-- \/ Yoast SEO plugin. -->","yoast_head_json":{"title":"Supermercado tradicional anuncia encerramento total: \u201cFoi uma decis\u00e3o dif\u00edcil ap\u00f3s anos atendendo \u00e0 comunidade\u201d - Estado de Minas - Em foco","description":"Um supermercado tradicional anunciou o encerramento total ap\u00f3s anos atendendo a comunidade. A decis\u00e3o surpreendeu clientes.","robots":{"index":"index","follow":"follow","max-snippet":"max-snippet:-1","max-image-preview":"max-image-preview:large","max-video-preview":"max-video-preview:-1"},"canonical":"https:\/\/www.em.com.br\/emfoco\/2026\/03\/13\/supermercado-tradicional-anuncia-encerramento-total-foi-uma-decisao-dificil-apos-anos-atendendo-a-comunidade\/","og_locale":"pt_BR","og_type":"article","og_title":"Supermercado tradicional anuncia encerramento total: \u201cFoi uma decis\u00e3o dif\u00edcil ap\u00f3s anos atendendo \u00e0 comunidade\u201d - Estado de Minas - Em foco","og_description":"Um supermercado tradicional anunciou o encerramento total ap\u00f3s anos atendendo a comunidade. A decis\u00e3o surpreendeu clientes.","og_url":"https:\/\/www.em.com.br\/emfoco\/2026\/03\/13\/supermercado-tradicional-anuncia-encerramento-total-foi-uma-decisao-dificil-apos-anos-atendendo-a-comunidade\/","og_site_name":"Estado de Minas - Em foco","article_published_time":"2026-03-13T13:05:00+00:00","article_modified_time":"2026-03-13T02:49:11+00:00","og_image":[{"width":1280,"height":720,"url":"https:\/\/www.em.com.br\/emfoco\/wp-content\/uploads\/2026\/01\/supermercado-fechado_1769030838997.jpg","type":"image\/jpeg"}],"author":"Andre\u0301 Rangel\u00a0","twitter_card":"summary_large_image","twitter_misc":{"Escrito por":"Andre\u0301 Rangel\u00a0","Est. tempo de leitura":"5 minutos"},"schema":{"@context":"https:\/\/schema.org","@graph":[{"@type":"WebPage","@id":"https:\/\/www.em.com.br\/emfoco\/2026\/03\/13\/supermercado-tradicional-anuncia-encerramento-total-foi-uma-decisao-dificil-apos-anos-atendendo-a-comunidade\/","url":"https:\/\/www.em.com.br\/emfoco\/2026\/03\/13\/supermercado-tradicional-anuncia-encerramento-total-foi-uma-decisao-dificil-apos-anos-atendendo-a-comunidade\/","name":"Supermercado tradicional anuncia encerramento total: \u201cFoi uma decis\u00e3o dif\u00edcil ap\u00f3s anos atendendo \u00e0 comunidade\u201d - Estado de Minas - Em foco","isPartOf":{"@id":"https:\/\/www.em.com.br\/emfoco\/#website"},"primaryImageOfPage":{"@id":"https:\/\/www.em.com.br\/emfoco\/2026\/03\/13\/supermercado-tradicional-anuncia-encerramento-total-foi-uma-decisao-dificil-apos-anos-atendendo-a-comunidade\/#primaryimage"},"image":{"@id":"https:\/\/www.em.com.br\/emfoco\/2026\/03\/13\/supermercado-tradicional-anuncia-encerramento-total-foi-uma-decisao-dificil-apos-anos-atendendo-a-comunidade\/#primaryimage"},"thumbnailUrl":"https:\/\/www.em.com.br\/emfoco\/wp-content\/uploads\/2026\/01\/supermercado-fechado_1769030838997.jpg","datePublished":"2026-03-13T13:05:00+00:00","dateModified":"2026-03-13T02:49:11+00:00","author":{"@id":"https:\/\/www.em.com.br\/emfoco\/#\/schema\/person\/60eda09c1fedf0d6891f4cef4b60b8b8"},"description":"Um supermercado tradicional anunciou o encerramento total ap\u00f3s anos atendendo a comunidade. A decis\u00e3o surpreendeu clientes.","breadcrumb":{"@id":"https:\/\/www.em.com.br\/emfoco\/2026\/03\/13\/supermercado-tradicional-anuncia-encerramento-total-foi-uma-decisao-dificil-apos-anos-atendendo-a-comunidade\/#breadcrumb"},"inLanguage":"pt-BR","potentialAction":[{"@type":"ReadAction","target":["https:\/\/www.em.com.br\/emfoco\/2026\/03\/13\/supermercado-tradicional-anuncia-encerramento-total-foi-uma-decisao-dificil-apos-anos-atendendo-a-comunidade\/"]}]},{"@type":"ImageObject","inLanguage":"pt-BR","@id":"https:\/\/www.em.com.br\/emfoco\/2026\/03\/13\/supermercado-tradicional-anuncia-encerramento-total-foi-uma-decisao-dificil-apos-anos-atendendo-a-comunidade\/#primaryimage","url":"https:\/\/www.em.com.br\/emfoco\/wp-content\/uploads\/2026\/01\/supermercado-fechado_1769030838997.jpg","contentUrl":"https:\/\/www.em.com.br\/emfoco\/wp-content\/uploads\/2026\/01\/supermercado-fechado_1769030838997.jpg","width":1280,"height":720,"caption":"Supermercados tradicionais perdem espa\u00e7o - Cr\u00e9ditos: depositphotos.com \/ 4eX"},{"@type":"BreadcrumbList","@id":"https:\/\/www.em.com.br\/emfoco\/2026\/03\/13\/supermercado-tradicional-anuncia-encerramento-total-foi-uma-decisao-dificil-apos-anos-atendendo-a-comunidade\/#breadcrumb","itemListElement":[{"@type":"ListItem","position":1,"name":"In\u00edcio","item":"https:\/\/www.em.com.br\/emfoco\/"},{"@type":"ListItem","position":2,"name":"Supermercado tradicional anuncia encerramento total: \u201cFoi uma decis\u00e3o dif\u00edcil ap\u00f3s anos atendendo \u00e0 comunidade\u201d"}]},{"@type":"WebSite","@id":"https:\/\/www.em.com.br\/emfoco\/#website","url":"https:\/\/www.em.com.br\/emfoco\/","name":"Estado de Minas - Em foco","description":"Acompanhe as \u00faltimas not\u00edcias e fique bem informado sobre tudo o que acontece em Minas Gerais, Brasil e no mundo.","potentialAction":[{"@type":"SearchAction","target":{"@type":"EntryPoint","urlTemplate":"https:\/\/www.em.com.br\/emfoco\/?s={search_term_string}"},"query-input":{"@type":"PropertyValueSpecification","valueRequired":true,"valueName":"search_term_string"}}],"inLanguage":"pt-BR"},{"@type":"Person","@id":"https:\/\/www.em.com.br\/emfoco\/#\/schema\/person\/60eda09c1fedf0d6891f4cef4b60b8b8","name":"Andre\u0301 Rangel\u00a0","image":{"@type":"ImageObject","inLanguage":"pt-BR","@id":"https:\/\/www.em.com.br\/emfoco\/#\/schema\/person\/image\/","url":"https:\/\/secure.gravatar.com\/avatar\/6234dc814c77c8ef6d8bba622c787efc?s=96&d=mm&r=g","contentUrl":"https:\/\/secure.gravatar.com\/avatar\/6234dc814c77c8ef6d8bba622c787efc?s=96&d=mm&r=g","caption":"Andre\u0301 Rangel\u00a0"},"url":"https:\/\/www.em.com.br\/emfoco\/author\/luizmyth\/"}]}},"_links":{"self":[{"href":"https:\/\/www.em.com.br\/emfoco\/wp-json\/wp\/v2\/posts\/180493","targetHints":{"allow":["GET"]}}],"collection":[{"href":"https:\/\/www.em.com.br\/emfoco\/wp-json\/wp\/v2\/posts"}],"about":[{"href":"https:\/\/www.em.com.br\/emfoco\/wp-json\/wp\/v2\/types\/post"}],"author":[{"embeddable":true,"href":"https:\/\/www.em.com.br\/emfoco\/wp-json\/wp\/v2\/users\/11"}],"replies":[{"embeddable":true,"href":"https:\/\/www.em.com.br\/emfoco\/wp-json\/wp\/v2\/comments?post=180493"}],"version-history":[{"count":2,"href":"https:\/\/www.em.com.br\/emfoco\/wp-json\/wp\/v2\/posts\/180493\/revisions"}],"predecessor-version":[{"id":180498,"href":"https:\/\/www.em.com.br\/emfoco\/wp-json\/wp\/v2\/posts\/180493\/revisions\/180498"}],"wp:featuredmedia":[{"embeddable":true,"href":"https:\/\/www.em.com.br\/emfoco\/wp-json\/wp\/v2\/media\/158401"}],"wp:attachment":[{"href":"https:\/\/www.em.com.br\/emfoco\/wp-json\/wp\/v2\/media?parent=180493"}],"wp:term":[{"taxonomy":"category","embeddable":true,"href":"https:\/\/www.em.com.br\/emfoco\/wp-json\/wp\/v2\/categories?post=180493"},{"taxonomy":"post_tag","embeddable":true,"href":"https:\/\/www.em.com.br\/emfoco\/wp-json\/wp\/v2\/tags?post=180493"}],"curies":[{"name":"wp","href":"https:\/\/api.w.org\/{rel}","templated":true}]}}