{"id":180489,"date":"2026-03-12T13:45:00","date_gmt":"2026-03-12T16:45:00","guid":{"rendered":"https:\/\/www.em.com.br\/emfoco\/?p=180489"},"modified":"2026-03-11T22:27:19","modified_gmt":"2026-03-12T01:27:19","slug":"supermercados-como-assai-carrefour-e-atacadao-estao-adotando-novas-regras-de-transparencia-em-2026","status":"publish","type":"post","link":"https:\/\/www.em.com.br\/emfoco\/2026\/03\/12\/supermercados-como-assai-carrefour-e-atacadao-estao-adotando-novas-regras-de-transparencia-em-2026\/","title":{"rendered":"Supermercados como Assa\u00ed, Carrefour e Atacad\u00e3o est\u00e3o adotando novas regras de transpar\u00eancia em 2026"},"content":{"rendered":"\n<p>Os supermercados no <strong>Brasil <\/strong>entram em 2026 em meio a mudan\u00e7as regulat\u00f3rias que impactam diretamente o dia a dia de grandes redes como <strong>Assa\u00ed<\/strong>, <strong>Carrefour <\/strong>e <strong>Atacad\u00e3o<\/strong>. As novas regras elevam o n\u00edvel de transpar\u00eancia, governan\u00e7a e controles internos, afetando forma\u00e7\u00e3o de pre\u00e7os, gest\u00e3o de contratos e comunica\u00e7\u00e3o com o consumidor, em linha com a press\u00e3o de investidores, \u00f3rg\u00e3os de fiscaliza\u00e7\u00e3o e da sociedade por um varejo alimentar mais respons\u00e1vel, previs\u00edvel e confi\u00e1vel.<\/p>\n\n\n\n<h2 class=\"wp-block-heading\">Por que os supermercados enfrentam novas regras em 2026<\/h2>\n\n\n\n<p>A <strong>regulamenta\u00e7\u00e3o dos supermercados<\/strong> agora est\u00e1 mais rigorosa para acompanhar o crescimento e a complexidade das grandes redes. O varejo alimentar movimenta bilh\u00f5es de reais por ano e influencia diretamente o custo de vida da popula\u00e7\u00e3o, o que refor\u00e7a a necessidade de monitoramento estruturado e padroniza\u00e7\u00e3o de pr\u00e1ticas.<\/p>\n\n\n\n<p>As novas normas miram a&nbsp;<strong>forma\u00e7\u00e3o de pre\u00e7os<\/strong>, a gest\u00e3o de promo\u00e7\u00f5es e a clareza das informa\u00e7\u00f5es ao consumidor. \u00d3rg\u00e3os reguladores querem evitar pr\u00e1ticas pouco transparentes em descontos, programas de fidelidade e a\u00e7\u00f5es de marketing, enquanto investidores e credores exigem demonstra\u00e7\u00f5es financeiras mais detalhadas e controles internos capazes de mitigar riscos e falhas.<\/p>\n\n\n\n<figure class=\"wp-block-image\"><img decoding=\"async\" src=\"https:\/\/www.em.com.br\/emfoco\/wp-content\/uploads\/2026\/02\/Gemini_Generated_Image_x5w5bhx5w5bhx5w5-1-1024x576.png\" alt=\"\"\/><figcaption class=\"wp-element-caption\">A maior mudan\u00e7a nos supermercados dos \u00faltimos anos<\/figcaption><\/figure>\n\n\n\n<h2 class=\"wp-block-heading\">Como a governan\u00e7a em supermercados est\u00e1 sendo refor\u00e7ada em 2026<\/h2>\n\n\n\n<p>As redes l\u00edderes t\u00eam combinado tecnologia, revis\u00e3o de processos e fortalecimento de estruturas internas para atender \u00e0s exig\u00eancias de&nbsp;<strong>governan\u00e7a corporativa nos supermercados<\/strong>. O objetivo \u00e9 monitorar opera\u00e7\u00f5es de ponta a ponta, registrando decis\u00f5es, rastreando dados e respondendo rapidamente \u00e0s demandas de fiscaliza\u00e7\u00e3o e auditoria independente.<\/p>\n\n\n\n<p>Assa\u00ed, Carrefour e Atacad\u00e3o avan\u00e7am em sistemas integrados, revis\u00e3o de contratos e profissionaliza\u00e7\u00e3o de estruturas de&nbsp;<strong>compliance e auditoria<\/strong>, com equipes dedicadas a interpretar normas, orientar \u00e1reas de neg\u00f3cio e capacitar times operacionais com treinamentos cont\u00ednuos e obrigat\u00f3rios.<\/p>\n\n\n\n<ul class=\"wp-block-list\">\n<li><strong>Assa\u00ed<\/strong>: intensifica\u00e7\u00e3o de sistemas de gest\u00e3o de estoques e precifica\u00e7\u00e3o, com monitoramento automatizado de remarca\u00e7\u00f5es e promo\u00e7\u00f5es em tempo real.<\/li>\n\n\n\n<li><strong>Carrefour<\/strong>: amplia\u00e7\u00e3o de plataformas de an\u00e1lise de dados, integrando informa\u00e7\u00f5es financeiras, operacionais e de relacionamento com fornecedores.<\/li>\n\n\n\n<li><strong>Atacad\u00e3o<\/strong>: fortalecimento de rotinas de auditoria interna, com revis\u00f5es peri\u00f3dicas de contratos e padroniza\u00e7\u00e3o de fluxos de aprova\u00e7\u00e3o.<\/li>\n<\/ul>\n\n\n\n<h2 class=\"wp-block-heading\">Qual \u00e9 o papel da transpar\u00eancia para consumidores e fornecedores<\/h2>\n\n\n\n<p>A\u00a0<strong>transpar\u00eancia nos <\/strong><a href=\"https:\/\/www.em.com.br\/emfoco\/2026\/02\/17\/supermercado-popular-fecha-as-portas-16-lojas-encerram-atividades-e-196-funcionarios-perdem-o-emprego\/\" target=\"_blank\" rel=\"noreferrer noopener\"><strong>supermercados<\/strong>\u00a0<\/a>torna-se central na rela\u00e7\u00e3o com consumidores, fornecedores e reguladores, reduzindo conflitos e abrindo espa\u00e7o para concorr\u00eancia mais equilibrada. No ponto de venda, isso exige informa\u00e7\u00f5es objetivas sobre pre\u00e7os, descontos, validade de promo\u00e7\u00f5es, condi\u00e7\u00f5es de pagamento e regras de programas de pontos e cupons.<\/p>\n\n\n\n<p>Do lado dos fornecedores, contratos mais claros ajudam a definir obriga\u00e7\u00f5es de forma equilibrada, com cl\u00e1usulas documentadas sobre prazos de pagamento, bonifica\u00e7\u00f5es, metas e log\u00edstica. Esse movimento aproxima o setor das pr\u00e1ticas de&nbsp;<strong>com\u00e9rcio justo no varejo alimentar<\/strong>&nbsp;e reduz espa\u00e7o para disputas judiciais prolongadas e desgastantes.<\/p>\n\n\n\n<figure class=\"wp-block-image\"><img decoding=\"async\" src=\"https:\/\/www.em.com.br\/emfoco\/wp-content\/uploads\/2026\/01\/Gemini_Generated_Image_cm7wf9cm7wf9cm7w-1-1024x576.png\" alt=\"\"\/><figcaption class=\"wp-element-caption\">A regra mais importante para quem compra no atacarejo<\/figcaption><\/figure>\n\n\n\n<h2 class=\"wp-block-heading\">Quais benef\u00edcios estrat\u00e9gicos as redes podem obter com a nova regulamenta\u00e7\u00e3o<\/h2>\n\n\n\n<p>O novo arcabou\u00e7o regulat\u00f3rio tende a influenciar diretamente a&nbsp;<strong>competitividade dos supermercados brasileiros<\/strong>. Empresas que estruturarem bem seus controles internos poder\u00e3o reduzir perdas operacionais, evitar autua\u00e7\u00f5es, fortalecer sua imagem perante investidores e, com isso, destravar expans\u00e3o de lojas, investimentos em tecnologia e melhorias de infraestrutura.<\/p>\n\n\n\n<p>Ao combinar transpar\u00eancia, governan\u00e7a s\u00f3lida e rela\u00e7\u00f5es equilibradas com fornecedores, o varejo alimentar tende a se tornar mais est\u00e1vel e previs\u00edvel. Redes como Assa\u00ed, <a href=\"https:\/\/grupocarrefourbrasil.com.br\/\" target=\"_blank\" rel=\"noreferrer noopener\">Carrefour <\/a>e Atacad\u00e3o j\u00e1 sinalizam esse movimento ao priorizar dados, auditorias recorrentes e canais de di\u00e1logo com consumidores em tempo real.<\/p>\n\n\n\n<h2 class=\"wp-block-heading\">Como a transforma\u00e7\u00e3o regulat\u00f3ria redefine o futuro dos supermercados<\/h2>\n\n\n\n<p>A transforma\u00e7\u00e3o regulat\u00f3ria de 2026 vai al\u00e9m do simples cumprimento de regras: ela redefine padr\u00f5es de gest\u00e3o, consolida a confian\u00e7a nas grandes redes de supermercados e impulsiona um mercado mais previs\u00edvel, competitivo e alinhado \u00e0s demandas de transpar\u00eancia do varejo moderno no Brasil. Quem se antecipar, estruturando processos, sistemas e cultura de compliance, sair\u00e1 na frente na disputa por consumidores e capital.<\/p>\n\n\n\n<p>Este \u00e9 o momento de agir: redes que adiarem ajustes em governan\u00e7a, tecnologia e relacionamento com fornecedores correm o risco de ficar para tr\u00e1s em poucos meses. Aprimore j\u00e1 seus controles, revise contratos e fortale\u00e7a sua transpar\u00eancia antes que a press\u00e3o regulat\u00f3ria e do mercado se torne uma desvantagem irrevers\u00edvel.<\/p>\n","protected":false},"excerpt":{"rendered":"<p>Os supermercados no Brasil entram em 2026 em meio a mudan\u00e7as regulat\u00f3rias que impactam diretamente o dia a dia de grandes redes como Assa\u00ed, Carrefour e Atacad\u00e3o. As novas regras elevam o n\u00edvel de transpar\u00eancia, governan\u00e7a e controles internos, afetando forma\u00e7\u00e3o de pre\u00e7os, gest\u00e3o de contratos e comunica\u00e7\u00e3o com o consumidor, em linha com a [&hellip;]<\/p>\n","protected":false},"author":11,"featured_media":157675,"comment_status":"open","ping_status":"open","sticky":false,"template":"","format":"standard","meta":{"jnews-multi-image_gallery":[],"jnews_single_post":{"format":"standard"},"jnews_primary_category":[],"jnews_social_meta":[],"jnews_override_counter":[],"footnotes":""},"categories":[28,1],"tags":[8165,1553,853,15377,4411],"class_list":["post-180489","post","type-post","status-publish","format-standard","has-post-thumbnail","hentry","category-economia","category-noticias","tag-novas-regras","tag-precos","tag-setor-varejista","tag-supermercado","tag-transparencia"],"yoast_head":"<!-- This site is optimized with the Yoast SEO plugin v23.8 - https:\/\/yoast.com\/wordpress\/plugins\/seo\/ -->\n<title>Supermercados como Assa\u00ed, Carrefour e Atacad\u00e3o est\u00e3o adotando novas regras de transpar\u00eancia em 2026 - Estado de Minas - Em foco<\/title>\n<meta name=\"description\" content=\"Redes de supermercados como Assa\u00ed, Carrefour e Atacad\u00e3o refor\u00e7am compliance e auditoria para atender normas que impactam pre\u00e7os e gest\u00e3o.\" \/>\n<meta name=\"robots\" content=\"index, follow, max-snippet:-1, max-image-preview:large, max-video-preview:-1\" \/>\n<link rel=\"canonical\" href=\"https:\/\/www.em.com.br\/emfoco\/2026\/03\/12\/supermercados-como-assai-carrefour-e-atacadao-estao-adotando-novas-regras-de-transparencia-em-2026\/\" \/>\n<meta property=\"og:locale\" content=\"pt_BR\" \/>\n<meta property=\"og:type\" content=\"article\" \/>\n<meta property=\"og:title\" content=\"Supermercados como Assa\u00ed, Carrefour e Atacad\u00e3o est\u00e3o adotando novas regras de transpar\u00eancia em 2026 - Estado de Minas - Em foco\" \/>\n<meta property=\"og:description\" content=\"Redes de supermercados como Assa\u00ed, Carrefour e Atacad\u00e3o refor\u00e7am compliance e auditoria para atender normas que impactam pre\u00e7os e gest\u00e3o.\" \/>\n<meta property=\"og:url\" content=\"https:\/\/www.em.com.br\/emfoco\/2026\/03\/12\/supermercados-como-assai-carrefour-e-atacadao-estao-adotando-novas-regras-de-transparencia-em-2026\/\" \/>\n<meta property=\"og:site_name\" content=\"Estado de Minas - Em foco\" \/>\n<meta property=\"article:published_time\" content=\"2026-03-12T16:45:00+00:00\" \/>\n<meta property=\"article:modified_time\" content=\"2026-03-12T01:27:19+00:00\" \/>\n<meta property=\"og:image\" content=\"https:\/\/www.em.com.br\/emfoco\/wp-content\/uploads\/2026\/01\/Gemini_Generated_Image_h48txxh48txxh48t-1.png\" \/>\n\t<meta property=\"og:image:width\" content=\"1280\" \/>\n\t<meta property=\"og:image:height\" content=\"720\" \/>\n\t<meta property=\"og:image:type\" content=\"image\/png\" \/>\n<meta name=\"author\" content=\"Andre\u0301 Rangel\u00a0\" \/>\n<meta name=\"twitter:card\" content=\"summary_large_image\" \/>\n<meta name=\"twitter:label1\" content=\"Escrito por\" \/>\n\t<meta name=\"twitter:data1\" content=\"Andre\u0301 Rangel\u00a0\" \/>\n\t<meta name=\"twitter:label2\" content=\"Est. tempo de leitura\" \/>\n\t<meta name=\"twitter:data2\" content=\"5 minutos\" \/>\n<!-- \/ Yoast SEO plugin. -->","yoast_head_json":{"title":"Supermercados como Assa\u00ed, Carrefour e Atacad\u00e3o est\u00e3o adotando novas regras de transpar\u00eancia em 2026 - Estado de Minas - Em foco","description":"Redes de supermercados como Assa\u00ed, Carrefour e Atacad\u00e3o refor\u00e7am compliance e auditoria para atender normas que impactam pre\u00e7os e gest\u00e3o.","robots":{"index":"index","follow":"follow","max-snippet":"max-snippet:-1","max-image-preview":"max-image-preview:large","max-video-preview":"max-video-preview:-1"},"canonical":"https:\/\/www.em.com.br\/emfoco\/2026\/03\/12\/supermercados-como-assai-carrefour-e-atacadao-estao-adotando-novas-regras-de-transparencia-em-2026\/","og_locale":"pt_BR","og_type":"article","og_title":"Supermercados como Assa\u00ed, Carrefour e Atacad\u00e3o est\u00e3o adotando novas regras de transpar\u00eancia em 2026 - Estado de Minas - Em foco","og_description":"Redes de supermercados como Assa\u00ed, Carrefour e Atacad\u00e3o refor\u00e7am compliance e auditoria para atender normas que impactam pre\u00e7os e gest\u00e3o.","og_url":"https:\/\/www.em.com.br\/emfoco\/2026\/03\/12\/supermercados-como-assai-carrefour-e-atacadao-estao-adotando-novas-regras-de-transparencia-em-2026\/","og_site_name":"Estado de Minas - Em foco","article_published_time":"2026-03-12T16:45:00+00:00","article_modified_time":"2026-03-12T01:27:19+00:00","og_image":[{"width":1280,"height":720,"url":"https:\/\/www.em.com.br\/emfoco\/wp-content\/uploads\/2026\/01\/Gemini_Generated_Image_h48txxh48txxh48t-1.png","type":"image\/png"}],"author":"Andre\u0301 Rangel\u00a0","twitter_card":"summary_large_image","twitter_misc":{"Escrito por":"Andre\u0301 Rangel\u00a0","Est. tempo de leitura":"5 minutos"},"schema":{"@context":"https:\/\/schema.org","@graph":[{"@type":"WebPage","@id":"https:\/\/www.em.com.br\/emfoco\/2026\/03\/12\/supermercados-como-assai-carrefour-e-atacadao-estao-adotando-novas-regras-de-transparencia-em-2026\/","url":"https:\/\/www.em.com.br\/emfoco\/2026\/03\/12\/supermercados-como-assai-carrefour-e-atacadao-estao-adotando-novas-regras-de-transparencia-em-2026\/","name":"Supermercados como Assa\u00ed, Carrefour e Atacad\u00e3o est\u00e3o adotando novas regras de transpar\u00eancia em 2026 - Estado de Minas - Em foco","isPartOf":{"@id":"https:\/\/www.em.com.br\/emfoco\/#website"},"primaryImageOfPage":{"@id":"https:\/\/www.em.com.br\/emfoco\/2026\/03\/12\/supermercados-como-assai-carrefour-e-atacadao-estao-adotando-novas-regras-de-transparencia-em-2026\/#primaryimage"},"image":{"@id":"https:\/\/www.em.com.br\/emfoco\/2026\/03\/12\/supermercados-como-assai-carrefour-e-atacadao-estao-adotando-novas-regras-de-transparencia-em-2026\/#primaryimage"},"thumbnailUrl":"https:\/\/www.em.com.br\/emfoco\/wp-content\/uploads\/2026\/01\/Gemini_Generated_Image_h48txxh48txxh48t-1.png","datePublished":"2026-03-12T16:45:00+00:00","dateModified":"2026-03-12T01:27:19+00:00","author":{"@id":"https:\/\/www.em.com.br\/emfoco\/#\/schema\/person\/60eda09c1fedf0d6891f4cef4b60b8b8"},"description":"Redes de supermercados como Assa\u00ed, Carrefour e Atacad\u00e3o refor\u00e7am compliance e auditoria para atender normas que impactam pre\u00e7os e gest\u00e3o.","breadcrumb":{"@id":"https:\/\/www.em.com.br\/emfoco\/2026\/03\/12\/supermercados-como-assai-carrefour-e-atacadao-estao-adotando-novas-regras-de-transparencia-em-2026\/#breadcrumb"},"inLanguage":"pt-BR","potentialAction":[{"@type":"ReadAction","target":["https:\/\/www.em.com.br\/emfoco\/2026\/03\/12\/supermercados-como-assai-carrefour-e-atacadao-estao-adotando-novas-regras-de-transparencia-em-2026\/"]}]},{"@type":"ImageObject","inLanguage":"pt-BR","@id":"https:\/\/www.em.com.br\/emfoco\/2026\/03\/12\/supermercados-como-assai-carrefour-e-atacadao-estao-adotando-novas-regras-de-transparencia-em-2026\/#primaryimage","url":"https:\/\/www.em.com.br\/emfoco\/wp-content\/uploads\/2026\/01\/Gemini_Generated_Image_h48txxh48txxh48t-1.png","contentUrl":"https:\/\/www.em.com.br\/emfoco\/wp-content\/uploads\/2026\/01\/Gemini_Generated_Image_h48txxh48txxh48t-1.png","width":1280,"height":720,"caption":"A regra mais importante para quem compra no atacarejo"},{"@type":"BreadcrumbList","@id":"https:\/\/www.em.com.br\/emfoco\/2026\/03\/12\/supermercados-como-assai-carrefour-e-atacadao-estao-adotando-novas-regras-de-transparencia-em-2026\/#breadcrumb","itemListElement":[{"@type":"ListItem","position":1,"name":"In\u00edcio","item":"https:\/\/www.em.com.br\/emfoco\/"},{"@type":"ListItem","position":2,"name":"Supermercados como Assa\u00ed, Carrefour e Atacad\u00e3o est\u00e3o adotando novas regras de transpar\u00eancia em 2026"}]},{"@type":"WebSite","@id":"https:\/\/www.em.com.br\/emfoco\/#website","url":"https:\/\/www.em.com.br\/emfoco\/","name":"Estado de Minas - Em foco","description":"Acompanhe as \u00faltimas not\u00edcias e fique bem informado sobre tudo o que acontece em Minas Gerais, Brasil e no mundo.","potentialAction":[{"@type":"SearchAction","target":{"@type":"EntryPoint","urlTemplate":"https:\/\/www.em.com.br\/emfoco\/?s={search_term_string}"},"query-input":{"@type":"PropertyValueSpecification","valueRequired":true,"valueName":"search_term_string"}}],"inLanguage":"pt-BR"},{"@type":"Person","@id":"https:\/\/www.em.com.br\/emfoco\/#\/schema\/person\/60eda09c1fedf0d6891f4cef4b60b8b8","name":"Andre\u0301 Rangel\u00a0","image":{"@type":"ImageObject","inLanguage":"pt-BR","@id":"https:\/\/www.em.com.br\/emfoco\/#\/schema\/person\/image\/","url":"https:\/\/secure.gravatar.com\/avatar\/6234dc814c77c8ef6d8bba622c787efc?s=96&d=mm&r=g","contentUrl":"https:\/\/secure.gravatar.com\/avatar\/6234dc814c77c8ef6d8bba622c787efc?s=96&d=mm&r=g","caption":"Andre\u0301 Rangel\u00a0"},"url":"https:\/\/www.em.com.br\/emfoco\/author\/luizmyth\/"}]}},"_links":{"self":[{"href":"https:\/\/www.em.com.br\/emfoco\/wp-json\/wp\/v2\/posts\/180489","targetHints":{"allow":["GET"]}}],"collection":[{"href":"https:\/\/www.em.com.br\/emfoco\/wp-json\/wp\/v2\/posts"}],"about":[{"href":"https:\/\/www.em.com.br\/emfoco\/wp-json\/wp\/v2\/types\/post"}],"author":[{"embeddable":true,"href":"https:\/\/www.em.com.br\/emfoco\/wp-json\/wp\/v2\/users\/11"}],"replies":[{"embeddable":true,"href":"https:\/\/www.em.com.br\/emfoco\/wp-json\/wp\/v2\/comments?post=180489"}],"version-history":[{"count":3,"href":"https:\/\/www.em.com.br\/emfoco\/wp-json\/wp\/v2\/posts\/180489\/revisions"}],"predecessor-version":[{"id":180492,"href":"https:\/\/www.em.com.br\/emfoco\/wp-json\/wp\/v2\/posts\/180489\/revisions\/180492"}],"wp:featuredmedia":[{"embeddable":true,"href":"https:\/\/www.em.com.br\/emfoco\/wp-json\/wp\/v2\/media\/157675"}],"wp:attachment":[{"href":"https:\/\/www.em.com.br\/emfoco\/wp-json\/wp\/v2\/media?parent=180489"}],"wp:term":[{"taxonomy":"category","embeddable":true,"href":"https:\/\/www.em.com.br\/emfoco\/wp-json\/wp\/v2\/categories?post=180489"},{"taxonomy":"post_tag","embeddable":true,"href":"https:\/\/www.em.com.br\/emfoco\/wp-json\/wp\/v2\/tags?post=180489"}],"curies":[{"name":"wp","href":"https:\/\/api.w.org\/{rel}","templated":true}]}}