{"id":180485,"date":"2026-03-12T10:05:00","date_gmt":"2026-03-12T13:05:00","guid":{"rendered":"https:\/\/www.em.com.br\/emfoco\/?p=180485"},"modified":"2026-03-11T22:25:03","modified_gmt":"2026-03-12T01:25:03","slug":"apos-180-anos-de-tradicao-fabrica-historica-se-despede-nossos-produtos-fizeram-parte-da-vida-de-muitas-familias","status":"publish","type":"post","link":"https:\/\/www.em.com.br\/emfoco\/2026\/03\/12\/apos-180-anos-de-tradicao-fabrica-historica-se-despede-nossos-produtos-fizeram-parte-da-vida-de-muitas-familias\/","title":{"rendered":"Ap\u00f3s 180 anos de tradi\u00e7\u00e3o, f\u00e1brica hist\u00f3rica se despede: \u201cNossos produtos fizeram parte da vida de muitas fam\u00edlias\u201d"},"content":{"rendered":"\n<p>O encerramento das atividades da f\u00e1brica de lou\u00e7a <strong>La Cartuja de Sevilla<\/strong>, anunciado em outubro de 2024, reacendeu o debate sobre o futuro da cer\u00e2mica tradicional na Espanha em um cen\u00e1rio de custos altos, mudan\u00e7as tecnol\u00f3gicas aceleradas e novos h\u00e1bitos de consumo. Mais do que o fechamento de uma ind\u00fastria com quase dois s\u00e9culos de hist\u00f3ria, trata-se da amea\u00e7a a um s\u00edmbolo profundamente ligado \u00e0 mem\u00f3ria coletiva, \u00e0s tradi\u00e7\u00f5es dom\u00e9sticas e \u00e0 constru\u00e7\u00e3o da identidade da cer\u00e2mica espanhola no mundo.<\/p>\n\n\n\n<h2 class=\"wp-block-heading\">Como come\u00e7ou a hist\u00f3ria de La Cartuja de Sevilla \u00e0s margens do Guadalquivir<\/h2>\n\n\n\n<p>A origem de&nbsp;<strong><a href=\"https:\/\/lacartujadesevilla.com\/\" target=\"_blank\" rel=\"noreferrer noopener\">La Cartuja de Sevilla<\/a><\/strong>&nbsp;remonta a 1841, em uma antiga \u00e1rea mon\u00e1stica \u00e0s margens do rio Guadalquivir, em Sevilha. Em plena expans\u00e3o da cer\u00e2mica europeia e sob forte influ\u00eancia da porcelana inglesa, a f\u00e1brica se destacou ao combinar esse legado t\u00e9cnico com motivos andaluzes, cores intensas e um cuidadoso trabalho de estamparia.<\/p>\n\n\n\n<p>Ao longo das d\u00e9cadas, consolidou um cat\u00e1logo de servi\u00e7os de mesa, travessas, ch\u00e1venas e pe\u00e7as decorativas facilmente reconhec\u00edveis por selos e desenhos seriados. Mesmo atravessando guerras, crises econ\u00f4micas e mudan\u00e7as pol\u00edticas no s\u00e9culo XX, a empresa preservou sua reputa\u00e7\u00e3o de qualidade e passou a ocupar tanto o cotidiano dom\u00e9stico quanto cole\u00e7\u00f5es privadas e acervos institucionais.<\/p>\n\n\n\n<blockquote class=\"instagram-media\" data-instgrm-captioned data-instgrm-permalink=\"https:\/\/www.instagram.com\/p\/DIavaUwgD-Q\/?utm_source=ig_embed&amp;utm_campaign=loading\" data-instgrm-version=\"14\" style=\" background:#FFF; border:0; border-radius:3px; box-shadow:0 0 1px 0 rgba(0,0,0,0.5),0 1px 10px 0 rgba(0,0,0,0.15); margin: 1px; max-width:540px; min-width:326px; padding:0; width:99.375%; width:-webkit-calc(100% - 2px); width:calc(100% - 2px);\"><div style=\"padding:16px;\"> <a href=\"https:\/\/www.instagram.com\/p\/DIavaUwgD-Q\/?utm_source=ig_embed&amp;utm_campaign=loading\" style=\" background:#FFFFFF; line-height:0; padding:0 0; text-align:center; text-decoration:none; width:100%;\" target=\"_blank\"> <div style=\" display: flex; flex-direction: row; align-items: center;\"> <div style=\"background-color: #F4F4F4; border-radius: 50%; flex-grow: 0; height: 40px; margin-right: 14px; width: 40px;\"><\/div> <div style=\"display: flex; flex-direction: column; flex-grow: 1; justify-content: center;\"> <div style=\" background-color: #F4F4F4; border-radius: 4px; flex-grow: 0; height: 14px; margin-bottom: 6px; width: 100px;\"><\/div> <div style=\" background-color: #F4F4F4; border-radius: 4px; flex-grow: 0; height: 14px; width: 60px;\"><\/div><\/div><\/div><div style=\"padding: 19% 0;\"><\/div> <div style=\"display:block; height:50px; margin:0 auto 12px; width:50px;\"><svg width=\"50px\" height=\"50px\" viewBox=\"0 0 60 60\" version=\"1.1\" xmlns=\"https:\/\/www.w3.org\/2000\/svg\" xmlns:xlink=\"https:\/\/www.w3.org\/1999\/xlink\"><g stroke=\"none\" stroke-width=\"1\" fill=\"none\" fill-rule=\"evenodd\"><g transform=\"translate(-511.000000, -20.000000)\" fill=\"#000000\"><g><path d=\"M556.869,30.41 C554.814,30.41 553.148,32.076 553.148,34.131 C553.148,36.186 554.814,37.852 556.869,37.852 C558.924,37.852 560.59,36.186 560.59,34.131 C560.59,32.076 558.924,30.41 556.869,30.41 M541,60.657 C535.114,60.657 530.342,55.887 530.342,50 C530.342,44.114 535.114,39.342 541,39.342 C546.887,39.342 551.658,44.114 551.658,50 C551.658,55.887 546.887,60.657 541,60.657 M541,33.886 C532.1,33.886 524.886,41.1 524.886,50 C524.886,58.899 532.1,66.113 541,66.113 C549.9,66.113 557.115,58.899 557.115,50 C557.115,41.1 549.9,33.886 541,33.886 M565.378,62.101 C565.244,65.022 564.756,66.606 564.346,67.663 C563.803,69.06 563.154,70.057 562.106,71.106 C561.058,72.155 560.06,72.803 558.662,73.347 C557.607,73.757 556.021,74.244 553.102,74.378 C549.944,74.521 548.997,74.552 541,74.552 C533.003,74.552 532.056,74.521 528.898,74.378 C525.979,74.244 524.393,73.757 523.338,73.347 C521.94,72.803 520.942,72.155 519.894,71.106 C518.846,70.057 518.197,69.06 517.654,67.663 C517.244,66.606 516.755,65.022 516.623,62.101 C516.479,58.943 516.448,57.996 516.448,50 C516.448,42.003 516.479,41.056 516.623,37.899 C516.755,34.978 517.244,33.391 517.654,32.338 C518.197,30.938 518.846,29.942 519.894,28.894 C520.942,27.846 521.94,27.196 523.338,26.654 C524.393,26.244 525.979,25.756 528.898,25.623 C532.057,25.479 533.004,25.448 541,25.448 C548.997,25.448 549.943,25.479 553.102,25.623 C556.021,25.756 557.607,26.244 558.662,26.654 C560.06,27.196 561.058,27.846 562.106,28.894 C563.154,29.942 563.803,30.938 564.346,32.338 C564.756,33.391 565.244,34.978 565.378,37.899 C565.522,41.056 565.552,42.003 565.552,50 C565.552,57.996 565.522,58.943 565.378,62.101 M570.82,37.631 C570.674,34.438 570.167,32.258 569.425,30.349 C568.659,28.377 567.633,26.702 565.965,25.035 C564.297,23.368 562.623,22.342 560.652,21.575 C558.743,20.834 556.562,20.326 553.369,20.18 C550.169,20.033 549.148,20 541,20 C532.853,20 531.831,20.033 528.631,20.18 C525.438,20.326 523.257,20.834 521.349,21.575 C519.376,22.342 517.703,23.368 516.035,25.035 C514.368,26.702 513.342,28.377 512.574,30.349 C511.834,32.258 511.326,34.438 511.181,37.631 C511.035,40.831 511,41.851 511,50 C511,58.147 511.035,59.17 511.181,62.369 C511.326,65.562 511.834,67.743 512.574,69.651 C513.342,71.625 514.368,73.296 516.035,74.965 C517.703,76.634 519.376,77.658 521.349,78.425 C523.257,79.167 525.438,79.673 528.631,79.82 C531.831,79.965 532.853,80.001 541,80.001 C549.148,80.001 550.169,79.965 553.369,79.82 C556.562,79.673 558.743,79.167 560.652,78.425 C562.623,77.658 564.297,76.634 565.965,74.965 C567.633,73.296 568.659,71.625 569.425,69.651 C570.167,67.743 570.674,65.562 570.82,62.369 C570.966,59.17 571,58.147 571,50 C571,41.851 570.966,40.831 570.82,37.631\"><\/path><\/g><\/g><\/g><\/svg><\/div><div style=\"padding-top: 8px;\"> <div style=\" color:#3897f0; font-family:Arial,sans-serif; font-size:14px; font-style:normal; font-weight:550; line-height:18px;\">Ver essa foto no Instagram<\/div><\/div><div style=\"padding: 12.5% 0;\"><\/div> <div style=\"display: flex; flex-direction: row; margin-bottom: 14px; align-items: center;\"><div> <div style=\"background-color: #F4F4F4; border-radius: 50%; height: 12.5px; width: 12.5px; transform: translateX(0px) translateY(7px);\"><\/div> <div style=\"background-color: #F4F4F4; height: 12.5px; transform: rotate(-45deg) translateX(3px) translateY(1px); width: 12.5px; flex-grow: 0; margin-right: 14px; margin-left: 2px;\"><\/div> <div style=\"background-color: #F4F4F4; border-radius: 50%; height: 12.5px; width: 12.5px; transform: translateX(9px) translateY(-18px);\"><\/div><\/div><div style=\"margin-left: 8px;\"> <div style=\" background-color: #F4F4F4; border-radius: 50%; flex-grow: 0; height: 20px; width: 20px;\"><\/div> <div style=\" width: 0; height: 0; border-top: 2px solid transparent; border-left: 6px solid #f4f4f4; border-bottom: 2px solid transparent; transform: translateX(16px) translateY(-4px) rotate(30deg)\"><\/div><\/div><div style=\"margin-left: auto;\"> <div style=\" width: 0px; border-top: 8px solid #F4F4F4; border-right: 8px solid transparent; transform: translateY(16px);\"><\/div> <div style=\" background-color: #F4F4F4; flex-grow: 0; height: 12px; width: 16px; transform: translateY(-4px);\"><\/div> <div style=\" width: 0; height: 0; border-top: 8px solid #F4F4F4; border-left: 8px solid transparent; transform: translateY(-4px) translateX(8px);\"><\/div><\/div><\/div> <div style=\"display: flex; flex-direction: column; flex-grow: 1; justify-content: center; margin-bottom: 24px;\"> <div style=\" background-color: #F4F4F4; border-radius: 4px; flex-grow: 0; height: 14px; margin-bottom: 6px; width: 224px;\"><\/div> <div style=\" background-color: #F4F4F4; border-radius: 4px; flex-grow: 0; height: 14px; width: 144px;\"><\/div><\/div><\/a><p style=\" color:#c9c8cd; font-family:Arial,sans-serif; font-size:14px; line-height:17px; margin-bottom:0; margin-top:8px; overflow:hidden; padding:8px 0 7px; text-align:center; text-overflow:ellipsis; white-space:nowrap;\"><a href=\"https:\/\/www.instagram.com\/p\/DIavaUwgD-Q\/?utm_source=ig_embed&amp;utm_campaign=loading\" style=\" color:#c9c8cd; font-family:Arial,sans-serif; font-size:14px; font-style:normal; font-weight:normal; line-height:17px; text-decoration:none;\" target=\"_blank\">Um post compartilhado por La Cartuja de Sevilla (@cartujadesevilla)<\/a><\/p><\/div><\/blockquote>\n<script async src=\"\/\/www.instagram.com\/embed.js\"><\/script>\n\n\n\n<h2 class=\"wp-block-heading\">Por que La Cartuja de Sevilla se tornou um \u00edcone de prest\u00edgio e mem\u00f3ria<\/h2>\n\n\n\n<p>Ao longo de gera\u00e7\u00f5es, conjuntos de lou\u00e7a da&nbsp;<strong>La Cartuja de Sevilla<\/strong>&nbsp;foram herdados, oferecidos como presentes de casamento e usados em ocasi\u00f5es especiais. Em muitas casas, a marca se associa a almo\u00e7os de fam\u00edlia, festas religiosas e datas comemorativas, transformando as pe\u00e7as em refer\u00eancias de identidade, continuidade e pertencimento.<\/p>\n\n\n\n<p>Esse valor simb\u00f3lico foi ampliado por s\u00e9ries limitadas, reedi\u00e7\u00f5es hist\u00f3ricas e colabora\u00e7\u00f5es com designers, que refor\u00e7aram o prest\u00edgio e o interesse de colecionadores e consumidores atentos \u00e0 est\u00e9tica. Assim, a lou\u00e7a deixou de ser apenas utens\u00edlio funcional para ocupar lugar de destaque na decora\u00e7\u00e3o, em resid\u00eancias de prest\u00edgio e em espa\u00e7os oficiais, como sinal de cuidado est\u00e9tico e status social.<\/p>\n\n\n\n<ul class=\"wp-block-list\">\n<li><strong>Valor afetivo:<\/strong>&nbsp;lembran\u00e7as de eventos familiares e rituais de encontro.<\/li>\n\n\n\n<li><strong>Valor cultural:<\/strong>&nbsp;express\u00e3o da tradi\u00e7\u00e3o cer\u00e2mica andaluza e espanhola.<\/li>\n\n\n\n<li><strong>Valor de mercado:<\/strong>&nbsp;pe\u00e7as disputadas por colecionadores e antiqu\u00e1rios.<\/li>\n<\/ul>\n\n\n\n<blockquote class=\"instagram-media\" data-instgrm-captioned data-instgrm-permalink=\"https:\/\/www.instagram.com\/p\/C-Hj4InNlVE\/?utm_source=ig_embed&amp;utm_campaign=loading\" data-instgrm-version=\"14\" style=\" background:#FFF; border:0; border-radius:3px; box-shadow:0 0 1px 0 rgba(0,0,0,0.5),0 1px 10px 0 rgba(0,0,0,0.15); margin: 1px; max-width:540px; min-width:326px; padding:0; width:99.375%; width:-webkit-calc(100% - 2px); width:calc(100% - 2px);\"><div style=\"padding:16px;\"> <a href=\"https:\/\/www.instagram.com\/p\/C-Hj4InNlVE\/?utm_source=ig_embed&amp;utm_campaign=loading\" style=\" background:#FFFFFF; line-height:0; padding:0 0; text-align:center; text-decoration:none; width:100%;\" target=\"_blank\"> <div style=\" display: flex; flex-direction: row; align-items: center;\"> <div style=\"background-color: #F4F4F4; border-radius: 50%; flex-grow: 0; height: 40px; margin-right: 14px; width: 40px;\"><\/div> <div style=\"display: flex; flex-direction: column; flex-grow: 1; justify-content: center;\"> <div style=\" background-color: #F4F4F4; border-radius: 4px; flex-grow: 0; height: 14px; margin-bottom: 6px; width: 100px;\"><\/div> <div style=\" background-color: #F4F4F4; border-radius: 4px; flex-grow: 0; height: 14px; width: 60px;\"><\/div><\/div><\/div><div style=\"padding: 19% 0;\"><\/div> <div style=\"display:block; height:50px; margin:0 auto 12px; width:50px;\"><svg width=\"50px\" height=\"50px\" viewBox=\"0 0 60 60\" version=\"1.1\" xmlns=\"https:\/\/www.w3.org\/2000\/svg\" xmlns:xlink=\"https:\/\/www.w3.org\/1999\/xlink\"><g stroke=\"none\" stroke-width=\"1\" fill=\"none\" fill-rule=\"evenodd\"><g transform=\"translate(-511.000000, -20.000000)\" fill=\"#000000\"><g><path d=\"M556.869,30.41 C554.814,30.41 553.148,32.076 553.148,34.131 C553.148,36.186 554.814,37.852 556.869,37.852 C558.924,37.852 560.59,36.186 560.59,34.131 C560.59,32.076 558.924,30.41 556.869,30.41 M541,60.657 C535.114,60.657 530.342,55.887 530.342,50 C530.342,44.114 535.114,39.342 541,39.342 C546.887,39.342 551.658,44.114 551.658,50 C551.658,55.887 546.887,60.657 541,60.657 M541,33.886 C532.1,33.886 524.886,41.1 524.886,50 C524.886,58.899 532.1,66.113 541,66.113 C549.9,66.113 557.115,58.899 557.115,50 C557.115,41.1 549.9,33.886 541,33.886 M565.378,62.101 C565.244,65.022 564.756,66.606 564.346,67.663 C563.803,69.06 563.154,70.057 562.106,71.106 C561.058,72.155 560.06,72.803 558.662,73.347 C557.607,73.757 556.021,74.244 553.102,74.378 C549.944,74.521 548.997,74.552 541,74.552 C533.003,74.552 532.056,74.521 528.898,74.378 C525.979,74.244 524.393,73.757 523.338,73.347 C521.94,72.803 520.942,72.155 519.894,71.106 C518.846,70.057 518.197,69.06 517.654,67.663 C517.244,66.606 516.755,65.022 516.623,62.101 C516.479,58.943 516.448,57.996 516.448,50 C516.448,42.003 516.479,41.056 516.623,37.899 C516.755,34.978 517.244,33.391 517.654,32.338 C518.197,30.938 518.846,29.942 519.894,28.894 C520.942,27.846 521.94,27.196 523.338,26.654 C524.393,26.244 525.979,25.756 528.898,25.623 C532.057,25.479 533.004,25.448 541,25.448 C548.997,25.448 549.943,25.479 553.102,25.623 C556.021,25.756 557.607,26.244 558.662,26.654 C560.06,27.196 561.058,27.846 562.106,28.894 C563.154,29.942 563.803,30.938 564.346,32.338 C564.756,33.391 565.244,34.978 565.378,37.899 C565.522,41.056 565.552,42.003 565.552,50 C565.552,57.996 565.522,58.943 565.378,62.101 M570.82,37.631 C570.674,34.438 570.167,32.258 569.425,30.349 C568.659,28.377 567.633,26.702 565.965,25.035 C564.297,23.368 562.623,22.342 560.652,21.575 C558.743,20.834 556.562,20.326 553.369,20.18 C550.169,20.033 549.148,20 541,20 C532.853,20 531.831,20.033 528.631,20.18 C525.438,20.326 523.257,20.834 521.349,21.575 C519.376,22.342 517.703,23.368 516.035,25.035 C514.368,26.702 513.342,28.377 512.574,30.349 C511.834,32.258 511.326,34.438 511.181,37.631 C511.035,40.831 511,41.851 511,50 C511,58.147 511.035,59.17 511.181,62.369 C511.326,65.562 511.834,67.743 512.574,69.651 C513.342,71.625 514.368,73.296 516.035,74.965 C517.703,76.634 519.376,77.658 521.349,78.425 C523.257,79.167 525.438,79.673 528.631,79.82 C531.831,79.965 532.853,80.001 541,80.001 C549.148,80.001 550.169,79.965 553.369,79.82 C556.562,79.673 558.743,79.167 560.652,78.425 C562.623,77.658 564.297,76.634 565.965,74.965 C567.633,73.296 568.659,71.625 569.425,69.651 C570.167,67.743 570.674,65.562 570.82,62.369 C570.966,59.17 571,58.147 571,50 C571,41.851 570.966,40.831 570.82,37.631\"><\/path><\/g><\/g><\/g><\/svg><\/div><div style=\"padding-top: 8px;\"> <div style=\" color:#3897f0; font-family:Arial,sans-serif; font-size:14px; font-style:normal; font-weight:550; line-height:18px;\">Ver essa foto no Instagram<\/div><\/div><div style=\"padding: 12.5% 0;\"><\/div> <div style=\"display: flex; flex-direction: row; margin-bottom: 14px; align-items: center;\"><div> <div style=\"background-color: #F4F4F4; border-radius: 50%; height: 12.5px; width: 12.5px; transform: translateX(0px) translateY(7px);\"><\/div> <div style=\"background-color: #F4F4F4; height: 12.5px; transform: rotate(-45deg) translateX(3px) translateY(1px); width: 12.5px; flex-grow: 0; margin-right: 14px; margin-left: 2px;\"><\/div> <div style=\"background-color: #F4F4F4; border-radius: 50%; height: 12.5px; width: 12.5px; transform: translateX(9px) translateY(-18px);\"><\/div><\/div><div style=\"margin-left: 8px;\"> <div style=\" background-color: #F4F4F4; border-radius: 50%; flex-grow: 0; height: 20px; width: 20px;\"><\/div> <div style=\" width: 0; height: 0; border-top: 2px solid transparent; border-left: 6px solid #f4f4f4; border-bottom: 2px solid transparent; transform: translateX(16px) translateY(-4px) rotate(30deg)\"><\/div><\/div><div style=\"margin-left: auto;\"> <div style=\" width: 0px; border-top: 8px solid #F4F4F4; border-right: 8px solid transparent; transform: translateY(16px);\"><\/div> <div style=\" background-color: #F4F4F4; flex-grow: 0; height: 12px; width: 16px; transform: translateY(-4px);\"><\/div> <div style=\" width: 0; height: 0; border-top: 8px solid #F4F4F4; border-left: 8px solid transparent; transform: translateY(-4px) translateX(8px);\"><\/div><\/div><\/div> <div style=\"display: flex; flex-direction: column; flex-grow: 1; justify-content: center; margin-bottom: 24px;\"> <div style=\" background-color: #F4F4F4; border-radius: 4px; flex-grow: 0; height: 14px; margin-bottom: 6px; width: 224px;\"><\/div> <div style=\" background-color: #F4F4F4; border-radius: 4px; flex-grow: 0; height: 14px; width: 144px;\"><\/div><\/div><\/a><p style=\" color:#c9c8cd; font-family:Arial,sans-serif; font-size:14px; line-height:17px; margin-bottom:0; margin-top:8px; overflow:hidden; padding:8px 0 7px; text-align:center; text-overflow:ellipsis; white-space:nowrap;\"><a href=\"https:\/\/www.instagram.com\/p\/C-Hj4InNlVE\/?utm_source=ig_embed&amp;utm_campaign=loading\" style=\" color:#c9c8cd; font-family:Arial,sans-serif; font-size:14px; font-style:normal; font-weight:normal; line-height:17px; text-decoration:none;\" target=\"_blank\">Um post compartilhado por La Cartuja de Sevilla (@cartujadesevilla)<\/a><\/p><\/div><\/blockquote>\n<script async src=\"\/\/www.instagram.com\/embed.js\"><\/script>\n\n\n\n<h2 class=\"wp-block-heading\">Quais fatores explicam o encerramento da produ\u00e7\u00e3o em 2024<\/h2>\n\n\n\n<p>O fim da atividade industrial de&nbsp;<strong>La Cartuja de Sevilla<\/strong>&nbsp;em 2024 resulta da combina\u00e7\u00e3o de altos custos de energia, endividamento com \u00f3rg\u00e3os p\u00fablicos, dificuldade de acesso a cr\u00e9dito e necessidade urgente de moderniza\u00e7\u00e3o. Esse cen\u00e1rio reduziu a margem para investir em inova\u00e7\u00e3o e para adaptar um parque fabril antigo \u00e0s novas exig\u00eancias ambientais e produtivas.<\/p>\n\n\n\n<p>A pandemia de Covid-19 impactou fortemente hotelaria e restaura\u00e7\u00e3o, segmentos-chave para o consumo de lou\u00e7a em volume, ao mesmo tempo em que produtos importados mais baratos intensificaram a concorr\u00eancia. Com baixa liquidez, maquin\u00e1rio caro de manter e obriga\u00e7\u00f5es fiscais acumuladas, a continuidade da produ\u00e7\u00e3o em grande escala tornou-se invi\u00e1vel, culminando no processo de liquida\u00e7\u00e3o e no apagamento definitivo dos fornos hist\u00f3ricos.<\/p>\n\n\n\n<ol class=\"wp-block-list\">\n<li>Aumento dos custos energ\u00e9ticos e operacionais.<\/li>\n\n\n\n<li>Endividamento e limita\u00e7\u00f5es de financiamento.<\/li>\n\n\n\n<li>Queda na demanda em segmentos profissionais.<\/li>\n\n\n\n<li>Concorr\u00eancia de importados mais baratos.<\/li>\n\n\n\n<li>Necessidade de moderniza\u00e7\u00e3o tecnol\u00f3gica sem recursos.<\/li>\n<\/ol>\n\n\n\n<h2 class=\"wp-block-heading\">Quais s\u00e3o os poss\u00edveis caminhos para a marca e as instala\u00e7\u00f5es de La Cartuja de Sevilla<\/h2>\n\n\n\n<p>Mesmo com a paralisa\u00e7\u00e3o fabril, o nome&nbsp;<strong>La Cartuja de Sevilla<\/strong>&nbsp;segue carregado de valor comercial e simb\u00f3lico, o que mant\u00e9m aberta a possibilidade de novos usos. A transfer\u00eancia da marca para outra empresa permite imaginar licenciamentos para f\u00e1bricas de cer\u00e2mica em outras regi\u00f5es, desde que preservem padr\u00f5es de qualidade, estilo visual e processos de decora\u00e7\u00e3o caracter\u00edsticos.<\/p>\n\n\n\n<blockquote class=\"instagram-media\" data-instgrm-captioned data-instgrm-permalink=\"https:\/\/www.instagram.com\/p\/DDG9YtttEHR\/?utm_source=ig_embed&amp;utm_campaign=loading\" data-instgrm-version=\"14\" style=\" background:#FFF; border:0; border-radius:3px; box-shadow:0 0 1px 0 rgba(0,0,0,0.5),0 1px 10px 0 rgba(0,0,0,0.15); margin: 1px; max-width:540px; min-width:326px; padding:0; width:99.375%; width:-webkit-calc(100% - 2px); width:calc(100% - 2px);\"><div style=\"padding:16px;\"> <a href=\"https:\/\/www.instagram.com\/p\/DDG9YtttEHR\/?utm_source=ig_embed&amp;utm_campaign=loading\" style=\" background:#FFFFFF; line-height:0; padding:0 0; text-align:center; text-decoration:none; width:100%;\" target=\"_blank\"> <div style=\" display: flex; flex-direction: row; align-items: center;\"> <div style=\"background-color: #F4F4F4; border-radius: 50%; flex-grow: 0; height: 40px; margin-right: 14px; width: 40px;\"><\/div> <div style=\"display: flex; flex-direction: column; flex-grow: 1; justify-content: center;\"> <div style=\" background-color: #F4F4F4; border-radius: 4px; flex-grow: 0; height: 14px; margin-bottom: 6px; width: 100px;\"><\/div> <div style=\" background-color: #F4F4F4; border-radius: 4px; flex-grow: 0; height: 14px; width: 60px;\"><\/div><\/div><\/div><div style=\"padding: 19% 0;\"><\/div> <div style=\"display:block; height:50px; margin:0 auto 12px; width:50px;\"><svg width=\"50px\" height=\"50px\" viewBox=\"0 0 60 60\" version=\"1.1\" xmlns=\"https:\/\/www.w3.org\/2000\/svg\" xmlns:xlink=\"https:\/\/www.w3.org\/1999\/xlink\"><g stroke=\"none\" stroke-width=\"1\" fill=\"none\" fill-rule=\"evenodd\"><g transform=\"translate(-511.000000, -20.000000)\" fill=\"#000000\"><g><path d=\"M556.869,30.41 C554.814,30.41 553.148,32.076 553.148,34.131 C553.148,36.186 554.814,37.852 556.869,37.852 C558.924,37.852 560.59,36.186 560.59,34.131 C560.59,32.076 558.924,30.41 556.869,30.41 M541,60.657 C535.114,60.657 530.342,55.887 530.342,50 C530.342,44.114 535.114,39.342 541,39.342 C546.887,39.342 551.658,44.114 551.658,50 C551.658,55.887 546.887,60.657 541,60.657 M541,33.886 C532.1,33.886 524.886,41.1 524.886,50 C524.886,58.899 532.1,66.113 541,66.113 C549.9,66.113 557.115,58.899 557.115,50 C557.115,41.1 549.9,33.886 541,33.886 M565.378,62.101 C565.244,65.022 564.756,66.606 564.346,67.663 C563.803,69.06 563.154,70.057 562.106,71.106 C561.058,72.155 560.06,72.803 558.662,73.347 C557.607,73.757 556.021,74.244 553.102,74.378 C549.944,74.521 548.997,74.552 541,74.552 C533.003,74.552 532.056,74.521 528.898,74.378 C525.979,74.244 524.393,73.757 523.338,73.347 C521.94,72.803 520.942,72.155 519.894,71.106 C518.846,70.057 518.197,69.06 517.654,67.663 C517.244,66.606 516.755,65.022 516.623,62.101 C516.479,58.943 516.448,57.996 516.448,50 C516.448,42.003 516.479,41.056 516.623,37.899 C516.755,34.978 517.244,33.391 517.654,32.338 C518.197,30.938 518.846,29.942 519.894,28.894 C520.942,27.846 521.94,27.196 523.338,26.654 C524.393,26.244 525.979,25.756 528.898,25.623 C532.057,25.479 533.004,25.448 541,25.448 C548.997,25.448 549.943,25.479 553.102,25.623 C556.021,25.756 557.607,26.244 558.662,26.654 C560.06,27.196 561.058,27.846 562.106,28.894 C563.154,29.942 563.803,30.938 564.346,32.338 C564.756,33.391 565.244,34.978 565.378,37.899 C565.522,41.056 565.552,42.003 565.552,50 C565.552,57.996 565.522,58.943 565.378,62.101 M570.82,37.631 C570.674,34.438 570.167,32.258 569.425,30.349 C568.659,28.377 567.633,26.702 565.965,25.035 C564.297,23.368 562.623,22.342 560.652,21.575 C558.743,20.834 556.562,20.326 553.369,20.18 C550.169,20.033 549.148,20 541,20 C532.853,20 531.831,20.033 528.631,20.18 C525.438,20.326 523.257,20.834 521.349,21.575 C519.376,22.342 517.703,23.368 516.035,25.035 C514.368,26.702 513.342,28.377 512.574,30.349 C511.834,32.258 511.326,34.438 511.181,37.631 C511.035,40.831 511,41.851 511,50 C511,58.147 511.035,59.17 511.181,62.369 C511.326,65.562 511.834,67.743 512.574,69.651 C513.342,71.625 514.368,73.296 516.035,74.965 C517.703,76.634 519.376,77.658 521.349,78.425 C523.257,79.167 525.438,79.673 528.631,79.82 C531.831,79.965 532.853,80.001 541,80.001 C549.148,80.001 550.169,79.965 553.369,79.82 C556.562,79.673 558.743,79.167 560.652,78.425 C562.623,77.658 564.297,76.634 565.965,74.965 C567.633,73.296 568.659,71.625 569.425,69.651 C570.167,67.743 570.674,65.562 570.82,62.369 C570.966,59.17 571,58.147 571,50 C571,41.851 570.966,40.831 570.82,37.631\"><\/path><\/g><\/g><\/g><\/svg><\/div><div style=\"padding-top: 8px;\"> <div style=\" color:#3897f0; font-family:Arial,sans-serif; font-size:14px; font-style:normal; font-weight:550; line-height:18px;\">Ver essa foto no Instagram<\/div><\/div><div style=\"padding: 12.5% 0;\"><\/div> <div style=\"display: flex; flex-direction: row; margin-bottom: 14px; align-items: center;\"><div> <div style=\"background-color: #F4F4F4; border-radius: 50%; height: 12.5px; width: 12.5px; transform: translateX(0px) translateY(7px);\"><\/div> <div style=\"background-color: #F4F4F4; height: 12.5px; transform: rotate(-45deg) translateX(3px) translateY(1px); width: 12.5px; flex-grow: 0; margin-right: 14px; margin-left: 2px;\"><\/div> <div style=\"background-color: #F4F4F4; border-radius: 50%; height: 12.5px; width: 12.5px; transform: translateX(9px) translateY(-18px);\"><\/div><\/div><div style=\"margin-left: 8px;\"> <div style=\" background-color: #F4F4F4; border-radius: 50%; flex-grow: 0; height: 20px; width: 20px;\"><\/div> <div style=\" width: 0; height: 0; border-top: 2px solid transparent; border-left: 6px solid #f4f4f4; border-bottom: 2px solid transparent; transform: translateX(16px) translateY(-4px) rotate(30deg)\"><\/div><\/div><div style=\"margin-left: auto;\"> <div style=\" width: 0px; border-top: 8px solid #F4F4F4; border-right: 8px solid transparent; transform: translateY(16px);\"><\/div> <div style=\" background-color: #F4F4F4; flex-grow: 0; height: 12px; width: 16px; transform: translateY(-4px);\"><\/div> <div style=\" width: 0; height: 0; border-top: 8px solid #F4F4F4; border-left: 8px solid transparent; transform: translateY(-4px) translateX(8px);\"><\/div><\/div><\/div> <div style=\"display: flex; flex-direction: column; flex-grow: 1; justify-content: center; margin-bottom: 24px;\"> <div style=\" background-color: #F4F4F4; border-radius: 4px; flex-grow: 0; height: 14px; margin-bottom: 6px; width: 224px;\"><\/div> <div style=\" background-color: #F4F4F4; border-radius: 4px; flex-grow: 0; height: 14px; width: 144px;\"><\/div><\/div><\/a><p style=\" color:#c9c8cd; font-family:Arial,sans-serif; font-size:14px; line-height:17px; margin-bottom:0; margin-top:8px; overflow:hidden; padding:8px 0 7px; text-align:center; text-overflow:ellipsis; white-space:nowrap;\"><a href=\"https:\/\/www.instagram.com\/p\/DDG9YtttEHR\/?utm_source=ig_embed&amp;utm_campaign=loading\" style=\" color:#c9c8cd; font-family:Arial,sans-serif; font-size:14px; font-style:normal; font-weight:normal; line-height:17px; text-decoration:none;\" target=\"_blank\">Um post compartilhado por La Cartuja de Sevilla (@cartujadesevilla)<\/a><\/p><\/div><\/blockquote>\n<script async src=\"\/\/www.instagram.com\/embed.js\"><\/script>\n\n\n\n<p>As instala\u00e7\u00f5es industriais hist\u00f3ricas podem ser reaproveitadas como museus, centros de interpreta\u00e7\u00e3o da cer\u00e2mica, polos criativos ou espa\u00e7os culturais ligados ao patrim\u00f4nio industrial. Projetos desse tipo, j\u00e1 vistos em outras cidades europeias, ajudam a manter viva a rela\u00e7\u00e3o entre o territ\u00f3rio, a antiga produ\u00e7\u00e3o de lou\u00e7a e a mem\u00f3ria urbana, gerando ainda turismo cultural e oportunidades para novos neg\u00f3cios criativos.<\/p>\n\n\n\n<ul class=\"wp-block-list\">\n<li>Retomada de produ\u00e7\u00e3o em pequena escala, com s\u00e9ries de alto valor agregado.<\/li>\n\n\n\n<li>Licenciamento da marca para outros fabricantes, sob rigoroso controle de qualidade.<\/li>\n\n\n\n<li>Transforma\u00e7\u00e3o do complexo em museu, centro cultural ou hub de design e inova\u00e7\u00e3o.<\/li>\n<\/ul>\n\n\n\n<h2 class=\"wp-block-heading\">Qual \u00e9 o impacto de La Cartuja de Sevilla no futuro da cer\u00e2mica tradicional<\/h2>\n\n\n\n<p>O encerramento de&nbsp;<strong>La Cartuja de Sevilla<\/strong>&nbsp;serve como alerta para todo o setor cer\u00e2mico tradicional na Espanha e na Europa, pressionado por exig\u00eancias ambientais, digitaliza\u00e7\u00e3o, e-commerce e mudan\u00e7as r\u00e1pidas nos h\u00e1bitos de consumo. Ao mesmo tempo, cresce a demanda por produtos sustent\u00e1veis, rastre\u00e1veis e com hist\u00f3ria, o que abre espa\u00e7o para modelos que combinem tradi\u00e7\u00e3o, design contempor\u00e2neo e novas tecnologias.<\/p>\n\n\n\n<p>O legado est\u00e9tico e cultural da marca segue influenciando designers, colecionadores e outras f\u00e1bricas, e seu desfecho pode orientar pol\u00edticas p\u00fablicas e estrat\u00e9gias empresariais voltadas \u00e0 preserva\u00e7\u00e3o do patrim\u00f4nio industrial. Se voc\u00ea se preocupa com a sobreviv\u00eancia da cer\u00e2mica tradicional, este \u00e9 o momento de agir: apoie marcas artesanais, visite espa\u00e7os dedicados a esse legado e pressione institui\u00e7\u00f5es para proteger f\u00e1bricas hist\u00f3ricas antes que outras hist\u00f3rias como a de La Cartuja se percam para sempre.<\/p>\n","protected":false},"excerpt":{"rendered":"<p>O encerramento das atividades da f\u00e1brica de lou\u00e7a La Cartuja de Sevilla, anunciado em outubro de 2024, reacendeu o debate sobre o futuro da cer\u00e2mica tradicional na Espanha em um cen\u00e1rio de custos altos, mudan\u00e7as tecnol\u00f3gicas aceleradas e novos h\u00e1bitos de consumo. Mais do que o fechamento de uma ind\u00fastria com quase dois s\u00e9culos de [&hellip;]<\/p>\n","protected":false},"author":11,"featured_media":162204,"comment_status":"open","ping_status":"open","sticky":false,"template":"","format":"standard","meta":{"jnews-multi-image_gallery":[],"jnews_single_post":{"format":"standard"},"jnews_primary_category":[],"jnews_social_meta":[],"jnews_override_counter":[],"footnotes":""},"categories":[28,1],"tags":[12385,794,21779,5478,10179],"class_list":["post-180485","post","type-post","status-publish","format-standard","has-post-thumbnail","hentry","category-economia","category-noticias","tag-ceramica","tag-encerramento","tag-fabrica","tag-falencia","tag-fechamento"],"yoast_head":"<!-- This site is optimized with the Yoast SEO plugin v23.8 - https:\/\/yoast.com\/wordpress\/plugins\/seo\/ -->\n<title>Ap\u00f3s 180 anos de tradi\u00e7\u00e3o, f\u00e1brica hist\u00f3rica se despede: \u201cNossos produtos fizeram parte da vida de muitas fam\u00edlias\u201d - Estado de Minas - Em foco<\/title>\n<meta name=\"description\" content=\"Encerramento da La Cartuja de Sevilla marca crise no setor cer\u00e2mico e amea\u00e7a a sobreviv\u00eancia de ind\u00fastrias hist\u00f3ricas.\" \/>\n<meta name=\"robots\" content=\"index, follow, max-snippet:-1, max-image-preview:large, max-video-preview:-1\" \/>\n<link rel=\"canonical\" href=\"https:\/\/www.em.com.br\/emfoco\/2026\/03\/12\/apos-180-anos-de-tradicao-fabrica-historica-se-despede-nossos-produtos-fizeram-parte-da-vida-de-muitas-familias\/\" \/>\n<meta property=\"og:locale\" content=\"pt_BR\" \/>\n<meta property=\"og:type\" content=\"article\" \/>\n<meta property=\"og:title\" content=\"Ap\u00f3s 180 anos de tradi\u00e7\u00e3o, f\u00e1brica hist\u00f3rica se despede: \u201cNossos produtos fizeram parte da vida de muitas fam\u00edlias\u201d - Estado de Minas - Em foco\" \/>\n<meta property=\"og:description\" content=\"Encerramento da La Cartuja de Sevilla marca crise no setor cer\u00e2mico e amea\u00e7a a sobreviv\u00eancia de ind\u00fastrias hist\u00f3ricas.\" \/>\n<meta property=\"og:url\" content=\"https:\/\/www.em.com.br\/emfoco\/2026\/03\/12\/apos-180-anos-de-tradicao-fabrica-historica-se-despede-nossos-produtos-fizeram-parte-da-vida-de-muitas-familias\/\" \/>\n<meta property=\"og:site_name\" content=\"Estado de Minas - Em foco\" \/>\n<meta property=\"article:published_time\" content=\"2026-03-12T13:05:00+00:00\" \/>\n<meta property=\"article:modified_time\" content=\"2026-03-12T01:25:03+00:00\" \/>\n<meta property=\"og:image\" content=\"https:\/\/www.em.com.br\/emfoco\/wp-content\/uploads\/2026\/01\/ChatGPT-Image-29-de-jan.-de-2026-19_38_34-1.png\" \/>\n\t<meta property=\"og:image:width\" content=\"1280\" \/>\n\t<meta property=\"og:image:height\" content=\"720\" \/>\n\t<meta property=\"og:image:type\" content=\"image\/png\" \/>\n<meta name=\"author\" content=\"Andre\u0301 Rangel\u00a0\" \/>\n<meta name=\"twitter:card\" content=\"summary_large_image\" \/>\n<meta name=\"twitter:label1\" content=\"Escrito por\" \/>\n\t<meta name=\"twitter:data1\" content=\"Andre\u0301 Rangel\u00a0\" \/>\n\t<meta name=\"twitter:label2\" content=\"Est. tempo de leitura\" \/>\n\t<meta name=\"twitter:data2\" content=\"5 minutos\" \/>\n<!-- \/ Yoast SEO plugin. -->","yoast_head_json":{"title":"Ap\u00f3s 180 anos de tradi\u00e7\u00e3o, f\u00e1brica hist\u00f3rica se despede: \u201cNossos produtos fizeram parte da vida de muitas fam\u00edlias\u201d - Estado de Minas - Em foco","description":"Encerramento da La Cartuja de Sevilla marca crise no setor cer\u00e2mico e amea\u00e7a a sobreviv\u00eancia de ind\u00fastrias hist\u00f3ricas.","robots":{"index":"index","follow":"follow","max-snippet":"max-snippet:-1","max-image-preview":"max-image-preview:large","max-video-preview":"max-video-preview:-1"},"canonical":"https:\/\/www.em.com.br\/emfoco\/2026\/03\/12\/apos-180-anos-de-tradicao-fabrica-historica-se-despede-nossos-produtos-fizeram-parte-da-vida-de-muitas-familias\/","og_locale":"pt_BR","og_type":"article","og_title":"Ap\u00f3s 180 anos de tradi\u00e7\u00e3o, f\u00e1brica hist\u00f3rica se despede: \u201cNossos produtos fizeram parte da vida de muitas fam\u00edlias\u201d - Estado de Minas - Em foco","og_description":"Encerramento da La Cartuja de Sevilla marca crise no setor cer\u00e2mico e amea\u00e7a a sobreviv\u00eancia de ind\u00fastrias hist\u00f3ricas.","og_url":"https:\/\/www.em.com.br\/emfoco\/2026\/03\/12\/apos-180-anos-de-tradicao-fabrica-historica-se-despede-nossos-produtos-fizeram-parte-da-vida-de-muitas-familias\/","og_site_name":"Estado de Minas - Em foco","article_published_time":"2026-03-12T13:05:00+00:00","article_modified_time":"2026-03-12T01:25:03+00:00","og_image":[{"width":1280,"height":720,"url":"https:\/\/www.em.com.br\/emfoco\/wp-content\/uploads\/2026\/01\/ChatGPT-Image-29-de-jan.-de-2026-19_38_34-1.png","type":"image\/png"}],"author":"Andre\u0301 Rangel\u00a0","twitter_card":"summary_large_image","twitter_misc":{"Escrito por":"Andre\u0301 Rangel\u00a0","Est. tempo de leitura":"5 minutos"},"schema":{"@context":"https:\/\/schema.org","@graph":[{"@type":"WebPage","@id":"https:\/\/www.em.com.br\/emfoco\/2026\/03\/12\/apos-180-anos-de-tradicao-fabrica-historica-se-despede-nossos-produtos-fizeram-parte-da-vida-de-muitas-familias\/","url":"https:\/\/www.em.com.br\/emfoco\/2026\/03\/12\/apos-180-anos-de-tradicao-fabrica-historica-se-despede-nossos-produtos-fizeram-parte-da-vida-de-muitas-familias\/","name":"Ap\u00f3s 180 anos de tradi\u00e7\u00e3o, f\u00e1brica hist\u00f3rica se despede: \u201cNossos produtos fizeram parte da vida de muitas fam\u00edlias\u201d - Estado de Minas - Em foco","isPartOf":{"@id":"https:\/\/www.em.com.br\/emfoco\/#website"},"primaryImageOfPage":{"@id":"https:\/\/www.em.com.br\/emfoco\/2026\/03\/12\/apos-180-anos-de-tradicao-fabrica-historica-se-despede-nossos-produtos-fizeram-parte-da-vida-de-muitas-familias\/#primaryimage"},"image":{"@id":"https:\/\/www.em.com.br\/emfoco\/2026\/03\/12\/apos-180-anos-de-tradicao-fabrica-historica-se-despede-nossos-produtos-fizeram-parte-da-vida-de-muitas-familias\/#primaryimage"},"thumbnailUrl":"https:\/\/www.em.com.br\/emfoco\/wp-content\/uploads\/2026\/01\/ChatGPT-Image-29-de-jan.-de-2026-19_38_34-1.png","datePublished":"2026-03-12T13:05:00+00:00","dateModified":"2026-03-12T01:25:03+00:00","author":{"@id":"https:\/\/www.em.com.br\/emfoco\/#\/schema\/person\/60eda09c1fedf0d6891f4cef4b60b8b8"},"description":"Encerramento da La Cartuja de Sevilla marca crise no setor cer\u00e2mico e amea\u00e7a a sobreviv\u00eancia de ind\u00fastrias hist\u00f3ricas.","breadcrumb":{"@id":"https:\/\/www.em.com.br\/emfoco\/2026\/03\/12\/apos-180-anos-de-tradicao-fabrica-historica-se-despede-nossos-produtos-fizeram-parte-da-vida-de-muitas-familias\/#breadcrumb"},"inLanguage":"pt-BR","potentialAction":[{"@type":"ReadAction","target":["https:\/\/www.em.com.br\/emfoco\/2026\/03\/12\/apos-180-anos-de-tradicao-fabrica-historica-se-despede-nossos-produtos-fizeram-parte-da-vida-de-muitas-familias\/"]}]},{"@type":"ImageObject","inLanguage":"pt-BR","@id":"https:\/\/www.em.com.br\/emfoco\/2026\/03\/12\/apos-180-anos-de-tradicao-fabrica-historica-se-despede-nossos-produtos-fizeram-parte-da-vida-de-muitas-familias\/#primaryimage","url":"https:\/\/www.em.com.br\/emfoco\/wp-content\/uploads\/2026\/01\/ChatGPT-Image-29-de-jan.-de-2026-19_38_34-1.png","contentUrl":"https:\/\/www.em.com.br\/emfoco\/wp-content\/uploads\/2026\/01\/ChatGPT-Image-29-de-jan.-de-2026-19_38_34-1.png","width":1280,"height":720,"caption":"A f\u00e1brica de lou\u00e7a fecha"},{"@type":"BreadcrumbList","@id":"https:\/\/www.em.com.br\/emfoco\/2026\/03\/12\/apos-180-anos-de-tradicao-fabrica-historica-se-despede-nossos-produtos-fizeram-parte-da-vida-de-muitas-familias\/#breadcrumb","itemListElement":[{"@type":"ListItem","position":1,"name":"In\u00edcio","item":"https:\/\/www.em.com.br\/emfoco\/"},{"@type":"ListItem","position":2,"name":"Ap\u00f3s 180 anos de tradi\u00e7\u00e3o, f\u00e1brica hist\u00f3rica se despede: \u201cNossos produtos fizeram parte da vida de muitas fam\u00edlias\u201d"}]},{"@type":"WebSite","@id":"https:\/\/www.em.com.br\/emfoco\/#website","url":"https:\/\/www.em.com.br\/emfoco\/","name":"Estado de Minas - Em foco","description":"Acompanhe as \u00faltimas not\u00edcias e fique bem informado sobre tudo o que acontece em Minas Gerais, Brasil e no mundo.","potentialAction":[{"@type":"SearchAction","target":{"@type":"EntryPoint","urlTemplate":"https:\/\/www.em.com.br\/emfoco\/?s={search_term_string}"},"query-input":{"@type":"PropertyValueSpecification","valueRequired":true,"valueName":"search_term_string"}}],"inLanguage":"pt-BR"},{"@type":"Person","@id":"https:\/\/www.em.com.br\/emfoco\/#\/schema\/person\/60eda09c1fedf0d6891f4cef4b60b8b8","name":"Andre\u0301 Rangel\u00a0","image":{"@type":"ImageObject","inLanguage":"pt-BR","@id":"https:\/\/www.em.com.br\/emfoco\/#\/schema\/person\/image\/","url":"https:\/\/secure.gravatar.com\/avatar\/6234dc814c77c8ef6d8bba622c787efc?s=96&d=mm&r=g","contentUrl":"https:\/\/secure.gravatar.com\/avatar\/6234dc814c77c8ef6d8bba622c787efc?s=96&d=mm&r=g","caption":"Andre\u0301 Rangel\u00a0"},"url":"https:\/\/www.em.com.br\/emfoco\/author\/luizmyth\/"}]}},"_links":{"self":[{"href":"https:\/\/www.em.com.br\/emfoco\/wp-json\/wp\/v2\/posts\/180485","targetHints":{"allow":["GET"]}}],"collection":[{"href":"https:\/\/www.em.com.br\/emfoco\/wp-json\/wp\/v2\/posts"}],"about":[{"href":"https:\/\/www.em.com.br\/emfoco\/wp-json\/wp\/v2\/types\/post"}],"author":[{"embeddable":true,"href":"https:\/\/www.em.com.br\/emfoco\/wp-json\/wp\/v2\/users\/11"}],"replies":[{"embeddable":true,"href":"https:\/\/www.em.com.br\/emfoco\/wp-json\/wp\/v2\/comments?post=180485"}],"version-history":[{"count":3,"href":"https:\/\/www.em.com.br\/emfoco\/wp-json\/wp\/v2\/posts\/180485\/revisions"}],"predecessor-version":[{"id":180488,"href":"https:\/\/www.em.com.br\/emfoco\/wp-json\/wp\/v2\/posts\/180485\/revisions\/180488"}],"wp:featuredmedia":[{"embeddable":true,"href":"https:\/\/www.em.com.br\/emfoco\/wp-json\/wp\/v2\/media\/162204"}],"wp:attachment":[{"href":"https:\/\/www.em.com.br\/emfoco\/wp-json\/wp\/v2\/media?parent=180485"}],"wp:term":[{"taxonomy":"category","embeddable":true,"href":"https:\/\/www.em.com.br\/emfoco\/wp-json\/wp\/v2\/categories?post=180485"},{"taxonomy":"post_tag","embeddable":true,"href":"https:\/\/www.em.com.br\/emfoco\/wp-json\/wp\/v2\/tags?post=180485"}],"curies":[{"name":"wp","href":"https:\/\/api.w.org\/{rel}","templated":true}]}}