{"id":18047,"date":"2025-02-08T17:30:00","date_gmt":"2025-02-08T20:30:00","guid":{"rendered":"https:\/\/www.em.com.br\/emfoco\/?p=18047"},"modified":"2025-02-08T17:28:41","modified_gmt":"2025-02-08T20:28:41","slug":"brasileiros-estao-viciados-nesse-pao-de-queijo-fofinho-veja-por-que","status":"publish","type":"post","link":"https:\/\/www.em.com.br\/emfoco\/2025\/02\/08\/brasileiros-estao-viciados-nesse-pao-de-queijo-fofinho-veja-por-que\/","title":{"rendered":"Brasileiros est\u00e3o viciados nesse p\u00e3o de queijo fofinho. Veja por qu\u00ea!"},"content":{"rendered":"\n<p>O p\u00e3o de queijo \u00e9 uma iguaria tradicional brasileira, famosa por sua textura \u00fanica que combina uma casquinha crocante com um interior macio e el\u00e1stico. Origin\u00e1rio de Minas Gerais, esse quitute \u00e9 apreciado em todo o pa\u00eds e \u00e9 uma escolha popular para o caf\u00e9 da manh\u00e3 ou lanche da tarde. A vers\u00e3o fofinha do p\u00e3o de queijo \u00e9 especialmente adorada por sua leveza e sabor irresist\u00edvel.<\/p>\n\n\n\n<p>Com uma hist\u00f3ria que remonta ao s\u00e9culo XVIII, o p\u00e3o de queijo surgiu como uma alternativa ao p\u00e3o de trigo, que era escasso na regi\u00e3o. As cozinheiras mineiras utilizaram a goma de mandioca e queijos locais para criar essa del\u00edcia que se tornou um s\u00edmbolo da culin\u00e1ria brasileira. Hoje, existem diversas varia\u00e7\u00f5es da receita, cada uma com seu toque especial. Confira uma delas, com base no site <a href=\"https:\/\/receitasdepesos.com.br\/como-fazer-pao-de-queijo-fofinho-que-derrete-na-boca.html\/\" target=\"_blank\" rel=\"noreferrer noopener\">Receitas de Peso.<\/a><\/p>\n\n\n\n<h2 class=\"wp-block-heading\">Como fazer p\u00e3o de queijo fofinho?<\/h2>\n\n\n\n<p>Preparar um p\u00e3o de queijo fofinho em casa \u00e9 mais simples do que parece. Os ingredientes s\u00e3o acess\u00edveis e o processo \u00e9 r\u00e1pido, levando cerca de 45 minutos no total. Aqui est\u00e1 uma <a href=\"https:\/\/www.em.com.br\/emfoco\/2025\/02\/07\/o-tomate-pode-ajudar-sua-saude-mas-ha-um-detalhe-que-faz-toda-a-diferenca\/\" target=\"_blank\" rel=\"noreferrer noopener\">receita<\/a> b\u00e1sica para voc\u00ea experimentar:<\/p>\n\n\n\n<ol class=\"wp-block-list\">\n<li><strong>Ingredientes:<\/strong>\n<ul class=\"wp-block-list\">\n<li>500 g de polvilho doce<\/li>\n\n\n\n<li>200 ml de leite integral<\/li>\n\n\n\n<li>100 ml de \u00e1gua<\/li>\n\n\n\n<li>100 ml de \u00f3leo vegetal<\/li>\n\n\n\n<li>2 ovos grandes<\/li>\n\n\n\n<li>200 g de queijo meia-cura ralado<\/li>\n\n\n\n<li>1 colher de ch\u00e1 de sal<\/li>\n<\/ul>\n<\/li>\n\n\n\n<li><strong>Equipamentos Necess\u00e1rios:<\/strong>\n<ul class=\"wp-block-list\">\n<li>Tigela grande<\/li>\n\n\n\n<li>Panela m\u00e9dia<\/li>\n\n\n\n<li>Colher de pau ou esp\u00e1tula de silicone<\/li>\n\n\n\n<li>Assadeira antiaderente ou untada<\/li>\n\n\n\n<li>Forno pr\u00e9-aquecido<\/li>\n<\/ul>\n<\/li>\n\n\n\n<li><strong>Modo de Preparo:<\/strong>\n<ul class=\"wp-block-list\">\n<li>Aque\u00e7a o leite, a \u00e1gua, o \u00f3leo e o sal at\u00e9 ferver.<\/li>\n\n\n\n<li>Despeje sobre o polvilho doce e misture at\u00e9 formar uma farofa \u00famida.<\/li>\n\n\n\n<li>Deixe esfriar um pouco, adicione os ovos e misture bem.<\/li>\n\n\n\n<li>Incorpore o queijo ralado at\u00e9 a massa ficar el\u00e1stica.<\/li>\n\n\n\n<li>Molde bolinhas de 3 cm e asse a 180\u00b0C por 25 minutos.<\/li>\n<\/ul>\n<\/li>\n<\/ol>\n\n\n\n<h2 class=\"wp-block-heading\">Quais s\u00e3o as dicas para um p\u00e3o de queijo perfeito?<\/h2>\n\n\n\n<p>Para garantir que seu p\u00e3o de queijo saia perfeito, algumas dicas podem ser seguidas. Utilizar queijos variados, como parmes\u00e3o ou queijo minas padr\u00e3o, pode diversificar o sabor. Ao moldar as bolinhas, untar as m\u00e3os com \u00f3leo ajuda a obter uma forma mais uniforme. Al\u00e9m disso, \u00e9 poss\u00edvel congelar as bolinhas cruas para assar posteriormente, diretamente do freezer.<\/p>\n\n\n\n<p>Servir o p\u00e3o de queijo com caf\u00e9 fresco, ch\u00e1 ou suco natural \u00e9 uma \u00f3tima pedida. Ele tamb\u00e9m combina bem com geleias ou requeij\u00e3o cremoso, proporcionando uma experi\u00eancia ainda mais saborosa.<\/p>\n\n\n<div class=\"wp-block-image\">\n<figure class=\"aligncenter size-large\"><img loading=\"lazy\" decoding=\"async\" width=\"1024\" height=\"576\" src=\"https:\/\/www.em.com.br\/emfoco\/wp-content\/uploads\/2025\/02\/pao-de-queijo_1739046425867-1024x576.jpg\" alt=\"Brasileiros est\u00e3o viciados nesse p\u00e3o de queijo fofinho. Veja por qu\u00ea!\" class=\"wp-image-18049\" srcset=\"https:\/\/www.em.com.br\/emfoco\/wp-content\/uploads\/2025\/02\/pao-de-queijo_1739046425867-1024x576.jpg 1024w, https:\/\/www.em.com.br\/emfoco\/wp-content\/uploads\/2025\/02\/pao-de-queijo_1739046425867-300x169.jpg 300w, https:\/\/www.em.com.br\/emfoco\/wp-content\/uploads\/2025\/02\/pao-de-queijo_1739046425867-768x432.jpg 768w, https:\/\/www.em.com.br\/emfoco\/wp-content\/uploads\/2025\/02\/pao-de-queijo_1739046425867-750x422.jpg 750w, https:\/\/www.em.com.br\/emfoco\/wp-content\/uploads\/2025\/02\/pao-de-queijo_1739046425867-1140x641.jpg 1140w, https:\/\/www.em.com.br\/emfoco\/wp-content\/uploads\/2025\/02\/pao-de-queijo_1739046425867.jpg 1280w\" sizes=\"auto, (max-width: 1024px) 100vw, 1024px\" \/><figcaption class=\"wp-element-caption\">P\u00e3o de queijo (Cr\u00e9ditos: depositphotos.com \/ sgoodwin4813)<\/figcaption><\/figure><\/div>\n\n\n<h2 class=\"wp-block-heading\">Como armazenar o p\u00e3o de queijo?<\/h2>\n\n\n\n<p>O p\u00e3o de queijo assado pode ser armazenado em um pote herm\u00e9tico por at\u00e9 tr\u00eas dias em temperatura ambiente. Para conservar por mais tempo, recomenda-se congelar as bolinhas antes de assar, mantendo-as no freezer por at\u00e9 tr\u00eas meses. Isso permite que voc\u00ea tenha p\u00e3o de queijo fresco sempre que desejar, sem perder a qualidade.<\/p>\n\n\n\n<h2 class=\"wp-block-heading\">FAQs sobre p\u00e3o de queijo fofinho<\/h2>\n\n\n\n<ul class=\"wp-block-list\">\n<li><strong>Posso usar polvilho azedo no lugar do doce?<\/strong>\u00a0Sim, mas a textura ser\u00e1 mais firme e aerada.<\/li>\n\n\n\n<li><strong>Qual o melhor queijo para p\u00e3o de queijo?<\/strong>\u00a0Queijos curados, como meia-cura ou parmes\u00e3o, s\u00e3o ideais.<\/li>\n\n\n\n<li><strong>\u00c9 poss\u00edvel fazer p\u00e3o de queijo sem ovos?<\/strong>\u00a0Sim, substitua por batata cozida amassada, mas a textura mudar\u00e1.<\/li>\n\n\n\n<li><strong>Posso usar leite vegetal na receita?<\/strong>\u00a0Sim, leite de am\u00eandoas ou coco sem a\u00e7\u00facar s\u00e3o boas op\u00e7\u00f5es.<\/li>\n\n\n\n<li><strong>Como evitar que o p\u00e3o de queijo murche?<\/strong>\u00a0Asse completamente e evite abrir o forno durante o processo.<\/li>\n<\/ul>\n\n\n\n<p><\/p>\n","protected":false},"excerpt":{"rendered":"<p>O p\u00e3o de queijo \u00e9 uma iguaria tradicional brasileira, famosa por sua textura \u00fanica que combina uma casquinha crocante com um interior macio e el\u00e1stico. Origin\u00e1rio de Minas Gerais, esse quitute \u00e9 apreciado em todo o pa\u00eds e \u00e9 uma escolha popular para o caf\u00e9 da manh\u00e3 ou lanche da tarde. A vers\u00e3o fofinha do [&hellip;]<\/p>\n","protected":false},"author":10,"featured_media":18048,"comment_status":"open","ping_status":"open","sticky":false,"template":"","format":"standard","meta":{"jnews-multi-image_gallery":[],"jnews_single_post":{"format":"standard"},"jnews_primary_category":[],"jnews_social_meta":[],"jnews_override_counter":[],"footnotes":""},"categories":[29],"tags":[2856,3470,3440],"class_list":["post-18047","post","type-post","status-publish","format-standard","has-post-thumbnail","hentry","category-entretenimento","tag-comida","tag-pao-de-queijo","tag-receita"],"yoast_head":"<!-- This site is optimized with the Yoast SEO plugin v23.8 - https:\/\/yoast.com\/wordpress\/plugins\/seo\/ -->\n<title>Brasileiros est\u00e3o viciados nesse p\u00e3o de queijo fofinho. Veja por qu\u00ea! - Estado de Minas - Em foco<\/title>\n<meta name=\"description\" content=\"Se voc\u00ea ama p\u00e3o de queijo, precisa conhecer essa vers\u00e3o fofinha que conquistou milhares de f\u00e3s! Veja como preparar!\" \/>\n<meta name=\"robots\" content=\"index, follow, max-snippet:-1, max-image-preview:large, max-video-preview:-1\" \/>\n<link rel=\"canonical\" href=\"https:\/\/www.em.com.br\/emfoco\/2025\/02\/08\/brasileiros-estao-viciados-nesse-pao-de-queijo-fofinho-veja-por-que\/\" \/>\n<meta property=\"og:locale\" content=\"pt_BR\" \/>\n<meta property=\"og:type\" content=\"article\" \/>\n<meta property=\"og:title\" content=\"Brasileiros est\u00e3o viciados nesse p\u00e3o de queijo fofinho. Veja por qu\u00ea! - Estado de Minas - Em foco\" \/>\n<meta property=\"og:description\" content=\"Se voc\u00ea ama p\u00e3o de queijo, precisa conhecer essa vers\u00e3o fofinha que conquistou milhares de f\u00e3s! Veja como preparar!\" \/>\n<meta property=\"og:url\" content=\"https:\/\/www.em.com.br\/emfoco\/2025\/02\/08\/brasileiros-estao-viciados-nesse-pao-de-queijo-fofinho-veja-por-que\/\" \/>\n<meta property=\"og:site_name\" content=\"Estado de Minas - Em foco\" \/>\n<meta property=\"article:published_time\" content=\"2025-02-08T20:30:00+00:00\" \/>\n<meta property=\"article:modified_time\" content=\"2025-02-08T20:28:41+00:00\" \/>\n<meta property=\"og:image\" content=\"https:\/\/www.em.com.br\/emfoco\/wp-content\/uploads\/2025\/02\/pao-de-queijo_1739046363319.jpg\" \/>\n\t<meta property=\"og:image:width\" content=\"1280\" \/>\n\t<meta property=\"og:image:height\" content=\"720\" \/>\n\t<meta property=\"og:image:type\" content=\"image\/jpeg\" \/>\n<meta name=\"author\" content=\"Patryck Reinehr\" \/>\n<meta name=\"twitter:card\" content=\"summary_large_image\" \/>\n<meta name=\"twitter:label1\" content=\"Escrito por\" \/>\n\t<meta name=\"twitter:data1\" content=\"Patryck Reinehr\" \/>\n\t<meta name=\"twitter:label2\" content=\"Est. tempo de leitura\" \/>\n\t<meta name=\"twitter:data2\" content=\"4 minutos\" \/>\n<!-- \/ Yoast SEO plugin. -->","yoast_head_json":{"title":"Brasileiros est\u00e3o viciados nesse p\u00e3o de queijo fofinho. Veja por qu\u00ea! - Estado de Minas - Em foco","description":"Se voc\u00ea ama p\u00e3o de queijo, precisa conhecer essa vers\u00e3o fofinha que conquistou milhares de f\u00e3s! Veja como preparar!","robots":{"index":"index","follow":"follow","max-snippet":"max-snippet:-1","max-image-preview":"max-image-preview:large","max-video-preview":"max-video-preview:-1"},"canonical":"https:\/\/www.em.com.br\/emfoco\/2025\/02\/08\/brasileiros-estao-viciados-nesse-pao-de-queijo-fofinho-veja-por-que\/","og_locale":"pt_BR","og_type":"article","og_title":"Brasileiros est\u00e3o viciados nesse p\u00e3o de queijo fofinho. Veja por qu\u00ea! - Estado de Minas - Em foco","og_description":"Se voc\u00ea ama p\u00e3o de queijo, precisa conhecer essa vers\u00e3o fofinha que conquistou milhares de f\u00e3s! Veja como preparar!","og_url":"https:\/\/www.em.com.br\/emfoco\/2025\/02\/08\/brasileiros-estao-viciados-nesse-pao-de-queijo-fofinho-veja-por-que\/","og_site_name":"Estado de Minas - Em foco","article_published_time":"2025-02-08T20:30:00+00:00","article_modified_time":"2025-02-08T20:28:41+00:00","og_image":[{"width":1280,"height":720,"url":"https:\/\/www.em.com.br\/emfoco\/wp-content\/uploads\/2025\/02\/pao-de-queijo_1739046363319.jpg","type":"image\/jpeg"}],"author":"Patryck Reinehr","twitter_card":"summary_large_image","twitter_misc":{"Escrito por":"Patryck Reinehr","Est. tempo de leitura":"4 minutos"},"schema":{"@context":"https:\/\/schema.org","@graph":[{"@type":"WebPage","@id":"https:\/\/www.em.com.br\/emfoco\/2025\/02\/08\/brasileiros-estao-viciados-nesse-pao-de-queijo-fofinho-veja-por-que\/","url":"https:\/\/www.em.com.br\/emfoco\/2025\/02\/08\/brasileiros-estao-viciados-nesse-pao-de-queijo-fofinho-veja-por-que\/","name":"Brasileiros est\u00e3o viciados nesse p\u00e3o de queijo fofinho. Veja por qu\u00ea! - Estado de Minas - Em foco","isPartOf":{"@id":"https:\/\/www.em.com.br\/emfoco\/#website"},"primaryImageOfPage":{"@id":"https:\/\/www.em.com.br\/emfoco\/2025\/02\/08\/brasileiros-estao-viciados-nesse-pao-de-queijo-fofinho-veja-por-que\/#primaryimage"},"image":{"@id":"https:\/\/www.em.com.br\/emfoco\/2025\/02\/08\/brasileiros-estao-viciados-nesse-pao-de-queijo-fofinho-veja-por-que\/#primaryimage"},"thumbnailUrl":"https:\/\/www.em.com.br\/emfoco\/wp-content\/uploads\/2025\/02\/pao-de-queijo_1739046363319.jpg","datePublished":"2025-02-08T20:30:00+00:00","dateModified":"2025-02-08T20:28:41+00:00","author":{"@id":"https:\/\/www.em.com.br\/emfoco\/#\/schema\/person\/43407752bebcbbb4d0ec79deedc0d7ce"},"description":"Se voc\u00ea ama p\u00e3o de queijo, precisa conhecer essa vers\u00e3o fofinha que conquistou milhares de f\u00e3s! Veja como preparar!","breadcrumb":{"@id":"https:\/\/www.em.com.br\/emfoco\/2025\/02\/08\/brasileiros-estao-viciados-nesse-pao-de-queijo-fofinho-veja-por-que\/#breadcrumb"},"inLanguage":"pt-BR","potentialAction":[{"@type":"ReadAction","target":["https:\/\/www.em.com.br\/emfoco\/2025\/02\/08\/brasileiros-estao-viciados-nesse-pao-de-queijo-fofinho-veja-por-que\/"]}]},{"@type":"ImageObject","inLanguage":"pt-BR","@id":"https:\/\/www.em.com.br\/emfoco\/2025\/02\/08\/brasileiros-estao-viciados-nesse-pao-de-queijo-fofinho-veja-por-que\/#primaryimage","url":"https:\/\/www.em.com.br\/emfoco\/wp-content\/uploads\/2025\/02\/pao-de-queijo_1739046363319.jpg","contentUrl":"https:\/\/www.em.com.br\/emfoco\/wp-content\/uploads\/2025\/02\/pao-de-queijo_1739046363319.jpg","width":1280,"height":720,"caption":"P\u00e3o de queijo (Cr\u00e9ditos: depositphotos.com \/ MKPK)"},{"@type":"BreadcrumbList","@id":"https:\/\/www.em.com.br\/emfoco\/2025\/02\/08\/brasileiros-estao-viciados-nesse-pao-de-queijo-fofinho-veja-por-que\/#breadcrumb","itemListElement":[{"@type":"ListItem","position":1,"name":"In\u00edcio","item":"https:\/\/www.em.com.br\/emfoco\/"},{"@type":"ListItem","position":2,"name":"Brasileiros est\u00e3o viciados nesse p\u00e3o de queijo fofinho. Veja por qu\u00ea!"}]},{"@type":"WebSite","@id":"https:\/\/www.em.com.br\/emfoco\/#website","url":"https:\/\/www.em.com.br\/emfoco\/","name":"Estado de Minas - Em foco","description":"Acompanhe as \u00faltimas not\u00edcias e fique bem informado sobre tudo o que acontece em Minas Gerais, Brasil e no mundo.","potentialAction":[{"@type":"SearchAction","target":{"@type":"EntryPoint","urlTemplate":"https:\/\/www.em.com.br\/emfoco\/?s={search_term_string}"},"query-input":{"@type":"PropertyValueSpecification","valueRequired":true,"valueName":"search_term_string"}}],"inLanguage":"pt-BR"},{"@type":"Person","@id":"https:\/\/www.em.com.br\/emfoco\/#\/schema\/person\/43407752bebcbbb4d0ec79deedc0d7ce","name":"Patryck Reinehr","image":{"@type":"ImageObject","inLanguage":"pt-BR","@id":"https:\/\/www.em.com.br\/emfoco\/#\/schema\/person\/image\/","url":"https:\/\/secure.gravatar.com\/avatar\/570c7fb2898c0e2df0823196891bea88?s=96&d=mm&r=g","contentUrl":"https:\/\/secure.gravatar.com\/avatar\/570c7fb2898c0e2df0823196891bea88?s=96&d=mm&r=g","caption":"Patryck Reinehr"},"url":"https:\/\/www.em.com.br\/emfoco\/author\/patryckmyth\/"}]}},"_links":{"self":[{"href":"https:\/\/www.em.com.br\/emfoco\/wp-json\/wp\/v2\/posts\/18047","targetHints":{"allow":["GET"]}}],"collection":[{"href":"https:\/\/www.em.com.br\/emfoco\/wp-json\/wp\/v2\/posts"}],"about":[{"href":"https:\/\/www.em.com.br\/emfoco\/wp-json\/wp\/v2\/types\/post"}],"author":[{"embeddable":true,"href":"https:\/\/www.em.com.br\/emfoco\/wp-json\/wp\/v2\/users\/10"}],"replies":[{"embeddable":true,"href":"https:\/\/www.em.com.br\/emfoco\/wp-json\/wp\/v2\/comments?post=18047"}],"version-history":[{"count":1,"href":"https:\/\/www.em.com.br\/emfoco\/wp-json\/wp\/v2\/posts\/18047\/revisions"}],"predecessor-version":[{"id":18050,"href":"https:\/\/www.em.com.br\/emfoco\/wp-json\/wp\/v2\/posts\/18047\/revisions\/18050"}],"wp:featuredmedia":[{"embeddable":true,"href":"https:\/\/www.em.com.br\/emfoco\/wp-json\/wp\/v2\/media\/18048"}],"wp:attachment":[{"href":"https:\/\/www.em.com.br\/emfoco\/wp-json\/wp\/v2\/media?parent=18047"}],"wp:term":[{"taxonomy":"category","embeddable":true,"href":"https:\/\/www.em.com.br\/emfoco\/wp-json\/wp\/v2\/categories?post=18047"},{"taxonomy":"post_tag","embeddable":true,"href":"https:\/\/www.em.com.br\/emfoco\/wp-json\/wp\/v2\/tags?post=18047"}],"curies":[{"name":"wp","href":"https:\/\/api.w.org\/{rel}","templated":true}]}}