{"id":180446,"date":"2026-03-13T08:55:00","date_gmt":"2026-03-13T11:55:00","guid":{"rendered":"https:\/\/www.em.com.br\/emfoco\/?p=180446"},"modified":"2026-03-12T23:47:44","modified_gmt":"2026-03-13T02:47:44","slug":"antes-de-jogar-fora-frascos-de-vidro-veja-como-transforma-los-em-porta-velas-lindos-sem-gastar-quase-nada","status":"publish","type":"post","link":"https:\/\/www.em.com.br\/emfoco\/2026\/03\/13\/antes-de-jogar-fora-frascos-de-vidro-veja-como-transforma-los-em-porta-velas-lindos-sem-gastar-quase-nada\/","title":{"rendered":"Antes de jogar fora frascos de vidro, veja como transform\u00e1-los em porta-velas lindos sem gastar quase nada"},"content":{"rendered":"\n<p>Reaproveitar frascos de vidro que iriam para o lixo tem se tornado uma solu\u00e7\u00e3o pr\u00e1tica para quem deseja decorar a casa gastando pouco, reduzindo res\u00edduos e apostando em um visual minimalista com projeto DIY simples, r\u00e1pido e personaliz\u00e1vel.<\/p>\n\n\n\n<h2 class=\"wp-block-heading\">Como funciona a transforma\u00e7\u00e3o de frascos de vidro em porta-velas minimalistas<\/h2>\n\n\n\n<p>A ideia central \u00e9 dar uma nova fun\u00e7\u00e3o a frascos de caf\u00e9 sol\u00favel, conservas ou geleias, criando um objeto decorativo que se adapta a salas, varandas, quartos ou banheiros. O porta-velas de vidro reciclado aproveita a transpar\u00eancia do material para difundir a luz da vela, criando um ponto de ilumina\u00e7\u00e3o suave e acolhedor.<\/p>\n\n\n\n<p>Ao mesmo tempo, o projeto permite personaliza\u00e7\u00e3o de acordo com o estilo de cada ambiente, indo do r\u00fastico ao moderno. Essa versatilidade faz com que o porta-velas seja uma pe\u00e7a-chave na <a href=\"https:\/\/www.em.com.br\/emfoco\/2026\/03\/09\/transforme-pote-de-vidro-em-luminaria-de-led-e-veja-como-criar-uma-luz-aconchegante-gastando-quase-nada\/\" target=\"_blank\" rel=\"noreferrer noopener\">decora\u00e7\u00e3o <\/a>afetiva, que une mem\u00f3ria, est\u00e9tica e consci\u00eancia ambiental.<\/p>\n\n\n\n<figure class=\"wp-block-image size-large\"><img loading=\"lazy\" decoding=\"async\" width=\"1024\" height=\"576\" src=\"https:\/\/www.em.com.br\/emfoco\/wp-content\/uploads\/2026\/03\/ChatGPT-Image-11-de-mar.-de-2026-17_55_35-1-1024x576.png\" alt=\"O jeito mais elegante de reutilizar frascos de vidro em casa\" class=\"wp-image-180457\" srcset=\"https:\/\/www.em.com.br\/emfoco\/wp-content\/uploads\/2026\/03\/ChatGPT-Image-11-de-mar.-de-2026-17_55_35-1-1024x576.png 1024w, https:\/\/www.em.com.br\/emfoco\/wp-content\/uploads\/2026\/03\/ChatGPT-Image-11-de-mar.-de-2026-17_55_35-1-300x169.png 300w, https:\/\/www.em.com.br\/emfoco\/wp-content\/uploads\/2026\/03\/ChatGPT-Image-11-de-mar.-de-2026-17_55_35-1-768x432.png 768w, https:\/\/www.em.com.br\/emfoco\/wp-content\/uploads\/2026\/03\/ChatGPT-Image-11-de-mar.-de-2026-17_55_35-1-750x422.png 750w, https:\/\/www.em.com.br\/emfoco\/wp-content\/uploads\/2026\/03\/ChatGPT-Image-11-de-mar.-de-2026-17_55_35-1-1140x641.png 1140w, https:\/\/www.em.com.br\/emfoco\/wp-content\/uploads\/2026\/03\/ChatGPT-Image-11-de-mar.-de-2026-17_55_35-1.png 1280w\" sizes=\"auto, (max-width: 1024px) 100vw, 1024px\" \/><figcaption class=\"wp-element-caption\">O jeito mais elegante de reutilizar frascos de vidro em casa<\/figcaption><\/figure>\n\n\n\n<h2 class=\"wp-block-heading\">Como preparar o frasco de vidro para uso seguro como porta velas<\/h2>\n\n\n\n<p>Para que o porta-velas com frasco de vidro fique bem acabado, o preparo do recipiente \u00e9 essencial. O frasco precisa estar limpo, sem cheiro e sem res\u00edduos de cola, pois isso interfere tanto na apar\u00eancia quanto na seguran\u00e7a ao acender a vela.<\/p>\n\n\n\n<p>O processo costuma come\u00e7ar com \u00e1gua morna e detergente neutro para remover o conte\u00fado original e a oleosidade. Depois, a retirada do r\u00f3tulo e da cola pode ser facilitada com \u00e1gua morna e bicarbonato ou com mistura de \u00f3leo de cozinha e sal, seguida de secagem completa em local arejado.<\/p>\n\n\n\n<h2 class=\"wp-block-heading\">Quais materiais usar para criar um porta-velas minimalista com frasco de vidro<\/h2>\n\n\n\n<p>A cria\u00e7\u00e3o de um porta-velas minimalista depende mais da combina\u00e7\u00e3o dos elementos do que da quantidade de itens. A palavra-chave \u00e9 simplicidade: poucos detalhes bem escolhidos j\u00e1 d\u00e3o identidade ao objeto, mantendo o visual limpo e elegante.<\/p>\n\n\n\n<p>Materiais de origem natural s\u00e3o bastante usados, pois dialogam com a proposta de reciclagem e refor\u00e7am a sensa\u00e7\u00e3o de aconchego. Entre as op\u00e7\u00f5es mais comuns para personalizar o frasco est\u00e3o:<\/p>\n\n\n\n<ul class=\"wp-block-list\">\n<li><strong>Cordas e fios naturais<\/strong>, como juta, sisal ou algod\u00e3o cru, enrolados no gargalo ou na base;<\/li>\n\n\n\n<li><strong>Areia fina<\/strong>, sal grosso ou pedrinhas decorativas no fundo para servir de suporte \u00e0 vela;<\/li>\n\n\n\n<li><strong>Folhagens secas<\/strong>\u00a0ou pequenas ramas, presas externamente com cord\u00e3o ou colocadas internamente, sem encostar na chama;<\/li>\n\n\n\n<li><strong>Fitas ou tiras de tecido<\/strong>\u00a0em tons neutros, para um visual mais suave e contempor\u00e2neo;<\/li>\n\n\n\n<li><strong>Pintura leve<\/strong>\u00a0com tinta fosca ou transl\u00facida, criando efeito leitoso ou colorido no vidro.<\/li>\n<\/ul>\n\n\n\n<figure class=\"wp-block-image size-large\"><img loading=\"lazy\" decoding=\"async\" width=\"1024\" height=\"576\" src=\"https:\/\/www.em.com.br\/emfoco\/wp-content\/uploads\/2026\/03\/ChatGPT-Image-11-de-mar.-de-2026-17_57_09-1-1024x576.png\" alt=\"O jeito mais elegante de reutilizar frascos de vidro em casa\" class=\"wp-image-180459\" srcset=\"https:\/\/www.em.com.br\/emfoco\/wp-content\/uploads\/2026\/03\/ChatGPT-Image-11-de-mar.-de-2026-17_57_09-1-1024x576.png 1024w, https:\/\/www.em.com.br\/emfoco\/wp-content\/uploads\/2026\/03\/ChatGPT-Image-11-de-mar.-de-2026-17_57_09-1-300x169.png 300w, https:\/\/www.em.com.br\/emfoco\/wp-content\/uploads\/2026\/03\/ChatGPT-Image-11-de-mar.-de-2026-17_57_09-1-768x432.png 768w, https:\/\/www.em.com.br\/emfoco\/wp-content\/uploads\/2026\/03\/ChatGPT-Image-11-de-mar.-de-2026-17_57_09-1-750x422.png 750w, https:\/\/www.em.com.br\/emfoco\/wp-content\/uploads\/2026\/03\/ChatGPT-Image-11-de-mar.-de-2026-17_57_09-1-1140x641.png 1140w, https:\/\/www.em.com.br\/emfoco\/wp-content\/uploads\/2026\/03\/ChatGPT-Image-11-de-mar.-de-2026-17_57_09-1.png 1280w\" sizes=\"auto, (max-width: 1024px) 100vw, 1024px\" \/><figcaption class=\"wp-element-caption\">O jeito mais elegante de reutilizar frascos de vidro em casa<\/figcaption><\/figure>\n\n\n\n<h2 class=\"wp-block-heading\">Como montar passo a passo o porta-velas de vidro reciclado<\/h2>\n\n\n\n<p>Depois de escolher os materiais, o passo a passo \u00e9 direto e n\u00e3o exige experi\u00eancia com artesanato, tornando o DIY acess\u00edvel a qualquer pessoa. O importante \u00e9 sempre observar a seguran\u00e7a, evitando usar frascos trincados ou elementos inflam\u00e1veis pr\u00f3ximos \u00e0 chama.<\/p>\n\n\n\n<p>Comece preparando o frasco limpo e seco, verificando se n\u00e3o h\u00e1 lascas no vidro. Em seguida, defina a base interna com areia, sal grosso, pedrinhas ou gr\u00e3os decorativos para estabilizar a vela, centralize a chama e decore o exterior com corda, tecido ou uma leve pintura para um efeito de luz mais difuso.<\/p>\n\n\n\n<p>Selecionamos o v\u00eddeo da <a href=\"https:\/\/www.instagram.com\/casa.criativa.pt\/reels\/\" target=\"_blank\" rel=\"noreferrer noopener\">Laurisa Ferreira<\/a> que faz sucesso no Instagram com seus mais de 67 mil seguidores e mostra como reaproveitar os potes de vidro para fazer um porta-velas:<\/p>\n\n\n\n<blockquote class=\"instagram-media\" data-instgrm-captioned data-instgrm-permalink=\"https:\/\/www.instagram.com\/reel\/DRiQtNsiI6q\/?utm_source=ig_embed&amp;utm_campaign=loading\" data-instgrm-version=\"14\" style=\" background:#FFF; border:0; border-radius:3px; box-shadow:0 0 1px 0 rgba(0,0,0,0.5),0 1px 10px 0 rgba(0,0,0,0.15); margin: 1px; max-width:540px; min-width:326px; padding:0; width:99.375%; width:-webkit-calc(100% - 2px); width:calc(100% - 2px);\"><div style=\"padding:16px;\"> <a href=\"https:\/\/www.instagram.com\/reel\/DRiQtNsiI6q\/?utm_source=ig_embed&amp;utm_campaign=loading\" style=\" background:#FFFFFF; line-height:0; padding:0 0; text-align:center; text-decoration:none; width:100%;\" target=\"_blank\"> <div style=\" display: flex; flex-direction: row; align-items: center;\"> <div style=\"background-color: #F4F4F4; border-radius: 50%; flex-grow: 0; height: 40px; margin-right: 14px; width: 40px;\"><\/div> <div style=\"display: flex; flex-direction: column; flex-grow: 1; justify-content: center;\"> <div style=\" background-color: #F4F4F4; border-radius: 4px; flex-grow: 0; height: 14px; margin-bottom: 6px; width: 100px;\"><\/div> <div style=\" background-color: #F4F4F4; border-radius: 4px; flex-grow: 0; height: 14px; width: 60px;\"><\/div><\/div><\/div><div style=\"padding: 19% 0;\"><\/div> <div style=\"display:block; height:50px; margin:0 auto 12px; width:50px;\"><svg width=\"50px\" height=\"50px\" viewBox=\"0 0 60 60\" version=\"1.1\" xmlns=\"https:\/\/www.w3.org\/2000\/svg\" xmlns:xlink=\"https:\/\/www.w3.org\/1999\/xlink\"><g stroke=\"none\" stroke-width=\"1\" fill=\"none\" fill-rule=\"evenodd\"><g transform=\"translate(-511.000000, -20.000000)\" fill=\"#000000\"><g><path d=\"M556.869,30.41 C554.814,30.41 553.148,32.076 553.148,34.131 C553.148,36.186 554.814,37.852 556.869,37.852 C558.924,37.852 560.59,36.186 560.59,34.131 C560.59,32.076 558.924,30.41 556.869,30.41 M541,60.657 C535.114,60.657 530.342,55.887 530.342,50 C530.342,44.114 535.114,39.342 541,39.342 C546.887,39.342 551.658,44.114 551.658,50 C551.658,55.887 546.887,60.657 541,60.657 M541,33.886 C532.1,33.886 524.886,41.1 524.886,50 C524.886,58.899 532.1,66.113 541,66.113 C549.9,66.113 557.115,58.899 557.115,50 C557.115,41.1 549.9,33.886 541,33.886 M565.378,62.101 C565.244,65.022 564.756,66.606 564.346,67.663 C563.803,69.06 563.154,70.057 562.106,71.106 C561.058,72.155 560.06,72.803 558.662,73.347 C557.607,73.757 556.021,74.244 553.102,74.378 C549.944,74.521 548.997,74.552 541,74.552 C533.003,74.552 532.056,74.521 528.898,74.378 C525.979,74.244 524.393,73.757 523.338,73.347 C521.94,72.803 520.942,72.155 519.894,71.106 C518.846,70.057 518.197,69.06 517.654,67.663 C517.244,66.606 516.755,65.022 516.623,62.101 C516.479,58.943 516.448,57.996 516.448,50 C516.448,42.003 516.479,41.056 516.623,37.899 C516.755,34.978 517.244,33.391 517.654,32.338 C518.197,30.938 518.846,29.942 519.894,28.894 C520.942,27.846 521.94,27.196 523.338,26.654 C524.393,26.244 525.979,25.756 528.898,25.623 C532.057,25.479 533.004,25.448 541,25.448 C548.997,25.448 549.943,25.479 553.102,25.623 C556.021,25.756 557.607,26.244 558.662,26.654 C560.06,27.196 561.058,27.846 562.106,28.894 C563.154,29.942 563.803,30.938 564.346,32.338 C564.756,33.391 565.244,34.978 565.378,37.899 C565.522,41.056 565.552,42.003 565.552,50 C565.552,57.996 565.522,58.943 565.378,62.101 M570.82,37.631 C570.674,34.438 570.167,32.258 569.425,30.349 C568.659,28.377 567.633,26.702 565.965,25.035 C564.297,23.368 562.623,22.342 560.652,21.575 C558.743,20.834 556.562,20.326 553.369,20.18 C550.169,20.033 549.148,20 541,20 C532.853,20 531.831,20.033 528.631,20.18 C525.438,20.326 523.257,20.834 521.349,21.575 C519.376,22.342 517.703,23.368 516.035,25.035 C514.368,26.702 513.342,28.377 512.574,30.349 C511.834,32.258 511.326,34.438 511.181,37.631 C511.035,40.831 511,41.851 511,50 C511,58.147 511.035,59.17 511.181,62.369 C511.326,65.562 511.834,67.743 512.574,69.651 C513.342,71.625 514.368,73.296 516.035,74.965 C517.703,76.634 519.376,77.658 521.349,78.425 C523.257,79.167 525.438,79.673 528.631,79.82 C531.831,79.965 532.853,80.001 541,80.001 C549.148,80.001 550.169,79.965 553.369,79.82 C556.562,79.673 558.743,79.167 560.652,78.425 C562.623,77.658 564.297,76.634 565.965,74.965 C567.633,73.296 568.659,71.625 569.425,69.651 C570.167,67.743 570.674,65.562 570.82,62.369 C570.966,59.17 571,58.147 571,50 C571,41.851 570.966,40.831 570.82,37.631\"><\/path><\/g><\/g><\/g><\/svg><\/div><div style=\"padding-top: 8px;\"> <div style=\" color:#3897f0; font-family:Arial,sans-serif; font-size:14px; font-style:normal; font-weight:550; line-height:18px;\">Ver essa foto no Instagram<\/div><\/div><div style=\"padding: 12.5% 0;\"><\/div> <div style=\"display: flex; flex-direction: row; margin-bottom: 14px; align-items: center;\"><div> <div style=\"background-color: #F4F4F4; border-radius: 50%; height: 12.5px; width: 12.5px; transform: translateX(0px) translateY(7px);\"><\/div> <div style=\"background-color: #F4F4F4; height: 12.5px; transform: rotate(-45deg) translateX(3px) translateY(1px); width: 12.5px; flex-grow: 0; margin-right: 14px; margin-left: 2px;\"><\/div> <div style=\"background-color: #F4F4F4; border-radius: 50%; height: 12.5px; width: 12.5px; transform: translateX(9px) translateY(-18px);\"><\/div><\/div><div style=\"margin-left: 8px;\"> <div style=\" background-color: #F4F4F4; border-radius: 50%; flex-grow: 0; height: 20px; width: 20px;\"><\/div> <div style=\" width: 0; height: 0; border-top: 2px solid transparent; border-left: 6px solid #f4f4f4; border-bottom: 2px solid transparent; transform: translateX(16px) translateY(-4px) rotate(30deg)\"><\/div><\/div><div style=\"margin-left: auto;\"> <div style=\" width: 0px; border-top: 8px solid #F4F4F4; border-right: 8px solid transparent; transform: translateY(16px);\"><\/div> <div style=\" background-color: #F4F4F4; flex-grow: 0; height: 12px; width: 16px; transform: translateY(-4px);\"><\/div> <div style=\" width: 0; height: 0; border-top: 8px solid #F4F4F4; border-left: 8px solid transparent; transform: translateY(-4px) translateX(8px);\"><\/div><\/div><\/div> <div style=\"display: flex; flex-direction: column; flex-grow: 1; justify-content: center; margin-bottom: 24px;\"> <div style=\" background-color: #F4F4F4; border-radius: 4px; flex-grow: 0; height: 14px; margin-bottom: 6px; width: 224px;\"><\/div> <div style=\" background-color: #F4F4F4; border-radius: 4px; flex-grow: 0; height: 14px; width: 144px;\"><\/div><\/div><\/a><p style=\" color:#c9c8cd; font-family:Arial,sans-serif; font-size:14px; line-height:17px; margin-bottom:0; margin-top:8px; overflow:hidden; padding:8px 0 7px; text-align:center; text-overflow:ellipsis; white-space:nowrap;\"><a href=\"https:\/\/www.instagram.com\/reel\/DRiQtNsiI6q\/?utm_source=ig_embed&amp;utm_campaign=loading\" style=\" color:#c9c8cd; font-family:Arial,sans-serif; font-size:14px; font-style:normal; font-weight:normal; line-height:17px; text-decoration:none;\" target=\"_blank\">Um post compartilhado por Laurisa Ferreira (@casa.criativa.pt)<\/a><\/p><\/div><\/blockquote>\n<script async src=\"\/\/www.instagram.com\/embed.js\"><\/script>\n\n\n\n<h2 class=\"wp-block-heading\">Onde usar o porta velas minimalista e por que come\u00e7ar agora<\/h2>\n\n\n\n<p>O porta-velas de vidro reciclado se integra facilmente a diferentes ambientes, como mesas de centro, aparadores, parapeitos de janela ou varandas cobertas, desde que a seguran\u00e7a com o fogo seja respeitada. Al\u00e9m de decorar, ele cria uma ilumina\u00e7\u00e3o suave ideal para jantares, momentos de relaxamento ou pequenos eventos em casa.<\/p>\n\n\n\n<p>Ao reciclar frascos de vidro, voc\u00ea reduz o descarte de um material que demora a se decompor e ainda ganha pe\u00e7as \u00fanicas, cheias de personalidade e prop\u00f3sito. Comece hoje mesmo a separar seus frascos, monte o primeiro porta-velas e sinta na pr\u00e1tica como pequenas a\u00e7\u00f5es podem transformar sua casa e seu impacto no planeta.<\/p>\n","protected":false},"excerpt":{"rendered":"<p>Reaproveitar frascos de vidro que iriam para o lixo tem se tornado uma solu\u00e7\u00e3o pr\u00e1tica para quem deseja decorar a casa gastando pouco, reduzindo res\u00edduos e apostando em um visual minimalista com projeto DIY simples, r\u00e1pido e personaliz\u00e1vel. Como funciona a transforma\u00e7\u00e3o de frascos de vidro em porta-velas minimalistas A ideia central \u00e9 dar uma [&hellip;]<\/p>\n","protected":false},"author":11,"featured_media":180458,"comment_status":"open","ping_status":"open","sticky":false,"template":"","format":"standard","meta":{"jnews-multi-image_gallery":[],"jnews_single_post":{"format":"standard"},"jnews_primary_category":[],"jnews_social_meta":[],"jnews_override_counter":[],"footnotes":""},"categories":[8819,1],"tags":[4687,5115,26040,26041,1920],"class_list":["post-180446","post","type-post","status-publish","format-standard","has-post-thumbnail","hentry","category-curiosidades","category-noticias","tag-decoracao","tag-diy","tag-frasco-de-vidro","tag-porta-velas","tag-tendencia"],"yoast_head":"<!-- This site is optimized with the Yoast SEO plugin v23.8 - https:\/\/yoast.com\/wordpress\/plugins\/seo\/ -->\n<title>Antes de jogar fora frascos de vidro, veja como transform\u00e1-los em porta-velas lindos sem gastar quase nada - Estado de Minas - Em foco<\/title>\n<meta name=\"description\" content=\"Um simples frasco de vidro pode virar um porta velas minimalista e elegante. A ideia sustent\u00e1vel est\u00e1 conquistando quem ama decora\u00e7\u00e3o pr\u00e1tica.\" \/>\n<meta name=\"robots\" content=\"index, follow, max-snippet:-1, max-image-preview:large, max-video-preview:-1\" \/>\n<link rel=\"canonical\" href=\"https:\/\/www.em.com.br\/emfoco\/2026\/03\/13\/antes-de-jogar-fora-frascos-de-vidro-veja-como-transforma-los-em-porta-velas-lindos-sem-gastar-quase-nada\/\" \/>\n<meta property=\"og:locale\" content=\"pt_BR\" \/>\n<meta property=\"og:type\" content=\"article\" \/>\n<meta property=\"og:title\" content=\"Antes de jogar fora frascos de vidro, veja como transform\u00e1-los em porta-velas lindos sem gastar quase nada - Estado de Minas - Em foco\" \/>\n<meta property=\"og:description\" content=\"Um simples frasco de vidro pode virar um porta velas minimalista e elegante. A ideia sustent\u00e1vel est\u00e1 conquistando quem ama decora\u00e7\u00e3o pr\u00e1tica.\" \/>\n<meta property=\"og:url\" content=\"https:\/\/www.em.com.br\/emfoco\/2026\/03\/13\/antes-de-jogar-fora-frascos-de-vidro-veja-como-transforma-los-em-porta-velas-lindos-sem-gastar-quase-nada\/\" \/>\n<meta property=\"og:site_name\" content=\"Estado de Minas - Em foco\" \/>\n<meta property=\"article:published_time\" content=\"2026-03-13T11:55:00+00:00\" \/>\n<meta property=\"article:modified_time\" content=\"2026-03-13T02:47:44+00:00\" \/>\n<meta property=\"og:image\" content=\"https:\/\/www.em.com.br\/emfoco\/wp-content\/uploads\/2026\/03\/Gemini_Generated_Image_n6mdfon6mdfon6md-1.png\" \/>\n\t<meta property=\"og:image:width\" content=\"1280\" \/>\n\t<meta property=\"og:image:height\" content=\"720\" \/>\n\t<meta property=\"og:image:type\" content=\"image\/png\" \/>\n<meta name=\"author\" content=\"Andre\u0301 Rangel\u00a0\" \/>\n<meta name=\"twitter:card\" content=\"summary_large_image\" \/>\n<meta name=\"twitter:label1\" content=\"Escrito por\" \/>\n\t<meta name=\"twitter:data1\" content=\"Andre\u0301 Rangel\u00a0\" \/>\n\t<meta name=\"twitter:label2\" content=\"Est. tempo de leitura\" \/>\n\t<meta name=\"twitter:data2\" content=\"5 minutos\" \/>\n<!-- \/ Yoast SEO plugin. -->","yoast_head_json":{"title":"Antes de jogar fora frascos de vidro, veja como transform\u00e1-los em porta-velas lindos sem gastar quase nada - Estado de Minas - Em foco","description":"Um simples frasco de vidro pode virar um porta velas minimalista e elegante. A ideia sustent\u00e1vel est\u00e1 conquistando quem ama decora\u00e7\u00e3o pr\u00e1tica.","robots":{"index":"index","follow":"follow","max-snippet":"max-snippet:-1","max-image-preview":"max-image-preview:large","max-video-preview":"max-video-preview:-1"},"canonical":"https:\/\/www.em.com.br\/emfoco\/2026\/03\/13\/antes-de-jogar-fora-frascos-de-vidro-veja-como-transforma-los-em-porta-velas-lindos-sem-gastar-quase-nada\/","og_locale":"pt_BR","og_type":"article","og_title":"Antes de jogar fora frascos de vidro, veja como transform\u00e1-los em porta-velas lindos sem gastar quase nada - Estado de Minas - Em foco","og_description":"Um simples frasco de vidro pode virar um porta velas minimalista e elegante. A ideia sustent\u00e1vel est\u00e1 conquistando quem ama decora\u00e7\u00e3o pr\u00e1tica.","og_url":"https:\/\/www.em.com.br\/emfoco\/2026\/03\/13\/antes-de-jogar-fora-frascos-de-vidro-veja-como-transforma-los-em-porta-velas-lindos-sem-gastar-quase-nada\/","og_site_name":"Estado de Minas - Em foco","article_published_time":"2026-03-13T11:55:00+00:00","article_modified_time":"2026-03-13T02:47:44+00:00","og_image":[{"width":1280,"height":720,"url":"https:\/\/www.em.com.br\/emfoco\/wp-content\/uploads\/2026\/03\/Gemini_Generated_Image_n6mdfon6mdfon6md-1.png","type":"image\/png"}],"author":"Andre\u0301 Rangel\u00a0","twitter_card":"summary_large_image","twitter_misc":{"Escrito por":"Andre\u0301 Rangel\u00a0","Est. tempo de leitura":"5 minutos"},"schema":{"@context":"https:\/\/schema.org","@graph":[{"@type":"WebPage","@id":"https:\/\/www.em.com.br\/emfoco\/2026\/03\/13\/antes-de-jogar-fora-frascos-de-vidro-veja-como-transforma-los-em-porta-velas-lindos-sem-gastar-quase-nada\/","url":"https:\/\/www.em.com.br\/emfoco\/2026\/03\/13\/antes-de-jogar-fora-frascos-de-vidro-veja-como-transforma-los-em-porta-velas-lindos-sem-gastar-quase-nada\/","name":"Antes de jogar fora frascos de vidro, veja como transform\u00e1-los em porta-velas lindos sem gastar quase nada - Estado de Minas - Em foco","isPartOf":{"@id":"https:\/\/www.em.com.br\/emfoco\/#website"},"primaryImageOfPage":{"@id":"https:\/\/www.em.com.br\/emfoco\/2026\/03\/13\/antes-de-jogar-fora-frascos-de-vidro-veja-como-transforma-los-em-porta-velas-lindos-sem-gastar-quase-nada\/#primaryimage"},"image":{"@id":"https:\/\/www.em.com.br\/emfoco\/2026\/03\/13\/antes-de-jogar-fora-frascos-de-vidro-veja-como-transforma-los-em-porta-velas-lindos-sem-gastar-quase-nada\/#primaryimage"},"thumbnailUrl":"https:\/\/www.em.com.br\/emfoco\/wp-content\/uploads\/2026\/03\/Gemini_Generated_Image_n6mdfon6mdfon6md-1.png","datePublished":"2026-03-13T11:55:00+00:00","dateModified":"2026-03-13T02:47:44+00:00","author":{"@id":"https:\/\/www.em.com.br\/emfoco\/#\/schema\/person\/60eda09c1fedf0d6891f4cef4b60b8b8"},"description":"Um simples frasco de vidro pode virar um porta velas minimalista e elegante. A ideia sustent\u00e1vel est\u00e1 conquistando quem ama decora\u00e7\u00e3o pr\u00e1tica.","breadcrumb":{"@id":"https:\/\/www.em.com.br\/emfoco\/2026\/03\/13\/antes-de-jogar-fora-frascos-de-vidro-veja-como-transforma-los-em-porta-velas-lindos-sem-gastar-quase-nada\/#breadcrumb"},"inLanguage":"pt-BR","potentialAction":[{"@type":"ReadAction","target":["https:\/\/www.em.com.br\/emfoco\/2026\/03\/13\/antes-de-jogar-fora-frascos-de-vidro-veja-como-transforma-los-em-porta-velas-lindos-sem-gastar-quase-nada\/"]}]},{"@type":"ImageObject","inLanguage":"pt-BR","@id":"https:\/\/www.em.com.br\/emfoco\/2026\/03\/13\/antes-de-jogar-fora-frascos-de-vidro-veja-como-transforma-los-em-porta-velas-lindos-sem-gastar-quase-nada\/#primaryimage","url":"https:\/\/www.em.com.br\/emfoco\/wp-content\/uploads\/2026\/03\/Gemini_Generated_Image_n6mdfon6mdfon6md-1.png","contentUrl":"https:\/\/www.em.com.br\/emfoco\/wp-content\/uploads\/2026\/03\/Gemini_Generated_Image_n6mdfon6mdfon6md-1.png","width":1280,"height":720,"caption":"O jeito mais elegante de reutilizar frascos de vidro em casa"},{"@type":"BreadcrumbList","@id":"https:\/\/www.em.com.br\/emfoco\/2026\/03\/13\/antes-de-jogar-fora-frascos-de-vidro-veja-como-transforma-los-em-porta-velas-lindos-sem-gastar-quase-nada\/#breadcrumb","itemListElement":[{"@type":"ListItem","position":1,"name":"In\u00edcio","item":"https:\/\/www.em.com.br\/emfoco\/"},{"@type":"ListItem","position":2,"name":"Antes de jogar fora frascos de vidro, veja como transform\u00e1-los em porta-velas lindos sem gastar quase nada"}]},{"@type":"WebSite","@id":"https:\/\/www.em.com.br\/emfoco\/#website","url":"https:\/\/www.em.com.br\/emfoco\/","name":"Estado de Minas - Em foco","description":"Acompanhe as \u00faltimas not\u00edcias e fique bem informado sobre tudo o que acontece em Minas Gerais, Brasil e no mundo.","potentialAction":[{"@type":"SearchAction","target":{"@type":"EntryPoint","urlTemplate":"https:\/\/www.em.com.br\/emfoco\/?s={search_term_string}"},"query-input":{"@type":"PropertyValueSpecification","valueRequired":true,"valueName":"search_term_string"}}],"inLanguage":"pt-BR"},{"@type":"Person","@id":"https:\/\/www.em.com.br\/emfoco\/#\/schema\/person\/60eda09c1fedf0d6891f4cef4b60b8b8","name":"Andre\u0301 Rangel\u00a0","image":{"@type":"ImageObject","inLanguage":"pt-BR","@id":"https:\/\/www.em.com.br\/emfoco\/#\/schema\/person\/image\/","url":"https:\/\/secure.gravatar.com\/avatar\/6234dc814c77c8ef6d8bba622c787efc?s=96&d=mm&r=g","contentUrl":"https:\/\/secure.gravatar.com\/avatar\/6234dc814c77c8ef6d8bba622c787efc?s=96&d=mm&r=g","caption":"Andre\u0301 Rangel\u00a0"},"url":"https:\/\/www.em.com.br\/emfoco\/author\/luizmyth\/"}]}},"_links":{"self":[{"href":"https:\/\/www.em.com.br\/emfoco\/wp-json\/wp\/v2\/posts\/180446","targetHints":{"allow":["GET"]}}],"collection":[{"href":"https:\/\/www.em.com.br\/emfoco\/wp-json\/wp\/v2\/posts"}],"about":[{"href":"https:\/\/www.em.com.br\/emfoco\/wp-json\/wp\/v2\/types\/post"}],"author":[{"embeddable":true,"href":"https:\/\/www.em.com.br\/emfoco\/wp-json\/wp\/v2\/users\/11"}],"replies":[{"embeddable":true,"href":"https:\/\/www.em.com.br\/emfoco\/wp-json\/wp\/v2\/comments?post=180446"}],"version-history":[{"count":5,"href":"https:\/\/www.em.com.br\/emfoco\/wp-json\/wp\/v2\/posts\/180446\/revisions"}],"predecessor-version":[{"id":180469,"href":"https:\/\/www.em.com.br\/emfoco\/wp-json\/wp\/v2\/posts\/180446\/revisions\/180469"}],"wp:featuredmedia":[{"embeddable":true,"href":"https:\/\/www.em.com.br\/emfoco\/wp-json\/wp\/v2\/media\/180458"}],"wp:attachment":[{"href":"https:\/\/www.em.com.br\/emfoco\/wp-json\/wp\/v2\/media?parent=180446"}],"wp:term":[{"taxonomy":"category","embeddable":true,"href":"https:\/\/www.em.com.br\/emfoco\/wp-json\/wp\/v2\/categories?post=180446"},{"taxonomy":"post_tag","embeddable":true,"href":"https:\/\/www.em.com.br\/emfoco\/wp-json\/wp\/v2\/tags?post=180446"}],"curies":[{"name":"wp","href":"https:\/\/api.w.org\/{rel}","templated":true}]}}