{"id":180444,"date":"2026-03-12T14:45:00","date_gmt":"2026-03-12T17:45:00","guid":{"rendered":"https:\/\/www.em.com.br\/emfoco\/?p=180444"},"modified":"2026-03-11T22:27:41","modified_gmt":"2026-03-12T01:27:41","slug":"o-jeito-mais-facil-de-fazer-capa-de-sofa-em-casa-esta-neste-truque-de-costura-que-ajuda-a-ajustar-o-tecido-sem-complicacao","status":"publish","type":"post","link":"https:\/\/www.em.com.br\/emfoco\/2026\/03\/12\/o-jeito-mais-facil-de-fazer-capa-de-sofa-em-casa-esta-neste-truque-de-costura-que-ajuda-a-ajustar-o-tecido-sem-complicacao\/","title":{"rendered":"O jeito mais f\u00e1cil de fazer capa de sof\u00e1 em casa est\u00e1 neste truque de costura que ajuda a ajustar o tecido sem complica\u00e7\u00e3o"},"content":{"rendered":"\n<p>A costura em casa ganhou espa\u00e7o em muitos lares, seja por economia, praticidade ou puro prazer criativo. Entre os projetos preferidos est\u00e1 a&nbsp;<strong>capa para sof\u00e1<\/strong>, pe\u00e7a que protege o estofado, renova o visual da sala e pode ser feita por qualquer pessoa com no\u00e7\u00f5es b\u00e1sicas de costura reta, um pouco de tempo e aten\u00e7\u00e3o \u00e0s medidas.<\/p>\n\n\n\n<h2 class=\"wp-block-heading\">Como fazer uma capa para sof\u00e1 passo a passo<\/h2>\n\n\n\n<p>Para que a&nbsp;<strong>capa para sof\u00e1<\/strong>&nbsp;tenha um bom caimento, o primeiro passo \u00e9 medir corretamente o m\u00f3vel, incluindo largura, profundidade, altura do assento, encosto e bra\u00e7os. Anote tudo com calma e acrescente sempre uma margem extra para costuras e pequenos ajustes.<\/p>\n\n\n\n<p>Depois das medidas, escolha o tecido mais adequado ao uso di\u00e1rio, como algod\u00e3o encorpado, lona leve, brim ou tusor, que unem resist\u00eancia, conforto ao toque e facilidade de lavagem. Evite tecidos muito finos, que podem rasgar, e tamb\u00e9m os muito grossos, que dificultam a costura em m\u00e1quinas dom\u00e9sticas.<\/p>\n\n\n\n<figure class=\"wp-block-image size-large\"><img loading=\"lazy\" decoding=\"async\" width=\"1024\" height=\"576\" src=\"https:\/\/www.em.com.br\/emfoco\/wp-content\/uploads\/2026\/03\/ChatGPT-Image-11-de-mar.-de-2026-17_48_47-1-1024x576.png\" alt=\"A capa para sof\u00e1 mais pr\u00e1tica para renovar sua sala\" class=\"wp-image-180455\" srcset=\"https:\/\/www.em.com.br\/emfoco\/wp-content\/uploads\/2026\/03\/ChatGPT-Image-11-de-mar.-de-2026-17_48_47-1-1024x576.png 1024w, https:\/\/www.em.com.br\/emfoco\/wp-content\/uploads\/2026\/03\/ChatGPT-Image-11-de-mar.-de-2026-17_48_47-1-300x169.png 300w, https:\/\/www.em.com.br\/emfoco\/wp-content\/uploads\/2026\/03\/ChatGPT-Image-11-de-mar.-de-2026-17_48_47-1-768x432.png 768w, https:\/\/www.em.com.br\/emfoco\/wp-content\/uploads\/2026\/03\/ChatGPT-Image-11-de-mar.-de-2026-17_48_47-1-750x422.png 750w, https:\/\/www.em.com.br\/emfoco\/wp-content\/uploads\/2026\/03\/ChatGPT-Image-11-de-mar.-de-2026-17_48_47-1-1140x641.png 1140w, https:\/\/www.em.com.br\/emfoco\/wp-content\/uploads\/2026\/03\/ChatGPT-Image-11-de-mar.-de-2026-17_48_47-1.png 1280w\" sizes=\"auto, (max-width: 1024px) 100vw, 1024px\" \/><figcaption class=\"wp-element-caption\">A capa para sof\u00e1 mais pr\u00e1tica para renovar sua sala<\/figcaption><\/figure>\n\n\n\n<h2 class=\"wp-block-heading\">Quais s\u00e3o as etapas essenciais ao preparar o tecido<\/h2>\n\n\n\n<p>Com o tecido definido, \u00e9 hora de transferir as medidas para o avesso, marcando cada parte do <a href=\"https:\/\/www.em.com.br\/emfoco\/2026\/02\/10\/adeus-ao-sofa-a-nova-tendencia-vem-da-europa-e-muda-a-forma-de-decorar-a-casa\/\" target=\"_blank\" rel=\"noreferrer noopener\">sof\u00e1 <\/a>com giz ou caneta pr\u00f3pria. Essa etapa organiza o projeto e reduz o risco de cortes errados, garantindo melhor aproveitamento do material e menos desperd\u00edcio.<\/p>\n\n\n\n<p>Antes de cortar, revise as marca\u00e7\u00f5es e confira se todas as margens extras foram inclu\u00eddas. Em seguida, use uma tesoura bem afiada para evitar desfiados e bordas irregulares, o que facilita a costura e melhora o acabamento final da pe\u00e7a.<\/p>\n\n\n\n<ul class=\"wp-block-list\">\n<li>Medir assento, encosto, bra\u00e7os e laterais, adicionando de 3 a 5 cm de margem.<\/li>\n\n\n\n<li>Marcar as partes no avesso do tecido com linhas claras e identificadas.<\/li>\n\n\n\n<li>Cortar com cuidado, sempre seguindo o sentido do fio do tecido.<\/li>\n\n\n\n<li>Separar e nomear cada pe\u00e7a para n\u00e3o se confundir durante a montagem.<\/li>\n<\/ul>\n\n\n\n<h2 class=\"wp-block-heading\">Como costurar a capa para sof\u00e1 de forma pr\u00e1tica<\/h2>\n\n\n\n<p>Com as partes cortadas, comece unindo primeiro as pe\u00e7as maiores, como assento e encosto, mantendo o direito com direito para esconder as costuras. Use ponto reto m\u00e9dio, alinhando tudo com alfinetes ou prendedores de costura para evitar que o tecido escorregue.<\/p>\n\n\n\n<p>Antes de fechar totalmente a&nbsp;<strong>capa de sof\u00e1<\/strong>, fa\u00e7a uma prova no m\u00f3vel para verificar folgas ou apertos e ajustar o que for necess\u00e1rio. Finalize com acabamento interno em zigue-zague, overloque ou vi\u00e9s e, se quiser mais firmeza, inclua el\u00e1sticos, tiras ou la\u00e7os na parte inferior ou traseira.<\/p>\n\n\n\n<p>Selecionamos o v\u00eddeo da <strong><a href=\"https:\/\/www.youtube.com\/@mariahartevida\" target=\"_blank\" rel=\"noreferrer noopener\">Mariahartevida<\/a><\/strong> que possui mais de 19 mil visualiza\u00e7\u00f5es e ensina como fazer a capa de sof\u00e1:<\/p>\n\n\n\n<figure class=\"wp-block-embed is-type-video is-provider-youtube wp-block-embed-youtube wp-embed-aspect-16-9 wp-has-aspect-ratio\"><div class=\"wp-block-embed__wrapper\">\n<div class=\"jeg_video_container jeg_video_content\"><iframe loading=\"lazy\" title=\"DIY COMO FAZER CAPA DE SOF\u00c1, muito f\u00e1cil #decor #costura\" width=\"500\" height=\"281\" src=\"https:\/\/www.youtube.com\/embed\/d-OR9aSRQjw?feature=oembed\" frameborder=\"0\" allow=\"accelerometer; autoplay; clipboard-write; encrypted-media; gyroscope; picture-in-picture; web-share\" referrerpolicy=\"strict-origin-when-cross-origin\" allowfullscreen><\/iframe><\/div>\n<\/div><\/figure>\n\n\n\n<h2 class=\"wp-block-heading\">Como a capa para sof\u00e1 protege e decora sua casa<\/h2>\n\n\n\n<p>A&nbsp;<strong>capa protetora para sof\u00e1<\/strong>&nbsp;funciona como barreira contra sujeira, pelos de animais, arranh\u00f5es e manchas do dia a dia, especialmente em casas com crian\u00e7as e animais de estima\u00e7\u00e3o. Ao mesmo tempo, permite reaproveitar sof\u00e1s antigos, adaptando-os a novos estilos de decora\u00e7\u00e3o sem precisar trocar o m\u00f3vel.<\/p>\n\n\n\n<p>Na parte est\u00e9tica, a capa abre espa\u00e7o para testar cores, texturas e estampas, desde tons neutros mais discretos at\u00e9 florais, listras e desenhos geom\u00e9tricos. Como \u00e9 remov\u00edvel e lav\u00e1vel, voc\u00ea pode alternar modelos conforme a esta\u00e7\u00e3o, ocasi\u00f5es especiais ou at\u00e9 para renovar a energia da casa com frequ\u00eancia.<\/p>\n\n\n\n<h2 class=\"wp-block-heading\">Por que come\u00e7ar a costurar capas de sof\u00e1 agora mesmo<\/h2>\n\n\n\n<p>A confec\u00e7\u00e3o de&nbsp;<em>capas de sof\u00e1 sob medida<\/em>&nbsp;une organiza\u00e7\u00e3o da casa, cuidado com os m\u00f3veis e bem-estar emocional, j\u00e1 que a costura estimula foco, coordena\u00e7\u00e3o motora e sensa\u00e7\u00e3o de realiza\u00e7\u00e3o ao ver a pe\u00e7a pronta. Al\u00e9m disso, o mesmo conhecimento pode ser usado para produzir protetores de cadeira, almofadas e outros itens decorativos, abrindo portas para renda extra em casa ou pela internet.<\/p>\n\n\n\n<p>Se voc\u00ea quer proteger seu sof\u00e1, transformar a decora\u00e7\u00e3o e ainda ter uma habilidade que pode virar neg\u00f3cio, comece hoje mesmo a planejar sua capa: escolha o tecido, pegue a fita m\u00e9trica e d\u00ea o primeiro passo agora, antes que o estofado desgaste ainda mais e a oportunidade de economizar e empreender passe despercebida.<\/p>\n","protected":false},"excerpt":{"rendered":"<p>A costura em casa ganhou espa\u00e7o em muitos lares, seja por economia, praticidade ou puro prazer criativo. Entre os projetos preferidos est\u00e1 a&nbsp;capa para sof\u00e1, pe\u00e7a que protege o estofado, renova o visual da sala e pode ser feita por qualquer pessoa com no\u00e7\u00f5es b\u00e1sicas de costura reta, um pouco de tempo e aten\u00e7\u00e3o \u00e0s [&hellip;]<\/p>\n","protected":false},"author":11,"featured_media":180454,"comment_status":"open","ping_status":"open","sticky":false,"template":"","format":"standard","meta":{"jnews-multi-image_gallery":[],"jnews_single_post":{"format":"standard"},"jnews_primary_category":[],"jnews_social_meta":[],"jnews_override_counter":[],"footnotes":""},"categories":[8819,1],"tags":[26039,4687,10626,1920],"class_list":["post-180444","post","type-post","status-publish","format-standard","has-post-thumbnail","hentry","category-curiosidades","category-noticias","tag-capa-para-sofa","tag-decoracao","tag-sofa","tag-tendencia"],"yoast_head":"<!-- This site is optimized with the Yoast SEO plugin v23.8 - https:\/\/yoast.com\/wordpress\/plugins\/seo\/ -->\n<title>O jeito mais f\u00e1cil de fazer capa de sof\u00e1 em casa est\u00e1 neste truque de costura que ajuda a ajustar o tecido sem complica\u00e7\u00e3o - Estado de Minas - Em foco<\/title>\n<meta name=\"description\" content=\"A capa para sof\u00e1 virou a solu\u00e7\u00e3o favorita de quem quer proteger o estofado e renovar a sala gastando pouco. Um detalhe simples pode mudar tudo.\" \/>\n<meta name=\"robots\" content=\"index, follow, max-snippet:-1, max-image-preview:large, max-video-preview:-1\" \/>\n<link rel=\"canonical\" href=\"https:\/\/www.em.com.br\/emfoco\/2026\/03\/12\/o-jeito-mais-facil-de-fazer-capa-de-sofa-em-casa-esta-neste-truque-de-costura-que-ajuda-a-ajustar-o-tecido-sem-complicacao\/\" \/>\n<meta property=\"og:locale\" content=\"pt_BR\" \/>\n<meta property=\"og:type\" content=\"article\" \/>\n<meta property=\"og:title\" content=\"O jeito mais f\u00e1cil de fazer capa de sof\u00e1 em casa est\u00e1 neste truque de costura que ajuda a ajustar o tecido sem complica\u00e7\u00e3o - Estado de Minas - Em foco\" \/>\n<meta property=\"og:description\" content=\"A capa para sof\u00e1 virou a solu\u00e7\u00e3o favorita de quem quer proteger o estofado e renovar a sala gastando pouco. Um detalhe simples pode mudar tudo.\" \/>\n<meta property=\"og:url\" content=\"https:\/\/www.em.com.br\/emfoco\/2026\/03\/12\/o-jeito-mais-facil-de-fazer-capa-de-sofa-em-casa-esta-neste-truque-de-costura-que-ajuda-a-ajustar-o-tecido-sem-complicacao\/\" \/>\n<meta property=\"og:site_name\" content=\"Estado de Minas - Em foco\" \/>\n<meta property=\"article:published_time\" content=\"2026-03-12T17:45:00+00:00\" \/>\n<meta property=\"article:modified_time\" content=\"2026-03-12T01:27:41+00:00\" \/>\n<meta property=\"og:image\" content=\"https:\/\/www.em.com.br\/emfoco\/wp-content\/uploads\/2026\/03\/Gemini_Generated_Image_qbvlcyqbvlcyqbvl-1.png\" \/>\n\t<meta property=\"og:image:width\" content=\"1280\" \/>\n\t<meta property=\"og:image:height\" content=\"720\" \/>\n\t<meta property=\"og:image:type\" content=\"image\/png\" \/>\n<meta name=\"author\" content=\"Andre\u0301 Rangel\u00a0\" \/>\n<meta name=\"twitter:card\" content=\"summary_large_image\" \/>\n<meta name=\"twitter:label1\" content=\"Escrito por\" \/>\n\t<meta name=\"twitter:data1\" content=\"Andre\u0301 Rangel\u00a0\" \/>\n\t<meta name=\"twitter:label2\" content=\"Est. tempo de leitura\" \/>\n\t<meta name=\"twitter:data2\" content=\"5 minutos\" \/>\n<!-- \/ Yoast SEO plugin. -->","yoast_head_json":{"title":"O jeito mais f\u00e1cil de fazer capa de sof\u00e1 em casa est\u00e1 neste truque de costura que ajuda a ajustar o tecido sem complica\u00e7\u00e3o - Estado de Minas - Em foco","description":"A capa para sof\u00e1 virou a solu\u00e7\u00e3o favorita de quem quer proteger o estofado e renovar a sala gastando pouco. Um detalhe simples pode mudar tudo.","robots":{"index":"index","follow":"follow","max-snippet":"max-snippet:-1","max-image-preview":"max-image-preview:large","max-video-preview":"max-video-preview:-1"},"canonical":"https:\/\/www.em.com.br\/emfoco\/2026\/03\/12\/o-jeito-mais-facil-de-fazer-capa-de-sofa-em-casa-esta-neste-truque-de-costura-que-ajuda-a-ajustar-o-tecido-sem-complicacao\/","og_locale":"pt_BR","og_type":"article","og_title":"O jeito mais f\u00e1cil de fazer capa de sof\u00e1 em casa est\u00e1 neste truque de costura que ajuda a ajustar o tecido sem complica\u00e7\u00e3o - Estado de Minas - Em foco","og_description":"A capa para sof\u00e1 virou a solu\u00e7\u00e3o favorita de quem quer proteger o estofado e renovar a sala gastando pouco. Um detalhe simples pode mudar tudo.","og_url":"https:\/\/www.em.com.br\/emfoco\/2026\/03\/12\/o-jeito-mais-facil-de-fazer-capa-de-sofa-em-casa-esta-neste-truque-de-costura-que-ajuda-a-ajustar-o-tecido-sem-complicacao\/","og_site_name":"Estado de Minas - Em foco","article_published_time":"2026-03-12T17:45:00+00:00","article_modified_time":"2026-03-12T01:27:41+00:00","og_image":[{"width":1280,"height":720,"url":"https:\/\/www.em.com.br\/emfoco\/wp-content\/uploads\/2026\/03\/Gemini_Generated_Image_qbvlcyqbvlcyqbvl-1.png","type":"image\/png"}],"author":"Andre\u0301 Rangel\u00a0","twitter_card":"summary_large_image","twitter_misc":{"Escrito por":"Andre\u0301 Rangel\u00a0","Est. tempo de leitura":"5 minutos"},"schema":{"@context":"https:\/\/schema.org","@graph":[{"@type":"WebPage","@id":"https:\/\/www.em.com.br\/emfoco\/2026\/03\/12\/o-jeito-mais-facil-de-fazer-capa-de-sofa-em-casa-esta-neste-truque-de-costura-que-ajuda-a-ajustar-o-tecido-sem-complicacao\/","url":"https:\/\/www.em.com.br\/emfoco\/2026\/03\/12\/o-jeito-mais-facil-de-fazer-capa-de-sofa-em-casa-esta-neste-truque-de-costura-que-ajuda-a-ajustar-o-tecido-sem-complicacao\/","name":"O jeito mais f\u00e1cil de fazer capa de sof\u00e1 em casa est\u00e1 neste truque de costura que ajuda a ajustar o tecido sem complica\u00e7\u00e3o - Estado de Minas - Em foco","isPartOf":{"@id":"https:\/\/www.em.com.br\/emfoco\/#website"},"primaryImageOfPage":{"@id":"https:\/\/www.em.com.br\/emfoco\/2026\/03\/12\/o-jeito-mais-facil-de-fazer-capa-de-sofa-em-casa-esta-neste-truque-de-costura-que-ajuda-a-ajustar-o-tecido-sem-complicacao\/#primaryimage"},"image":{"@id":"https:\/\/www.em.com.br\/emfoco\/2026\/03\/12\/o-jeito-mais-facil-de-fazer-capa-de-sofa-em-casa-esta-neste-truque-de-costura-que-ajuda-a-ajustar-o-tecido-sem-complicacao\/#primaryimage"},"thumbnailUrl":"https:\/\/www.em.com.br\/emfoco\/wp-content\/uploads\/2026\/03\/Gemini_Generated_Image_qbvlcyqbvlcyqbvl-1.png","datePublished":"2026-03-12T17:45:00+00:00","dateModified":"2026-03-12T01:27:41+00:00","author":{"@id":"https:\/\/www.em.com.br\/emfoco\/#\/schema\/person\/60eda09c1fedf0d6891f4cef4b60b8b8"},"description":"A capa para sof\u00e1 virou a solu\u00e7\u00e3o favorita de quem quer proteger o estofado e renovar a sala gastando pouco. Um detalhe simples pode mudar tudo.","breadcrumb":{"@id":"https:\/\/www.em.com.br\/emfoco\/2026\/03\/12\/o-jeito-mais-facil-de-fazer-capa-de-sofa-em-casa-esta-neste-truque-de-costura-que-ajuda-a-ajustar-o-tecido-sem-complicacao\/#breadcrumb"},"inLanguage":"pt-BR","potentialAction":[{"@type":"ReadAction","target":["https:\/\/www.em.com.br\/emfoco\/2026\/03\/12\/o-jeito-mais-facil-de-fazer-capa-de-sofa-em-casa-esta-neste-truque-de-costura-que-ajuda-a-ajustar-o-tecido-sem-complicacao\/"]}]},{"@type":"ImageObject","inLanguage":"pt-BR","@id":"https:\/\/www.em.com.br\/emfoco\/2026\/03\/12\/o-jeito-mais-facil-de-fazer-capa-de-sofa-em-casa-esta-neste-truque-de-costura-que-ajuda-a-ajustar-o-tecido-sem-complicacao\/#primaryimage","url":"https:\/\/www.em.com.br\/emfoco\/wp-content\/uploads\/2026\/03\/Gemini_Generated_Image_qbvlcyqbvlcyqbvl-1.png","contentUrl":"https:\/\/www.em.com.br\/emfoco\/wp-content\/uploads\/2026\/03\/Gemini_Generated_Image_qbvlcyqbvlcyqbvl-1.png","width":1280,"height":720,"caption":"A capa para sof\u00e1 mais pr\u00e1tica para renovar sua sala"},{"@type":"BreadcrumbList","@id":"https:\/\/www.em.com.br\/emfoco\/2026\/03\/12\/o-jeito-mais-facil-de-fazer-capa-de-sofa-em-casa-esta-neste-truque-de-costura-que-ajuda-a-ajustar-o-tecido-sem-complicacao\/#breadcrumb","itemListElement":[{"@type":"ListItem","position":1,"name":"In\u00edcio","item":"https:\/\/www.em.com.br\/emfoco\/"},{"@type":"ListItem","position":2,"name":"O jeito mais f\u00e1cil de fazer capa de sof\u00e1 em casa est\u00e1 neste truque de costura que ajuda a ajustar o tecido sem complica\u00e7\u00e3o"}]},{"@type":"WebSite","@id":"https:\/\/www.em.com.br\/emfoco\/#website","url":"https:\/\/www.em.com.br\/emfoco\/","name":"Estado de Minas - Em foco","description":"Acompanhe as \u00faltimas not\u00edcias e fique bem informado sobre tudo o que acontece em Minas Gerais, Brasil e no mundo.","potentialAction":[{"@type":"SearchAction","target":{"@type":"EntryPoint","urlTemplate":"https:\/\/www.em.com.br\/emfoco\/?s={search_term_string}"},"query-input":{"@type":"PropertyValueSpecification","valueRequired":true,"valueName":"search_term_string"}}],"inLanguage":"pt-BR"},{"@type":"Person","@id":"https:\/\/www.em.com.br\/emfoco\/#\/schema\/person\/60eda09c1fedf0d6891f4cef4b60b8b8","name":"Andre\u0301 Rangel\u00a0","image":{"@type":"ImageObject","inLanguage":"pt-BR","@id":"https:\/\/www.em.com.br\/emfoco\/#\/schema\/person\/image\/","url":"https:\/\/secure.gravatar.com\/avatar\/6234dc814c77c8ef6d8bba622c787efc?s=96&d=mm&r=g","contentUrl":"https:\/\/secure.gravatar.com\/avatar\/6234dc814c77c8ef6d8bba622c787efc?s=96&d=mm&r=g","caption":"Andre\u0301 Rangel\u00a0"},"url":"https:\/\/www.em.com.br\/emfoco\/author\/luizmyth\/"}]}},"_links":{"self":[{"href":"https:\/\/www.em.com.br\/emfoco\/wp-json\/wp\/v2\/posts\/180444","targetHints":{"allow":["GET"]}}],"collection":[{"href":"https:\/\/www.em.com.br\/emfoco\/wp-json\/wp\/v2\/posts"}],"about":[{"href":"https:\/\/www.em.com.br\/emfoco\/wp-json\/wp\/v2\/types\/post"}],"author":[{"embeddable":true,"href":"https:\/\/www.em.com.br\/emfoco\/wp-json\/wp\/v2\/users\/11"}],"replies":[{"embeddable":true,"href":"https:\/\/www.em.com.br\/emfoco\/wp-json\/wp\/v2\/comments?post=180444"}],"version-history":[{"count":4,"href":"https:\/\/www.em.com.br\/emfoco\/wp-json\/wp\/v2\/posts\/180444\/revisions"}],"predecessor-version":[{"id":180467,"href":"https:\/\/www.em.com.br\/emfoco\/wp-json\/wp\/v2\/posts\/180444\/revisions\/180467"}],"wp:featuredmedia":[{"embeddable":true,"href":"https:\/\/www.em.com.br\/emfoco\/wp-json\/wp\/v2\/media\/180454"}],"wp:attachment":[{"href":"https:\/\/www.em.com.br\/emfoco\/wp-json\/wp\/v2\/media?parent=180444"}],"wp:term":[{"taxonomy":"category","embeddable":true,"href":"https:\/\/www.em.com.br\/emfoco\/wp-json\/wp\/v2\/categories?post=180444"},{"taxonomy":"post_tag","embeddable":true,"href":"https:\/\/www.em.com.br\/emfoco\/wp-json\/wp\/v2\/tags?post=180444"}],"curies":[{"name":"wp","href":"https:\/\/api.w.org\/{rel}","templated":true}]}}