{"id":180414,"date":"2026-03-14T17:45:00","date_gmt":"2026-03-14T20:45:00","guid":{"rendered":"https:\/\/www.em.com.br\/emfoco\/?p=180414"},"modified":"2026-03-13T22:39:38","modified_gmt":"2026-03-14T01:39:38","slug":"sua-pele-muda-com-a-idade-e-a-rotina-de-banho-tambem-deveria-mudar","status":"publish","type":"post","link":"https:\/\/www.em.com.br\/emfoco\/2026\/03\/14\/sua-pele-muda-com-a-idade-e-a-rotina-de-banho-tambem-deveria-mudar\/","title":{"rendered":"Sua pele muda com a idade e a rotina de banho tamb\u00e9m deveria mudar"},"content":{"rendered":"\n<p>Higiene di\u00e1ria costuma ser vista como um h\u00e1bito autom\u00e1tico, mas, na terceira idade, a forma e a frequ\u00eancia do banho precisam ser revistas. Com o envelhecimento, o corpo muda, a pele fica mais fr\u00e1gil e seca, e aquilo que funcionava bem na juventude pode come\u00e7ar a causar ressecamento, irrita\u00e7\u00f5es, coceiras e at\u00e9 pequenas feridas, exigindo um cuidado muito mais suave, planejado e protetor.<\/p>\n\n\n\n<h2 class=\"wp-block-heading\">Como o envelhecimento muda a pele e impacta o banho di\u00e1rio<\/h2>\n\n\n\n<p>Com o passar dos anos, a produ\u00e7\u00e3o de \u00f3leos naturais diminui, a <a href=\"https:\/\/sarahbrasildermato.com.br\/a-importancia-de-manter-a-barreira-cutanea-saudavel-e-como-recupera-la\/\" target=\"_blank\" rel=\"noreferrer noopener\">barreira cut\u00e2nea <\/a>fica mais fina e a capacidade de reter \u00e1gua \u00e9 reduzida. A pele madura tende a ser mais seca e sens\u00edvel \u00e0 temperatura da \u00e1gua, ao tipo de sabonete e \u00e0 quantidade de banhos por semana.<\/p>\n\n\n\n<p>Banhos di\u00e1rios, muito quentes e cheios de espuma podem retirar a pouca oleosidade ainda presente, prejudicando a fun\u00e7\u00e3o de defesa da pele. Isso aumenta o risco de coceira, descama\u00e7\u00e3o, rachaduras, eczemas e at\u00e9 infec\u00e7\u00f5es em idosos com pele muito fr\u00e1gil.<\/p>\n\n\n\n<figure class=\"wp-block-image\"><img decoding=\"async\" src=\"https:\/\/www.em.com.br\/emfoco\/wp-content\/uploads\/2026\/03\/Gemini_Generated_Image_88vqva88vqva88vq-1-1024x576.png\" alt=\"\"\/><figcaption class=\"wp-element-caption\">Qual \u00e9 a frequ\u00eancia ideal de banho na terceira idade<\/figcaption><\/figure>\n\n\n\n<h2 class=\"wp-block-heading\">Qual \u00e9 a frequ\u00eancia ideal de banho em idosos<\/h2>\n\n\n\n<p>N\u00e3o existe um n\u00famero \u00fanico de banhos perfeito para todas as pessoas acima de 60 anos, mas muitos especialistas defendem que, na terceira idade, \u201cmenos \u00e9 mais\u201d. Em grande parte dos idosos saud\u00e1veis, dois a tr\u00eas banhos completos por semana costumam ser suficientes, desde que a higiene di\u00e1ria das m\u00e3os, rosto, \u00e1reas \u00edntimas e axilas seja mantida.<\/p>\n\n\n\n<p>A rotina de higiene do idoso deve considerar tipo de pele, doen\u00e7as pr\u00e9-existentes, mobilidade, clima, n\u00edvel de atividade e risco de queda no banheiro. Quem tem pele muito seca ou com dermatites pode se beneficiar de banhos corporais menos frequentes, sempre com foco em conforto e prote\u00e7\u00e3o da barreira cut\u00e2nea.<\/p>\n\n\n\n<h2 class=\"wp-block-heading\">Quais cuidados tornam o banho em idosos mais seguro e protetor<\/h2>\n\n\n\n<p>Al\u00e9m da frequ\u00eancia, a forma de tomar <a href=\"https:\/\/www.em.com.br\/emfoco\/2026\/03\/09\/o-truque-de-2-minutos-no-banho-que-deixa-a-pele-tao-macia-que-muita-gente-repete-toda-semana\/\" target=\"_blank\" rel=\"noreferrer noopener\">banho <\/a>interfere diretamente na sa\u00fade da pele madura. Ajustes simples, como controlar a temperatura da \u00e1gua e escolher bons produtos, podem reduzir o ressecamento, irrita\u00e7\u00f5es e at\u00e9 prevenir infec\u00e7\u00f5es decorrentes de rachaduras e feridas.<\/p>\n\n\n\n<p>Para organizar esses cuidados no dia a dia, algumas recomenda\u00e7\u00f5es s\u00e3o especialmente destacadas por m\u00e9dicos e dermatologistas:<\/p>\n\n\n\n<ul class=\"wp-block-list\">\n<li>Preferir \u00e1gua morna e evitar temperaturas muito quentes.<\/li>\n\n\n\n<li>Manter banhos r\u00e1pidos, sem longas perman\u00eancias sob o chuveiro.<\/li>\n\n\n\n<li>Aplicar sabonete apenas em \u00e1reas que realmente precisam de limpeza intensa.<\/li>\n\n\n\n<li>Optar por sabonetes suaves, hidratantes e com pouco ou nenhum perfume.<\/li>\n\n\n\n<li>Secar a pele sem esfregar, apenas pressionando levemente a toalha.<\/li>\n\n\n\n<li>Usar hidratante logo ap\u00f3s o banho, com a pele ainda levemente \u00famida.<\/li>\n<\/ul>\n\n\n\n<figure class=\"wp-block-image\"><img decoding=\"async\" src=\"https:\/\/www.em.com.br\/emfoco\/wp-content\/uploads\/2025\/12\/Gemini_Generated_Image_az5nxcaz5nxcaz5n-1-1024x576.png\" alt=\"\"\/><figcaption class=\"wp-element-caption\">O idoso n\u00e3o deve tomar banho todos os dias<\/figcaption><\/figure>\n\n\n\n<h2 class=\"wp-block-heading\">Banho em excesso pode prejudicar a pele do idoso<\/h2>\n\n\n\n<p>Em idosos, o banho em excesso est\u00e1 diretamente ligado \u00e0 perda da camada lip\u00eddica natural da pele. Quando essa prote\u00e7\u00e3o \u00e9 removida repetidas vezes, surgem ressecamento intenso, sensa\u00e7\u00e3o de pele \u201crepuxando\u201d, coceiras cr\u00f4nicas, e piora de quadros de eczema e dermatite, especialmente em pernas, bra\u00e7os e costas.<\/p>\n\n\n\n<p>Rachaduras em calcanhares, m\u00e3os e pernas facilitam a entrada de microrganismos e aumentam o risco de infec\u00e7\u00e3o, principalmente em pessoas muito fr\u00e1geis ou acamadas. Em lares de idosos e no atendimento domiciliar, cresce o entendimento de que higiene adequada n\u00e3o significa \u201cmais banhos\u201d, e sim banhos mais cuidadosos e protetores.<\/p>\n\n\n\n<h2 class=\"wp-block-heading\">Como adaptar a rotina de banho do idoso com seguran\u00e7a e urg\u00eancia<\/h2>\n\n\n\n<p>Fam\u00edlias e cuidadores podem alternar dias de banho completo com higiene parcial, escolher hor\u00e1rios mais amenos e adaptar o banheiro com barras de apoio e tapetes antiderrapantes. Observar sinais como vermelhid\u00e3o, coceira, descama\u00e7\u00e3o ou dor \u00e9 essencial para ajustar h\u00e1bitos e procurar orienta\u00e7\u00e3o profissional rapidamente.<\/p>\n\n\n\n<p>N\u00e3o espere a pele rachar, doer ou infeccionar para mudar a rotina: reveja hoje mesmo a forma como o banho est\u00e1 sendo feito e converse com o m\u00e9dico ou dermatologista do idoso. Cuidar da pele madura com urg\u00eancia, aten\u00e7\u00e3o e carinho \u00e9 uma forma direta de proteger a sa\u00fade, evitar interna\u00e7\u00f5es e garantir mais conforto e dignidade na terceira idade.<\/p>\n","protected":false},"excerpt":{"rendered":"<p>Higiene di\u00e1ria costuma ser vista como um h\u00e1bito autom\u00e1tico, mas, na terceira idade, a forma e a frequ\u00eancia do banho precisam ser revistas. Com o envelhecimento, o corpo muda, a pele fica mais fr\u00e1gil e seca, e aquilo que funcionava bem na juventude pode come\u00e7ar a causar ressecamento, irrita\u00e7\u00f5es, coceiras e at\u00e9 pequenas feridas, exigindo [&hellip;]<\/p>\n","protected":false},"author":11,"featured_media":151876,"comment_status":"open","ping_status":"open","sticky":false,"template":"","format":"standard","meta":{"jnews-multi-image_gallery":[],"jnews_single_post":{"format":"standard"},"jnews_primary_category":[],"jnews_social_meta":[],"jnews_override_counter":[],"footnotes":""},"categories":[1,9053],"tags":[5643,26038,260,12306,7073,26029],"class_list":["post-180414","post","type-post","status-publish","format-standard","has-post-thumbnail","hentry","category-noticias","category-saude","tag-banho","tag-banho-na-terceira-idade","tag-idosos","tag-pele-2","tag-pele-madura","tag-rotina-de-banho"],"yoast_head":"<!-- This site is optimized with the Yoast SEO plugin v23.8 - https:\/\/yoast.com\/wordpress\/plugins\/seo\/ -->\n<title>Sua pele muda com a idade e a rotina de banho tamb\u00e9m deveria mudar - Estado de Minas - Em foco<\/title>\n<meta name=\"description\" content=\"Especialistas explicam qual \u00e9 a frequ\u00eancia ideal de banho na terceira idade e como proteger a pele madura.\" \/>\n<meta name=\"robots\" content=\"index, follow, max-snippet:-1, max-image-preview:large, max-video-preview:-1\" \/>\n<link rel=\"canonical\" href=\"https:\/\/www.em.com.br\/emfoco\/2026\/03\/14\/sua-pele-muda-com-a-idade-e-a-rotina-de-banho-tambem-deveria-mudar\/\" \/>\n<meta property=\"og:locale\" content=\"pt_BR\" \/>\n<meta property=\"og:type\" content=\"article\" \/>\n<meta property=\"og:title\" content=\"Sua pele muda com a idade e a rotina de banho tamb\u00e9m deveria mudar - Estado de Minas - Em foco\" \/>\n<meta property=\"og:description\" content=\"Especialistas explicam qual \u00e9 a frequ\u00eancia ideal de banho na terceira idade e como proteger a pele madura.\" \/>\n<meta property=\"og:url\" content=\"https:\/\/www.em.com.br\/emfoco\/2026\/03\/14\/sua-pele-muda-com-a-idade-e-a-rotina-de-banho-tambem-deveria-mudar\/\" \/>\n<meta property=\"og:site_name\" content=\"Estado de Minas - Em foco\" \/>\n<meta property=\"article:published_time\" content=\"2026-03-14T20:45:00+00:00\" \/>\n<meta property=\"article:modified_time\" content=\"2026-03-14T01:39:38+00:00\" \/>\n<meta property=\"og:image\" content=\"https:\/\/www.em.com.br\/emfoco\/wp-content\/uploads\/2026\/01\/unnamed-1-3.jpg\" \/>\n\t<meta property=\"og:image:width\" content=\"1280\" \/>\n\t<meta property=\"og:image:height\" content=\"720\" \/>\n\t<meta property=\"og:image:type\" content=\"image\/jpeg\" \/>\n<meta name=\"author\" content=\"Andre\u0301 Rangel\u00a0\" \/>\n<meta name=\"twitter:card\" content=\"summary_large_image\" \/>\n<meta name=\"twitter:label1\" content=\"Escrito por\" \/>\n\t<meta name=\"twitter:data1\" content=\"Andre\u0301 Rangel\u00a0\" \/>\n\t<meta name=\"twitter:label2\" content=\"Est. tempo de leitura\" \/>\n\t<meta name=\"twitter:data2\" content=\"5 minutos\" \/>\n<!-- \/ Yoast SEO plugin. -->","yoast_head_json":{"title":"Sua pele muda com a idade e a rotina de banho tamb\u00e9m deveria mudar - Estado de Minas - Em foco","description":"Especialistas explicam qual \u00e9 a frequ\u00eancia ideal de banho na terceira idade e como proteger a pele madura.","robots":{"index":"index","follow":"follow","max-snippet":"max-snippet:-1","max-image-preview":"max-image-preview:large","max-video-preview":"max-video-preview:-1"},"canonical":"https:\/\/www.em.com.br\/emfoco\/2026\/03\/14\/sua-pele-muda-com-a-idade-e-a-rotina-de-banho-tambem-deveria-mudar\/","og_locale":"pt_BR","og_type":"article","og_title":"Sua pele muda com a idade e a rotina de banho tamb\u00e9m deveria mudar - Estado de Minas - Em foco","og_description":"Especialistas explicam qual \u00e9 a frequ\u00eancia ideal de banho na terceira idade e como proteger a pele madura.","og_url":"https:\/\/www.em.com.br\/emfoco\/2026\/03\/14\/sua-pele-muda-com-a-idade-e-a-rotina-de-banho-tambem-deveria-mudar\/","og_site_name":"Estado de Minas - Em foco","article_published_time":"2026-03-14T20:45:00+00:00","article_modified_time":"2026-03-14T01:39:38+00:00","og_image":[{"width":1280,"height":720,"url":"https:\/\/www.em.com.br\/emfoco\/wp-content\/uploads\/2026\/01\/unnamed-1-3.jpg","type":"image\/jpeg"}],"author":"Andre\u0301 Rangel\u00a0","twitter_card":"summary_large_image","twitter_misc":{"Escrito por":"Andre\u0301 Rangel\u00a0","Est. tempo de leitura":"5 minutos"},"schema":{"@context":"https:\/\/schema.org","@graph":[{"@type":"WebPage","@id":"https:\/\/www.em.com.br\/emfoco\/2026\/03\/14\/sua-pele-muda-com-a-idade-e-a-rotina-de-banho-tambem-deveria-mudar\/","url":"https:\/\/www.em.com.br\/emfoco\/2026\/03\/14\/sua-pele-muda-com-a-idade-e-a-rotina-de-banho-tambem-deveria-mudar\/","name":"Sua pele muda com a idade e a rotina de banho tamb\u00e9m deveria mudar - Estado de Minas - Em foco","isPartOf":{"@id":"https:\/\/www.em.com.br\/emfoco\/#website"},"primaryImageOfPage":{"@id":"https:\/\/www.em.com.br\/emfoco\/2026\/03\/14\/sua-pele-muda-com-a-idade-e-a-rotina-de-banho-tambem-deveria-mudar\/#primaryimage"},"image":{"@id":"https:\/\/www.em.com.br\/emfoco\/2026\/03\/14\/sua-pele-muda-com-a-idade-e-a-rotina-de-banho-tambem-deveria-mudar\/#primaryimage"},"thumbnailUrl":"https:\/\/www.em.com.br\/emfoco\/wp-content\/uploads\/2026\/01\/unnamed-1-3.jpg","datePublished":"2026-03-14T20:45:00+00:00","dateModified":"2026-03-14T01:39:38+00:00","author":{"@id":"https:\/\/www.em.com.br\/emfoco\/#\/schema\/person\/60eda09c1fedf0d6891f4cef4b60b8b8"},"description":"Especialistas explicam qual \u00e9 a frequ\u00eancia ideal de banho na terceira idade e como proteger a pele madura.","breadcrumb":{"@id":"https:\/\/www.em.com.br\/emfoco\/2026\/03\/14\/sua-pele-muda-com-a-idade-e-a-rotina-de-banho-tambem-deveria-mudar\/#breadcrumb"},"inLanguage":"pt-BR","potentialAction":[{"@type":"ReadAction","target":["https:\/\/www.em.com.br\/emfoco\/2026\/03\/14\/sua-pele-muda-com-a-idade-e-a-rotina-de-banho-tambem-deveria-mudar\/"]}]},{"@type":"ImageObject","inLanguage":"pt-BR","@id":"https:\/\/www.em.com.br\/emfoco\/2026\/03\/14\/sua-pele-muda-com-a-idade-e-a-rotina-de-banho-tambem-deveria-mudar\/#primaryimage","url":"https:\/\/www.em.com.br\/emfoco\/wp-content\/uploads\/2026\/01\/unnamed-1-3.jpg","contentUrl":"https:\/\/www.em.com.br\/emfoco\/wp-content\/uploads\/2026\/01\/unnamed-1-3.jpg","width":1280,"height":720,"caption":"O detalhe no banho que faz toda diferen\u00e7a ap\u00f3s os 65"},{"@type":"BreadcrumbList","@id":"https:\/\/www.em.com.br\/emfoco\/2026\/03\/14\/sua-pele-muda-com-a-idade-e-a-rotina-de-banho-tambem-deveria-mudar\/#breadcrumb","itemListElement":[{"@type":"ListItem","position":1,"name":"In\u00edcio","item":"https:\/\/www.em.com.br\/emfoco\/"},{"@type":"ListItem","position":2,"name":"Sua pele muda com a idade e a rotina de banho tamb\u00e9m deveria mudar"}]},{"@type":"WebSite","@id":"https:\/\/www.em.com.br\/emfoco\/#website","url":"https:\/\/www.em.com.br\/emfoco\/","name":"Estado de Minas - Em foco","description":"Acompanhe as \u00faltimas not\u00edcias e fique bem informado sobre tudo o que acontece em Minas Gerais, Brasil e no mundo.","potentialAction":[{"@type":"SearchAction","target":{"@type":"EntryPoint","urlTemplate":"https:\/\/www.em.com.br\/emfoco\/?s={search_term_string}"},"query-input":{"@type":"PropertyValueSpecification","valueRequired":true,"valueName":"search_term_string"}}],"inLanguage":"pt-BR"},{"@type":"Person","@id":"https:\/\/www.em.com.br\/emfoco\/#\/schema\/person\/60eda09c1fedf0d6891f4cef4b60b8b8","name":"Andre\u0301 Rangel\u00a0","image":{"@type":"ImageObject","inLanguage":"pt-BR","@id":"https:\/\/www.em.com.br\/emfoco\/#\/schema\/person\/image\/","url":"https:\/\/secure.gravatar.com\/avatar\/6234dc814c77c8ef6d8bba622c787efc?s=96&d=mm&r=g","contentUrl":"https:\/\/secure.gravatar.com\/avatar\/6234dc814c77c8ef6d8bba622c787efc?s=96&d=mm&r=g","caption":"Andre\u0301 Rangel\u00a0"},"url":"https:\/\/www.em.com.br\/emfoco\/author\/luizmyth\/"}]}},"_links":{"self":[{"href":"https:\/\/www.em.com.br\/emfoco\/wp-json\/wp\/v2\/posts\/180414","targetHints":{"allow":["GET"]}}],"collection":[{"href":"https:\/\/www.em.com.br\/emfoco\/wp-json\/wp\/v2\/posts"}],"about":[{"href":"https:\/\/www.em.com.br\/emfoco\/wp-json\/wp\/v2\/types\/post"}],"author":[{"embeddable":true,"href":"https:\/\/www.em.com.br\/emfoco\/wp-json\/wp\/v2\/users\/11"}],"replies":[{"embeddable":true,"href":"https:\/\/www.em.com.br\/emfoco\/wp-json\/wp\/v2\/comments?post=180414"}],"version-history":[{"count":3,"href":"https:\/\/www.em.com.br\/emfoco\/wp-json\/wp\/v2\/posts\/180414\/revisions"}],"predecessor-version":[{"id":180441,"href":"https:\/\/www.em.com.br\/emfoco\/wp-json\/wp\/v2\/posts\/180414\/revisions\/180441"}],"wp:featuredmedia":[{"embeddable":true,"href":"https:\/\/www.em.com.br\/emfoco\/wp-json\/wp\/v2\/media\/151876"}],"wp:attachment":[{"href":"https:\/\/www.em.com.br\/emfoco\/wp-json\/wp\/v2\/media?parent=180414"}],"wp:term":[{"taxonomy":"category","embeddable":true,"href":"https:\/\/www.em.com.br\/emfoco\/wp-json\/wp\/v2\/categories?post=180414"},{"taxonomy":"post_tag","embeddable":true,"href":"https:\/\/www.em.com.br\/emfoco\/wp-json\/wp\/v2\/tags?post=180414"}],"curies":[{"name":"wp","href":"https:\/\/api.w.org\/{rel}","templated":true}]}}