{"id":180388,"date":"2026-03-14T12:45:00","date_gmt":"2026-03-14T15:45:00","guid":{"rendered":"https:\/\/www.em.com.br\/emfoco\/?p=180388"},"modified":"2026-03-13T22:32:59","modified_gmt":"2026-03-14T01:32:59","slug":"mecanicos-revelam-os-5-carros-que-evitariam-comprar-em-2026-por-causa-de-falhas-recorrentes-e-manutencao-cara","status":"publish","type":"post","link":"https:\/\/www.em.com.br\/emfoco\/2026\/03\/14\/mecanicos-revelam-os-5-carros-que-evitariam-comprar-em-2026-por-causa-de-falhas-recorrentes-e-manutencao-cara\/","title":{"rendered":"Mec\u00e2nicos revelam os 5 carros que evitariam comprar em 2026 por causa de falhas recorrentes e manuten\u00e7\u00e3o cara"},"content":{"rendered":"\n<p>Ao escolher um carro usado ou at\u00e9 zero quil\u00f4metro, muitos motoristas ainda seguem indica\u00e7\u00f5es de amigos, familiares e influenciadores. Por\u00e9m, quem vive o dia a dia das oficinas olha o mercado de outro jeito: com foco em defeitos recorrentes, falhas de projeto, manuten\u00e7\u00f5es caras e hist\u00f3rico real de dor de cabe\u00e7a, criando uma lista informal de modelos que simplesmente n\u00e3o compraria.<\/p>\n\n\n\n<h2 class=\"wp-block-heading\">O que define um carro que mec\u00e2nico evita comprar<\/h2>\n\n\n\n<p>Geralmente, entram nesse grupo <a href=\"https:\/\/www.em.com.br\/emfoco\/2026\/02\/19\/projeto-preve-radar-que-flagra-barulho-excessivo-em-escapamentos-de-veiculos-em-viadutos-e-pode-gerar-multa-e-pontos-na-cnh\/\" target=\"_blank\" rel=\"noreferrer noopener\">ve\u00edculos <\/a>com motores conhecidos por falhas repetitivas, sistemas fr\u00e1geis de alimenta\u00e7\u00e3o ou p\u00f3s-tratamento de gases e projetos que exigem desmontagens complexas para servi\u00e7os simples.<\/p>\n\n\n\n<p>Isso n\u00e3o significa que todo exemplar v\u00e1 quebrar, mas indica um&nbsp;<em>risco estat\u00edstico<\/em>&nbsp;maior. Quando um mesmo motor volta v\u00e1rias vezes \u00e0 oficina pelo mesmo motivo, o alerta acende entre os profissionais, que passam a evitar essas combina\u00e7\u00f5es de modelo, motor e ano.<\/p>\n\n\n\n<h2 class=\"wp-block-heading\">Quais s\u00e3o os motores e sistemas com pior reputa\u00e7\u00e3o nas oficinas<\/h2>\n\n\n\n<p>Entre os pontos mais citados por profissionais est\u00e3o correntes ou correias de distribui\u00e7\u00e3o com desgaste precoce, motores com consumo de \u00f3leo al\u00e9m do normal, sistemas de inje\u00e7\u00e3o diesel sens\u00edveis \u00e0 qualidade do combust\u00edvel e tanques de aditivo ou&nbsp;<em>AdBlue<\/em>&nbsp;caros e dif\u00edceis de substituir.<\/p>\n\n\n\n<figure class=\"wp-block-image\"><img decoding=\"async\" src=\"https:\/\/www.em.com.br\/emfoco\/wp-content\/uploads\/2026\/02\/ChatGPT-Image-28-de-fev.-de-2026-00_13_51-1-1024x576.png\" alt=\"\"\/><figcaption class=\"wp-element-caption\">Quando o carro vira visita constante \u00e0 oficina<\/figcaption><\/figure>\n\n\n\n<p>Quando esses problemas se repetem em centenas de casos, cria-se uma reputa\u00e7\u00e3o negativa no ambiente das oficinas. A seguir, veja alguns dos conjuntos mec\u00e2nicos mais comentados por quem trabalha diariamente com diagn\u00f3stico e reparo.<\/p>\n\n\n\n<h2 class=\"wp-block-heading\">Quais s\u00e3o as 5 autos que um mec\u00e2nico evita comprar em 2026<\/h2>\n\n\n\n<ol class=\"wp-block-list\">\n<li><strong>Modelos com motor 1.2 PureTech<\/strong><br>Esse propulsor tr\u00eas cilindros de 1,2 litro, amplamente usado por diversas marcas do grupo <strong>Stellantis<\/strong>, ficou conhecido pela\u00a0<strong>correia dentada em banho de \u00f3leo<\/strong>. Nas primeiras gera\u00e7\u00f5es, foram registrados:<ul><li>desgaste prematuro da correia;contamina\u00e7\u00e3o do lubrificante por part\u00edculas;riscos para a bomba de \u00f3leo e para o pr\u00f3prio motor.<\/li><\/ul>Por estar presente em v\u00e1rios modelos compactos e m\u00e9dios, tornou-se motivo para muitos mec\u00e2nicos pensarem duas vezes antes de comprar vers\u00f5es de <strong>Peugeot<\/strong>, <strong>Citro\u00ebn<\/strong>, <strong>Opel <\/strong>e <strong>DS <\/strong>equipadas com esse motor das primeiras s\u00e9ries.<\/li>\n\n\n\n<li><strong>Diesel Ingenium com dupla corrente de distribui\u00e7\u00e3o<\/strong><br>Motores diesel da fam\u00edlia Ingenium, usados em SUVs e sed\u00e3s de marcas como<strong> Land Rover <\/strong>e <strong>Range Rover<\/strong>, ganharam fama por quest\u00f5es ligadas \u00e0\u00a0<strong>dupla corrente de distribui\u00e7\u00e3o<\/strong>. Em muitos casos, foram apontados ru\u00eddos met\u00e1licos em baixa quilometragem e necessidade de interven\u00e7\u00e3o complexa para troca da corrente, com custos elevados.<\/li>\n\n\n\n<li><strong>BMW com motores N47 diesel<\/strong><br>As <strong>BMW <\/strong>equipadas com o motor N47 diesel, presentes em s\u00e9ries compactas e em alguns SUVs at\u00e9 meados da d\u00e9cada passada, s\u00e3o frequentemente citadas em listas de\u00a0<strong>carros problem\u00e1ticos para mec\u00e2nicos<\/strong>. O principal motivo \u00e9 o posicionamento da corrente de distribui\u00e7\u00e3o em \u00e1rea de dif\u00edcil acesso, com falhas de alongamento, risco de quebra e servi\u00e7o de substitui\u00e7\u00e3o muito trabalhoso.<\/li>\n\n\n\n<li><strong>Carros com tanque de AdBlue integrado<\/strong><br>Outro grupo que entra na lista de\u00a0<strong>auto que um mec\u00e2nico n\u00e3o comprar\u00e1<\/strong>\u00a0envolve ve\u00edculos a diesel com sistemas SCR em que a bomba do\u00a0<em>AdBlue<\/em>\u00a0\u00e9 integrada ao tanque. Em algumas vers\u00f5es de marcas generalistas, especialmente de origem francesa, quando a bomba falha \u00e9 necess\u00e1rio trocar o conjunto completo, elevando bastante o custo.<\/li>\n\n\n\n<li><strong>Ford com motor 1.0 EcoBoost de primeira gera\u00e7\u00e3o<\/strong><br>O motor 1.0 EcoBoost tr\u00eas cilindros, em suas primeiras vers\u00f5es, tamb\u00e9m ganhou destaque em oficinas por\u00a0<strong>correia de distribui\u00e7\u00e3o em banho de \u00f3leo<\/strong>\u00a0com desgaste acelerado. Em modelos como <strong>Fiesta<\/strong>, <strong>Focus<\/strong>, <strong>Puma <\/strong>e primeiras gera\u00e7\u00f5es de <strong><a href=\"https:\/\/www.ford.pt\/passageiros\/kuga.html\" target=\"_blank\" rel=\"noreferrer noopener\">Kuga <\/a><\/strong>at\u00e9 cerca de 2020, foram relatados prazos menores de troca, res\u00edduos da correia no sistema de lubrifica\u00e7\u00e3o e risco de danos internos ao motor.<\/li>\n<\/ol>\n\n\n\n<figure class=\"wp-block-image\"><img decoding=\"async\" src=\"https:\/\/www.em.com.br\/emfoco\/wp-content\/uploads\/2026\/02\/ChatGPT-Image-28-de-fev.-de-2026-00_14_51-1-1024x576.png\" alt=\"\"\/><figcaption class=\"wp-element-caption\">Quando o carro vira visita constante \u00e0 oficina<\/figcaption><\/figure>\n\n\n\n<h2 class=\"wp-block-heading\">Como usar essa lista na escolha do pr\u00f3ximo carro<\/h2>\n\n\n\n<p>A lista\u00a0funciona mais como alerta do que como senten\u00e7a definitiva. Muitos exemplares passam anos sem falhas graves, especialmente quando recebem manuten\u00e7\u00e3o correta, revis\u00f5es em dia e combust\u00edvel de qualidade compat\u00edvel com o projeto.<\/p>\n\n\n\n<p>Antes de decidir pela compra de um modelo citado com frequ\u00eancia em oficinas, vale seguir alguns cuidados pr\u00e1ticos que reduzem o risco de surpresas caras e aumentam as chances de uma boa compra:<\/p>\n\n\n\n<ul class=\"wp-block-list\">\n<li>verificar campanhas de recall e atualiza\u00e7\u00f5es t\u00e9cnicas j\u00e1 realizadas;<\/li>\n\n\n\n<li>consultar o manual de manuten\u00e7\u00e3o e o hist\u00f3rico completo de servi\u00e7os;<\/li>\n\n\n\n<li>pedir avalia\u00e7\u00e3o pr\u00e9via a um mec\u00e2nico de confian\u00e7a, com diagn\u00f3stico detalhado;<\/li>\n\n\n\n<li>comparar o custo de pe\u00e7as e m\u00e3o de obra com outras op\u00e7\u00f5es da mesma categoria.<\/li>\n<\/ul>\n\n\n\n<h2 class=\"wp-block-heading\">Por que essa informa\u00e7\u00e3o \u00e9 decisiva e o que fazer agora<\/h2>\n\n\n\n<p>Ao considerar essas informa\u00e7\u00f5es de forma racional, o motorista entende por que certas auto entram na lista das mais evitadas por mec\u00e2nicos e pode usar esse conhecimento para tomar uma decis\u00e3o mais cuidadosa, alinhada ao pr\u00f3prio or\u00e7amento e expectativas de durabilidade. Ignorar esses sinais costuma sair caro, principalmente em carros com motores e sistemas j\u00e1 conhecidos por falhas cr\u00f4nicas.<\/p>\n\n\n\n<p>Se voc\u00ea est\u00e1 perto de fechar neg\u00f3cio, n\u00e3o espere o problema aparecer: marque ainda hoje uma avalia\u00e7\u00e3o completa com um mec\u00e2nico de confian\u00e7a, revise o hist\u00f3rico do ve\u00edculo desejado e, se necess\u00e1rio, mude de op\u00e7\u00e3o agora, antes que seu pr\u00f3ximo carro se transforme em um preju\u00edzo urgente e dif\u00edcil de reverter.<\/p>\n\n\n\n<p><\/p>\n","protected":false},"excerpt":{"rendered":"<p>Ao escolher um carro usado ou at\u00e9 zero quil\u00f4metro, muitos motoristas ainda seguem indica\u00e7\u00f5es de amigos, familiares e influenciadores. Por\u00e9m, quem vive o dia a dia das oficinas olha o mercado de outro jeito: com foco em defeitos recorrentes, falhas de projeto, manuten\u00e7\u00f5es caras e hist\u00f3rico real de dor de cabe\u00e7a, criando uma lista informal [&hellip;]<\/p>\n","protected":false},"author":11,"featured_media":180430,"comment_status":"open","ping_status":"open","sticky":false,"template":"","format":"standard","meta":{"jnews-multi-image_gallery":[],"jnews_single_post":{"format":"standard"},"jnews_primary_category":[],"jnews_social_meta":[],"jnews_override_counter":[],"footnotes":""},"categories":[27,1],"tags":[818,3034,26036,819,26037],"class_list":["post-180388","post","type-post","status-publish","format-standard","has-post-thumbnail","hentry","category-carros","category-noticias","tag-carro","tag-manutencao","tag-mecanicos","tag-motor","tag-oficinas"],"yoast_head":"<!-- This site is optimized with the Yoast SEO plugin v23.8 - https:\/\/yoast.com\/wordpress\/plugins\/seo\/ -->\n<title>Mec\u00e2nicos revelam os 5 carros que evitariam comprar em 2026 por causa de falhas recorrentes e manuten\u00e7\u00e3o cara - Estado de Minas - Em foco<\/title>\n<meta name=\"description\" content=\"Mec\u00e2nicos revelam carros que evitam comprar por falhas recorrentes no motor e manuten\u00e7\u00e3o cara.\" \/>\n<meta name=\"robots\" content=\"index, follow, max-snippet:-1, max-image-preview:large, max-video-preview:-1\" \/>\n<link rel=\"canonical\" href=\"https:\/\/www.em.com.br\/emfoco\/2026\/03\/14\/mecanicos-revelam-os-5-carros-que-evitariam-comprar-em-2026-por-causa-de-falhas-recorrentes-e-manutencao-cara\/\" \/>\n<meta property=\"og:locale\" content=\"pt_BR\" \/>\n<meta property=\"og:type\" content=\"article\" \/>\n<meta property=\"og:title\" content=\"Mec\u00e2nicos revelam os 5 carros que evitariam comprar em 2026 por causa de falhas recorrentes e manuten\u00e7\u00e3o cara - Estado de Minas - Em foco\" \/>\n<meta property=\"og:description\" content=\"Mec\u00e2nicos revelam carros que evitam comprar por falhas recorrentes no motor e manuten\u00e7\u00e3o cara.\" \/>\n<meta property=\"og:url\" content=\"https:\/\/www.em.com.br\/emfoco\/2026\/03\/14\/mecanicos-revelam-os-5-carros-que-evitariam-comprar-em-2026-por-causa-de-falhas-recorrentes-e-manutencao-cara\/\" \/>\n<meta property=\"og:site_name\" content=\"Estado de Minas - Em foco\" \/>\n<meta property=\"article:published_time\" content=\"2026-03-14T15:45:00+00:00\" \/>\n<meta property=\"article:modified_time\" content=\"2026-03-14T01:32:59+00:00\" \/>\n<meta property=\"og:image\" content=\"https:\/\/www.em.com.br\/emfoco\/wp-content\/uploads\/2026\/03\/ChatGPT-Image-11-de-mar.-de-2026-16_56_54-1.png\" \/>\n\t<meta property=\"og:image:width\" content=\"1280\" \/>\n\t<meta property=\"og:image:height\" content=\"720\" \/>\n\t<meta property=\"og:image:type\" content=\"image\/png\" \/>\n<meta name=\"author\" content=\"Andre\u0301 Rangel\u00a0\" \/>\n<meta name=\"twitter:card\" content=\"summary_large_image\" \/>\n<meta name=\"twitter:label1\" content=\"Escrito por\" \/>\n\t<meta name=\"twitter:data1\" content=\"Andre\u0301 Rangel\u00a0\" \/>\n\t<meta name=\"twitter:label2\" content=\"Est. tempo de leitura\" \/>\n\t<meta name=\"twitter:data2\" content=\"6 minutos\" \/>\n<!-- \/ Yoast SEO plugin. -->","yoast_head_json":{"title":"Mec\u00e2nicos revelam os 5 carros que evitariam comprar em 2026 por causa de falhas recorrentes e manuten\u00e7\u00e3o cara - Estado de Minas - Em foco","description":"Mec\u00e2nicos revelam carros que evitam comprar por falhas recorrentes no motor e manuten\u00e7\u00e3o cara.","robots":{"index":"index","follow":"follow","max-snippet":"max-snippet:-1","max-image-preview":"max-image-preview:large","max-video-preview":"max-video-preview:-1"},"canonical":"https:\/\/www.em.com.br\/emfoco\/2026\/03\/14\/mecanicos-revelam-os-5-carros-que-evitariam-comprar-em-2026-por-causa-de-falhas-recorrentes-e-manutencao-cara\/","og_locale":"pt_BR","og_type":"article","og_title":"Mec\u00e2nicos revelam os 5 carros que evitariam comprar em 2026 por causa de falhas recorrentes e manuten\u00e7\u00e3o cara - Estado de Minas - Em foco","og_description":"Mec\u00e2nicos revelam carros que evitam comprar por falhas recorrentes no motor e manuten\u00e7\u00e3o cara.","og_url":"https:\/\/www.em.com.br\/emfoco\/2026\/03\/14\/mecanicos-revelam-os-5-carros-que-evitariam-comprar-em-2026-por-causa-de-falhas-recorrentes-e-manutencao-cara\/","og_site_name":"Estado de Minas - Em foco","article_published_time":"2026-03-14T15:45:00+00:00","article_modified_time":"2026-03-14T01:32:59+00:00","og_image":[{"width":1280,"height":720,"url":"https:\/\/www.em.com.br\/emfoco\/wp-content\/uploads\/2026\/03\/ChatGPT-Image-11-de-mar.-de-2026-16_56_54-1.png","type":"image\/png"}],"author":"Andre\u0301 Rangel\u00a0","twitter_card":"summary_large_image","twitter_misc":{"Escrito por":"Andre\u0301 Rangel\u00a0","Est. tempo de leitura":"6 minutos"},"schema":{"@context":"https:\/\/schema.org","@graph":[{"@type":"WebPage","@id":"https:\/\/www.em.com.br\/emfoco\/2026\/03\/14\/mecanicos-revelam-os-5-carros-que-evitariam-comprar-em-2026-por-causa-de-falhas-recorrentes-e-manutencao-cara\/","url":"https:\/\/www.em.com.br\/emfoco\/2026\/03\/14\/mecanicos-revelam-os-5-carros-que-evitariam-comprar-em-2026-por-causa-de-falhas-recorrentes-e-manutencao-cara\/","name":"Mec\u00e2nicos revelam os 5 carros que evitariam comprar em 2026 por causa de falhas recorrentes e manuten\u00e7\u00e3o cara - Estado de Minas - Em foco","isPartOf":{"@id":"https:\/\/www.em.com.br\/emfoco\/#website"},"primaryImageOfPage":{"@id":"https:\/\/www.em.com.br\/emfoco\/2026\/03\/14\/mecanicos-revelam-os-5-carros-que-evitariam-comprar-em-2026-por-causa-de-falhas-recorrentes-e-manutencao-cara\/#primaryimage"},"image":{"@id":"https:\/\/www.em.com.br\/emfoco\/2026\/03\/14\/mecanicos-revelam-os-5-carros-que-evitariam-comprar-em-2026-por-causa-de-falhas-recorrentes-e-manutencao-cara\/#primaryimage"},"thumbnailUrl":"https:\/\/www.em.com.br\/emfoco\/wp-content\/uploads\/2026\/03\/ChatGPT-Image-11-de-mar.-de-2026-16_56_54-1.png","datePublished":"2026-03-14T15:45:00+00:00","dateModified":"2026-03-14T01:32:59+00:00","author":{"@id":"https:\/\/www.em.com.br\/emfoco\/#\/schema\/person\/60eda09c1fedf0d6891f4cef4b60b8b8"},"description":"Mec\u00e2nicos revelam carros que evitam comprar por falhas recorrentes no motor e manuten\u00e7\u00e3o cara.","breadcrumb":{"@id":"https:\/\/www.em.com.br\/emfoco\/2026\/03\/14\/mecanicos-revelam-os-5-carros-que-evitariam-comprar-em-2026-por-causa-de-falhas-recorrentes-e-manutencao-cara\/#breadcrumb"},"inLanguage":"pt-BR","potentialAction":[{"@type":"ReadAction","target":["https:\/\/www.em.com.br\/emfoco\/2026\/03\/14\/mecanicos-revelam-os-5-carros-que-evitariam-comprar-em-2026-por-causa-de-falhas-recorrentes-e-manutencao-cara\/"]}]},{"@type":"ImageObject","inLanguage":"pt-BR","@id":"https:\/\/www.em.com.br\/emfoco\/2026\/03\/14\/mecanicos-revelam-os-5-carros-que-evitariam-comprar-em-2026-por-causa-de-falhas-recorrentes-e-manutencao-cara\/#primaryimage","url":"https:\/\/www.em.com.br\/emfoco\/wp-content\/uploads\/2026\/03\/ChatGPT-Image-11-de-mar.-de-2026-16_56_54-1.png","contentUrl":"https:\/\/www.em.com.br\/emfoco\/wp-content\/uploads\/2026\/03\/ChatGPT-Image-11-de-mar.-de-2026-16_56_54-1.png","width":1280,"height":720,"caption":"Quando o carro vira visita constante \u00e0 oficina"},{"@type":"BreadcrumbList","@id":"https:\/\/www.em.com.br\/emfoco\/2026\/03\/14\/mecanicos-revelam-os-5-carros-que-evitariam-comprar-em-2026-por-causa-de-falhas-recorrentes-e-manutencao-cara\/#breadcrumb","itemListElement":[{"@type":"ListItem","position":1,"name":"In\u00edcio","item":"https:\/\/www.em.com.br\/emfoco\/"},{"@type":"ListItem","position":2,"name":"Mec\u00e2nicos revelam os 5 carros que evitariam comprar em 2026 por causa de falhas recorrentes e manuten\u00e7\u00e3o cara"}]},{"@type":"WebSite","@id":"https:\/\/www.em.com.br\/emfoco\/#website","url":"https:\/\/www.em.com.br\/emfoco\/","name":"Estado de Minas - Em foco","description":"Acompanhe as \u00faltimas not\u00edcias e fique bem informado sobre tudo o que acontece em Minas Gerais, Brasil e no mundo.","potentialAction":[{"@type":"SearchAction","target":{"@type":"EntryPoint","urlTemplate":"https:\/\/www.em.com.br\/emfoco\/?s={search_term_string}"},"query-input":{"@type":"PropertyValueSpecification","valueRequired":true,"valueName":"search_term_string"}}],"inLanguage":"pt-BR"},{"@type":"Person","@id":"https:\/\/www.em.com.br\/emfoco\/#\/schema\/person\/60eda09c1fedf0d6891f4cef4b60b8b8","name":"Andre\u0301 Rangel\u00a0","image":{"@type":"ImageObject","inLanguage":"pt-BR","@id":"https:\/\/www.em.com.br\/emfoco\/#\/schema\/person\/image\/","url":"https:\/\/secure.gravatar.com\/avatar\/6234dc814c77c8ef6d8bba622c787efc?s=96&d=mm&r=g","contentUrl":"https:\/\/secure.gravatar.com\/avatar\/6234dc814c77c8ef6d8bba622c787efc?s=96&d=mm&r=g","caption":"Andre\u0301 Rangel\u00a0"},"url":"https:\/\/www.em.com.br\/emfoco\/author\/luizmyth\/"}]}},"_links":{"self":[{"href":"https:\/\/www.em.com.br\/emfoco\/wp-json\/wp\/v2\/posts\/180388","targetHints":{"allow":["GET"]}}],"collection":[{"href":"https:\/\/www.em.com.br\/emfoco\/wp-json\/wp\/v2\/posts"}],"about":[{"href":"https:\/\/www.em.com.br\/emfoco\/wp-json\/wp\/v2\/types\/post"}],"author":[{"embeddable":true,"href":"https:\/\/www.em.com.br\/emfoco\/wp-json\/wp\/v2\/users\/11"}],"replies":[{"embeddable":true,"href":"https:\/\/www.em.com.br\/emfoco\/wp-json\/wp\/v2\/comments?post=180388"}],"version-history":[{"count":3,"href":"https:\/\/www.em.com.br\/emfoco\/wp-json\/wp\/v2\/posts\/180388\/revisions"}],"predecessor-version":[{"id":180431,"href":"https:\/\/www.em.com.br\/emfoco\/wp-json\/wp\/v2\/posts\/180388\/revisions\/180431"}],"wp:featuredmedia":[{"embeddable":true,"href":"https:\/\/www.em.com.br\/emfoco\/wp-json\/wp\/v2\/media\/180430"}],"wp:attachment":[{"href":"https:\/\/www.em.com.br\/emfoco\/wp-json\/wp\/v2\/media?parent=180388"}],"wp:term":[{"taxonomy":"category","embeddable":true,"href":"https:\/\/www.em.com.br\/emfoco\/wp-json\/wp\/v2\/categories?post=180388"},{"taxonomy":"post_tag","embeddable":true,"href":"https:\/\/www.em.com.br\/emfoco\/wp-json\/wp\/v2\/tags?post=180388"}],"curies":[{"name":"wp","href":"https:\/\/api.w.org\/{rel}","templated":true}]}}