{"id":180343,"date":"2026-03-12T21:25:31","date_gmt":"2026-03-13T00:25:31","guid":{"rendered":"https:\/\/www.em.com.br\/emfoco\/?p=180343"},"modified":"2026-03-11T17:08:45","modified_gmt":"2026-03-11T20:08:45","slug":"a-planta-perfeita-para-quem-quer-flores-bonitas-mesmo-em-espacos-com-meia-sombra","status":"publish","type":"post","link":"https:\/\/www.em.com.br\/emfoco\/2026\/03\/12\/a-planta-perfeita-para-quem-quer-flores-bonitas-mesmo-em-espacos-com-meia-sombra\/","title":{"rendered":"A planta perfeita para quem quer flores bonitas mesmo em espa\u00e7os com meia sombra"},"content":{"rendered":"\n<p>Voc\u00ea j\u00e1 pensou em transformar um cantinho apagado da casa em um espa\u00e7o cheio de cor e vida? As <b>beg\u00f4nias<\/b> s\u00e3o \u00f3timas aliadas para isso: f\u00e1ceis de cuidar, cheias de charme e perfeitas para quem quer come\u00e7ar no mundo das plantas sem complica\u00e7\u00e3o. Com alguns cuidados simples, elas se adaptam bem a vasos, jardineiras e canteiros sombreados, mantendo flores e folhagens bonitas por <b>muito<\/b> tempo.<\/p>\n\n\n\n<h2 class=\"wp-block-heading\">O que \u00e9 importante saber antes de plantar beg\u00f4nia<\/h2>\n\n\n\n<p>A beg\u00f4nia gosta de <b>clima<\/b> ameno a quente e de ambientes bem iluminados, mas sem aquele sol forte direto nas horas mais quentes do dia. Em geral, a palavra-chave \u00e9 <b>meia-sombra<\/b>, ou seja, um lugar com bastante claridade e, se tiver sol, que seja suave e filtrado. Correntes de ar muito frias e mudan\u00e7as bruscas de temperatura podem deixar a planta sentida e prejudicar o seu <b>crescimento<\/b>.<\/p>\n\n\n\n<p>Outro ponto importante \u00e9 o tipo de <b>solo<\/b>. As beg\u00f4nias preferem um substrato leve, bem drenado e rico em mat\u00e9ria org\u00e2nica, que n\u00e3o fique encharcado. Terras muito compactas ou molhadas demais podem causar apodrecimento das <b>ra\u00edzes<\/b>. Uma mistura com terra vegetal, areia fina e h\u00famus de minhoca costuma criar um ambiente equilibrado para o enraizamento e para que a planta se mantenha forte e <b>saud\u00e1vel<\/b>.<\/p>\n\n\n\n<figure class=\"wp-block-embed is-type-rich is-provider-pinterest wp-block-embed-pinterest\"><div class=\"wp-block-embed__wrapper\">\n<iframe loading=\"lazy\" title=\" \" src=\"https:\/\/assets.pinterest.com\/ext\/embed.html?id=68747523237&#038;src=oembed\" height=\"663\" width=\"450\" frameborder=\"0\" scrolling=\"no\" ><\/iframe>\n<\/div><\/figure>\n\n\n\n<p>Leia tamb\u00e9m:&nbsp;<a href=\"https:\/\/www.em.com.br\/emfoco\/2026\/03\/09\/quer-colher-uvas-em-casa-veja-como-plantar-videira-e-transformar-seu-quintal-em-um-cantinho-produtivo\/\" target=\"_blank\" rel=\"noopener\">Quer colher uvas em casa? Veja como plantar videira e transformar seu quintal em um cantinho produtivo<\/a><\/p>\n\n\n\n<h2 class=\"wp-block-heading\">Como plantar beg\u00f4nia passo a passo<\/h2>\n\n\n\n<p>Voc\u00ea pode plantar beg\u00f4nia usando mudas j\u00e1 enraizadas, estacas ou divis\u00e3o de touceiras, dependendo da variedade que escolheu. Em casas e apartamentos, \u00e9 bem comum usar mudas em vasos, pois isso facilita o manejo e permite testar diferentes <b>locais<\/b> at\u00e9 encontrar o ponto ideal de luz. A seguir, veja um passo a passo simples para organizar o plantio em vasos, jardineiras ou canteiros de forma pr\u00e1tica e <b>segura<\/b>.<\/p>\n\n\n\n<figure class=\"wp-block-embed is-type-rich is-provider-pinterest wp-block-embed-pinterest\"><div class=\"wp-block-embed__wrapper\">\n<iframe loading=\"lazy\" title=\"\ud83c\udf31Neste v\u00eddeo, vamos explorar tudo o que voc\u00ea precisa saber para cultivar e cuidar das deslumbrantes Beg\u00f4nias Flor. Descubra os segredos por tr\u00e1s das flores vibrantes e delicadas, aprendendo sobre a escolha do solo ideal, a ilumina\u00e7\u00e3o adequada e as melhores t\u00e9cnicas de rega. \ud83c\udf38 Deixe o mundo mais verde com a Plantei!!!\ud83c\udf33 #begoniaflor #vasoautoirrigavelplantei #lojaplantei #flores\" src=\"https:\/\/assets.pinterest.com\/ext\/embed.html?id=9851692933690807&#038;src=oembed\" height=\"899\" width=\"450\" frameborder=\"0\" scrolling=\"no\" ><\/iframe>\n<\/div><\/figure>\n\n\n\n<ol class=\"wp-block-list\">\n<li><strong>Escolha do vaso ou canteiro:<\/strong> selecionar um recipiente com furos de drenagem no fundo. Para canteiros, garantir que a \u00e1rea n\u00e3o acumule \u00e1gua depois da chuva.<\/li>\n\n\n\n<li><strong>Prepara\u00e7\u00e3o da drenagem:<\/strong> colocar uma camada de pedras pequenas, cacos de telha ou argila expandida no fundo do vaso, ajudando a escoar o excesso de \u00e1gua.<\/li>\n\n\n\n<li><strong>Preparo do substrato:<\/strong> misturar terra vegetal, areia e mat\u00e9ria org\u00e2nica na propor\u00e7\u00e3o aproximada de 2 partes de terra, 1 de areia e 1 de composto ou h\u00famus.<\/li>\n\n\n\n<li><strong>Plantio da muda de beg\u00f4nia:<\/strong> posicionar a muda no centro do vaso, preenchendo as laterais com o substrato sem compactar demais. As ra\u00edzes devem ficar cobertas, mas o colo da planta n\u00e3o pode ficar enterrado.<\/li>\n\n\n\n<li><strong>Rega inicial:<\/strong> regar suavemente at\u00e9 a \u00e1gua come\u00e7ar a sair pelos furos de drenagem, garantindo que o substrato fique \u00famido de forma uniforme.<\/li>\n<\/ol>\n\n\n\n<p>Para canteiros, a l\u00f3gica \u00e9 a mesma: preparar o solo, corrigir a drenagem e manter um bom espa\u00e7amento entre as plantas, de acordo com o porte da variedade. Isso melhora a circula\u00e7\u00e3o de ar, reduz problemas com fungos e ajuda a manter o canteiro bonito, com beg\u00f4nias bem distribu\u00eddas e <b>vigorosas<\/b>.<\/p>\n\n\n\n<p>Para voc\u00ea que gosta de plantas, separamos um v\u00eddeo do canal <a href=\"https:\/\/www.youtube.com\/@hortamineira1234\" target=\"_blank\" rel=\"noreferrer noopener\">Horta Mineira<\/a> com dicas para plantar e cudiar das suas beg\u00f4nias:<\/p>\n\n\n\n<figure class=\"wp-block-embed is-type-video is-provider-youtube wp-block-embed-youtube wp-embed-aspect-16-9 wp-has-aspect-ratio\"><div class=\"wp-block-embed__wrapper\">\n<div class=\"jeg_video_container jeg_video_content\"><iframe loading=\"lazy\" title=\"COMO PLANTAR BEG\u00d4NIA CORRETAMENTE E COMO CUIDAR\" width=\"500\" height=\"281\" src=\"https:\/\/www.youtube.com\/embed\/LLbjrrq-LB0?start=1&#038;feature=oembed\" frameborder=\"0\" allow=\"accelerometer; autoplay; clipboard-write; encrypted-media; gyroscope; picture-in-picture; web-share\" referrerpolicy=\"strict-origin-when-cross-origin\" allowfullscreen><\/iframe><\/div>\n<\/div><\/figure>\n\n\n\n<h2 class=\"wp-block-heading\">Quais cuidados manter depois de plantar a beg\u00f4nia<\/h2>\n\n\n\n<p>Depois de plantar, os cuidados principais s\u00e3o rega equilibrada, luz adequada e observa\u00e7\u00e3o da sa\u00fade da <b>planta<\/b>. A beg\u00f4nia n\u00e3o gosta de solo encharcado, mas tamb\u00e9m n\u00e3o suporta ficar muito tempo seca. Tente manter o substrato levemente \u00famido, deixando a parte de cima secar entre uma rega e outra, sempre com aten\u00e7\u00e3o para n\u00e3o exagerar na <b>\u00e1gua<\/b>.<\/p>\n\n\n\n<figure class=\"wp-block-embed is-type-rich is-provider-pinterest wp-block-embed-pinterest\"><div class=\"wp-block-embed__wrapper\">\n<iframe loading=\"lazy\" title=\"\ud83c\udf31 Voc\u00ea ama plantas e quer aprender mais sobre a maravilhosa Beg\u00f4nia? N\u00e3o procure mais! Neste v\u00eddeo, vamos desvendar todos os segredos para cuidar dessa beleza bot\u00e2nica e garantir que ela flores\u00e7a e brilhe em sua casa ou jardim.\ud83c\udf38 Deixe sua casa mais verde com a Plantei!!!\ud83c\udf33 #Beg\u00f4nia #CuidadosComPlantas #Jardinagem #Flores #Natureza #PlantasEmCasa\" src=\"https:\/\/assets.pinterest.com\/ext\/embed.html?id=9288742976735154&#038;src=oembed\" height=\"899\" width=\"450\" frameborder=\"0\" scrolling=\"no\" ><\/iframe>\n<\/div><\/figure>\n\n\n\n<p>Para ajudar na rotina, vale ter em mente alguns cuidados simples que fazem diferen\u00e7a no dia a dia da sua <b>beg\u00f4nia<\/b>:<\/p>\n\n\n\n<ul class=\"wp-block-list\">\n<li><strong>Luz:<\/strong> ambientes claros, com sol indireto ou filtrado. Em \u00e1reas externas, \u00e9 comum o uso sob \u00e1rvores, varandas cobertas ou sacadas com prote\u00e7\u00e3o.<\/li>\n\n\n\n<li><strong>Rega:<\/strong> fazer irriga\u00e7\u00f5es moderadas, preferencialmente pela manh\u00e3 ou no fim da tarde. Evitar molhar em excesso as folhas e flores.<\/li>\n\n\n\n<li><strong>Aduba\u00e7\u00e3o:<\/strong> aplicar adubo org\u00e2nico ou fertilizante espec\u00edfico para plantas ornamentais a cada 30 a 60 dias, seguindo as instru\u00e7\u00f5es do fabricante.<\/li>\n\n\n\n<li><strong>Ventila\u00e7\u00e3o:<\/strong> manter boa circula\u00e7\u00e3o de ar, sem exposi\u00e7\u00e3o direta a ventos muito fortes ou frios.<\/li>\n<\/ul>\n\n\n\n<p>O excesso de umidade favorece fungos, como m\u00edldio e o\u00eddio, que aparecem como manchas esbranqui\u00e7adas ou escuras nas <b>folhas<\/b>. Nesses casos, vale reduzir a rega, melhorar a ventila\u00e7\u00e3o e, se preciso, usar produtos espec\u00edficos para controle de doen\u00e7as f\u00fangicas em plantas ornamentais.<\/p>\n","protected":false},"excerpt":{"rendered":"<p>Voc\u00ea j\u00e1 pensou em transformar um cantinho apagado da casa em um espa\u00e7o cheio de cor e vida? As beg\u00f4nias s\u00e3o \u00f3timas aliadas para isso: f\u00e1ceis de cuidar, cheias de charme e perfeitas para quem quer come\u00e7ar no mundo das plantas sem complica\u00e7\u00e3o. Com alguns cuidados simples, elas se adaptam bem a vasos, jardineiras e [&hellip;]<\/p>\n","protected":false},"author":9,"featured_media":170040,"comment_status":"open","ping_status":"open","sticky":false,"template":"","format":"standard","meta":{"jnews-multi-image_gallery":[],"jnews_single_post":{"format":"standard"},"jnews_primary_category":[],"jnews_social_meta":[],"jnews_override_counter":[],"footnotes":""},"categories":[8819,1],"tags":[16520,7701,3357],"class_list":["post-180343","post","type-post","status-publish","format-standard","has-post-thumbnail","hentry","category-curiosidades","category-noticias","tag-begonia","tag-como-plantar","tag-flores"],"yoast_head":"<!-- This site is optimized with the Yoast SEO plugin v23.8 - https:\/\/yoast.com\/wordpress\/plugins\/seo\/ -->\n<title>A planta perfeita para quem quer flores bonitas mesmo em espa\u00e7os com meia sombra - Estado de Minas - Em foco<\/title>\n<meta name=\"description\" content=\"Ter beg\u00f4nias lindas exige apenas estes passos pr\u00e1ticos de ilumina\u00e7\u00e3o e rega para transformar seu jardim agora\" \/>\n<meta name=\"robots\" content=\"index, follow, max-snippet:-1, max-image-preview:large, max-video-preview:-1\" \/>\n<link rel=\"canonical\" href=\"https:\/\/www.em.com.br\/emfoco\/2026\/03\/12\/a-planta-perfeita-para-quem-quer-flores-bonitas-mesmo-em-espacos-com-meia-sombra\/\" \/>\n<meta property=\"og:locale\" content=\"pt_BR\" \/>\n<meta property=\"og:type\" content=\"article\" \/>\n<meta property=\"og:title\" content=\"A planta perfeita para quem quer flores bonitas mesmo em espa\u00e7os com meia sombra - Estado de Minas - Em foco\" \/>\n<meta property=\"og:description\" content=\"Ter beg\u00f4nias lindas exige apenas estes passos pr\u00e1ticos de ilumina\u00e7\u00e3o e rega para transformar seu jardim agora\" \/>\n<meta property=\"og:url\" content=\"https:\/\/www.em.com.br\/emfoco\/2026\/03\/12\/a-planta-perfeita-para-quem-quer-flores-bonitas-mesmo-em-espacos-com-meia-sombra\/\" \/>\n<meta property=\"og:site_name\" content=\"Estado de Minas - Em foco\" \/>\n<meta property=\"article:published_time\" content=\"2026-03-13T00:25:31+00:00\" \/>\n<meta property=\"article:modified_time\" content=\"2026-03-11T20:08:45+00:00\" \/>\n<meta property=\"og:image\" content=\"https:\/\/www.em.com.br\/emfoco\/wp-content\/uploads\/2026\/02\/Begonia-maculata_1771266956419.jpg\" \/>\n\t<meta property=\"og:image:width\" content=\"1280\" \/>\n\t<meta property=\"og:image:height\" content=\"720\" \/>\n\t<meta property=\"og:image:type\" content=\"image\/jpeg\" \/>\n<meta name=\"author\" content=\"Daniely Cardoso\" \/>\n<meta name=\"twitter:card\" content=\"summary_large_image\" \/>\n<meta name=\"twitter:label1\" content=\"Escrito por\" \/>\n\t<meta name=\"twitter:data1\" content=\"Daniely Cardoso\" \/>\n\t<meta name=\"twitter:label2\" content=\"Est. tempo de leitura\" \/>\n\t<meta name=\"twitter:data2\" content=\"5 minutos\" \/>\n<!-- \/ Yoast SEO plugin. -->","yoast_head_json":{"title":"A planta perfeita para quem quer flores bonitas mesmo em espa\u00e7os com meia sombra - Estado de Minas - Em foco","description":"Ter beg\u00f4nias lindas exige apenas estes passos pr\u00e1ticos de ilumina\u00e7\u00e3o e rega para transformar seu jardim agora","robots":{"index":"index","follow":"follow","max-snippet":"max-snippet:-1","max-image-preview":"max-image-preview:large","max-video-preview":"max-video-preview:-1"},"canonical":"https:\/\/www.em.com.br\/emfoco\/2026\/03\/12\/a-planta-perfeita-para-quem-quer-flores-bonitas-mesmo-em-espacos-com-meia-sombra\/","og_locale":"pt_BR","og_type":"article","og_title":"A planta perfeita para quem quer flores bonitas mesmo em espa\u00e7os com meia sombra - Estado de Minas - Em foco","og_description":"Ter beg\u00f4nias lindas exige apenas estes passos pr\u00e1ticos de ilumina\u00e7\u00e3o e rega para transformar seu jardim agora","og_url":"https:\/\/www.em.com.br\/emfoco\/2026\/03\/12\/a-planta-perfeita-para-quem-quer-flores-bonitas-mesmo-em-espacos-com-meia-sombra\/","og_site_name":"Estado de Minas - Em foco","article_published_time":"2026-03-13T00:25:31+00:00","article_modified_time":"2026-03-11T20:08:45+00:00","og_image":[{"width":1280,"height":720,"url":"https:\/\/www.em.com.br\/emfoco\/wp-content\/uploads\/2026\/02\/Begonia-maculata_1771266956419.jpg","type":"image\/jpeg"}],"author":"Daniely Cardoso","twitter_card":"summary_large_image","twitter_misc":{"Escrito por":"Daniely Cardoso","Est. tempo de leitura":"5 minutos"},"schema":{"@context":"https:\/\/schema.org","@graph":[{"@type":"WebPage","@id":"https:\/\/www.em.com.br\/emfoco\/2026\/03\/12\/a-planta-perfeita-para-quem-quer-flores-bonitas-mesmo-em-espacos-com-meia-sombra\/","url":"https:\/\/www.em.com.br\/emfoco\/2026\/03\/12\/a-planta-perfeita-para-quem-quer-flores-bonitas-mesmo-em-espacos-com-meia-sombra\/","name":"A planta perfeita para quem quer flores bonitas mesmo em espa\u00e7os com meia sombra - Estado de Minas - Em foco","isPartOf":{"@id":"https:\/\/www.em.com.br\/emfoco\/#website"},"primaryImageOfPage":{"@id":"https:\/\/www.em.com.br\/emfoco\/2026\/03\/12\/a-planta-perfeita-para-quem-quer-flores-bonitas-mesmo-em-espacos-com-meia-sombra\/#primaryimage"},"image":{"@id":"https:\/\/www.em.com.br\/emfoco\/2026\/03\/12\/a-planta-perfeita-para-quem-quer-flores-bonitas-mesmo-em-espacos-com-meia-sombra\/#primaryimage"},"thumbnailUrl":"https:\/\/www.em.com.br\/emfoco\/wp-content\/uploads\/2026\/02\/Begonia-maculata_1771266956419.jpg","datePublished":"2026-03-13T00:25:31+00:00","dateModified":"2026-03-11T20:08:45+00:00","author":{"@id":"https:\/\/www.em.com.br\/emfoco\/#\/schema\/person\/0a8186d72f2c3a5c6276d90b41f271a0"},"description":"Ter beg\u00f4nias lindas exige apenas estes passos pr\u00e1ticos de ilumina\u00e7\u00e3o e rega para transformar seu jardim agora","breadcrumb":{"@id":"https:\/\/www.em.com.br\/emfoco\/2026\/03\/12\/a-planta-perfeita-para-quem-quer-flores-bonitas-mesmo-em-espacos-com-meia-sombra\/#breadcrumb"},"inLanguage":"pt-BR","potentialAction":[{"@type":"ReadAction","target":["https:\/\/www.em.com.br\/emfoco\/2026\/03\/12\/a-planta-perfeita-para-quem-quer-flores-bonitas-mesmo-em-espacos-com-meia-sombra\/"]}]},{"@type":"ImageObject","inLanguage":"pt-BR","@id":"https:\/\/www.em.com.br\/emfoco\/2026\/03\/12\/a-planta-perfeita-para-quem-quer-flores-bonitas-mesmo-em-espacos-com-meia-sombra\/#primaryimage","url":"https:\/\/www.em.com.br\/emfoco\/wp-content\/uploads\/2026\/02\/Begonia-maculata_1771266956419.jpg","contentUrl":"https:\/\/www.em.com.br\/emfoco\/wp-content\/uploads\/2026\/02\/Begonia-maculata_1771266956419.jpg","width":1280,"height":720,"caption":"Quando o plantio \u00e9 feito a partir de estacas, a planta costuma reagir muito bem se o corte for limpo e logo abaixo de um n\u00f3 - Cr\u00e9ditos: depositphotos.com \/ riosihombing@gmail.com"},{"@type":"BreadcrumbList","@id":"https:\/\/www.em.com.br\/emfoco\/2026\/03\/12\/a-planta-perfeita-para-quem-quer-flores-bonitas-mesmo-em-espacos-com-meia-sombra\/#breadcrumb","itemListElement":[{"@type":"ListItem","position":1,"name":"In\u00edcio","item":"https:\/\/www.em.com.br\/emfoco\/"},{"@type":"ListItem","position":2,"name":"A planta perfeita para quem quer flores bonitas mesmo em espa\u00e7os com meia sombra"}]},{"@type":"WebSite","@id":"https:\/\/www.em.com.br\/emfoco\/#website","url":"https:\/\/www.em.com.br\/emfoco\/","name":"Estado de Minas - Em foco","description":"Acompanhe as \u00faltimas not\u00edcias e fique bem informado sobre tudo o que acontece em Minas Gerais, Brasil e no mundo.","potentialAction":[{"@type":"SearchAction","target":{"@type":"EntryPoint","urlTemplate":"https:\/\/www.em.com.br\/emfoco\/?s={search_term_string}"},"query-input":{"@type":"PropertyValueSpecification","valueRequired":true,"valueName":"search_term_string"}}],"inLanguage":"pt-BR"},{"@type":"Person","@id":"https:\/\/www.em.com.br\/emfoco\/#\/schema\/person\/0a8186d72f2c3a5c6276d90b41f271a0","name":"Daniely Cardoso","image":{"@type":"ImageObject","inLanguage":"pt-BR","@id":"https:\/\/www.em.com.br\/emfoco\/#\/schema\/person\/image\/","url":"https:\/\/secure.gravatar.com\/avatar\/4b80ddbd124d1f071b626d52d62e5dff?s=96&d=mm&r=g","contentUrl":"https:\/\/secure.gravatar.com\/avatar\/4b80ddbd124d1f071b626d52d62e5dff?s=96&d=mm&r=g","caption":"Daniely Cardoso"},"url":"https:\/\/www.em.com.br\/emfoco\/author\/danielymyth\/"}]}},"_links":{"self":[{"href":"https:\/\/www.em.com.br\/emfoco\/wp-json\/wp\/v2\/posts\/180343","targetHints":{"allow":["GET"]}}],"collection":[{"href":"https:\/\/www.em.com.br\/emfoco\/wp-json\/wp\/v2\/posts"}],"about":[{"href":"https:\/\/www.em.com.br\/emfoco\/wp-json\/wp\/v2\/types\/post"}],"author":[{"embeddable":true,"href":"https:\/\/www.em.com.br\/emfoco\/wp-json\/wp\/v2\/users\/9"}],"replies":[{"embeddable":true,"href":"https:\/\/www.em.com.br\/emfoco\/wp-json\/wp\/v2\/comments?post=180343"}],"version-history":[{"count":3,"href":"https:\/\/www.em.com.br\/emfoco\/wp-json\/wp\/v2\/posts\/180343\/revisions"}],"predecessor-version":[{"id":180443,"href":"https:\/\/www.em.com.br\/emfoco\/wp-json\/wp\/v2\/posts\/180343\/revisions\/180443"}],"wp:featuredmedia":[{"embeddable":true,"href":"https:\/\/www.em.com.br\/emfoco\/wp-json\/wp\/v2\/media\/170040"}],"wp:attachment":[{"href":"https:\/\/www.em.com.br\/emfoco\/wp-json\/wp\/v2\/media?parent=180343"}],"wp:term":[{"taxonomy":"category","embeddable":true,"href":"https:\/\/www.em.com.br\/emfoco\/wp-json\/wp\/v2\/categories?post=180343"},{"taxonomy":"post_tag","embeddable":true,"href":"https:\/\/www.em.com.br\/emfoco\/wp-json\/wp\/v2\/tags?post=180343"}],"curies":[{"name":"wp","href":"https:\/\/api.w.org\/{rel}","templated":true}]}}