{"id":180341,"date":"2026-03-12T18:15:23","date_gmt":"2026-03-12T21:15:23","guid":{"rendered":"https:\/\/www.em.com.br\/emfoco\/?p=180341"},"modified":"2026-03-11T16:36:23","modified_gmt":"2026-03-11T19:36:23","slug":"o-habito-simples-que-ajudam-a-combater-a-sensacao-constante-de-fracasso","status":"publish","type":"post","link":"https:\/\/www.em.com.br\/emfoco\/2026\/03\/12\/o-habito-simples-que-ajudam-a-combater-a-sensacao-constante-de-fracasso\/","title":{"rendered":"O h\u00e1bito simples que ajudam a combater a sensa\u00e7\u00e3o constante de fracasso"},"content":{"rendered":"\n<p>Voc\u00ea j\u00e1 se pegou se olhando no espelho e pensando coisas duras sobre si mesmo? Cuidar da <b>autoestima<\/b> de forma simples \u00e9, na pr\u00e1tica, adotar pequenos h\u00e1bitos di\u00e1rios que ajudam voc\u00ea a se enxergar com mais <b>respeito<\/b>, acolhimento e realismo. N\u00e3o se trata de se achar melhor do que os outros, mas de reconhecer o pr\u00f3prio <b>valor<\/b>, limites e necessidades<\/p>\n\n\n\n<h2 class=\"wp-block-heading\">O que \u00e9 autoestima e como ela afeta a sua rotina<\/h2>\n\n\n\n<p>A autoestima \u00e9, basicamente, o jeito como voc\u00ea se <b>enxerga<\/b> e se avalia, incluindo cren\u00e7as sobre suas capacidades, apar\u00eancia, car\u00e1ter e lugar no <b>mundo<\/b>. Uma autoestima saud\u00e1vel envolve reconhecer qualidades, admitir erros, aprender com eles e seguir adiante sem se reduzir a falhas <b>pontuais<\/b>. N\u00e3o \u00e9 sobre perfei\u00e7\u00e3o, mas sobre uma rela\u00e7\u00e3o mais justa e gentil consigo <b>mesmo<\/b>.<\/p>\n\n\n\n<p>Essa percep\u00e7\u00e3o interna influencia relacionamentos, postura no trabalho, coragem para tentar algo novo e at\u00e9 o cuidado com a sa\u00fade <b>f\u00edsica<\/b>. Quando voc\u00ea se v\u00ea com mais respeito, fica mais f\u00e1cil estabelecer limites, pedir ajuda quando necess\u00e1rio e fazer planos com mais <b>seguran\u00e7a<\/b>. J\u00e1 uma autoestima muito baixa costuma trazer compara\u00e7\u00f5es constantes, dificuldade de reconhecer conquistas e maior chance de aceitar situa\u00e7\u00f5es desrespeitosas sem se <b>questionar<\/b>.<\/p>\n\n\n\n<figure class=\"wp-block-embed is-type-rich is-provider-pinterest wp-block-embed-pinterest\"><div class=\"wp-block-embed__wrapper\">\n<iframe loading=\"lazy\" title=\"Detox mental: h\u00e1bitos simples para reduzir ansiedade no dia a dia\" src=\"https:\/\/assets.pinterest.com\/ext\/embed.html?id=441493569750672654&#038;src=oembed\" height=\"775\" width=\"450\" frameborder=\"0\" scrolling=\"no\" ><\/iframe>\n<\/div><\/figure>\n\n\n\n<p>Leia tamb\u00e9m:&nbsp;<a href=\"https:\/\/www.em.com.br\/emfoco\/2026\/02\/28\/essa-especiaria-antiga-deixa-a-digestao-leve-e-traz-frescor-a-respiracao\/\" target=\"_blank\" rel=\"noopener\">Essa especiaria antiga deixa a digest\u00e3o leve e traz frescor \u00e0 respira\u00e7\u00e3o<\/a><\/p>\n\n\n\n<h2 class=\"wp-block-heading\">Como cuidar da autoestima de forma simples no seu cotidiano<\/h2>\n\n\n\n<p>Cuidar da autoestima com simplicidade \u00e9 incluir na rotina alguns gestos di\u00e1rios que cabem na sua <b>realidade<\/b>. N\u00e3o \u00e9 preciso virar a vida de cabe\u00e7a para baixo de uma hora para outra; pequenos passos consistentes costumam ter efeitos mais duradouros do que mudan\u00e7as intensas e <b>passageiras<\/b>. Vale lembrar que cada pessoa tem seu ritmo, ent\u00e3o comparar processos s\u00f3 aumenta a <b>press\u00e3o<\/b>.<\/p>\n\n\n\n<p>Algumas pr\u00e1ticas podem ser adaptadas para o seu dia a dia, tornando o cuidado emocional algo mais leve e poss\u00edvel, e n\u00e3o mais uma obriga\u00e7\u00e3o na sua lista de <b>tarefas<\/b>.<\/p>\n\n\n\n<ul class=\"wp-block-list\">\n<li><strong>Observar o di\u00e1logo interno:<\/strong> notar como voc\u00ea fala consigo mesmo, especialmente em momentos de erro ou falha, trocando frases agressivas por falas mais realistas e respeitosas para reduzir a autocr\u00edtica exagerada.<\/li>\n\n\n\n<li><strong>Reconhecer pequenas conquistas:<\/strong> registrar vit\u00f3rias do dia, mesmo as simples, como cumprir uma tarefa dif\u00edcil ou manter um compromisso importante, refor\u00e7a a sensa\u00e7\u00e3o de capacidade.<\/li>\n\n\n\n<li><strong>Estabelecer limites saud\u00e1veis:<\/strong> aprender a recusar pedidos que ultrapassam seu limite emocional, financeiro ou de tempo, sem se culpar por isso, protege sua energia.<\/li>\n\n\n\n<li><strong>Cuidar do corpo com regularidade:<\/strong> sono adequado, alimenta\u00e7\u00e3o equilibrada e movimento corporal contribuem para a disposi\u00e7\u00e3o e para a forma como voc\u00ea se <b>percebe<\/b>.<\/li>\n\n\n\n<li><strong>Selecionar conte\u00fados consumidos:<\/strong> filtrar redes e m\u00eddias que refor\u00e7am compara\u00e7\u00f5es irreais costuma aliviar a sensa\u00e7\u00e3o de <b>inadequa\u00e7\u00e3o<\/b>.<\/li>\n<\/ul>\n\n\n\n<p>Para voc\u00ea que gosta de se cuidar, separamos um v\u00eddeo do canal <a href=\"https:\/\/www.youtube.com\/@olaciencia\" target=\"_blank\" rel=\"noreferrer noopener\">Ol\u00e1, Ci\u00eancia!<\/a> com dicas para cuidar da sua ansidade:<\/p>\n\n\n\n<figure class=\"wp-block-embed is-type-video is-provider-youtube wp-block-embed-youtube wp-embed-aspect-16-9 wp-has-aspect-ratio\"><div class=\"wp-block-embed__wrapper\">\n<div class=\"jeg_video_container jeg_video_content\"><iframe loading=\"lazy\" title=\"O que fazer para MELHORAR A ANSIEDADE?\" width=\"500\" height=\"281\" src=\"https:\/\/www.youtube.com\/embed\/rQwI9N045es?start=2&#038;feature=oembed\" frameborder=\"0\" allow=\"accelerometer; autoplay; clipboard-write; encrypted-media; gyroscope; picture-in-picture; web-share\" referrerpolicy=\"strict-origin-when-cross-origin\" allowfullscreen><\/iframe><\/div>\n<\/div><\/figure>\n\n\n\n<h2 class=\"wp-block-heading\">Quais h\u00e1bitos simples sustentam a autoestima a longo prazo<\/h2>\n\n\n\n<p>Para manter a autoestima mais est\u00e1vel, n\u00e3o basta agir s\u00f3 em momentos de crise; \u00e9 preciso construir h\u00e1bitos que, pouco a pouco, criem uma base mais firme por dentro de <b>voc\u00ea<\/b>. A repeti\u00e7\u00e3o desses pequenos cuidados ajuda a formar uma vis\u00e3o menos r\u00edgida e mais realista sobre quem voc\u00ea \u00e9, com qualidades e imperfei\u00e7\u00f5es como qualquer outro <b>ser<\/b> humano.<\/p>\n\n\n\n<p>Reservar momentos para se conhecer melhor, montar metas poss\u00edveis, aceitar que errar faz parte e praticar o autocuidado emocional s\u00e3o atitudes que, somadas, fortalecem a sensa\u00e7\u00e3o de <b>valor<\/b>. Em situa\u00e7\u00f5es de sofrimento intenso ou tristeza persistente, buscar apoio profissional, como psic\u00f3logos ou psiquiatras, \u00e9 um gesto de coragem e n\u00e3o de <b>fraqueza<\/b>.<\/p>\n\n\n\n<figure class=\"wp-block-embed is-type-rich is-provider-pinterest wp-block-embed-pinterest\"><div class=\"wp-block-embed__wrapper\">\n<iframe loading=\"lazy\" title=\"Al\u00edvio Ansiedade \ud83c\udf43\" src=\"https:\/\/assets.pinterest.com\/ext\/embed.html?id=1055599908768816&#038;src=oembed\" height=\"745\" width=\"450\" frameborder=\"0\" scrolling=\"no\" ><\/iframe>\n<\/div><\/figure>\n\n\n\n<h2 class=\"wp-block-heading\">Como lidar com compara\u00e7\u00f5es e cr\u00edticas sem destruir sua autoestima<\/h2>\n\n\n\n<p>Compara\u00e7\u00f5es e cr\u00edticas fazem parte da vida, ainda mais com redes sociais mostrando, o tempo todo, recortes da vida dos <b>outros<\/b>. Para se proteger, ajuda muito diferenciar compara\u00e7\u00f5es que inspiram daquelas que s\u00f3 apertam a sensa\u00e7\u00e3o de <b>inferioridade<\/b>. Perguntar a si mesmo se aquilo motiva uma a\u00e7\u00e3o construtiva ou s\u00f3 aumenta a cobran\u00e7a interna j\u00e1 \u00e9 um bom filtro no dia a <b>dia<\/b>.<\/p>\n\n\n\n<p>Com cr\u00edticas, voc\u00ea pode tentar um pequeno passo a passo: primeiro, perceber se a fonte \u00e9 confi\u00e1vel; depois, ver se existe algum ponto verdadeiro que possa virar aprendizado; por fim, descartar ataques que s\u00f3 querem <b>ferir<\/b>. Assim, voc\u00ea continua aberto a crescer, mas sem deixar que sua identidade seja definida por opini\u00f5es alheias ou por momentos espec\u00edficos de <b>fracasso<\/b>. Com o tempo, esses cuidados criam uma base emocional mais est\u00e1vel para enfrentar mudan\u00e7as, construir rela\u00e7\u00f5es mais saud\u00e1veis e tomar decis\u00f5es com mais <b>confian\u00e7a<\/b>.<\/p>\n","protected":false},"excerpt":{"rendered":"<p>Voc\u00ea j\u00e1 se pegou se olhando no espelho e pensando coisas duras sobre si mesmo? Cuidar da autoestima de forma simples \u00e9, na pr\u00e1tica, adotar pequenos h\u00e1bitos di\u00e1rios que ajudam voc\u00ea a se enxergar com mais respeito, acolhimento e realismo. N\u00e3o se trata de se achar melhor do que os outros, mas de reconhecer o [&hellip;]<\/p>\n","protected":false},"author":9,"featured_media":100552,"comment_status":"open","ping_status":"open","sticky":false,"template":"","format":"standard","meta":{"jnews-multi-image_gallery":[],"jnews_single_post":{"format":"standard"},"jnews_primary_category":[],"jnews_social_meta":[],"jnews_override_counter":[],"footnotes":""},"categories":[8819,1],"tags":[22121,4889,2545],"class_list":["post-180341","post","type-post","status-publish","format-standard","has-post-thumbnail","hentry","category-curiosidades","category-noticias","tag-auto-cuidado","tag-autoestima","tag-psicologico"],"yoast_head":"<!-- This site is optimized with the Yoast SEO plugin v23.8 - https:\/\/yoast.com\/wordpress\/plugins\/seo\/ -->\n<title>O h\u00e1bito simples que ajudam a combater a sensa\u00e7\u00e3o constante de fracasso - Estado de Minas - Em foco<\/title>\n<meta name=\"description\" content=\"Descubra como cuidar da autoestima com h\u00e1bitos simples e aprenda a silenciar a autocr\u00edtica exagerada hoje\" \/>\n<meta name=\"robots\" content=\"index, follow, max-snippet:-1, max-image-preview:large, max-video-preview:-1\" \/>\n<link rel=\"canonical\" href=\"https:\/\/www.em.com.br\/emfoco\/2026\/03\/12\/o-habito-simples-que-ajudam-a-combater-a-sensacao-constante-de-fracasso\/\" \/>\n<meta property=\"og:locale\" content=\"pt_BR\" \/>\n<meta property=\"og:type\" content=\"article\" \/>\n<meta property=\"og:title\" content=\"O h\u00e1bito simples que ajudam a combater a sensa\u00e7\u00e3o constante de fracasso - Estado de Minas - Em foco\" \/>\n<meta property=\"og:description\" content=\"Descubra como cuidar da autoestima com h\u00e1bitos simples e aprenda a silenciar a autocr\u00edtica exagerada hoje\" \/>\n<meta property=\"og:url\" content=\"https:\/\/www.em.com.br\/emfoco\/2026\/03\/12\/o-habito-simples-que-ajudam-a-combater-a-sensacao-constante-de-fracasso\/\" \/>\n<meta property=\"og:site_name\" content=\"Estado de Minas - Em foco\" \/>\n<meta property=\"article:published_time\" content=\"2026-03-12T21:15:23+00:00\" \/>\n<meta property=\"article:modified_time\" content=\"2026-03-11T19:36:23+00:00\" \/>\n<meta property=\"og:image\" content=\"https:\/\/www.em.com.br\/emfoco\/wp-content\/uploads\/2025\/09\/Ansiedade-_1756938289918.jpg\" \/>\n\t<meta property=\"og:image:width\" content=\"1280\" \/>\n\t<meta property=\"og:image:height\" content=\"720\" \/>\n\t<meta property=\"og:image:type\" content=\"image\/jpeg\" \/>\n<meta name=\"author\" content=\"Daniely Cardoso\" \/>\n<meta name=\"twitter:card\" content=\"summary_large_image\" \/>\n<meta name=\"twitter:label1\" content=\"Escrito por\" \/>\n\t<meta name=\"twitter:data1\" content=\"Daniely Cardoso\" \/>\n\t<meta name=\"twitter:label2\" content=\"Est. tempo de leitura\" \/>\n\t<meta name=\"twitter:data2\" content=\"5 minutos\" \/>\n<!-- \/ Yoast SEO plugin. -->","yoast_head_json":{"title":"O h\u00e1bito simples que ajudam a combater a sensa\u00e7\u00e3o constante de fracasso - Estado de Minas - Em foco","description":"Descubra como cuidar da autoestima com h\u00e1bitos simples e aprenda a silenciar a autocr\u00edtica exagerada hoje","robots":{"index":"index","follow":"follow","max-snippet":"max-snippet:-1","max-image-preview":"max-image-preview:large","max-video-preview":"max-video-preview:-1"},"canonical":"https:\/\/www.em.com.br\/emfoco\/2026\/03\/12\/o-habito-simples-que-ajudam-a-combater-a-sensacao-constante-de-fracasso\/","og_locale":"pt_BR","og_type":"article","og_title":"O h\u00e1bito simples que ajudam a combater a sensa\u00e7\u00e3o constante de fracasso - Estado de Minas - Em foco","og_description":"Descubra como cuidar da autoestima com h\u00e1bitos simples e aprenda a silenciar a autocr\u00edtica exagerada hoje","og_url":"https:\/\/www.em.com.br\/emfoco\/2026\/03\/12\/o-habito-simples-que-ajudam-a-combater-a-sensacao-constante-de-fracasso\/","og_site_name":"Estado de Minas - Em foco","article_published_time":"2026-03-12T21:15:23+00:00","article_modified_time":"2026-03-11T19:36:23+00:00","og_image":[{"width":1280,"height":720,"url":"https:\/\/www.em.com.br\/emfoco\/wp-content\/uploads\/2025\/09\/Ansiedade-_1756938289918.jpg","type":"image\/jpeg"}],"author":"Daniely Cardoso","twitter_card":"summary_large_image","twitter_misc":{"Escrito por":"Daniely Cardoso","Est. tempo de leitura":"5 minutos"},"schema":{"@context":"https:\/\/schema.org","@graph":[{"@type":"WebPage","@id":"https:\/\/www.em.com.br\/emfoco\/2026\/03\/12\/o-habito-simples-que-ajudam-a-combater-a-sensacao-constante-de-fracasso\/","url":"https:\/\/www.em.com.br\/emfoco\/2026\/03\/12\/o-habito-simples-que-ajudam-a-combater-a-sensacao-constante-de-fracasso\/","name":"O h\u00e1bito simples que ajudam a combater a sensa\u00e7\u00e3o constante de fracasso - Estado de Minas - Em foco","isPartOf":{"@id":"https:\/\/www.em.com.br\/emfoco\/#website"},"primaryImageOfPage":{"@id":"https:\/\/www.em.com.br\/emfoco\/2026\/03\/12\/o-habito-simples-que-ajudam-a-combater-a-sensacao-constante-de-fracasso\/#primaryimage"},"image":{"@id":"https:\/\/www.em.com.br\/emfoco\/2026\/03\/12\/o-habito-simples-que-ajudam-a-combater-a-sensacao-constante-de-fracasso\/#primaryimage"},"thumbnailUrl":"https:\/\/www.em.com.br\/emfoco\/wp-content\/uploads\/2025\/09\/Ansiedade-_1756938289918.jpg","datePublished":"2026-03-12T21:15:23+00:00","dateModified":"2026-03-11T19:36:23+00:00","author":{"@id":"https:\/\/www.em.com.br\/emfoco\/#\/schema\/person\/0a8186d72f2c3a5c6276d90b41f271a0"},"description":"Descubra como cuidar da autoestima com h\u00e1bitos simples e aprenda a silenciar a autocr\u00edtica exagerada hoje","breadcrumb":{"@id":"https:\/\/www.em.com.br\/emfoco\/2026\/03\/12\/o-habito-simples-que-ajudam-a-combater-a-sensacao-constante-de-fracasso\/#breadcrumb"},"inLanguage":"pt-BR","potentialAction":[{"@type":"ReadAction","target":["https:\/\/www.em.com.br\/emfoco\/2026\/03\/12\/o-habito-simples-que-ajudam-a-combater-a-sensacao-constante-de-fracasso\/"]}]},{"@type":"ImageObject","inLanguage":"pt-BR","@id":"https:\/\/www.em.com.br\/emfoco\/2026\/03\/12\/o-habito-simples-que-ajudam-a-combater-a-sensacao-constante-de-fracasso\/#primaryimage","url":"https:\/\/www.em.com.br\/emfoco\/wp-content\/uploads\/2025\/09\/Ansiedade-_1756938289918.jpg","contentUrl":"https:\/\/www.em.com.br\/emfoco\/wp-content\/uploads\/2025\/09\/Ansiedade-_1756938289918.jpg","width":1280,"height":720,"caption":"A autoestima \u00e9, basicamente, o jeito como voc\u00ea se enxerga e se avalia, incluindo cren\u00e7as sobre suas capacidades - Cr\u00e9ditos: depositphotos.com \/ AndrewLozovyi"},{"@type":"BreadcrumbList","@id":"https:\/\/www.em.com.br\/emfoco\/2026\/03\/12\/o-habito-simples-que-ajudam-a-combater-a-sensacao-constante-de-fracasso\/#breadcrumb","itemListElement":[{"@type":"ListItem","position":1,"name":"In\u00edcio","item":"https:\/\/www.em.com.br\/emfoco\/"},{"@type":"ListItem","position":2,"name":"O h\u00e1bito simples que ajudam a combater a sensa\u00e7\u00e3o constante de fracasso"}]},{"@type":"WebSite","@id":"https:\/\/www.em.com.br\/emfoco\/#website","url":"https:\/\/www.em.com.br\/emfoco\/","name":"Estado de Minas - Em foco","description":"Acompanhe as \u00faltimas not\u00edcias e fique bem informado sobre tudo o que acontece em Minas Gerais, Brasil e no mundo.","potentialAction":[{"@type":"SearchAction","target":{"@type":"EntryPoint","urlTemplate":"https:\/\/www.em.com.br\/emfoco\/?s={search_term_string}"},"query-input":{"@type":"PropertyValueSpecification","valueRequired":true,"valueName":"search_term_string"}}],"inLanguage":"pt-BR"},{"@type":"Person","@id":"https:\/\/www.em.com.br\/emfoco\/#\/schema\/person\/0a8186d72f2c3a5c6276d90b41f271a0","name":"Daniely Cardoso","image":{"@type":"ImageObject","inLanguage":"pt-BR","@id":"https:\/\/www.em.com.br\/emfoco\/#\/schema\/person\/image\/","url":"https:\/\/secure.gravatar.com\/avatar\/4b80ddbd124d1f071b626d52d62e5dff?s=96&d=mm&r=g","contentUrl":"https:\/\/secure.gravatar.com\/avatar\/4b80ddbd124d1f071b626d52d62e5dff?s=96&d=mm&r=g","caption":"Daniely Cardoso"},"url":"https:\/\/www.em.com.br\/emfoco\/author\/danielymyth\/"}]}},"_links":{"self":[{"href":"https:\/\/www.em.com.br\/emfoco\/wp-json\/wp\/v2\/posts\/180341","targetHints":{"allow":["GET"]}}],"collection":[{"href":"https:\/\/www.em.com.br\/emfoco\/wp-json\/wp\/v2\/posts"}],"about":[{"href":"https:\/\/www.em.com.br\/emfoco\/wp-json\/wp\/v2\/types\/post"}],"author":[{"embeddable":true,"href":"https:\/\/www.em.com.br\/emfoco\/wp-json\/wp\/v2\/users\/9"}],"replies":[{"embeddable":true,"href":"https:\/\/www.em.com.br\/emfoco\/wp-json\/wp\/v2\/comments?post=180341"}],"version-history":[{"count":2,"href":"https:\/\/www.em.com.br\/emfoco\/wp-json\/wp\/v2\/posts\/180341\/revisions"}],"predecessor-version":[{"id":180407,"href":"https:\/\/www.em.com.br\/emfoco\/wp-json\/wp\/v2\/posts\/180341\/revisions\/180407"}],"wp:featuredmedia":[{"embeddable":true,"href":"https:\/\/www.em.com.br\/emfoco\/wp-json\/wp\/v2\/media\/100552"}],"wp:attachment":[{"href":"https:\/\/www.em.com.br\/emfoco\/wp-json\/wp\/v2\/media?parent=180341"}],"wp:term":[{"taxonomy":"category","embeddable":true,"href":"https:\/\/www.em.com.br\/emfoco\/wp-json\/wp\/v2\/categories?post=180341"},{"taxonomy":"post_tag","embeddable":true,"href":"https:\/\/www.em.com.br\/emfoco\/wp-json\/wp\/v2\/tags?post=180341"}],"curies":[{"name":"wp","href":"https:\/\/api.w.org\/{rel}","templated":true}]}}