{"id":180340,"date":"2026-03-12T17:35:19","date_gmt":"2026-03-12T20:35:19","guid":{"rendered":"https:\/\/www.em.com.br\/emfoco\/?p=180340"},"modified":"2026-03-11T17:01:24","modified_gmt":"2026-03-11T20:01:24","slug":"a-fruta-doce-que-pode-crescer-em-vaso-e-transformar-pequenos-espacos-em-um-mini-pomar","status":"publish","type":"post","link":"https:\/\/www.em.com.br\/emfoco\/2026\/03\/12\/a-fruta-doce-que-pode-crescer-em-vaso-e-transformar-pequenos-espacos-em-um-mini-pomar\/","title":{"rendered":"A fruta doce que pode crescer em vaso e transformar pequenos espa\u00e7os em um mini pomar"},"content":{"rendered":"\n<p>Imagine colher uma <strong>laranja fresca<\/strong> no meio da sua varanda, direto de um vaso bem ao lado da mesa do caf\u00e9. Mesmo em espa\u00e7os pequenos, \u00e9 poss\u00edvel ter uma <strong>laranjeira produtiva<\/strong> e bonita, desde que alguns cuidados simples sejam seguidos no dia a dia. Com o recipiente certo, boa luminosidade e aten\u00e7\u00e3o \u00e0 rega, voc\u00ea transforma qualquer cantinho em um pequeno pomar.<\/p>\n\n\n\n<h2 class=\"wp-block-heading\">Como plantar laranja em vasos passo a passo<\/h2>\n\n\n\n<p>O plantio da <strong>laranjeira em vaso<\/strong> segue etapas simples, mas que fazem muita diferen\u00e7a no resultado ao longo dos meses. Antes de adicionar o substrato, forre o fundo do recipiente com uma camada de brita, argila expandida ou cacos de telha, o que ajuda na drenagem e impede o ac\u00famulo de <strong>\u00e1gua parada<\/strong> nas ra\u00edzes.<\/p>\n\n\n\n<ol class=\"wp-block-list\">\n<li><strong>Preparar o vaso:<\/strong> verificar se h\u00e1 furos no fundo e, se necess\u00e1rio, abrir mais de um para facilitar o escoamento da \u00e1gua.<\/li>\n\n\n\n<li><strong>Montar a drenagem:<\/strong> colocar a camada de pedras ou argila expandida, seguida de uma manta de bidim ou peda\u00e7o de tecido para impedir que o substrato escape.<\/li>\n\n\n\n<li><strong>Adicionar o substrato:<\/strong> preencher parte do vaso com a mistura escolhida, deixando espa\u00e7o para acomodar a muda.<\/li>\n\n\n\n<li><strong>Posicionar a muda:<\/strong> colocar a laranjeira no centro, mantendo o ponto de enxertia acima da linha do substrato.<\/li>\n\n\n\n<li><strong>Completar o preenchimento:<\/strong> adicionar o restante do substrato, apertando levemente com as m\u00e3os para firmar a planta, sem compactar demais.<\/li>\n\n\n\n<li><strong>Regar:<\/strong> umedecer bem o substrato ap\u00f3s o plantio, deixando a \u00e1gua escorrer completamente pelos furos de drenagem.<\/li>\n<\/ol>\n\n\n\n<p>Depois de plantar, deixe a <strong>laranjeira em vaso<\/strong> em um lugar com boa luz, mas protegida de ventos muito fortes nos primeiros dias. Observe se as folhas se mant\u00eam firmes e ajuste a quantidade de <strong>\u00e1gua aplicada<\/strong> conforme o clima e a secagem do substrato.<\/p>\n\n\n\n<figure class=\"wp-block-embed is-type-rich is-provider-pinterest wp-block-embed-pinterest\"><div class=\"wp-block-embed__wrapper\">\n<iframe loading=\"lazy\" title=\"horta \/ laranja \/ plantio de laranja \/ como plantar \/ plantas \/ horta em casa\" src=\"https:\/\/assets.pinterest.com\/ext\/embed.html?id=1073756736141178465&#038;src=oembed\" height=\"899\" width=\"450\" frameborder=\"0\" scrolling=\"no\" ><\/iframe>\n<\/div><\/figure>\n\n\n\n<p>Leia tamb\u00e9m:&nbsp;<a href=\"https:\/\/www.em.com.br\/emfoco\/2026\/03\/10\/espalhe-cascas-de-laranja-nas-plantas-antes-de-21-de-marco-e-veja-por-que-esse-truque-simples-pode-proteger-o-jardim\/\" target=\"_blank\" rel=\"noopener\">Espalhe cascas de laranja nas plantas antes de 21 de mar\u00e7o e veja por que esse truque simples pode proteger o jardim<\/a><\/p>\n\n\n\n<h2 class=\"wp-block-heading\">Quais cuidados manter com a laranjeira em vaso no dia a dia<\/h2>\n\n\n\n<p>Os cuidados b\u00e1sicos envolvem rega equilibrada, aduba\u00e7\u00e3o peri\u00f3dica, poda leve e aten\u00e7\u00e3o a poss\u00edveis <strong>pragas e doen\u00e7as<\/strong>. A ideia \u00e9 manter o substrato \u00famido, mas nunca encharcado, usando o teste do dedo: se a superf\u00edcie estiver seca, \u00e9 sinal de que a planta j\u00e1 precisa de <strong>nova rega<\/strong>.<\/p>\n\n\n\n<figure class=\"wp-block-embed is-type-rich is-provider-pinterest wp-block-embed-pinterest\"><div class=\"wp-block-embed__wrapper\">\n<iframe loading=\"lazy\" title=\"Isso mesmo, \u00e9 poss\u00edvel cultivar lim\u00e3o, laranja, tangerina e muitas outras frutas c\u00edtricas em vasos de forma pr\u00e1tica e f\u00e1cil. Se voc\u00ea quer aprender como cultivar essas frutas deliciosas em sua pr\u00f3pria casa n\u00e3o pode perder nossas dicas incr\u00edveis sobre como ter frutas c\u00edtricas no vaso. Deixe o mundo mais verde com a Plantei! #plantas #frutascitricas #cuidadoscomasplantas #lojaplantei #biologia #botanica #saltogrande#gardencenter\" src=\"https:\/\/assets.pinterest.com\/ext\/embed.html?id=4644405860034399&#038;src=oembed\" height=\"899\" width=\"450\" frameborder=\"0\" scrolling=\"no\" ><\/iframe>\n<\/div><\/figure>\n\n\n\n<p>Para deixar essa rotina mais simples, vale organizar um pequeno plano de manejo, com foco na sa\u00fade geral da planta e na produ\u00e7\u00e3o de frutos.<\/p>\n\n\n\n<ul class=\"wp-block-list\">\n<li><strong>Rega:<\/strong> evitar tanto o excesso quanto a falta de \u00e1gua, que podem causar queda de flores, frutos e amarelecimento das folhas.<\/li>\n\n\n\n<li><strong>Aduba\u00e7\u00e3o:<\/strong> usar fertilizantes para c\u00edtricos ou adubos ricos em nitrog\u00eanio, f\u00f3sforo e pot\u00e1ssio, respeitando as doses indicadas.<\/li>\n\n\n\n<li><strong>Luz solar:<\/strong> garantir de 4 a 6 horas di\u00e1rias de sol direto ou luz muito intensa, sempre que poss\u00edvel.<\/li>\n\n\n\n<li><strong>Poda:<\/strong> remover galhos secos, doentes ou cruzados, abrindo espa\u00e7o para entrada de luz na copa.<\/li>\n\n\n\n<li><strong>Controle de pragas:<\/strong> observar pulg\u00f5es, cochonilhas ou \u00e1caros e, se surgir infesta\u00e7\u00e3o, usar controle biol\u00f3gico ou \u00f3leo mineral.<\/li>\n<\/ul>\n\n\n\n<p>Para voc\u00ea que gosta de plantar, separamos um v\u00eddeo do canal <a href=\"https:\/\/www.youtube.com\/@cultivando-canal\" target=\"_blank\" rel=\"noreferrer noopener\">Cultivando<\/a> com dicas para plantar e cuidar de \u00e1rvore frut\u00edferas em vasos:<\/p>\n\n\n\n<figure class=\"wp-block-embed is-type-video is-provider-youtube wp-block-embed-youtube wp-embed-aspect-16-9 wp-has-aspect-ratio\"><div class=\"wp-block-embed__wrapper\">\n<div class=\"jeg_video_container jeg_video_content\"><iframe loading=\"lazy\" title=\"Passo a passo para plantar \u00e1rvores frut\u00edferas EM VASO.\" width=\"500\" height=\"281\" src=\"https:\/\/www.youtube.com\/embed\/fx_27TAEzHg?start=171&#038;feature=oembed\" frameborder=\"0\" allow=\"accelerometer; autoplay; clipboard-write; encrypted-media; gyroscope; picture-in-picture; web-share\" referrerpolicy=\"strict-origin-when-cross-origin\" allowfullscreen><\/iframe><\/div>\n<\/div><\/figure>\n\n\n\n<h2 class=\"wp-block-heading\">Como escolher a melhor variedade de laranja para vasos<\/h2>\n\n\n\n<p>Nem todas as variedades de <strong>laranjeira se adaptam<\/strong> bem ao cultivo em recipientes, por isso vale escolher com calma. As laranjeiras an\u00e3s ou semi-an\u00e3s, enxertadas em porta-enxertos que limitam o crescimento, costumam ser mais indicadas, pois s\u00e3o mais f\u00e1ceis de podar e cuidar em <strong>espa\u00e7os reduzidos<\/strong>.<\/p>\n\n\n\n<p>Ao decidir, considere o clima da sua regi\u00e3o, se voc\u00ea prefere laranja para suco ou para comer ao natural e se o viveiro oferece <strong>mudas certificadas<\/strong>. Mudas de boa proced\u00eancia reduzem o risco de doen\u00e7as e garantem frutos mais est\u00e1veis em sabor e tamanho ao longo dos anos.<\/p>\n\n\n\n<figure class=\"wp-block-embed is-type-rich is-provider-pinterest wp-block-embed-pinterest\"><div class=\"wp-block-embed__wrapper\">\n<iframe loading=\"lazy\" title=\"#frutiferas #plantas #cuidadosdeplantas #lojaplantei #deixeomundomaisverde #saltogrande #gardencenter\" src=\"https:\/\/assets.pinterest.com\/ext\/embed.html?id=71213237852318378&#038;src=oembed\" height=\"899\" width=\"450\" frameborder=\"0\" scrolling=\"no\" ><\/iframe>\n<\/div><\/figure>\n\n\n\n<h2 class=\"wp-block-heading\">Quando a laranjeira em vaso come\u00e7a a produzir frutos<\/h2>\n\n\n\n<p>O tempo para a <strong>laranjeira em vaso<\/strong> come\u00e7ar a dar frutos varia conforme a variedade, o tipo de muda e o manejo di\u00e1rio. Em geral, mudas enxertadas frutificam entre o segundo e o quarto ano ap\u00f3s o plantio, desde que recebam boa luz, \u00e1gua na medida certa e aduba\u00e7\u00e3o <strong>regular e equilibrada<\/strong>.<\/p>\n\n\n\n<p>Nos primeiros anos \u00e9 comum surgirem flores e poucos frutinhos, e muitas pessoas optam por retirar parte deles para fortalecer a planta. Com esse cuidado, a tend\u00eancia \u00e9 que, com o tempo, a produ\u00e7\u00e3o fique mais est\u00e1vel e o vaso siga produtivo, permitindo que a <strong>colheita em casa<\/strong> fa\u00e7a parte da rotina de forma leve e prazerosa.<\/p>\n","protected":false},"excerpt":{"rendered":"<p>Imagine colher uma laranja fresca no meio da sua varanda, direto de um vaso bem ao lado da mesa do caf\u00e9. Mesmo em espa\u00e7os pequenos, \u00e9 poss\u00edvel ter uma laranjeira produtiva e bonita, desde que alguns cuidados simples sejam seguidos no dia a dia. Com o recipiente certo, boa luminosidade e aten\u00e7\u00e3o \u00e0 rega, voc\u00ea [&hellip;]<\/p>\n","protected":false},"author":9,"featured_media":180392,"comment_status":"open","ping_status":"open","sticky":false,"template":"","format":"standard","meta":{"jnews-multi-image_gallery":[],"jnews_single_post":{"format":"standard"},"jnews_primary_category":[],"jnews_social_meta":[],"jnews_override_counter":[],"footnotes":""},"categories":[8691,1],"tags":[7701,2555,4272],"class_list":["post-180340","post","type-post","status-publish","format-standard","has-post-thumbnail","hentry","category-bem-estar","category-noticias","tag-como-plantar","tag-frutas","tag-laranja"],"yoast_head":"<!-- This site is optimized with the Yoast SEO plugin v23.8 - https:\/\/yoast.com\/wordpress\/plugins\/seo\/ -->\n<title>A fruta doce que pode crescer em vaso e transformar pequenos espa\u00e7os em um mini pomar - Estado de Minas - Em foco<\/title>\n<meta name=\"description\" content=\"Descubra como cultivar laranjeiras em vasos com dicas de drenagem, sol e poda para colher frutas frescas em casa\" \/>\n<meta name=\"robots\" content=\"index, follow, max-snippet:-1, max-image-preview:large, max-video-preview:-1\" \/>\n<link rel=\"canonical\" href=\"https:\/\/www.em.com.br\/emfoco\/2026\/03\/12\/a-fruta-doce-que-pode-crescer-em-vaso-e-transformar-pequenos-espacos-em-um-mini-pomar\/\" \/>\n<meta property=\"og:locale\" content=\"pt_BR\" \/>\n<meta property=\"og:type\" content=\"article\" \/>\n<meta property=\"og:title\" content=\"A fruta doce que pode crescer em vaso e transformar pequenos espa\u00e7os em um mini pomar - Estado de Minas - Em foco\" \/>\n<meta property=\"og:description\" content=\"Descubra como cultivar laranjeiras em vasos com dicas de drenagem, sol e poda para colher frutas frescas em casa\" \/>\n<meta property=\"og:url\" content=\"https:\/\/www.em.com.br\/emfoco\/2026\/03\/12\/a-fruta-doce-que-pode-crescer-em-vaso-e-transformar-pequenos-espacos-em-um-mini-pomar\/\" \/>\n<meta property=\"og:site_name\" content=\"Estado de Minas - Em foco\" \/>\n<meta property=\"article:published_time\" content=\"2026-03-12T20:35:19+00:00\" \/>\n<meta property=\"article:modified_time\" content=\"2026-03-11T20:01:24+00:00\" \/>\n<meta property=\"og:image\" content=\"https:\/\/www.em.com.br\/emfoco\/wp-content\/uploads\/2026\/03\/Gemini_Generated_Image_sxorzisxorzisxor-1.png\" \/>\n\t<meta property=\"og:image:width\" content=\"1280\" \/>\n\t<meta property=\"og:image:height\" content=\"720\" \/>\n\t<meta property=\"og:image:type\" content=\"image\/png\" \/>\n<meta name=\"author\" content=\"Daniely Cardoso\" \/>\n<meta name=\"twitter:card\" content=\"summary_large_image\" \/>\n<meta name=\"twitter:label1\" content=\"Escrito por\" \/>\n\t<meta name=\"twitter:data1\" content=\"Daniely Cardoso\" \/>\n\t<meta name=\"twitter:label2\" content=\"Est. tempo de leitura\" \/>\n\t<meta name=\"twitter:data2\" content=\"5 minutos\" \/>\n<!-- \/ Yoast SEO plugin. -->","yoast_head_json":{"title":"A fruta doce que pode crescer em vaso e transformar pequenos espa\u00e7os em um mini pomar - Estado de Minas - Em foco","description":"Descubra como cultivar laranjeiras em vasos com dicas de drenagem, sol e poda para colher frutas frescas em casa","robots":{"index":"index","follow":"follow","max-snippet":"max-snippet:-1","max-image-preview":"max-image-preview:large","max-video-preview":"max-video-preview:-1"},"canonical":"https:\/\/www.em.com.br\/emfoco\/2026\/03\/12\/a-fruta-doce-que-pode-crescer-em-vaso-e-transformar-pequenos-espacos-em-um-mini-pomar\/","og_locale":"pt_BR","og_type":"article","og_title":"A fruta doce que pode crescer em vaso e transformar pequenos espa\u00e7os em um mini pomar - Estado de Minas - Em foco","og_description":"Descubra como cultivar laranjeiras em vasos com dicas de drenagem, sol e poda para colher frutas frescas em casa","og_url":"https:\/\/www.em.com.br\/emfoco\/2026\/03\/12\/a-fruta-doce-que-pode-crescer-em-vaso-e-transformar-pequenos-espacos-em-um-mini-pomar\/","og_site_name":"Estado de Minas - Em foco","article_published_time":"2026-03-12T20:35:19+00:00","article_modified_time":"2026-03-11T20:01:24+00:00","og_image":[{"width":1280,"height":720,"url":"https:\/\/www.em.com.br\/emfoco\/wp-content\/uploads\/2026\/03\/Gemini_Generated_Image_sxorzisxorzisxor-1.png","type":"image\/png"}],"author":"Daniely Cardoso","twitter_card":"summary_large_image","twitter_misc":{"Escrito por":"Daniely Cardoso","Est. tempo de leitura":"5 minutos"},"schema":{"@context":"https:\/\/schema.org","@graph":[{"@type":"WebPage","@id":"https:\/\/www.em.com.br\/emfoco\/2026\/03\/12\/a-fruta-doce-que-pode-crescer-em-vaso-e-transformar-pequenos-espacos-em-um-mini-pomar\/","url":"https:\/\/www.em.com.br\/emfoco\/2026\/03\/12\/a-fruta-doce-que-pode-crescer-em-vaso-e-transformar-pequenos-espacos-em-um-mini-pomar\/","name":"A fruta doce que pode crescer em vaso e transformar pequenos espa\u00e7os em um mini pomar - Estado de Minas - Em foco","isPartOf":{"@id":"https:\/\/www.em.com.br\/emfoco\/#website"},"primaryImageOfPage":{"@id":"https:\/\/www.em.com.br\/emfoco\/2026\/03\/12\/a-fruta-doce-que-pode-crescer-em-vaso-e-transformar-pequenos-espacos-em-um-mini-pomar\/#primaryimage"},"image":{"@id":"https:\/\/www.em.com.br\/emfoco\/2026\/03\/12\/a-fruta-doce-que-pode-crescer-em-vaso-e-transformar-pequenos-espacos-em-um-mini-pomar\/#primaryimage"},"thumbnailUrl":"https:\/\/www.em.com.br\/emfoco\/wp-content\/uploads\/2026\/03\/Gemini_Generated_Image_sxorzisxorzisxor-1.png","datePublished":"2026-03-12T20:35:19+00:00","dateModified":"2026-03-11T20:01:24+00:00","author":{"@id":"https:\/\/www.em.com.br\/emfoco\/#\/schema\/person\/0a8186d72f2c3a5c6276d90b41f271a0"},"description":"Descubra como cultivar laranjeiras em vasos com dicas de drenagem, sol e poda para colher frutas frescas em casa","breadcrumb":{"@id":"https:\/\/www.em.com.br\/emfoco\/2026\/03\/12\/a-fruta-doce-que-pode-crescer-em-vaso-e-transformar-pequenos-espacos-em-um-mini-pomar\/#breadcrumb"},"inLanguage":"pt-BR","potentialAction":[{"@type":"ReadAction","target":["https:\/\/www.em.com.br\/emfoco\/2026\/03\/12\/a-fruta-doce-que-pode-crescer-em-vaso-e-transformar-pequenos-espacos-em-um-mini-pomar\/"]}]},{"@type":"ImageObject","inLanguage":"pt-BR","@id":"https:\/\/www.em.com.br\/emfoco\/2026\/03\/12\/a-fruta-doce-que-pode-crescer-em-vaso-e-transformar-pequenos-espacos-em-um-mini-pomar\/#primaryimage","url":"https:\/\/www.em.com.br\/emfoco\/wp-content\/uploads\/2026\/03\/Gemini_Generated_Image_sxorzisxorzisxor-1.png","contentUrl":"https:\/\/www.em.com.br\/emfoco\/wp-content\/uploads\/2026\/03\/Gemini_Generated_Image_sxorzisxorzisxor-1.png","width":1280,"height":720,"caption":"O plantio da laranjeira em vaso segue etapas simples, mas que fazem muita diferen\u00e7a no resultado ao longo dos meses"},{"@type":"BreadcrumbList","@id":"https:\/\/www.em.com.br\/emfoco\/2026\/03\/12\/a-fruta-doce-que-pode-crescer-em-vaso-e-transformar-pequenos-espacos-em-um-mini-pomar\/#breadcrumb","itemListElement":[{"@type":"ListItem","position":1,"name":"In\u00edcio","item":"https:\/\/www.em.com.br\/emfoco\/"},{"@type":"ListItem","position":2,"name":"A fruta doce que pode crescer em vaso e transformar pequenos espa\u00e7os em um mini pomar"}]},{"@type":"WebSite","@id":"https:\/\/www.em.com.br\/emfoco\/#website","url":"https:\/\/www.em.com.br\/emfoco\/","name":"Estado de Minas - Em foco","description":"Acompanhe as \u00faltimas not\u00edcias e fique bem informado sobre tudo o que acontece em Minas Gerais, Brasil e no mundo.","potentialAction":[{"@type":"SearchAction","target":{"@type":"EntryPoint","urlTemplate":"https:\/\/www.em.com.br\/emfoco\/?s={search_term_string}"},"query-input":{"@type":"PropertyValueSpecification","valueRequired":true,"valueName":"search_term_string"}}],"inLanguage":"pt-BR"},{"@type":"Person","@id":"https:\/\/www.em.com.br\/emfoco\/#\/schema\/person\/0a8186d72f2c3a5c6276d90b41f271a0","name":"Daniely Cardoso","image":{"@type":"ImageObject","inLanguage":"pt-BR","@id":"https:\/\/www.em.com.br\/emfoco\/#\/schema\/person\/image\/","url":"https:\/\/secure.gravatar.com\/avatar\/4b80ddbd124d1f071b626d52d62e5dff?s=96&d=mm&r=g","contentUrl":"https:\/\/secure.gravatar.com\/avatar\/4b80ddbd124d1f071b626d52d62e5dff?s=96&d=mm&r=g","caption":"Daniely Cardoso"},"url":"https:\/\/www.em.com.br\/emfoco\/author\/danielymyth\/"}]}},"_links":{"self":[{"href":"https:\/\/www.em.com.br\/emfoco\/wp-json\/wp\/v2\/posts\/180340","targetHints":{"allow":["GET"]}}],"collection":[{"href":"https:\/\/www.em.com.br\/emfoco\/wp-json\/wp\/v2\/posts"}],"about":[{"href":"https:\/\/www.em.com.br\/emfoco\/wp-json\/wp\/v2\/types\/post"}],"author":[{"embeddable":true,"href":"https:\/\/www.em.com.br\/emfoco\/wp-json\/wp\/v2\/users\/9"}],"replies":[{"embeddable":true,"href":"https:\/\/www.em.com.br\/emfoco\/wp-json\/wp\/v2\/comments?post=180340"}],"version-history":[{"count":3,"href":"https:\/\/www.em.com.br\/emfoco\/wp-json\/wp\/v2\/posts\/180340\/revisions"}],"predecessor-version":[{"id":180434,"href":"https:\/\/www.em.com.br\/emfoco\/wp-json\/wp\/v2\/posts\/180340\/revisions\/180434"}],"wp:featuredmedia":[{"embeddable":true,"href":"https:\/\/www.em.com.br\/emfoco\/wp-json\/wp\/v2\/media\/180392"}],"wp:attachment":[{"href":"https:\/\/www.em.com.br\/emfoco\/wp-json\/wp\/v2\/media?parent=180340"}],"wp:term":[{"taxonomy":"category","embeddable":true,"href":"https:\/\/www.em.com.br\/emfoco\/wp-json\/wp\/v2\/categories?post=180340"},{"taxonomy":"post_tag","embeddable":true,"href":"https:\/\/www.em.com.br\/emfoco\/wp-json\/wp\/v2\/tags?post=180340"}],"curies":[{"name":"wp","href":"https:\/\/api.w.org\/{rel}","templated":true}]}}