{"id":180338,"date":"2026-03-12T13:25:10","date_gmt":"2026-03-12T16:25:10","guid":{"rendered":"https:\/\/www.em.com.br\/emfoco\/?p=180338"},"modified":"2026-03-11T16:54:25","modified_gmt":"2026-03-11T19:54:25","slug":"pouca-gente-sabe-mas-essa-fruta-cresce-muito-bem-em-vaso-e-pode-dar-colheitas-ate-em-apartamento","status":"publish","type":"post","link":"https:\/\/www.em.com.br\/emfoco\/2026\/03\/12\/pouca-gente-sabe-mas-essa-fruta-cresce-muito-bem-em-vaso-e-pode-dar-colheitas-ate-em-apartamento\/","title":{"rendered":"Pouca gente sabe, mas essa fruta cresce muito bem em vaso e pode dar colheitas at\u00e9 em apartamento"},"content":{"rendered":"\n<p>Voc\u00ea j\u00e1 imaginou abrir a porta da varanda e colher um lim\u00e3o fresquinho direto do vaso, mesmo morando em apartamento? Cultivar lim\u00e3o em vasos \u00e9 uma forma simples de trazer mais verde para casa e ainda garantir frutas sempre \u00e0 m\u00e3o. A ideia central aqui \u00e9 entender <strong>como plantar lim\u00e3o em vasos<\/strong>, desde a escolha do recipiente at\u00e9 os cuidados do dia a dia, de um jeito pr\u00e1tico e poss\u00edvel para qualquer espa\u00e7o.<\/p>\n\n\n\n<h2 class=\"wp-block-heading\">Como plantar lim\u00e3o em vasos passo a passo<\/h2>\n\n\n\n<p>Antes de tudo, \u00e9 importante decidir se voc\u00ea vai come\u00e7ar o cultivo com <strong>sementes<\/strong> ou com uma <strong>muda enxertada<\/strong>. Para quem quer colher mais r\u00e1pido e ter mais seguran\u00e7a sobre sabor e resist\u00eancia da planta, as mudas continuam sendo a op\u00e7\u00e3o mais recomendada, especialmente em ambientes urbanos.<\/p>\n\n\n\n<p>O vaso ideal deve ter entre <strong>40 e 60 cm<\/strong> de altura, com boa largura e furos no fundo para escoar a \u00e1gua. No fundo do vaso, fa\u00e7a uma camada drenante com pedras ou argila expandida e complete com um substrato leve, rico em <strong>mat\u00e9ria org\u00e2nica<\/strong>. Posicione a muda de forma que o colo fique um pouco acima da superf\u00edcie, evitando que a base do caule fique encharcada.<\/p>\n\n\n\n<figure class=\"wp-block-embed is-type-rich is-provider-pinterest wp-block-embed-pinterest\"><div class=\"wp-block-embed__wrapper\">\n<iframe loading=\"lazy\" title=\"Isso mesmo, \u00e9 poss\u00edvel cultivar lim\u00e3o, laranja, tangerina e muitas outras frutas c\u00edtricas em vasos de forma pr\u00e1tica e f\u00e1cil. Se voc\u00ea quer aprender como cultivar essas frutas deliciosas em sua pr\u00f3pria casa n\u00e3o pode perder nossas dicas incr\u00edveis sobre como ter frutas c\u00edtricas no vaso. Deixe o mundo mais verde com a Plantei! #plantas #frutascitricas #cuidadoscomasplantas #lojaplantei #biologia #botanica #saltogrande#gardencenter\" src=\"https:\/\/assets.pinterest.com\/ext\/embed.html?id=4644405860034399&#038;src=oembed\" height=\"899\" width=\"450\" frameborder=\"0\" scrolling=\"no\" ><\/iframe>\n<\/div><\/figure>\n\n\n\n<p>Leia tamb\u00e9m:&nbsp;<a href=\"https:\/\/www.em.com.br\/emfoco\/2026\/03\/09\/quer-colher-uvas-em-casa-veja-como-plantar-videira-e-transformar-seu-quintal-em-um-cantinho-produtivo\/\" target=\"_blank\" rel=\"noopener\">Quer colher uvas em casa? Veja como plantar videira e transformar seu quintal em um cantinho produtivo<\/a><\/p>\n\n\n\n<h2 class=\"wp-block-heading\">Quais cuidados essenciais manter com o limoeiro no vaso<\/h2>\n\n\n\n<p>Depois de entender <strong>como plantar lim\u00e3o em vasos<\/strong>, o pr\u00f3ximo passo \u00e9 cuidar da rotina da planta. O limoeiro precisa de pelo menos quatro a seis horas de sol direto por dia, ent\u00e3o varandas, janelas ensolaradas e sacadas s\u00e3o os melhores cantos da casa. Em locais com pouca luz, a planta at\u00e9 sobrevive, mas tende a dar menos <strong>flores e frutos<\/strong>.<\/p>\n\n\n\n<p>A rega deve manter o solo sempre levemente \u00famido, sem encharcar nem ressecar totalmente. Uma forma simples de saber a hora de molhar \u00e9 colocar o dedo a uns 3 cm de profundidade: se estiver seco, regue at\u00e9 a \u00e1gua come\u00e7ar a sair pelos furos. Em dias muito quentes, a <strong>frequ\u00eancia<\/strong> pode ser di\u00e1ria; em per\u00edodos frios, o intervalo costuma ser maior.<\/p>\n\n\n\n<figure class=\"wp-block-embed is-type-rich is-provider-pinterest wp-block-embed-pinterest\"><div class=\"wp-block-embed__wrapper\">\n<iframe loading=\"lazy\" title=\"como plantei uma mudinha de lim\u00e3o siciliano em vaso pra cultivar em apartamento \ud83c\udf4b\" src=\"https:\/\/assets.pinterest.com\/ext\/embed.html?id=714242822176630921&#038;src=oembed\" height=\"899\" width=\"450\" frameborder=\"0\" scrolling=\"no\" ><\/iframe>\n<\/div><\/figure>\n\n\n\n<h2 class=\"wp-block-heading\">Como escolher o melhor vaso e a variedade ideal de lim\u00e3o<\/h2>\n\n\n\n<p>A escolha do vaso faz muita diferen\u00e7a para quem quer aprender, na pr\u00e1tica, <strong>como plantar lim\u00e3o em vasos<\/strong> sem frustra\u00e7\u00f5es. Um vaso pequeno demais aperta as ra\u00edzes e limita a produ\u00e7\u00e3o, enquanto um muito grande pode reter \u00e1gua em excesso, favorecendo fungos e deixando o limoeiro com apar\u00eancia sempre <strong>murcha<\/strong>.<\/p>\n\n\n\n<p>Os materiais mais comuns s\u00e3o pl\u00e1stico, barro e cimento, cada um com seu jeito de lidar com umidade. O vaso de barro \u201crespira\u201d mais e ajuda a evitar excesso de \u00e1gua, enquanto o de pl\u00e1stico segura melhor a umidade, exigindo aten\u00e7\u00e3o redobrada na rega. Na hora de escolher a variedade, muitas pessoas optam por <strong>lim\u00e3o-siciliano an\u00e3o<\/strong>, lim\u00e3o-tahiti ou lim\u00e3o-cravo, geralmente em mudas enxertadas que produzem mais r\u00e1pido.<\/p>\n\n\n\n<p>Para voc\u00ea que gosta plantar, separamos um v\u00eddeo do canal <a href=\"https:\/\/www.youtube.com\/@hortamineira1234\" target=\"_blank\" rel=\"noreferrer noopener\">Horta Mineira<\/a> com dicas para plantar lim\u00e3o em vaso:<\/p>\n\n\n\n<figure class=\"wp-block-embed is-type-video is-provider-youtube wp-block-embed-youtube wp-embed-aspect-16-9 wp-has-aspect-ratio\"><div class=\"wp-block-embed__wrapper\">\n<div class=\"jeg_video_container jeg_video_content\"><iframe loading=\"lazy\" title=\"COMO PLANTAR LIM\u00c3O EM VASO CORRETAMENTE\" width=\"500\" height=\"281\" src=\"https:\/\/www.youtube.com\/embed\/GZ7sl_KeNOc?feature=oembed\" frameborder=\"0\" allow=\"accelerometer; autoplay; clipboard-write; encrypted-media; gyroscope; picture-in-picture; web-share\" referrerpolicy=\"strict-origin-when-cross-origin\" allowfullscreen><\/iframe><\/div>\n<\/div><\/figure>\n\n\n\n<h2 class=\"wp-block-heading\">Como manter o limoeiro saud\u00e1vel e produtivo por muitos anos<\/h2>\n\n\n\n<p>Com o tempo, para manter o limoeiro bonito e produtivo, a poda de forma\u00e7\u00e3o se torna uma grande aliada. Ela ajuda a controlar o tamanho da planta no vaso, melhora a entrada de luz na copa e favorece a circula\u00e7\u00e3o de ar. Retirar ramos secos, doentes ou que se cruzam demais deixa o limoeiro mais forte e com energia para focar em <strong>flores e frutos<\/strong>.<\/p>\n\n\n\n<figure class=\"wp-block-embed is-type-rich is-provider-pinterest wp-block-embed-pinterest\"><div class=\"wp-block-embed__wrapper\">\n<iframe loading=\"lazy\" title=\" \" src=\"https:\/\/assets.pinterest.com\/ext\/embed.html?id=11118330325101910&#038;src=oembed\" height=\"779\" width=\"450\" frameborder=\"0\" scrolling=\"no\" ><\/iframe>\n<\/div><\/figure>\n\n\n\n<p>Al\u00e9m disso, vale criar o h\u00e1bito de observar a planta com carinho, pelo menos uma vez por semana, para identificar pragas ou sinais de estresse. Para facilitar essa rotina de cuidados, veja alguns pontos simples que ajudam a manter o limoeiro em vaso sempre saud\u00e1vel e produtivo no dia a dia:<\/p>\n\n\n\n<ul class=\"wp-block-list\">\n<li><strong>Observar<\/strong> folhas e ramos em busca de manchas, pontos escuros ou insetos.<\/li>\n\n\n\n<li><strong>Retirar<\/strong> folhas muito danificadas para evitar que problemas se espalhem.<\/li>\n\n\n\n<li><strong>Manter<\/strong> a aduba\u00e7\u00e3o equilibrada, sem exageros, para n\u00e3o enfraquecer a planta.<\/li>\n\n\n\n<li><strong>Conferir<\/strong> a drenagem do vaso, garantindo que a \u00e1gua escoe sem acumular.<\/li>\n\n\n\n<li><strong>Girar<\/strong> o vaso de tempos em tempos para que todos os lados recebam sol.<\/li>\n<\/ul>\n\n\n\n<p>A combina\u00e7\u00e3o entre escolha correta do vaso, aten\u00e7\u00e3o ao solo, luz, rega e aduba\u00e7\u00e3o resume o essencial de <strong>como plantar lim\u00e3o em vasos<\/strong> e colher frutas saborosas por muitos anos no conforto da sua casa.<\/p>\n","protected":false},"excerpt":{"rendered":"<p>Voc\u00ea j\u00e1 imaginou abrir a porta da varanda e colher um lim\u00e3o fresquinho direto do vaso, mesmo morando em apartamento? Cultivar lim\u00e3o em vasos \u00e9 uma forma simples de trazer mais verde para casa e ainda garantir frutas sempre \u00e0 m\u00e3o. A ideia central aqui \u00e9 entender como plantar lim\u00e3o em vasos, desde a escolha [&hellip;]<\/p>\n","protected":false},"author":9,"featured_media":180382,"comment_status":"open","ping_status":"open","sticky":false,"template":"","format":"standard","meta":{"jnews-multi-image_gallery":[],"jnews_single_post":{"format":"standard"},"jnews_primary_category":[],"jnews_social_meta":[],"jnews_override_counter":[],"footnotes":""},"categories":[8819,1],"tags":[7701,2555,3108],"class_list":["post-180338","post","type-post","status-publish","format-standard","has-post-thumbnail","hentry","category-curiosidades","category-noticias","tag-como-plantar","tag-frutas","tag-limao"],"yoast_head":"<!-- This site is optimized with the Yoast SEO plugin v23.8 - https:\/\/yoast.com\/wordpress\/plugins\/seo\/ -->\n<title>Pouca gente sabe, mas essa fruta cresce muito bem em vaso e pode dar colheitas at\u00e9 em apartamento - Estado de Minas - Em foco<\/title>\n<meta name=\"description\" content=\"Aprenda como plantar lim\u00e3o em vasos com dicas de drenagem, sol e poda para colher frutos org\u00e2nicos em casa\" \/>\n<meta name=\"robots\" content=\"index, follow, max-snippet:-1, max-image-preview:large, max-video-preview:-1\" \/>\n<link rel=\"canonical\" href=\"https:\/\/www.em.com.br\/emfoco\/2026\/03\/12\/pouca-gente-sabe-mas-essa-fruta-cresce-muito-bem-em-vaso-e-pode-dar-colheitas-ate-em-apartamento\/\" \/>\n<meta property=\"og:locale\" content=\"pt_BR\" \/>\n<meta property=\"og:type\" content=\"article\" \/>\n<meta property=\"og:title\" content=\"Pouca gente sabe, mas essa fruta cresce muito bem em vaso e pode dar colheitas at\u00e9 em apartamento - Estado de Minas - Em foco\" \/>\n<meta property=\"og:description\" content=\"Aprenda como plantar lim\u00e3o em vasos com dicas de drenagem, sol e poda para colher frutos org\u00e2nicos em casa\" \/>\n<meta property=\"og:url\" content=\"https:\/\/www.em.com.br\/emfoco\/2026\/03\/12\/pouca-gente-sabe-mas-essa-fruta-cresce-muito-bem-em-vaso-e-pode-dar-colheitas-ate-em-apartamento\/\" \/>\n<meta property=\"og:site_name\" content=\"Estado de Minas - Em foco\" \/>\n<meta property=\"article:published_time\" content=\"2026-03-12T16:25:10+00:00\" \/>\n<meta property=\"article:modified_time\" content=\"2026-03-11T19:54:25+00:00\" \/>\n<meta property=\"og:image\" content=\"https:\/\/www.em.com.br\/emfoco\/wp-content\/uploads\/2026\/03\/Gemini_Generated_Image_95mr9p95mr9p95mr-1.png\" \/>\n\t<meta property=\"og:image:width\" content=\"1280\" \/>\n\t<meta property=\"og:image:height\" content=\"720\" \/>\n\t<meta property=\"og:image:type\" content=\"image\/png\" \/>\n<meta name=\"author\" content=\"Daniely Cardoso\" \/>\n<meta name=\"twitter:card\" content=\"summary_large_image\" \/>\n<meta name=\"twitter:label1\" content=\"Escrito por\" \/>\n\t<meta name=\"twitter:data1\" content=\"Daniely Cardoso\" \/>\n\t<meta name=\"twitter:label2\" content=\"Est. tempo de leitura\" \/>\n\t<meta name=\"twitter:data2\" content=\"5 minutos\" \/>\n<!-- \/ Yoast SEO plugin. -->","yoast_head_json":{"title":"Pouca gente sabe, mas essa fruta cresce muito bem em vaso e pode dar colheitas at\u00e9 em apartamento - Estado de Minas - Em foco","description":"Aprenda como plantar lim\u00e3o em vasos com dicas de drenagem, sol e poda para colher frutos org\u00e2nicos em casa","robots":{"index":"index","follow":"follow","max-snippet":"max-snippet:-1","max-image-preview":"max-image-preview:large","max-video-preview":"max-video-preview:-1"},"canonical":"https:\/\/www.em.com.br\/emfoco\/2026\/03\/12\/pouca-gente-sabe-mas-essa-fruta-cresce-muito-bem-em-vaso-e-pode-dar-colheitas-ate-em-apartamento\/","og_locale":"pt_BR","og_type":"article","og_title":"Pouca gente sabe, mas essa fruta cresce muito bem em vaso e pode dar colheitas at\u00e9 em apartamento - Estado de Minas - Em foco","og_description":"Aprenda como plantar lim\u00e3o em vasos com dicas de drenagem, sol e poda para colher frutos org\u00e2nicos em casa","og_url":"https:\/\/www.em.com.br\/emfoco\/2026\/03\/12\/pouca-gente-sabe-mas-essa-fruta-cresce-muito-bem-em-vaso-e-pode-dar-colheitas-ate-em-apartamento\/","og_site_name":"Estado de Minas - Em foco","article_published_time":"2026-03-12T16:25:10+00:00","article_modified_time":"2026-03-11T19:54:25+00:00","og_image":[{"width":1280,"height":720,"url":"https:\/\/www.em.com.br\/emfoco\/wp-content\/uploads\/2026\/03\/Gemini_Generated_Image_95mr9p95mr9p95mr-1.png","type":"image\/png"}],"author":"Daniely Cardoso","twitter_card":"summary_large_image","twitter_misc":{"Escrito por":"Daniely Cardoso","Est. tempo de leitura":"5 minutos"},"schema":{"@context":"https:\/\/schema.org","@graph":[{"@type":"WebPage","@id":"https:\/\/www.em.com.br\/emfoco\/2026\/03\/12\/pouca-gente-sabe-mas-essa-fruta-cresce-muito-bem-em-vaso-e-pode-dar-colheitas-ate-em-apartamento\/","url":"https:\/\/www.em.com.br\/emfoco\/2026\/03\/12\/pouca-gente-sabe-mas-essa-fruta-cresce-muito-bem-em-vaso-e-pode-dar-colheitas-ate-em-apartamento\/","name":"Pouca gente sabe, mas essa fruta cresce muito bem em vaso e pode dar colheitas at\u00e9 em apartamento - Estado de Minas - Em foco","isPartOf":{"@id":"https:\/\/www.em.com.br\/emfoco\/#website"},"primaryImageOfPage":{"@id":"https:\/\/www.em.com.br\/emfoco\/2026\/03\/12\/pouca-gente-sabe-mas-essa-fruta-cresce-muito-bem-em-vaso-e-pode-dar-colheitas-ate-em-apartamento\/#primaryimage"},"image":{"@id":"https:\/\/www.em.com.br\/emfoco\/2026\/03\/12\/pouca-gente-sabe-mas-essa-fruta-cresce-muito-bem-em-vaso-e-pode-dar-colheitas-ate-em-apartamento\/#primaryimage"},"thumbnailUrl":"https:\/\/www.em.com.br\/emfoco\/wp-content\/uploads\/2026\/03\/Gemini_Generated_Image_95mr9p95mr9p95mr-1.png","datePublished":"2026-03-12T16:25:10+00:00","dateModified":"2026-03-11T19:54:25+00:00","author":{"@id":"https:\/\/www.em.com.br\/emfoco\/#\/schema\/person\/0a8186d72f2c3a5c6276d90b41f271a0"},"description":"Aprenda como plantar lim\u00e3o em vasos com dicas de drenagem, sol e poda para colher frutos org\u00e2nicos em casa","breadcrumb":{"@id":"https:\/\/www.em.com.br\/emfoco\/2026\/03\/12\/pouca-gente-sabe-mas-essa-fruta-cresce-muito-bem-em-vaso-e-pode-dar-colheitas-ate-em-apartamento\/#breadcrumb"},"inLanguage":"pt-BR","potentialAction":[{"@type":"ReadAction","target":["https:\/\/www.em.com.br\/emfoco\/2026\/03\/12\/pouca-gente-sabe-mas-essa-fruta-cresce-muito-bem-em-vaso-e-pode-dar-colheitas-ate-em-apartamento\/"]}]},{"@type":"ImageObject","inLanguage":"pt-BR","@id":"https:\/\/www.em.com.br\/emfoco\/2026\/03\/12\/pouca-gente-sabe-mas-essa-fruta-cresce-muito-bem-em-vaso-e-pode-dar-colheitas-ate-em-apartamento\/#primaryimage","url":"https:\/\/www.em.com.br\/emfoco\/wp-content\/uploads\/2026\/03\/Gemini_Generated_Image_95mr9p95mr9p95mr-1.png","contentUrl":"https:\/\/www.em.com.br\/emfoco\/wp-content\/uploads\/2026\/03\/Gemini_Generated_Image_95mr9p95mr9p95mr-1.png","width":1280,"height":720,"caption":"J\u00e1 o f\u00f3sforo e o pot\u00e1ssio s\u00e3o os grandes aliados na forma\u00e7\u00e3o de bot\u00f5es florais, fixa\u00e7\u00e3o das flores e enchimento dos fruto"},{"@type":"BreadcrumbList","@id":"https:\/\/www.em.com.br\/emfoco\/2026\/03\/12\/pouca-gente-sabe-mas-essa-fruta-cresce-muito-bem-em-vaso-e-pode-dar-colheitas-ate-em-apartamento\/#breadcrumb","itemListElement":[{"@type":"ListItem","position":1,"name":"In\u00edcio","item":"https:\/\/www.em.com.br\/emfoco\/"},{"@type":"ListItem","position":2,"name":"Pouca gente sabe, mas essa fruta cresce muito bem em vaso e pode dar colheitas at\u00e9 em apartamento"}]},{"@type":"WebSite","@id":"https:\/\/www.em.com.br\/emfoco\/#website","url":"https:\/\/www.em.com.br\/emfoco\/","name":"Estado de Minas - Em foco","description":"Acompanhe as \u00faltimas not\u00edcias e fique bem informado sobre tudo o que acontece em Minas Gerais, Brasil e no mundo.","potentialAction":[{"@type":"SearchAction","target":{"@type":"EntryPoint","urlTemplate":"https:\/\/www.em.com.br\/emfoco\/?s={search_term_string}"},"query-input":{"@type":"PropertyValueSpecification","valueRequired":true,"valueName":"search_term_string"}}],"inLanguage":"pt-BR"},{"@type":"Person","@id":"https:\/\/www.em.com.br\/emfoco\/#\/schema\/person\/0a8186d72f2c3a5c6276d90b41f271a0","name":"Daniely Cardoso","image":{"@type":"ImageObject","inLanguage":"pt-BR","@id":"https:\/\/www.em.com.br\/emfoco\/#\/schema\/person\/image\/","url":"https:\/\/secure.gravatar.com\/avatar\/4b80ddbd124d1f071b626d52d62e5dff?s=96&d=mm&r=g","contentUrl":"https:\/\/secure.gravatar.com\/avatar\/4b80ddbd124d1f071b626d52d62e5dff?s=96&d=mm&r=g","caption":"Daniely Cardoso"},"url":"https:\/\/www.em.com.br\/emfoco\/author\/danielymyth\/"}]}},"_links":{"self":[{"href":"https:\/\/www.em.com.br\/emfoco\/wp-json\/wp\/v2\/posts\/180338","targetHints":{"allow":["GET"]}}],"collection":[{"href":"https:\/\/www.em.com.br\/emfoco\/wp-json\/wp\/v2\/posts"}],"about":[{"href":"https:\/\/www.em.com.br\/emfoco\/wp-json\/wp\/v2\/types\/post"}],"author":[{"embeddable":true,"href":"https:\/\/www.em.com.br\/emfoco\/wp-json\/wp\/v2\/users\/9"}],"replies":[{"embeddable":true,"href":"https:\/\/www.em.com.br\/emfoco\/wp-json\/wp\/v2\/comments?post=180338"}],"version-history":[{"count":3,"href":"https:\/\/www.em.com.br\/emfoco\/wp-json\/wp\/v2\/posts\/180338\/revisions"}],"predecessor-version":[{"id":180429,"href":"https:\/\/www.em.com.br\/emfoco\/wp-json\/wp\/v2\/posts\/180338\/revisions\/180429"}],"wp:featuredmedia":[{"embeddable":true,"href":"https:\/\/www.em.com.br\/emfoco\/wp-json\/wp\/v2\/media\/180382"}],"wp:attachment":[{"href":"https:\/\/www.em.com.br\/emfoco\/wp-json\/wp\/v2\/media?parent=180338"}],"wp:term":[{"taxonomy":"category","embeddable":true,"href":"https:\/\/www.em.com.br\/emfoco\/wp-json\/wp\/v2\/categories?post=180338"},{"taxonomy":"post_tag","embeddable":true,"href":"https:\/\/www.em.com.br\/emfoco\/wp-json\/wp\/v2\/tags?post=180338"}],"curies":[{"name":"wp","href":"https:\/\/api.w.org\/{rel}","templated":true}]}}