{"id":180328,"date":"2026-03-11T18:30:00","date_gmt":"2026-03-11T21:30:00","guid":{"rendered":"https:\/\/www.em.com.br\/emfoco\/?p=180328"},"modified":"2026-03-11T16:10:02","modified_gmt":"2026-03-11T19:10:02","slug":"aposentado-que-faz-obras-em-casa-pode-deduzir-gastos-no-imposto-de-renda-veja-o-que-diz-a-regra","status":"publish","type":"post","link":"https:\/\/www.em.com.br\/emfoco\/2026\/03\/11\/aposentado-que-faz-obras-em-casa-pode-deduzir-gastos-no-imposto-de-renda-veja-o-que-diz-a-regra\/","title":{"rendered":"Aposentado que faz obras em casa pode deduzir gastos no imposto de renda? Veja o que diz a regra"},"content":{"rendered":"\n<p>Entre os temas que mais geram d\u00favidas na \u00e9poca da <strong>Declara\u00e7\u00e3o de Imposto de Renda<\/strong> est\u00e1 o tratamento das reformas feitas no im\u00f3vel, sobretudo quando envolvem melhorias de efici\u00eancia energ\u00e9tica. Muitos aposentados que j\u00e1 quitaram a casa onde moram acabam deixando dinheiro na mesa por desconhecer que certas obras podem trazer benef\u00edcio fiscal, seja de forma imediata \u2014 como na <strong>Espanha <\/strong>\u2014 ou indireta, como ocorre atualmente no <strong>Brasil<\/strong>.<\/p>\n\n\n\n<h2 class=\"wp-block-heading\">Como funciona o benef\u00edcio fiscal para reformas de im\u00f3veis no Brasil em 2026<\/h2>\n\n\n\n<p>No Brasil, em 2026, os valores gastos com obras e reformas em im\u00f3veis residenciais n\u00e3o geram, em geral, uma dedu\u00e7\u00e3o direta do imposto a pagar na declara\u00e7\u00e3o anual do <strong>IRPF<\/strong>. O que acontece \u00e9 a incorpora\u00e7\u00e3o desses gastos ao custo de aquisi\u00e7\u00e3o do im\u00f3vel, o que reduz o imposto sobre ganho de capital em uma futura venda.<\/p>\n\n\n\n<p>Na pr\u00e1tica, conforme orienta\u00e7\u00f5es de portais de finan\u00e7as pessoais e de escrit\u00f3rios de contabilidade, o contribuinte deve informar essas despesas na ficha \u201cBens e Direitos\u201d, somando os valores comprovados de reforma ao campo \u201cSitua\u00e7\u00e3o em 31\/12\/2025\u201d (ou ano-calend\u00e1rio correspondente). No campo de discrimina\u00e7\u00e3o, \u00e9 importante descrever o tipo de benfeitoria, valores investidos e dados de prestadores e fornecedores.<\/p>\n\n\n\n<figure class=\"wp-block-image size-large\"><img loading=\"lazy\" decoding=\"async\" width=\"1024\" height=\"576\" src=\"https:\/\/www.em.com.br\/emfoco\/wp-content\/uploads\/2026\/03\/ChatGPT-Image-11-de-mar.-de-2026-16_05_30-1-1024x576.png\" alt=\"Como declarar reformas de im\u00f3vel no Imposto de Renda\" class=\"wp-image-180334\" srcset=\"https:\/\/www.em.com.br\/emfoco\/wp-content\/uploads\/2026\/03\/ChatGPT-Image-11-de-mar.-de-2026-16_05_30-1-1024x576.png 1024w, https:\/\/www.em.com.br\/emfoco\/wp-content\/uploads\/2026\/03\/ChatGPT-Image-11-de-mar.-de-2026-16_05_30-1-300x169.png 300w, https:\/\/www.em.com.br\/emfoco\/wp-content\/uploads\/2026\/03\/ChatGPT-Image-11-de-mar.-de-2026-16_05_30-1-768x432.png 768w, https:\/\/www.em.com.br\/emfoco\/wp-content\/uploads\/2026\/03\/ChatGPT-Image-11-de-mar.-de-2026-16_05_30-1-750x422.png 750w, https:\/\/www.em.com.br\/emfoco\/wp-content\/uploads\/2026\/03\/ChatGPT-Image-11-de-mar.-de-2026-16_05_30-1-1140x641.png 1140w, https:\/\/www.em.com.br\/emfoco\/wp-content\/uploads\/2026\/03\/ChatGPT-Image-11-de-mar.-de-2026-16_05_30-1.png 1280w\" sizes=\"auto, (max-width: 1024px) 100vw, 1024px\" \/><figcaption class=\"wp-element-caption\">Como declarar reformas de im\u00f3vel no Imposto de Renda<\/figcaption><\/figure>\n\n\n\n<h2 class=\"wp-block-heading\">Quais tipos de gastos podem ser incorporados ao valor do im\u00f3vel<\/h2>\n\n\n\n<p>De acordo com as regras da <strong>Receita Federal<\/strong>, diversos tipos de reforma podem ser agregados ao custo fiscal do im\u00f3vel, desde que devidamente comprovados. Isso vale tanto para obras estruturais quanto para melhorias que aumentem a durabilidade ou valoriza\u00e7\u00e3o do bem, inclusive interven\u00e7\u00f5es ligadas \u00e0 efici\u00eancia energ\u00e9tica.<\/p>\n\n\n\n<ul class=\"wp-block-list\">\n<li>Constru\u00e7\u00e3o e amplia\u00e7\u00e3o de c\u00f4modos, como acr\u00e9scimo de quarto ou \u00e1rea de servi\u00e7o.<\/li>\n\n\n\n<li>Reformas estruturais, como troca de encanamento, fia\u00e7\u00e3o, telhado ou pisos.<\/li>\n\n\n\n<li>Obras que prolonguem a vida \u00fatil do bem, como pintura geral e reparos relevantes em fachadas.<\/li>\n\n\n\n<li>Instala\u00e7\u00f5es fixas, como arm\u00e1rios embutidos, port\u00f5es, esquadrias e sistemas fixos de climatiza\u00e7\u00e3o.<\/li>\n\n\n\n<li>Materiais de constru\u00e7\u00e3o e m\u00e3o de obra, desde que documentados com nota fiscal ou recibo.<\/li>\n<\/ul>\n\n\n\n<h2 class=\"wp-block-heading\">Quais cuidados e documentos s\u00e3o obrigat\u00f3rios para comprovar as reformas<\/h2>\n\n\n\n<p>Algumas regras fundamentais precisam ser observadas para que a Receita aceite a incorpora\u00e7\u00e3o desses gastos ao custo do im\u00f3vel. Sem comprova\u00e7\u00e3o adequada, o fisco pode desconsiderar as reformas, aumentando a base de c\u00e1lculo do ganho de capital no momento da venda.<\/p>\n\n\n\n<p>\u00c9 obrigat\u00f3rio ter notas fiscais de materiais e recibos com <strong>CPF <\/strong>ou <strong>CNPJ <\/strong>da m\u00e3o de obra, guardando esses documentos, em regra, por ao menos cinco anos ap\u00f3s a venda do bem. Manuten\u00e7\u00f5es rotineiras sem impacto relevante em valor ou durabilidade, salvo quando parte de uma reforma maior documentada, tendem a n\u00e3o ser aceitas para capitaliza\u00e7\u00e3o.<\/p>\n\n\n\n<figure class=\"wp-block-image\"><img decoding=\"async\" src=\"https:\/\/www.em.com.br\/emfoco\/wp-content\/uploads\/2025\/05\/receita-brasil_1746659817427-1024x576.jpg\" alt=\"\"\/><figcaption class=\"wp-element-caption\">Como declarar reformas de im\u00f3vel no Imposto de Renda &#8211; Cr\u00e9ditos: depositphotos.com \/ Mehaniq<\/figcaption><\/figure>\n\n\n\n<h2 class=\"wp-block-heading\">O que \u00e9 a dedu\u00e7\u00e3o por obras de efici\u00eancia energ\u00e9tica na renda na Espanha<\/h2>\n\n\n\n<p>Na <strong>Espanha<\/strong>, a dedu\u00e7\u00e3o por obras de efici\u00eancia energ\u00e9tica permite que o contribuinte desconte diretamente na declara\u00e7\u00e3o de renda parte do valor gasto em reformas que melhorem o desempenho energ\u00e9tico da habita\u00e7\u00e3o habitual. A regra vale tamb\u00e9m para pensionistas, desde que sejam propriet\u00e1rios do im\u00f3vel e sigam os requisitos legais.<\/p>\n\n\n\n<p>S\u00e3o consideradas obras eleg\u00edveis aquelas que reduzam o consumo de energia ou aumentem o isolamento t\u00e9rmico, como troca de janelas, refor\u00e7o de isolamento em fachadas e coberturas, instala\u00e7\u00e3o de bombas de calor ou sistemas de aerotermia. Quanto maior e mais comprovada a melhoria energ\u00e9tica, maior tende a ser o percentual de dedu\u00e7\u00e3o, que pode chegar a faixas de 20%, 40% ou at\u00e9 60%, respeitados limites de gasto e prazos.<\/p>\n\n\n\n<h2 class=\"wp-block-heading\">Como aproveitar o m\u00e1ximo benef\u00edcio fiscal com reformas e agir agora<\/h2>\n\n\n\n<p>Para que a dedu\u00e7\u00e3o por efici\u00eancia energ\u00e9tica seja aceita na Espanha, \u00e9 indispens\u00e1vel cumprir exig\u00eancias como pagamentos rastre\u00e1veis, faturas em nome do contribuinte e certifica\u00e7\u00e3o energ\u00e9tica antes e depois da obra, emitida por t\u00e9cnico habilitado. No Brasil, embora n\u00e3o haja dedu\u00e7\u00e3o espec\u00edfica para efici\u00eancia energ\u00e9tica, organizar notas e recibos de reformas permite aumentar o custo fiscal do im\u00f3vel, reduzindo o imposto sobre ganho de capital na venda futura.<\/p>\n\n\n\n<p>Se voc\u00ea \u00e9 aposentado ou pensionista e j\u00e1 realizou ou planeja obras, o momento de se organizar \u00e9 agora: revise documentos, pe\u00e7a certificados e faturas detalhadas e, se necess\u00e1rio, consulte um profissional de contabilidade atualizado com as regras de 2026. Deixar para depois pode significar pagar muito mais imposto do que o necess\u00e1rio \u2014 comece hoje a estruturar suas reformas para maximizar o benef\u00edcio fiscal e proteger seu patrim\u00f4nio.<\/p>\n","protected":false},"excerpt":{"rendered":"<p>Entre os temas que mais geram d\u00favidas na \u00e9poca da Declara\u00e7\u00e3o de Imposto de Renda est\u00e1 o tratamento das reformas feitas no im\u00f3vel, sobretudo quando envolvem melhorias de efici\u00eancia energ\u00e9tica. Muitos aposentados que j\u00e1 quitaram a casa onde moram acabam deixando dinheiro na mesa por desconhecer que certas obras podem trazer benef\u00edcio fiscal, seja de [&hellip;]<\/p>\n","protected":false},"author":11,"featured_media":180333,"comment_status":"open","ping_status":"open","sticky":false,"template":"","format":"standard","meta":{"jnews-multi-image_gallery":[],"jnews_single_post":{"format":"standard"},"jnews_primary_category":[],"jnews_social_meta":[],"jnews_override_counter":[],"footnotes":""},"categories":[28,1],"tags":[8170,941,713,26033,26032],"class_list":["post-180328","post","type-post","status-publish","format-standard","has-post-thumbnail","hentry","category-economia","category-noticias","tag-declaracao-de-imposto-de-renda","tag-imposto","tag-imposto-de-renda","tag-reduzir-imposto","tag-reformas-no-imovel"],"yoast_head":"<!-- This site is optimized with the Yoast SEO plugin v23.8 - https:\/\/yoast.com\/wordpress\/plugins\/seo\/ -->\n<title>Aposentado que faz obras em casa pode deduzir gastos no imposto de renda? Veja o que diz a regra - Estado de Minas - Em foco<\/title>\n<meta name=\"description\" content=\"Reformas no im\u00f3vel podem reduzir imposto sobre ganho de capital. Veja como declarar no Imposto de Renda.\" \/>\n<meta name=\"robots\" content=\"index, follow, max-snippet:-1, max-image-preview:large, max-video-preview:-1\" \/>\n<link rel=\"canonical\" href=\"https:\/\/www.em.com.br\/emfoco\/2026\/03\/11\/aposentado-que-faz-obras-em-casa-pode-deduzir-gastos-no-imposto-de-renda-veja-o-que-diz-a-regra\/\" \/>\n<meta property=\"og:locale\" content=\"pt_BR\" \/>\n<meta property=\"og:type\" content=\"article\" \/>\n<meta property=\"og:title\" content=\"Aposentado que faz obras em casa pode deduzir gastos no imposto de renda? Veja o que diz a regra - Estado de Minas - Em foco\" \/>\n<meta property=\"og:description\" content=\"Reformas no im\u00f3vel podem reduzir imposto sobre ganho de capital. Veja como declarar no Imposto de Renda.\" \/>\n<meta property=\"og:url\" content=\"https:\/\/www.em.com.br\/emfoco\/2026\/03\/11\/aposentado-que-faz-obras-em-casa-pode-deduzir-gastos-no-imposto-de-renda-veja-o-que-diz-a-regra\/\" \/>\n<meta property=\"og:site_name\" content=\"Estado de Minas - Em foco\" \/>\n<meta property=\"article:published_time\" content=\"2026-03-11T21:30:00+00:00\" \/>\n<meta property=\"article:modified_time\" content=\"2026-03-11T19:10:02+00:00\" \/>\n<meta property=\"og:image\" content=\"https:\/\/www.em.com.br\/emfoco\/wp-content\/uploads\/2026\/03\/Gemini_Generated_Image_q3n5scq3n5scq3n5-1.png\" \/>\n\t<meta property=\"og:image:width\" content=\"1280\" \/>\n\t<meta property=\"og:image:height\" content=\"720\" \/>\n\t<meta property=\"og:image:type\" content=\"image\/png\" \/>\n<meta name=\"author\" content=\"Andre\u0301 Rangel\u00a0\" \/>\n<meta name=\"twitter:card\" content=\"summary_large_image\" \/>\n<meta name=\"twitter:label1\" content=\"Escrito por\" \/>\n\t<meta name=\"twitter:data1\" content=\"Andre\u0301 Rangel\u00a0\" \/>\n\t<meta name=\"twitter:label2\" content=\"Est. tempo de leitura\" \/>\n\t<meta name=\"twitter:data2\" content=\"5 minutos\" \/>\n<!-- \/ Yoast SEO plugin. -->","yoast_head_json":{"title":"Aposentado que faz obras em casa pode deduzir gastos no imposto de renda? Veja o que diz a regra - Estado de Minas - Em foco","description":"Reformas no im\u00f3vel podem reduzir imposto sobre ganho de capital. Veja como declarar no Imposto de Renda.","robots":{"index":"index","follow":"follow","max-snippet":"max-snippet:-1","max-image-preview":"max-image-preview:large","max-video-preview":"max-video-preview:-1"},"canonical":"https:\/\/www.em.com.br\/emfoco\/2026\/03\/11\/aposentado-que-faz-obras-em-casa-pode-deduzir-gastos-no-imposto-de-renda-veja-o-que-diz-a-regra\/","og_locale":"pt_BR","og_type":"article","og_title":"Aposentado que faz obras em casa pode deduzir gastos no imposto de renda? Veja o que diz a regra - Estado de Minas - Em foco","og_description":"Reformas no im\u00f3vel podem reduzir imposto sobre ganho de capital. Veja como declarar no Imposto de Renda.","og_url":"https:\/\/www.em.com.br\/emfoco\/2026\/03\/11\/aposentado-que-faz-obras-em-casa-pode-deduzir-gastos-no-imposto-de-renda-veja-o-que-diz-a-regra\/","og_site_name":"Estado de Minas - Em foco","article_published_time":"2026-03-11T21:30:00+00:00","article_modified_time":"2026-03-11T19:10:02+00:00","og_image":[{"width":1280,"height":720,"url":"https:\/\/www.em.com.br\/emfoco\/wp-content\/uploads\/2026\/03\/Gemini_Generated_Image_q3n5scq3n5scq3n5-1.png","type":"image\/png"}],"author":"Andre\u0301 Rangel\u00a0","twitter_card":"summary_large_image","twitter_misc":{"Escrito por":"Andre\u0301 Rangel\u00a0","Est. tempo de leitura":"5 minutos"},"schema":{"@context":"https:\/\/schema.org","@graph":[{"@type":"WebPage","@id":"https:\/\/www.em.com.br\/emfoco\/2026\/03\/11\/aposentado-que-faz-obras-em-casa-pode-deduzir-gastos-no-imposto-de-renda-veja-o-que-diz-a-regra\/","url":"https:\/\/www.em.com.br\/emfoco\/2026\/03\/11\/aposentado-que-faz-obras-em-casa-pode-deduzir-gastos-no-imposto-de-renda-veja-o-que-diz-a-regra\/","name":"Aposentado que faz obras em casa pode deduzir gastos no imposto de renda? Veja o que diz a regra - Estado de Minas - Em foco","isPartOf":{"@id":"https:\/\/www.em.com.br\/emfoco\/#website"},"primaryImageOfPage":{"@id":"https:\/\/www.em.com.br\/emfoco\/2026\/03\/11\/aposentado-que-faz-obras-em-casa-pode-deduzir-gastos-no-imposto-de-renda-veja-o-que-diz-a-regra\/#primaryimage"},"image":{"@id":"https:\/\/www.em.com.br\/emfoco\/2026\/03\/11\/aposentado-que-faz-obras-em-casa-pode-deduzir-gastos-no-imposto-de-renda-veja-o-que-diz-a-regra\/#primaryimage"},"thumbnailUrl":"https:\/\/www.em.com.br\/emfoco\/wp-content\/uploads\/2026\/03\/Gemini_Generated_Image_q3n5scq3n5scq3n5-1.png","datePublished":"2026-03-11T21:30:00+00:00","dateModified":"2026-03-11T19:10:02+00:00","author":{"@id":"https:\/\/www.em.com.br\/emfoco\/#\/schema\/person\/60eda09c1fedf0d6891f4cef4b60b8b8"},"description":"Reformas no im\u00f3vel podem reduzir imposto sobre ganho de capital. Veja como declarar no Imposto de Renda.","breadcrumb":{"@id":"https:\/\/www.em.com.br\/emfoco\/2026\/03\/11\/aposentado-que-faz-obras-em-casa-pode-deduzir-gastos-no-imposto-de-renda-veja-o-que-diz-a-regra\/#breadcrumb"},"inLanguage":"pt-BR","potentialAction":[{"@type":"ReadAction","target":["https:\/\/www.em.com.br\/emfoco\/2026\/03\/11\/aposentado-que-faz-obras-em-casa-pode-deduzir-gastos-no-imposto-de-renda-veja-o-que-diz-a-regra\/"]}]},{"@type":"ImageObject","inLanguage":"pt-BR","@id":"https:\/\/www.em.com.br\/emfoco\/2026\/03\/11\/aposentado-que-faz-obras-em-casa-pode-deduzir-gastos-no-imposto-de-renda-veja-o-que-diz-a-regra\/#primaryimage","url":"https:\/\/www.em.com.br\/emfoco\/wp-content\/uploads\/2026\/03\/Gemini_Generated_Image_q3n5scq3n5scq3n5-1.png","contentUrl":"https:\/\/www.em.com.br\/emfoco\/wp-content\/uploads\/2026\/03\/Gemini_Generated_Image_q3n5scq3n5scq3n5-1.png","width":1280,"height":720,"caption":"Como declarar reformas de im\u00f3vel no Imposto de Renda"},{"@type":"BreadcrumbList","@id":"https:\/\/www.em.com.br\/emfoco\/2026\/03\/11\/aposentado-que-faz-obras-em-casa-pode-deduzir-gastos-no-imposto-de-renda-veja-o-que-diz-a-regra\/#breadcrumb","itemListElement":[{"@type":"ListItem","position":1,"name":"In\u00edcio","item":"https:\/\/www.em.com.br\/emfoco\/"},{"@type":"ListItem","position":2,"name":"Aposentado que faz obras em casa pode deduzir gastos no imposto de renda? Veja o que diz a regra"}]},{"@type":"WebSite","@id":"https:\/\/www.em.com.br\/emfoco\/#website","url":"https:\/\/www.em.com.br\/emfoco\/","name":"Estado de Minas - Em foco","description":"Acompanhe as \u00faltimas not\u00edcias e fique bem informado sobre tudo o que acontece em Minas Gerais, Brasil e no mundo.","potentialAction":[{"@type":"SearchAction","target":{"@type":"EntryPoint","urlTemplate":"https:\/\/www.em.com.br\/emfoco\/?s={search_term_string}"},"query-input":{"@type":"PropertyValueSpecification","valueRequired":true,"valueName":"search_term_string"}}],"inLanguage":"pt-BR"},{"@type":"Person","@id":"https:\/\/www.em.com.br\/emfoco\/#\/schema\/person\/60eda09c1fedf0d6891f4cef4b60b8b8","name":"Andre\u0301 Rangel\u00a0","image":{"@type":"ImageObject","inLanguage":"pt-BR","@id":"https:\/\/www.em.com.br\/emfoco\/#\/schema\/person\/image\/","url":"https:\/\/secure.gravatar.com\/avatar\/6234dc814c77c8ef6d8bba622c787efc?s=96&d=mm&r=g","contentUrl":"https:\/\/secure.gravatar.com\/avatar\/6234dc814c77c8ef6d8bba622c787efc?s=96&d=mm&r=g","caption":"Andre\u0301 Rangel\u00a0"},"url":"https:\/\/www.em.com.br\/emfoco\/author\/luizmyth\/"}]}},"_links":{"self":[{"href":"https:\/\/www.em.com.br\/emfoco\/wp-json\/wp\/v2\/posts\/180328","targetHints":{"allow":["GET"]}}],"collection":[{"href":"https:\/\/www.em.com.br\/emfoco\/wp-json\/wp\/v2\/posts"}],"about":[{"href":"https:\/\/www.em.com.br\/emfoco\/wp-json\/wp\/v2\/types\/post"}],"author":[{"embeddable":true,"href":"https:\/\/www.em.com.br\/emfoco\/wp-json\/wp\/v2\/users\/11"}],"replies":[{"embeddable":true,"href":"https:\/\/www.em.com.br\/emfoco\/wp-json\/wp\/v2\/comments?post=180328"}],"version-history":[{"count":2,"href":"https:\/\/www.em.com.br\/emfoco\/wp-json\/wp\/v2\/posts\/180328\/revisions"}],"predecessor-version":[{"id":180335,"href":"https:\/\/www.em.com.br\/emfoco\/wp-json\/wp\/v2\/posts\/180328\/revisions\/180335"}],"wp:featuredmedia":[{"embeddable":true,"href":"https:\/\/www.em.com.br\/emfoco\/wp-json\/wp\/v2\/media\/180333"}],"wp:attachment":[{"href":"https:\/\/www.em.com.br\/emfoco\/wp-json\/wp\/v2\/media?parent=180328"}],"wp:term":[{"taxonomy":"category","embeddable":true,"href":"https:\/\/www.em.com.br\/emfoco\/wp-json\/wp\/v2\/categories?post=180328"},{"taxonomy":"post_tag","embeddable":true,"href":"https:\/\/www.em.com.br\/emfoco\/wp-json\/wp\/v2\/tags?post=180328"}],"curies":[{"name":"wp","href":"https:\/\/api.w.org\/{rel}","templated":true}]}}