{"id":180319,"date":"2026-03-12T17:15:41","date_gmt":"2026-03-12T20:15:41","guid":{"rendered":"https:\/\/www.em.com.br\/emfoco\/?p=180319"},"modified":"2026-03-11T16:31:34","modified_gmt":"2026-03-11T19:31:34","slug":"o-que-significa-gostar-de-ficar-sozinho-por-longos-periodos-segundo-a-psicologia","status":"publish","type":"post","link":"https:\/\/www.em.com.br\/emfoco\/2026\/03\/12\/o-que-significa-gostar-de-ficar-sozinho-por-longos-periodos-segundo-a-psicologia\/","title":{"rendered":"O que significa gostar de ficar sozinho por longos per\u00edodos, segundo a psicologia"},"content":{"rendered":"\n<p>Voc\u00ea j\u00e1 se pegou pensando \u201cSer\u00e1 que tem algo errado comigo por gostar tanto de ficar <b>sozinho?\u201d<\/b> Essa d\u00favida \u00e9 mais comum do que parece. Do ponto de vista da <b>psicologia<\/b>, essa prefer\u00eancia pode ter muitas explica\u00e7\u00f5es: jeito de ser, hist\u00f3ria de vida, necessidade de descanso mental ou formas de cuidar das pr\u00f3prias emo\u00e7\u00f5es. Mais do que rotular o comportamento como certo ou errado, \u00e9 importante entender o <b>contexto<\/b> em que ele acontece e como impacta a sua vida.<\/p>\n\n\n\n<h2 class=\"wp-block-heading\">O que significa gostar de ficar sozinho por longos per\u00edodos<\/h2>\n\n\n\n<p>Na psicologia, gostar de ficar sozinho por longos per\u00edodos pode estar ligado muito mais ao seu estilo de <b>funcionamento<\/b> do que a um \u201cproblema\u201d. Algumas pessoas s\u00e3o mais <b>introspectivas<\/b>, gostam de sil\u00eancio, de pensar na pr\u00f3pria vida e de atividades que exigem pouca intera\u00e7\u00e3o, como ler, escrever, ver s\u00e9ries ou <b>criar<\/b> algo.<\/p>\n\n\n\n<p>Esse gosto pela pr\u00f3pria companhia tamb\u00e9m pode indicar um bom n\u00edvel de <b>autoconhecimento<\/b>. Quem percebe que se cansa em ambientes cheios tende a buscar momentos de recolhimento para organizar <b>pensamentos<\/b> e emo\u00e7\u00f5es. Quando isso n\u00e3o atrapalha v\u00ednculos importantes nem o dia a dia, costuma ser visto como uma forma saud\u00e1vel de <b>autocuidado<\/b>.<\/p>\n\n\n<div class=\"wp-block-image\">\n<figure class=\"aligncenter size-large\"><img loading=\"lazy\" decoding=\"async\" width=\"1024\" height=\"576\" src=\"https:\/\/www.em.com.br\/emfoco\/wp-content\/uploads\/2026\/03\/Gemini_Generated_Image_l1upo4l1upo4l1up-1-1024x576.png\" alt=\"\" class=\"wp-image-178913\" srcset=\"https:\/\/www.em.com.br\/emfoco\/wp-content\/uploads\/2026\/03\/Gemini_Generated_Image_l1upo4l1upo4l1up-1-1024x576.png 1024w, https:\/\/www.em.com.br\/emfoco\/wp-content\/uploads\/2026\/03\/Gemini_Generated_Image_l1upo4l1upo4l1up-1-300x169.png 300w, https:\/\/www.em.com.br\/emfoco\/wp-content\/uploads\/2026\/03\/Gemini_Generated_Image_l1upo4l1upo4l1up-1-768x432.png 768w, https:\/\/www.em.com.br\/emfoco\/wp-content\/uploads\/2026\/03\/Gemini_Generated_Image_l1upo4l1upo4l1up-1-750x422.png 750w, https:\/\/www.em.com.br\/emfoco\/wp-content\/uploads\/2026\/03\/Gemini_Generated_Image_l1upo4l1upo4l1up-1-1140x641.png 1140w, https:\/\/www.em.com.br\/emfoco\/wp-content\/uploads\/2026\/03\/Gemini_Generated_Image_l1upo4l1upo4l1up-1.png 1280w\" sizes=\"auto, (max-width: 1024px) 100vw, 1024px\" \/><figcaption class=\"wp-element-caption\">Os motivos para preferir caminhar sozinho variam de pessoa para pessoa<\/figcaption><\/figure><\/div>\n\n\n<p>Leia tamb\u00e9m:&nbsp;<a href=\"https:\/\/www.em.com.br\/emfoco\/2026\/03\/10\/o-que-significa-observar-muito-antes-de-falar-em-um-grupo-segundo-a-psicologia\/\" target=\"_blank\" rel=\"noopener\">O que significa observar muito antes de falar em um grupo, segundo a psicologia<\/a><\/p>\n\n\n\n<h2 class=\"wp-block-heading\">Preferir a solid\u00e3o \u00e9 sempre um sinal de problema psicol\u00f3gico<\/h2>\n\n\n\n<p>Gostar de ficar sozinho n\u00e3o \u00e9, por si s\u00f3, sinal de <b>transtorno<\/b> mental. Muitas vezes \u00e9 s\u00f3 tra\u00e7o de personalidade <b>introvertida<\/b> ou prefer\u00eancia por lugares mais calmos. Pessoas assim podem ter amigos, namorar, trabalhar em equipe, apenas precisam de mais tempo sozinhas para recarregar as \u201cbaterias <b>sociais\u201d<\/b>.<\/p>\n\n\n\n<p>Por outro lado, se a solid\u00e3o vira uma regra r\u00edgida, acompanhada de muito medo de <b>julgamento<\/b>, sofrimento ou fuga constante de contato humano, profissionais costumam investigar ansiedade social, depress\u00e3o ou outras dificuldades <b>emocionais<\/b>. Nesses casos, a diferen\u00e7a aparece em como a pessoa se sente: solid\u00e3o escolhida costuma trazer al\u00edvio; isolamento por dor vem com ang\u00fastia, apatia ou <b>vazio<\/b>.<\/p>\n\n\n\n<h2 class=\"wp-block-heading\">Como saber se gostar de ficar sozinho est\u00e1 saud\u00e1vel<\/h2>\n\n\n\n<p>Para entender se o h\u00e1bito de passar muito tempo sozinho est\u00e1 equilibrado, vale observar alguns <b>sinais<\/b> do dia a dia. A ideia n\u00e3o \u00e9 se encaixar em um padr\u00e3o, mas perceber se h\u00e1 um movimento flex\u00edvel entre o momento de ficar s\u00f3 e o momento de se <b>conectar<\/b> com o mundo. Em algumas fases da vida, pode ser \u00fatil at\u00e9 registrar em um di\u00e1rio como voc\u00ea se sente ap\u00f3s per\u00edodos de solid\u00e3o ou de maior <b>conviv\u00eancia<\/b>, para identificar padr\u00f5es.<\/p>\n\n\n\n<p>Se voc\u00ea gosta de curiosidades, separamos esse v\u00eddeo da <a href=\"https:\/\/www.youtube.com\/@Psic%C3%B3logaJhandaSiqueira\" target=\"_blank\" rel=\"noreferrer noopener\">Psic\u00f3loga Jhanda Siqueira<\/a> mostrando mais sobre esse tema:<\/p>\n\n\n\n<figure class=\"wp-block-embed is-type-video is-provider-youtube wp-block-embed-youtube wp-embed-aspect-16-9 wp-has-aspect-ratio\"><div class=\"wp-block-embed__wrapper\">\n<div class=\"jeg_video_container jeg_video_content\"><iframe loading=\"lazy\" title=\"Gostar de ficar sozinho \u00e9 normal?| Jhanda Siqueira\" width=\"500\" height=\"281\" src=\"https:\/\/www.youtube.com\/embed\/v5DRHuvnIpQ?feature=oembed\" frameborder=\"0\" allow=\"accelerometer; autoplay; clipboard-write; encrypted-media; gyroscope; picture-in-picture; web-share\" referrerpolicy=\"strict-origin-when-cross-origin\" allowfullscreen><\/iframe><\/div>\n<\/div><\/figure>\n\n\n\n<p>Alguns pontos pr\u00e1ticos podem ajudar nessa <b>avalia\u00e7\u00e3o<\/b> pessoal:<\/p>\n\n\n\n<ul class=\"wp-block-list\">\n<li><strong>Qualidade dos relacionamentos<\/strong>: mesmo preferindo ficar s\u00f3, voc\u00ea mant\u00e9m la\u00e7os minimamente est\u00e1veis com <b>fam\u00edlia<\/b>, amigos ou colegas.<\/li>\n\n\n\n<li><strong>Sentimentos predominantes<\/strong>: os momentos a s\u00f3s trazem <b>paz<\/b> ou s\u00e3o marcados por tristeza, sensa\u00e7\u00e3o de rejei\u00e7\u00e3o e des\u00e2nimo constantes.<\/li>\n\n\n\n<li><strong>Flexibilidade<\/strong>: voc\u00ea consegue abrir m\u00e3o de ficar sozinho quando surgem compromissos importantes ou convites <b>significativos<\/b>.<\/li>\n\n\n\n<li><strong>Desempenho di\u00e1rio<\/strong>: estudo, trabalho e autocuidado (<b>sono<\/b>, alimenta\u00e7\u00e3o, higiene) seguem preservados.<\/li>\n\n\n\n<li><strong>Sensa\u00e7\u00e3o de escolha<\/strong>: voc\u00ea sente que escolhe ficar s\u00f3, e n\u00e3o que est\u00e1 preso a isso por medo ou incapacidade de se <b>relacionar<\/b>.<\/li>\n<\/ul>\n\n\n\n<h2 class=\"wp-block-heading\">Quais fatores psicol\u00f3gicos podem levar algu\u00e9m a gostar tanto de ficar sozinho<\/h2>\n\n\n\n<p>V\u00e1rios fatores ajudam a explicar por que algumas pessoas se sentem muito melhor na pr\u00f3pria companhia do que em grupos. <b>Temperamento<\/b>, experi\u00eancias da inf\u00e2ncia, conflitos em relacionamentos e o estilo de vida atual podem influenciar na forma como cada um lida com a solid\u00e3o e com o contato <b>social<\/b>.<\/p>\n\n\n\n<p>Entre os motivos mais citados est\u00e3o uma sensibilidade maior a <b>est\u00edmulos<\/b>, hist\u00f3rico de cr\u00edticas ou rejei\u00e7\u00f5es, forte necessidade de autonomia e envolvimento em atividades que pedem concentra\u00e7\u00e3o profunda. Hoje em dia, ainda existe o impacto da vida <b>digital<\/b>: muitas pessoas se relacionam principalmente por telas e escolhem limitar o conv\u00edvio presencial, ficando fisicamente sozinhas, mas n\u00e3o totalmente desconectadas. <\/p>\n","protected":false},"excerpt":{"rendered":"<p>Voc\u00ea j\u00e1 se pegou pensando \u201cSer\u00e1 que tem algo errado comigo por gostar tanto de ficar sozinho?\u201d Essa d\u00favida \u00e9 mais comum do que parece. Do ponto de vista da psicologia, essa prefer\u00eancia pode ter muitas explica\u00e7\u00f5es: jeito de ser, hist\u00f3ria de vida, necessidade de descanso mental ou formas de cuidar das pr\u00f3prias emo\u00e7\u00f5es. Mais [&hellip;]<\/p>\n","protected":false},"author":9,"featured_media":180386,"comment_status":"open","ping_status":"open","sticky":false,"template":"","format":"standard","meta":{"jnews-multi-image_gallery":[],"jnews_single_post":{"format":"standard"},"jnews_primary_category":[],"jnews_social_meta":[],"jnews_override_counter":[],"footnotes":""},"categories":[8819,1],"tags":[26031,5155,4298],"class_list":["post-180319","post","type-post","status-publish","format-standard","has-post-thumbnail","hentry","category-curiosidades","category-noticias","tag-ficar-sozinho","tag-psicologia","tag-solidao"],"yoast_head":"<!-- This site is optimized with the Yoast SEO plugin v23.8 - https:\/\/yoast.com\/wordpress\/plugins\/seo\/ -->\n<title>O que significa gostar de ficar sozinho por longos per\u00edodos, segundo a psicologia - Estado de Minas - Em foco<\/title>\n<meta name=\"description\" content=\"Preferir ficar sozinho pode ter v\u00e1rias explica\u00e7\u00f5es na psicologia e nem sempre indica um problema emocional.\" \/>\n<meta name=\"robots\" content=\"index, follow, max-snippet:-1, max-image-preview:large, max-video-preview:-1\" \/>\n<link rel=\"canonical\" href=\"https:\/\/www.em.com.br\/emfoco\/2026\/03\/12\/o-que-significa-gostar-de-ficar-sozinho-por-longos-periodos-segundo-a-psicologia\/\" \/>\n<meta property=\"og:locale\" content=\"pt_BR\" \/>\n<meta property=\"og:type\" content=\"article\" \/>\n<meta property=\"og:title\" content=\"O que significa gostar de ficar sozinho por longos per\u00edodos, segundo a psicologia - Estado de Minas - Em foco\" \/>\n<meta property=\"og:description\" content=\"Preferir ficar sozinho pode ter v\u00e1rias explica\u00e7\u00f5es na psicologia e nem sempre indica um problema emocional.\" \/>\n<meta property=\"og:url\" content=\"https:\/\/www.em.com.br\/emfoco\/2026\/03\/12\/o-que-significa-gostar-de-ficar-sozinho-por-longos-periodos-segundo-a-psicologia\/\" \/>\n<meta property=\"og:site_name\" content=\"Estado de Minas - Em foco\" \/>\n<meta property=\"article:published_time\" content=\"2026-03-12T20:15:41+00:00\" \/>\n<meta property=\"article:modified_time\" content=\"2026-03-11T19:31:34+00:00\" \/>\n<meta property=\"og:image\" content=\"https:\/\/www.em.com.br\/emfoco\/wp-content\/uploads\/2026\/03\/ficar-sozinho-_1773257234899.jpg\" \/>\n\t<meta property=\"og:image:width\" content=\"1280\" \/>\n\t<meta property=\"og:image:height\" content=\"720\" \/>\n\t<meta property=\"og:image:type\" content=\"image\/jpeg\" \/>\n<meta name=\"author\" content=\"Daniely Cardoso\" \/>\n<meta name=\"twitter:card\" content=\"summary_large_image\" \/>\n<meta name=\"twitter:label1\" content=\"Escrito por\" \/>\n\t<meta name=\"twitter:data1\" content=\"Daniely Cardoso\" \/>\n\t<meta name=\"twitter:label2\" content=\"Est. tempo de leitura\" \/>\n\t<meta name=\"twitter:data2\" content=\"5 minutos\" \/>\n<!-- \/ Yoast SEO plugin. -->","yoast_head_json":{"title":"O que significa gostar de ficar sozinho por longos per\u00edodos, segundo a psicologia - Estado de Minas - Em foco","description":"Preferir ficar sozinho pode ter v\u00e1rias explica\u00e7\u00f5es na psicologia e nem sempre indica um problema emocional.","robots":{"index":"index","follow":"follow","max-snippet":"max-snippet:-1","max-image-preview":"max-image-preview:large","max-video-preview":"max-video-preview:-1"},"canonical":"https:\/\/www.em.com.br\/emfoco\/2026\/03\/12\/o-que-significa-gostar-de-ficar-sozinho-por-longos-periodos-segundo-a-psicologia\/","og_locale":"pt_BR","og_type":"article","og_title":"O que significa gostar de ficar sozinho por longos per\u00edodos, segundo a psicologia - Estado de Minas - Em foco","og_description":"Preferir ficar sozinho pode ter v\u00e1rias explica\u00e7\u00f5es na psicologia e nem sempre indica um problema emocional.","og_url":"https:\/\/www.em.com.br\/emfoco\/2026\/03\/12\/o-que-significa-gostar-de-ficar-sozinho-por-longos-periodos-segundo-a-psicologia\/","og_site_name":"Estado de Minas - Em foco","article_published_time":"2026-03-12T20:15:41+00:00","article_modified_time":"2026-03-11T19:31:34+00:00","og_image":[{"width":1280,"height":720,"url":"https:\/\/www.em.com.br\/emfoco\/wp-content\/uploads\/2026\/03\/ficar-sozinho-_1773257234899.jpg","type":"image\/jpeg"}],"author":"Daniely Cardoso","twitter_card":"summary_large_image","twitter_misc":{"Escrito por":"Daniely Cardoso","Est. tempo de leitura":"5 minutos"},"schema":{"@context":"https:\/\/schema.org","@graph":[{"@type":"WebPage","@id":"https:\/\/www.em.com.br\/emfoco\/2026\/03\/12\/o-que-significa-gostar-de-ficar-sozinho-por-longos-periodos-segundo-a-psicologia\/","url":"https:\/\/www.em.com.br\/emfoco\/2026\/03\/12\/o-que-significa-gostar-de-ficar-sozinho-por-longos-periodos-segundo-a-psicologia\/","name":"O que significa gostar de ficar sozinho por longos per\u00edodos, segundo a psicologia - Estado de Minas - Em foco","isPartOf":{"@id":"https:\/\/www.em.com.br\/emfoco\/#website"},"primaryImageOfPage":{"@id":"https:\/\/www.em.com.br\/emfoco\/2026\/03\/12\/o-que-significa-gostar-de-ficar-sozinho-por-longos-periodos-segundo-a-psicologia\/#primaryimage"},"image":{"@id":"https:\/\/www.em.com.br\/emfoco\/2026\/03\/12\/o-que-significa-gostar-de-ficar-sozinho-por-longos-periodos-segundo-a-psicologia\/#primaryimage"},"thumbnailUrl":"https:\/\/www.em.com.br\/emfoco\/wp-content\/uploads\/2026\/03\/ficar-sozinho-_1773257234899.jpg","datePublished":"2026-03-12T20:15:41+00:00","dateModified":"2026-03-11T19:31:34+00:00","author":{"@id":"https:\/\/www.em.com.br\/emfoco\/#\/schema\/person\/0a8186d72f2c3a5c6276d90b41f271a0"},"description":"Preferir ficar sozinho pode ter v\u00e1rias explica\u00e7\u00f5es na psicologia e nem sempre indica um problema emocional.","breadcrumb":{"@id":"https:\/\/www.em.com.br\/emfoco\/2026\/03\/12\/o-que-significa-gostar-de-ficar-sozinho-por-longos-periodos-segundo-a-psicologia\/#breadcrumb"},"inLanguage":"pt-BR","potentialAction":[{"@type":"ReadAction","target":["https:\/\/www.em.com.br\/emfoco\/2026\/03\/12\/o-que-significa-gostar-de-ficar-sozinho-por-longos-periodos-segundo-a-psicologia\/"]}]},{"@type":"ImageObject","inLanguage":"pt-BR","@id":"https:\/\/www.em.com.br\/emfoco\/2026\/03\/12\/o-que-significa-gostar-de-ficar-sozinho-por-longos-periodos-segundo-a-psicologia\/#primaryimage","url":"https:\/\/www.em.com.br\/emfoco\/wp-content\/uploads\/2026\/03\/ficar-sozinho-_1773257234899.jpg","contentUrl":"https:\/\/www.em.com.br\/emfoco\/wp-content\/uploads\/2026\/03\/ficar-sozinho-_1773257234899.jpg","width":1280,"height":720,"caption":"Gostar de ficar sozinho n\u00e3o \u00e9, por si s\u00f3, sinal de transtorno mental - Cr\u00e9ditos: depositphotos.com \/ Friedamischke"},{"@type":"BreadcrumbList","@id":"https:\/\/www.em.com.br\/emfoco\/2026\/03\/12\/o-que-significa-gostar-de-ficar-sozinho-por-longos-periodos-segundo-a-psicologia\/#breadcrumb","itemListElement":[{"@type":"ListItem","position":1,"name":"In\u00edcio","item":"https:\/\/www.em.com.br\/emfoco\/"},{"@type":"ListItem","position":2,"name":"O que significa gostar de ficar sozinho por longos per\u00edodos, segundo a psicologia"}]},{"@type":"WebSite","@id":"https:\/\/www.em.com.br\/emfoco\/#website","url":"https:\/\/www.em.com.br\/emfoco\/","name":"Estado de Minas - Em foco","description":"Acompanhe as \u00faltimas not\u00edcias e fique bem informado sobre tudo o que acontece em Minas Gerais, Brasil e no mundo.","potentialAction":[{"@type":"SearchAction","target":{"@type":"EntryPoint","urlTemplate":"https:\/\/www.em.com.br\/emfoco\/?s={search_term_string}"},"query-input":{"@type":"PropertyValueSpecification","valueRequired":true,"valueName":"search_term_string"}}],"inLanguage":"pt-BR"},{"@type":"Person","@id":"https:\/\/www.em.com.br\/emfoco\/#\/schema\/person\/0a8186d72f2c3a5c6276d90b41f271a0","name":"Daniely Cardoso","image":{"@type":"ImageObject","inLanguage":"pt-BR","@id":"https:\/\/www.em.com.br\/emfoco\/#\/schema\/person\/image\/","url":"https:\/\/secure.gravatar.com\/avatar\/4b80ddbd124d1f071b626d52d62e5dff?s=96&d=mm&r=g","contentUrl":"https:\/\/secure.gravatar.com\/avatar\/4b80ddbd124d1f071b626d52d62e5dff?s=96&d=mm&r=g","caption":"Daniely Cardoso"},"url":"https:\/\/www.em.com.br\/emfoco\/author\/danielymyth\/"}]}},"_links":{"self":[{"href":"https:\/\/www.em.com.br\/emfoco\/wp-json\/wp\/v2\/posts\/180319","targetHints":{"allow":["GET"]}}],"collection":[{"href":"https:\/\/www.em.com.br\/emfoco\/wp-json\/wp\/v2\/posts"}],"about":[{"href":"https:\/\/www.em.com.br\/emfoco\/wp-json\/wp\/v2\/types\/post"}],"author":[{"embeddable":true,"href":"https:\/\/www.em.com.br\/emfoco\/wp-json\/wp\/v2\/users\/9"}],"replies":[{"embeddable":true,"href":"https:\/\/www.em.com.br\/emfoco\/wp-json\/wp\/v2\/comments?post=180319"}],"version-history":[{"count":2,"href":"https:\/\/www.em.com.br\/emfoco\/wp-json\/wp\/v2\/posts\/180319\/revisions"}],"predecessor-version":[{"id":180390,"href":"https:\/\/www.em.com.br\/emfoco\/wp-json\/wp\/v2\/posts\/180319\/revisions\/180390"}],"wp:featuredmedia":[{"embeddable":true,"href":"https:\/\/www.em.com.br\/emfoco\/wp-json\/wp\/v2\/media\/180386"}],"wp:attachment":[{"href":"https:\/\/www.em.com.br\/emfoco\/wp-json\/wp\/v2\/media?parent=180319"}],"wp:term":[{"taxonomy":"category","embeddable":true,"href":"https:\/\/www.em.com.br\/emfoco\/wp-json\/wp\/v2\/categories?post=180319"},{"taxonomy":"post_tag","embeddable":true,"href":"https:\/\/www.em.com.br\/emfoco\/wp-json\/wp\/v2\/tags?post=180319"}],"curies":[{"name":"wp","href":"https:\/\/api.w.org\/{rel}","templated":true}]}}