{"id":180318,"date":"2026-03-12T12:55:35","date_gmt":"2026-03-12T15:55:35","guid":{"rendered":"https:\/\/www.em.com.br\/emfoco\/?p=180318"},"modified":"2026-03-11T16:21:42","modified_gmt":"2026-03-11T19:21:42","slug":"mulher-de-60-anos-troca-calca-muito-justa-por-modelo-reto-e-diz-que-o-visual-ficou-mais-elegante","status":"publish","type":"post","link":"https:\/\/www.em.com.br\/emfoco\/2026\/03\/12\/mulher-de-60-anos-troca-calca-muito-justa-por-modelo-reto-e-diz-que-o-visual-ficou-mais-elegante\/","title":{"rendered":"Mulher de 60 anos troca cal\u00e7a muito justa por modelo reto e diz que o visual ficou mais elegante"},"content":{"rendered":"\n<p>Uma mulher de 60 anos olha o <b>guarda-roupa<\/b>, experimenta a cal\u00e7a super justa de sempre e sente que algo j\u00e1 n\u00e3o combina tanto com a fase que est\u00e1 vivendo. Ao trocar por um modelo reto, ela se v\u00ea no <b>espelho<\/b> e percebe imediatamente: o visual ficou mais elegante, confort\u00e1vel e alinhado com a imagem que quer passar hoje. Essa cena, cada vez mais comum, mostra como a moda depois dos 60 pode ser uma grande aliada da <b>autoestima<\/b>, quando prioriza caimento, bem-estar e praticidade no dia a dia.<\/p>\n\n\n\n<h2 class=\"wp-block-heading\">Cal\u00e7a reta aos 60 anos realmente deixa o visual mais elegante<\/h2>\n\n\n\n<p>A cal\u00e7a reta costuma ser uma grande amiga de quem est\u00e1 na faixa dos 60 anos e busca um visual <b>atual<\/b>, mas sem exageros. Diferente da pe\u00e7a muito justa, que marca cada detalhe do corpo, o modelo reto acompanha a linha das pernas de forma mais suave, criando um efeito visual <b>equilibrado<\/b> e harmonioso, ideal para um estilo que una modernidade e <b>maturidade<\/b>.<\/p>\n\n\n\n<p>Esse equil\u00edbrio ajuda a transmitir uma imagem de <b>cuidado<\/b>, sem precisar \u201cfor\u00e7ar\u201d nada. \u00c9 como se a roupa trabalhasse a favor do corpo, e n\u00e3o o contr\u00e1rio. Al\u00e9m disso, a cal\u00e7a reta costuma ser mais f\u00e1cil de <b>combinar<\/b>, o que torna o momento de se vestir menos cansativo e muito mais prazeroso, permitindo que a mulher explore sua <b>personalidade<\/b> sem abrir m\u00e3o do conforto.<\/p>\n\n\n\n<figure class=\"wp-block-embed is-type-rich is-provider-pinterest wp-block-embed-pinterest\"><div class=\"wp-block-embed__wrapper\">\n<iframe loading=\"lazy\" title=\"Moda anti-idade: tipos de cal\u00e7as confort\u00e1veis e elegantes\" src=\"https:\/\/assets.pinterest.com\/ext\/embed.html?id=83316661854068244&#038;src=oembed\" height=\"775\" width=\"450\" frameborder=\"0\" scrolling=\"no\" ><\/iframe>\n<\/div><\/figure>\n\n\n\n<figure class=\"wp-block-embed is-type-rich is-provider-pinterest wp-block-embed-pinterest\"><div class=\"wp-block-embed__wrapper\">\n<iframe loading=\"lazy\" title=\"\u0413\u043b\u0430\u0432\u043d\u044b\u0435 \u0442\u0440\u0435\u043d\u0434\u044b \u0432\u0435\u0441\u043d\u044b 2026 \u0434\u043b\u044f \u0434\u0430\u043c \u0441\u0442\u0430\u0440\u0448\u0435 60 \u043b\u0435\u0442, \u043a\u043e\u0442\u043e\u0440\u044b\u0435 \u043c\u043e\u0436\u043d\u043e \u043d\u043e\u0441\u0438\u0442\u044c \u0441\u043c\u0435\u043b\u043e | \u042d\u043b\u0435\u043d \u0432 \u0442\u0440\u0435\u043d\u0434\u0435! | \u0414\u0437\u0435\u043d\" src=\"https:\/\/assets.pinterest.com\/ext\/embed.html?id=590816044910783185&#038;src=oembed\" height=\"743\" width=\"450\" frameborder=\"0\" scrolling=\"no\" ><\/iframe>\n<\/div><\/figure>\n\n\n\n<figure class=\"wp-block-embed is-type-rich is-provider-pinterest wp-block-embed-pinterest\"><div class=\"wp-block-embed__wrapper\">\n<iframe loading=\"lazy\" title=\"Tijdloze stijl: hoe je met vertrouwen boyfriend jeans kunt dragen als je 50 bent (21 beste tips) 22\" src=\"https:\/\/assets.pinterest.com\/ext\/embed.html?id=140806234866922&#038;src=oembed\" height=\"743\" width=\"450\" frameborder=\"0\" scrolling=\"no\" ><\/iframe>\n<\/div><\/figure>\n\n\n\n<p>Leia tamb\u00e9m:&nbsp;<a href=\"https:\/\/www.em.com.br\/emfoco\/2026\/03\/10\/creme-noturno-ideal-para-pele-apos-os-50-que-suaviza-rugas-melhora-vico-e-protege-enquanto-voce-dorme\/\" target=\"_blank\" rel=\"noopener\">Creme noturno ideal para pele ap\u00f3s os 50 que suaviza rugas, melhora vi\u00e7o e protege enquanto voc\u00ea dorme<\/a><\/p>\n\n\n\n<h2 class=\"wp-block-heading\">Por que conforto e eleg\u00e2ncia caminham juntos depois dos 60<\/h2>\n\n\n\n<p>Com o passar do tempo, o corpo muda, a rotina muda e as prioridades tamb\u00e9m. Muitas mulheres come\u00e7am a sentir mais inc\u00f4modo com pe\u00e7as apertadas na <b>cintura<\/b>, no quadril ou nos joelhos, especialmente para passar o dia inteiro fora de casa. A cal\u00e7a reta, quando tem o tamanho certo, oferece <b>mobilidade<\/b> para caminhar, sentar e levantar sem aperto, respeitando as necessidades do <b>corpo<\/b> em cada fase.<\/p>\n\n\n\n<p>Ao mesmo tempo, o modelo n\u00e3o fica largo demais, evitando aquele ar de desleixo que algumas pe\u00e7as muito folgadas podem trazer. O resultado \u00e9 um visual que une liberdade de <b>movimento<\/b> com apar\u00eancia arrumada, perfeito para quem quer se sentir bem e bem-vestida em qualquer ocasi\u00e3o, refor\u00e7ando uma eleg\u00e2ncia <b>natural<\/b> e sem esfor\u00e7o no dia a dia <b>corrido<\/b>.<\/p>\n\n\n\n<figure class=\"wp-block-embed is-type-rich is-provider-pinterest wp-block-embed-pinterest\"><div class=\"wp-block-embed__wrapper\">\n<iframe loading=\"lazy\" title=\"A Capsule Wardrobe For Women Over 60 (Effortless Elegance)\" src=\"https:\/\/assets.pinterest.com\/ext\/embed.html?id=54606214229931541&#038;src=oembed\" height=\"774\" width=\"450\" frameborder=\"0\" scrolling=\"no\" ><\/iframe>\n<\/div><\/figure>\n\n\n\n<figure class=\"wp-block-embed is-type-rich is-provider-pinterest wp-block-embed-pinterest\"><div class=\"wp-block-embed__wrapper\">\n<iframe loading=\"lazy\" title=\"Estilo maduro com leveza\" src=\"https:\/\/assets.pinterest.com\/ext\/embed.html?id=26740191532443681&#038;src=oembed\" height=\"888\" width=\"450\" frameborder=\"0\" scrolling=\"no\" ><\/iframe>\n<\/div><\/figure>\n\n\n\n<figure class=\"wp-block-embed is-type-rich is-provider-pinterest wp-block-embed-pinterest\"><div class=\"wp-block-embed__wrapper\">\n<iframe loading=\"lazy\" title=\"Fabiana Valentini (@allfafit) \u2022 Fotos e v\u00eddeos do Instagram\" src=\"https:\/\/assets.pinterest.com\/ext\/embed.html?id=1407443628690286&#038;src=oembed\" height=\"899\" width=\"450\" frameborder=\"0\" scrolling=\"no\" ><\/iframe>\n<\/div><\/figure>\n\n\n\n<h2 class=\"wp-block-heading\">Como usar a cal\u00e7a reta para montar looks vers\u00e1teis e modernos<\/h2>\n\n\n\n<p>Uma das maiores vantagens da cal\u00e7a reta \u00e9 que ela conversa bem com diferentes estilos <b>pessoais<\/b>. Ela pode acompanhar desde um dia de trabalho at\u00e9 um almo\u00e7o em fam\u00edlia, mudando apenas o tipo de blusa, sapato e <b>acess\u00f3rio<\/b>. Isso ajuda a criar um guarda-roupa mais simples, com menos pe\u00e7as, mas muito mais <b>funcional<\/b>.<\/p>\n\n\n\n<p>Com camisa social, a cal\u00e7a reta ganha um ar mais <b>formal<\/b>. Com camiseta de algod\u00e3o, veste perfeitamente um passeio casual. J\u00e1 com um tric\u00f4 leve ou um blazer, cria um visual <b>elegante<\/b> para dias mais frescos ou compromissos especiais. Assim, a mesma pe\u00e7a se adapta \u00e0 rotina sem perder a sensa\u00e7\u00e3o de cuidado com a <b>apar\u00eancia<\/b>.<\/p>\n\n\n\n<h2 class=\"wp-block-heading\">Como a cal\u00e7a reta ajuda a alongar a silhueta e valorizar o corpo<\/h2>\n\n\n\n<p>Depois dos 60, muitas mulheres passam a se preocupar menos em \u201cmostrar o corpo\u201d e mais em criar uma imagem harmoniosa e coerente com quem s\u00e3o <b>hoje<\/b>. A cal\u00e7a feminina reta ajuda nesse processo porque cria linhas <b>verticais<\/b> no corpo, o que costuma alongar a silhueta e equilibrar as <b>propor\u00e7\u00f5es<\/b>.<\/p>\n\n\n\n<p>Quando combinada com blusas que n\u00e3o sejam nem muito curtas, nem compridas demais, o resultado \u00e9 um visual proporcional e <b>elegante<\/b>. Detalhes como cintura no lugar, tecidos mais <b>estruturados<\/b> e barra na altura certa fazem toda a diferen\u00e7a para que a pe\u00e7a vista bem e transmita a sensa\u00e7\u00e3o de eleg\u00e2ncia <b>discreta<\/b>. Se voc\u00ea gosta de moda, separamos esse v\u00eddeo da <a href=\"https:\/\/www.youtube.com\/@julianachristt\" target=\"_blank\" rel=\"noreferrer noopener\">Juliana Christ<\/a> mostrando como usar essa cal\u00e7a:<\/p>\n\n\n\n<figure class=\"wp-block-embed is-type-video is-provider-youtube wp-block-embed-youtube wp-embed-aspect-16-9 wp-has-aspect-ratio\"><div class=\"wp-block-embed__wrapper\">\n<div class=\"jeg_video_container jeg_video_content\"><iframe loading=\"lazy\" title=\"CAL\u00c7A RETA, APRENDA A US\u00c1-LA | Juliana Christ\" width=\"500\" height=\"281\" src=\"https:\/\/www.youtube.com\/embed\/RFkJMWFVzcs?feature=oembed\" frameborder=\"0\" allow=\"accelerometer; autoplay; clipboard-write; encrypted-media; gyroscope; picture-in-picture; web-share\" referrerpolicy=\"strict-origin-when-cross-origin\" allowfullscreen><\/iframe><\/div>\n<\/div><\/figure>\n\n\n\n<h2 class=\"wp-block-heading\">Principais cuidados ao escolher a melhor cal\u00e7a reta depois dos 60<\/h2>\n\n\n\n<p>Na hora de comprar uma cal\u00e7a reta elegante, vale observar com carinho o caimento no <b>quadril<\/b> e nas coxas. A pe\u00e7a precisa acompanhar as formas sem repuxar, nem criar dobras desconfort\u00e1veis. \u00c9 importante se olhar de frente, de lado e tamb\u00e9m se movimentar: andar, sentar e levantar revelam se o <b>conforto<\/b> est\u00e1 realmente garantido, ajudando a evitar futuros <b>desconfortos<\/b>.<\/p>\n\n\n\n<p>O tecido tamb\u00e9m influencia muito no resultado final do visual e na sensa\u00e7\u00e3o ao usar. Para facilitar essa escolha, alguns pontos pr\u00e1ticos podem servir de guia na hora da compra ou da prova no <b>provador<\/b>:<\/p>\n\n\n\n<ol class=\"wp-block-list\">\n<li>Definir a altura da <b>cintura<\/b> mais confort\u00e1vel para o dia a dia.<\/li>\n\n\n\n<li>Preferir <b>cores<\/b> que combinem com a maior parte das pe\u00e7as j\u00e1 presentes no guarda-roupa.<\/li>\n\n\n\n<li>Verificar se os <b>bolsos<\/b> n\u00e3o criam volume indesejado na regi\u00e3o do quadril.<\/li>\n\n\n\n<li>Ajustar a <b>barra<\/b> de acordo com o sapato mais usado, como sapatilhas, t\u00eanis ou salto baixo.<\/li>\n\n\n\n<li>Experimentar a cal\u00e7a com diferentes <b>blusas<\/b> para avaliar a versatilidade.<\/li>\n<\/ol>\n\n\n\n<figure class=\"wp-block-embed is-type-rich is-provider-pinterest wp-block-embed-pinterest\"><div class=\"wp-block-embed__wrapper\">\n<iframe loading=\"lazy\" title=\" \" src=\"https:\/\/assets.pinterest.com\/ext\/embed.html?id=82050024457034992&#038;src=oembed\" height=\"1082\" width=\"450\" frameborder=\"0\" scrolling=\"no\" ><\/iframe>\n<\/div><\/figure>\n\n\n\n<p>No fim, a troca da cal\u00e7a muito justa por um modelo reto n\u00e3o \u00e9 apenas uma quest\u00e3o de <b>moda<\/b>, mas de cuidado consigo mesma. \u00c9 um movimento de respeito ao pr\u00f3prio <b>corpo<\/b> em cada fase da vida, buscando pe\u00e7as que oferecem conforto, liberdade de movimento e ajudam a transmitir a imagem que se deseja hoje. Essa combina\u00e7\u00e3o de praticidade, <b>propor\u00e7\u00e3o<\/b> e simplicidade bem pensada tende a conquistar cada vez mais espa\u00e7o no guarda-roupa de quem valoriza uma eleg\u00e2ncia leve, natural e funcional.<\/p>\n","protected":false},"excerpt":{"rendered":"<p>Uma mulher de 60 anos olha o guarda-roupa, experimenta a cal\u00e7a super justa de sempre e sente que algo j\u00e1 n\u00e3o combina tanto com a fase que est\u00e1 vivendo. Ao trocar por um modelo reto, ela se v\u00ea no espelho e percebe imediatamente: o visual ficou mais elegante, confort\u00e1vel e alinhado com a imagem que [&hellip;]<\/p>\n","protected":false},"author":9,"featured_media":180356,"comment_status":"open","ping_status":"open","sticky":false,"template":"","format":"standard","meta":{"jnews-multi-image_gallery":[],"jnews_single_post":{"format":"standard"},"jnews_primary_category":[],"jnews_social_meta":[],"jnews_override_counter":[],"footnotes":""},"categories":[8819,1],"tags":[26030,4977,17898],"class_list":["post-180318","post","type-post","status-publish","format-standard","has-post-thumbnail","hentry","category-curiosidades","category-noticias","tag-calca-reta","tag-moda","tag-tendencia-2026"],"yoast_head":"<!-- This site is optimized with the Yoast SEO plugin v23.8 - https:\/\/yoast.com\/wordpress\/plugins\/seo\/ -->\n<title>Mulher de 60 anos troca cal\u00e7a muito justa por modelo reto e diz que o visual ficou mais elegante - Estado de Minas - Em foco<\/title>\n<meta name=\"description\" content=\"Cal\u00e7a reta vem conquistando mulheres depois dos 60 por unir conforto, eleg\u00e2ncia e versatilidade no dia a dia.\" \/>\n<meta name=\"robots\" content=\"index, follow, max-snippet:-1, max-image-preview:large, max-video-preview:-1\" \/>\n<link rel=\"canonical\" href=\"https:\/\/www.em.com.br\/emfoco\/2026\/03\/12\/mulher-de-60-anos-troca-calca-muito-justa-por-modelo-reto-e-diz-que-o-visual-ficou-mais-elegante\/\" \/>\n<meta property=\"og:locale\" content=\"pt_BR\" \/>\n<meta property=\"og:type\" content=\"article\" \/>\n<meta property=\"og:title\" content=\"Mulher de 60 anos troca cal\u00e7a muito justa por modelo reto e diz que o visual ficou mais elegante - Estado de Minas - Em foco\" \/>\n<meta property=\"og:description\" content=\"Cal\u00e7a reta vem conquistando mulheres depois dos 60 por unir conforto, eleg\u00e2ncia e versatilidade no dia a dia.\" \/>\n<meta property=\"og:url\" content=\"https:\/\/www.em.com.br\/emfoco\/2026\/03\/12\/mulher-de-60-anos-troca-calca-muito-justa-por-modelo-reto-e-diz-que-o-visual-ficou-mais-elegante\/\" \/>\n<meta property=\"og:site_name\" content=\"Estado de Minas - Em foco\" \/>\n<meta property=\"article:published_time\" content=\"2026-03-12T15:55:35+00:00\" \/>\n<meta property=\"article:modified_time\" content=\"2026-03-11T19:21:42+00:00\" \/>\n<meta property=\"og:image\" content=\"https:\/\/www.em.com.br\/emfoco\/wp-content\/uploads\/2026\/03\/Gemini_Generated_Image_ysh43mysh43mysh4-1.png\" \/>\n\t<meta property=\"og:image:width\" content=\"1280\" \/>\n\t<meta property=\"og:image:height\" content=\"720\" \/>\n\t<meta property=\"og:image:type\" content=\"image\/png\" \/>\n<meta name=\"author\" content=\"Daniely Cardoso\" \/>\n<meta name=\"twitter:card\" content=\"summary_large_image\" \/>\n<meta name=\"twitter:label1\" content=\"Escrito por\" \/>\n\t<meta name=\"twitter:data1\" content=\"Daniely Cardoso\" \/>\n\t<meta name=\"twitter:label2\" content=\"Est. tempo de leitura\" \/>\n\t<meta name=\"twitter:data2\" content=\"6 minutos\" \/>\n<!-- \/ Yoast SEO plugin. -->","yoast_head_json":{"title":"Mulher de 60 anos troca cal\u00e7a muito justa por modelo reto e diz que o visual ficou mais elegante - Estado de Minas - Em foco","description":"Cal\u00e7a reta vem conquistando mulheres depois dos 60 por unir conforto, eleg\u00e2ncia e versatilidade no dia a dia.","robots":{"index":"index","follow":"follow","max-snippet":"max-snippet:-1","max-image-preview":"max-image-preview:large","max-video-preview":"max-video-preview:-1"},"canonical":"https:\/\/www.em.com.br\/emfoco\/2026\/03\/12\/mulher-de-60-anos-troca-calca-muito-justa-por-modelo-reto-e-diz-que-o-visual-ficou-mais-elegante\/","og_locale":"pt_BR","og_type":"article","og_title":"Mulher de 60 anos troca cal\u00e7a muito justa por modelo reto e diz que o visual ficou mais elegante - Estado de Minas - Em foco","og_description":"Cal\u00e7a reta vem conquistando mulheres depois dos 60 por unir conforto, eleg\u00e2ncia e versatilidade no dia a dia.","og_url":"https:\/\/www.em.com.br\/emfoco\/2026\/03\/12\/mulher-de-60-anos-troca-calca-muito-justa-por-modelo-reto-e-diz-que-o-visual-ficou-mais-elegante\/","og_site_name":"Estado de Minas - Em foco","article_published_time":"2026-03-12T15:55:35+00:00","article_modified_time":"2026-03-11T19:21:42+00:00","og_image":[{"width":1280,"height":720,"url":"https:\/\/www.em.com.br\/emfoco\/wp-content\/uploads\/2026\/03\/Gemini_Generated_Image_ysh43mysh43mysh4-1.png","type":"image\/png"}],"author":"Daniely Cardoso","twitter_card":"summary_large_image","twitter_misc":{"Escrito por":"Daniely Cardoso","Est. tempo de leitura":"6 minutos"},"schema":{"@context":"https:\/\/schema.org","@graph":[{"@type":"WebPage","@id":"https:\/\/www.em.com.br\/emfoco\/2026\/03\/12\/mulher-de-60-anos-troca-calca-muito-justa-por-modelo-reto-e-diz-que-o-visual-ficou-mais-elegante\/","url":"https:\/\/www.em.com.br\/emfoco\/2026\/03\/12\/mulher-de-60-anos-troca-calca-muito-justa-por-modelo-reto-e-diz-que-o-visual-ficou-mais-elegante\/","name":"Mulher de 60 anos troca cal\u00e7a muito justa por modelo reto e diz que o visual ficou mais elegante - Estado de Minas - Em foco","isPartOf":{"@id":"https:\/\/www.em.com.br\/emfoco\/#website"},"primaryImageOfPage":{"@id":"https:\/\/www.em.com.br\/emfoco\/2026\/03\/12\/mulher-de-60-anos-troca-calca-muito-justa-por-modelo-reto-e-diz-que-o-visual-ficou-mais-elegante\/#primaryimage"},"image":{"@id":"https:\/\/www.em.com.br\/emfoco\/2026\/03\/12\/mulher-de-60-anos-troca-calca-muito-justa-por-modelo-reto-e-diz-que-o-visual-ficou-mais-elegante\/#primaryimage"},"thumbnailUrl":"https:\/\/www.em.com.br\/emfoco\/wp-content\/uploads\/2026\/03\/Gemini_Generated_Image_ysh43mysh43mysh4-1.png","datePublished":"2026-03-12T15:55:35+00:00","dateModified":"2026-03-11T19:21:42+00:00","author":{"@id":"https:\/\/www.em.com.br\/emfoco\/#\/schema\/person\/0a8186d72f2c3a5c6276d90b41f271a0"},"description":"Cal\u00e7a reta vem conquistando mulheres depois dos 60 por unir conforto, eleg\u00e2ncia e versatilidade no dia a dia.","breadcrumb":{"@id":"https:\/\/www.em.com.br\/emfoco\/2026\/03\/12\/mulher-de-60-anos-troca-calca-muito-justa-por-modelo-reto-e-diz-que-o-visual-ficou-mais-elegante\/#breadcrumb"},"inLanguage":"pt-BR","potentialAction":[{"@type":"ReadAction","target":["https:\/\/www.em.com.br\/emfoco\/2026\/03\/12\/mulher-de-60-anos-troca-calca-muito-justa-por-modelo-reto-e-diz-que-o-visual-ficou-mais-elegante\/"]}]},{"@type":"ImageObject","inLanguage":"pt-BR","@id":"https:\/\/www.em.com.br\/emfoco\/2026\/03\/12\/mulher-de-60-anos-troca-calca-muito-justa-por-modelo-reto-e-diz-que-o-visual-ficou-mais-elegante\/#primaryimage","url":"https:\/\/www.em.com.br\/emfoco\/wp-content\/uploads\/2026\/03\/Gemini_Generated_Image_ysh43mysh43mysh4-1.png","contentUrl":"https:\/\/www.em.com.br\/emfoco\/wp-content\/uploads\/2026\/03\/Gemini_Generated_Image_ysh43mysh43mysh4-1.png","width":1280,"height":720,"caption":"Com o passar do tempo, o corpo muda, a rotina muda e as prioridades tamb\u00e9m"},{"@type":"BreadcrumbList","@id":"https:\/\/www.em.com.br\/emfoco\/2026\/03\/12\/mulher-de-60-anos-troca-calca-muito-justa-por-modelo-reto-e-diz-que-o-visual-ficou-mais-elegante\/#breadcrumb","itemListElement":[{"@type":"ListItem","position":1,"name":"In\u00edcio","item":"https:\/\/www.em.com.br\/emfoco\/"},{"@type":"ListItem","position":2,"name":"Mulher de 60 anos troca cal\u00e7a muito justa por modelo reto e diz que o visual ficou mais elegante"}]},{"@type":"WebSite","@id":"https:\/\/www.em.com.br\/emfoco\/#website","url":"https:\/\/www.em.com.br\/emfoco\/","name":"Estado de Minas - Em foco","description":"Acompanhe as \u00faltimas not\u00edcias e fique bem informado sobre tudo o que acontece em Minas Gerais, Brasil e no mundo.","potentialAction":[{"@type":"SearchAction","target":{"@type":"EntryPoint","urlTemplate":"https:\/\/www.em.com.br\/emfoco\/?s={search_term_string}"},"query-input":{"@type":"PropertyValueSpecification","valueRequired":true,"valueName":"search_term_string"}}],"inLanguage":"pt-BR"},{"@type":"Person","@id":"https:\/\/www.em.com.br\/emfoco\/#\/schema\/person\/0a8186d72f2c3a5c6276d90b41f271a0","name":"Daniely Cardoso","image":{"@type":"ImageObject","inLanguage":"pt-BR","@id":"https:\/\/www.em.com.br\/emfoco\/#\/schema\/person\/image\/","url":"https:\/\/secure.gravatar.com\/avatar\/4b80ddbd124d1f071b626d52d62e5dff?s=96&d=mm&r=g","contentUrl":"https:\/\/secure.gravatar.com\/avatar\/4b80ddbd124d1f071b626d52d62e5dff?s=96&d=mm&r=g","caption":"Daniely Cardoso"},"url":"https:\/\/www.em.com.br\/emfoco\/author\/danielymyth\/"}]}},"_links":{"self":[{"href":"https:\/\/www.em.com.br\/emfoco\/wp-json\/wp\/v2\/posts\/180318","targetHints":{"allow":["GET"]}}],"collection":[{"href":"https:\/\/www.em.com.br\/emfoco\/wp-json\/wp\/v2\/posts"}],"about":[{"href":"https:\/\/www.em.com.br\/emfoco\/wp-json\/wp\/v2\/types\/post"}],"author":[{"embeddable":true,"href":"https:\/\/www.em.com.br\/emfoco\/wp-json\/wp\/v2\/users\/9"}],"replies":[{"embeddable":true,"href":"https:\/\/www.em.com.br\/emfoco\/wp-json\/wp\/v2\/comments?post=180318"}],"version-history":[{"count":2,"href":"https:\/\/www.em.com.br\/emfoco\/wp-json\/wp\/v2\/posts\/180318\/revisions"}],"predecessor-version":[{"id":180358,"href":"https:\/\/www.em.com.br\/emfoco\/wp-json\/wp\/v2\/posts\/180318\/revisions\/180358"}],"wp:featuredmedia":[{"embeddable":true,"href":"https:\/\/www.em.com.br\/emfoco\/wp-json\/wp\/v2\/media\/180356"}],"wp:attachment":[{"href":"https:\/\/www.em.com.br\/emfoco\/wp-json\/wp\/v2\/media?parent=180318"}],"wp:term":[{"taxonomy":"category","embeddable":true,"href":"https:\/\/www.em.com.br\/emfoco\/wp-json\/wp\/v2\/categories?post=180318"},{"taxonomy":"post_tag","embeddable":true,"href":"https:\/\/www.em.com.br\/emfoco\/wp-json\/wp\/v2\/tags?post=180318"}],"curies":[{"name":"wp","href":"https:\/\/api.w.org\/{rel}","templated":true}]}}