{"id":180312,"date":"2026-03-11T19:55:00","date_gmt":"2026-03-11T22:55:00","guid":{"rendered":"https:\/\/www.em.com.br\/emfoco\/?p=180312"},"modified":"2026-03-11T19:55:59","modified_gmt":"2026-03-11T22:55:59","slug":"fundada-em-1535-essa-cidade-esta-se-tornando-a-queridinha-de-quem-curte-conhecer-casaroes-praias-e-uma-das-culturas-populares-mais-fortes-do-brasil","status":"publish","type":"post","link":"https:\/\/www.em.com.br\/emfoco\/2026\/03\/11\/fundada-em-1535-essa-cidade-esta-se-tornando-a-queridinha-de-quem-curte-conhecer-casaroes-praias-e-uma-das-culturas-populares-mais-fortes-do-brasil\/","title":{"rendered":"Fundada em 1535, essa cidade est\u00e1 se tornando a queridinha de quem curte conhecer casar\u00f5es, praias e uma das culturas populares mais fortes do Brasil"},"content":{"rendered":"\n<p>A 6 km do <strong>Recife<\/strong>, no topo de colinas que olham direto para o <strong>Atl\u00e2ntico<\/strong>, <strong>Olinda<\/strong> conserva um centro hist\u00f3rico com cerca de 1.500 im\u00f3veis protegidos, casar\u00f5es pintados em cores vivas e ladeiras que revelam uma igreja a cada curva. Fundada em <strong>1535<\/strong>, a cidade foi a mais rica do <strong>Brasil Col\u00f4nia<\/strong> e carrega, desde <strong>1982<\/strong>, o t\u00edtulo de <a href=\"https:\/\/whc.unesco.org\/en\/list\/189\" target=\"_blank\" rel=\"noreferrer noopener\"><strong>Patrim\u00f4nio Mundial da Unesco<\/strong><\/a>.<\/p>\n\n\n\n<h2 class=\"wp-block-heading\">A Lisboa pequena que os holandeses incendiaram<\/h2>\n\n\n\n<p><strong>Duarte Coelho<\/strong>, primeiro donat\u00e1rio da Capitania de <strong>Pernambuco<\/strong>, escolheu as colinas de Olinda para erguer a sede administrativa da col\u00f4nia. A riqueza da cana-de-a\u00e7\u00facar fez a vila crescer t\u00e3o r\u00e1pido que cronistas da \u00e9poca a comparavam a uma vers\u00e3o reduzida de <strong>Lisboa<\/strong>. Em <strong>1630<\/strong>, os holandeses invadiram a capitania. Um ano depois, considerando o terreno elevado dif\u00edcil de defender, saquearam e incendiaram a cidade antes de transferir a capital para o <strong>Recife<\/strong>.<\/p>\n\n\n\n<p>Ap\u00f3s a expuls\u00e3o dos invasores em <strong>1654<\/strong>, Olinda foi reconstru\u00edda ao longo do s\u00e9culo XVIII. Das edifica\u00e7\u00f5es originais quase nada restou, mas o novo tra\u00e7ado preservou a l\u00f3gica colonial das ruas e deu origem ao conjunto barroco que existe hoje. Em <strong>1827<\/strong>, a cidade abrigou uma das duas primeiras faculdades de Direito do <strong>Brasil<\/strong>, ao lado da de <strong>S\u00e3o Paulo<\/strong>, e em <strong>2006<\/strong> tornou-se a primeira <strong>Capital Brasileira da Cultura<\/strong>.<\/p>\n\n\n<div class=\"wp-block-image\">\n<figure class=\"aligncenter size-large\"><img loading=\"lazy\" decoding=\"async\" width=\"1024\" height=\"576\" src=\"https:\/\/www.em.com.br\/emfoco\/wp-content\/uploads\/2025\/12\/Olinda_1761890494626-1024x576.jpg\" alt=\"A cidade nordestina perto da capital que est\u00e1 se tornando a queridinha de quem busca paisagens incr\u00edveis e hist\u00f3ricas\" class=\"wp-image-147667\" srcset=\"https:\/\/www.em.com.br\/emfoco\/wp-content\/uploads\/2025\/12\/Olinda_1761890494626-1024x576.jpg 1024w, https:\/\/www.em.com.br\/emfoco\/wp-content\/uploads\/2025\/12\/Olinda_1761890494626-300x169.jpg 300w, https:\/\/www.em.com.br\/emfoco\/wp-content\/uploads\/2025\/12\/Olinda_1761890494626-768x432.jpg 768w, https:\/\/www.em.com.br\/emfoco\/wp-content\/uploads\/2025\/12\/Olinda_1761890494626-750x422.jpg 750w, https:\/\/www.em.com.br\/emfoco\/wp-content\/uploads\/2025\/12\/Olinda_1761890494626-1140x641.jpg 1140w, https:\/\/www.em.com.br\/emfoco\/wp-content\/uploads\/2025\/12\/Olinda_1761890494626.jpg 1280w\" sizes=\"auto, (max-width: 1024px) 100vw, 1024px\" \/><figcaption class=\"wp-element-caption\">Olinda \u00e9 Patrim\u00f4nio Mundial da Humanidade pela UNESCO \/\/ Cr\u00e9ditos: depositphotos.com \/ contato@caciomurilo.com.br<\/figcaption><\/figure><\/div>\n\n\n<h2 class=\"wp-block-heading\">Como gigantes de papel mach\u00ea viraram s\u00edmbolo do carnaval<\/h2>\n\n\n\n<p>A tradi\u00e7\u00e3o dos bonecos gigantes nasceu na <strong>Europa<\/strong> medieval, em prociss\u00f5es religiosas com figuras de santos cat\u00f3licos. Chegou a <strong>Pernambuco<\/strong> por meio de um padre belga, na pequena <strong>Bel\u00e9m do S\u00e3o Francisco<\/strong>, onde surgiu em <strong>1919<\/strong> o primeiro boneco do pa\u00eds, o <strong>Z\u00e9 Pereira<\/strong>. A brincadeira ganhou as ladeiras de Olinda em <strong>1932<\/strong>, quando estreou o <strong>Homem da Meia-Noite<\/strong>, calunga de quase 4 metros de altura, de fraque e cartola, que at\u00e9 hoje abre oficialmente o carnaval \u00e0 meia-noite de s\u00e1bado.<\/p>\n\n\n\n<p>O Homem da Meia-Noite n\u00e3o \u00e9 tratado apenas como boneco. Na cultura afro-brasileira, \u00e9 considerado um calunga, figura m\u00edstica ligada ao candombl\u00e9. Sua primeira sa\u00edda foi em 2 de fevereiro, dia de <strong>Iemanj\u00e1<\/strong>. Depois dele vieram a <strong>Mulher do Dia<\/strong> (1967) e o <strong>Menino da Tarde<\/strong> (1974). O casal chegou a se \u201ccasar\u201d em <strong>1990<\/strong>, em cerim\u00f4nia simb\u00f3lica acompanhada por milhares de foli\u00f5es. O <a href=\"http:\/\/portal.iphan.gov.br\/pagina\/detalhes\/351\/\" target=\"_blank\" rel=\"noreferrer noopener\"><strong>Iphan<\/strong><\/a> reconhece os bonecos como parte do patrim\u00f4nio cultural de Olinda, e o frevo que os acompanha foi declarado Patrim\u00f4nio Imaterial da Humanidade pela Unesco em <strong>2012<\/strong>.<\/p>\n\n\n<div class=\"wp-block-image\">\n<figure class=\"aligncenter size-large\"><img loading=\"lazy\" decoding=\"async\" width=\"1024\" height=\"576\" src=\"https:\/\/www.em.com.br\/emfoco\/wp-content\/uploads\/2025\/12\/Olinda_1761890509103-1024x576.jpg\" alt=\"A cidade nordestina perto da capital que est\u00e1 se tornando a queridinha de quem busca paisagens incr\u00edveis e hist\u00f3ricas\" class=\"wp-image-147669\" srcset=\"https:\/\/www.em.com.br\/emfoco\/wp-content\/uploads\/2025\/12\/Olinda_1761890509103-1024x576.jpg 1024w, https:\/\/www.em.com.br\/emfoco\/wp-content\/uploads\/2025\/12\/Olinda_1761890509103-300x169.jpg 300w, https:\/\/www.em.com.br\/emfoco\/wp-content\/uploads\/2025\/12\/Olinda_1761890509103-768x432.jpg 768w, https:\/\/www.em.com.br\/emfoco\/wp-content\/uploads\/2025\/12\/Olinda_1761890509103-750x422.jpg 750w, https:\/\/www.em.com.br\/emfoco\/wp-content\/uploads\/2025\/12\/Olinda_1761890509103-1140x641.jpg 1140w, https:\/\/www.em.com.br\/emfoco\/wp-content\/uploads\/2025\/12\/Olinda_1761890509103.jpg 1280w\" sizes=\"auto, (max-width: 1024px) 100vw, 1024px\" \/><figcaption class=\"wp-element-caption\">Olinda, em Pernambuco, mistura tradi\u00e7\u00e3o, carnaval e bem-estar em um s\u00f3 lugar \/\/ Cr\u00e9ditos: depositphotos.com \/ contato@caciomurilo.com.br<\/figcaption><\/figure><\/div>\n\n\n<p><strong>Leia tamb\u00e9m: <a href=\"https:\/\/www.em.com.br\/emfoco\/2026\/03\/04\/uma-montanha-1-385-metros-desapareceu-a-cidade-mineira-a-2-horas-de-belo-horizonte-onde-a-paisagem-valia-menos-que-os-lucros-e-o-maior-poeta-brasileiro-nasceu\/\" target=\"_blank\" rel=\"noreferrer noopener\">Uma montanha de 1.385 metros desapareceu, a cidade mineira a 2 horas de Belo Horizonte onde a paisagem valia menos que os lucros e o maior poeta brasileiro nasceu<\/a><\/strong><\/p>\n\n\n\n<h2 class=\"wp-block-heading\">O que visitar al\u00e9m das ladeiras no s\u00edtio hist\u00f3rico<\/h2>\n\n\n\n<p>O centro hist\u00f3rico ocupa 1,2 km\u00b2 e pode ser percorrido a p\u00e9 em poucas horas. As atra\u00e7\u00f5es se concentram entre a Cidade Baixa e o <strong>Alto da S\u00e9<\/strong>, ponto mais elevado, de onde se avista o Recife e o mar.<\/p>\n\n\n\n<ul class=\"wp-block-list has-medium-font-size\">\n<li><strong>Bas\u00edlica e Mosteiro de S\u00e3o Bento<\/strong>: constru\u00e7\u00e3o iniciada em 1599, com altar folheado a ouro que j\u00e1 foi exposto no Museu Guggenheim de Nova York em 2002. Missas com canto gregoriano.<\/li>\n\n\n\n<li><strong>Convento de S\u00e3o Francisco<\/strong>: o mais antigo convento franciscano do Brasil (1585), com 18 pain\u00e9is de azulejos portugueses no claustro e a primeira biblioteca p\u00fablica de Pernambuco.<\/li>\n\n\n\n<li><strong>Catedral da S\u00e9<\/strong>: erguida no ponto mais alto da cidade, serviu como observat\u00f3rio contra ataques de navios. Do mirante, a vista alcan\u00e7a os arrecifes do litoral.<\/li>\n\n\n\n<li><strong>Mercado da Ribeira<\/strong>: antigo mercado do s\u00e9culo XVIII transformado em centro de artesanato e gravura, com bonecos gigantes em exposi\u00e7\u00e3o permanente.<\/li>\n\n\n\n<li><strong>Museu do Mamulengo<\/strong>: acervo dedicado ao teatro de bonecos popular, tradi\u00e7\u00e3o forte no interior de Pernambuco.<\/li>\n<\/ul>\n\n\n\n<p>Quem busca uma imers\u00e3o cultural em <strong>Pernambuco<\/strong>, vai curtir esse v\u00eddeo especialmente selecionado do canal <strong>Tesouros do Brasil<\/strong>, que conta com mais de <strong>82 mil<\/strong> visualiza\u00e7\u00f5es, onde <strong>Jo\u00e3o Vitor<\/strong> apresenta um roteiro hist\u00f3rico por <strong>Olinda<\/strong>, passando pela <strong>Catedral da S\u00e9<\/strong>, o <strong>Mosteiro de S\u00e3o Bento<\/strong> e as ladeiras do carnaval:<\/p>\n\n\n\n<figure class=\"wp-block-embed is-type-video is-provider-youtube wp-block-embed-youtube wp-embed-aspect-16-9 wp-has-aspect-ratio\"><div class=\"wp-block-embed__wrapper\">\n<div class=\"jeg_video_container jeg_video_content\"><iframe loading=\"lazy\" title=\"OLINDA: O ROTEIRO DEFINITIVO  o que fazer, onde comer, onde se hospedar - com pre\u00e7os!\" width=\"500\" height=\"281\" src=\"https:\/\/www.youtube.com\/embed\/h07oXjOVUiY?feature=oembed\" frameborder=\"0\" allow=\"accelerometer; autoplay; clipboard-write; encrypted-media; gyroscope; picture-in-picture; web-share\" referrerpolicy=\"strict-origin-when-cross-origin\" allowfullscreen><\/iframe><\/div>\n<\/div><\/figure>\n\n\n\n<h2 class=\"wp-block-heading\">Uma cidade que merece cada ladeira<\/h2>\n\n\n\n<p>Olinda re\u00fane em pouco mais de um quil\u00f4metro quadrado quase cinco s\u00e9culos de hist\u00f3ria brasileira, 20 igrejas barrocas, casar\u00f5es de azulejos e uma tradi\u00e7\u00e3o cultural que vai do canto gregoriano ao frevo. Poucas cidades do pa\u00eds entregam tanta beleza em t\u00e3o pouco espa\u00e7o.<\/p>\n\n\n\n<p>Voc\u00ea precisa subir as ladeiras de Olinda e ver, do Alto da S\u00e9, o Atl\u00e2ntico se estender at\u00e9 onde a vista alcan\u00e7a, com o mesmo horizonte que Duarte Coelho avistou em 1535.<\/p>\n\n\n\n<p><\/p>\n","protected":false},"excerpt":{"rendered":"<p>A 6 km do Recife, no topo de colinas que olham direto para o Atl\u00e2ntico, Olinda conserva um centro hist\u00f3rico com cerca de 1.500 im\u00f3veis protegidos, casar\u00f5es pintados em cores vivas e ladeiras que revelam uma igreja a cada curva. Fundada em 1535, a cidade foi a mais rica do Brasil Col\u00f4nia e carrega, desde [&hellip;]<\/p>\n","protected":false},"author":6,"featured_media":147665,"comment_status":"open","ping_status":"open","sticky":false,"template":"","format":"standard","meta":{"jnews-multi-image_gallery":[],"jnews_single_post":{"format":"standard"},"jnews_primary_category":[],"jnews_social_meta":[],"jnews_override_counter":[],"footnotes":""},"categories":[26],"tags":[183,1505,1503],"class_list":["post-180312","post","type-post","status-publish","format-standard","has-post-thumbnail","hentry","category-cidades","tag-cidades","tag-olinda","tag-pernambuco"],"yoast_head":"<!-- This site is optimized with the Yoast SEO plugin v23.8 - https:\/\/yoast.com\/wordpress\/plugins\/seo\/ -->\n<title>Fundada em 1535, essa cidade est\u00e1 se tornando a queridinha de quem curte conhecer casar\u00f5es, praias e uma das culturas populares mais fortes do Brasil - Estado de Minas - Em foco<\/title>\n<meta name=\"description\" content=\"Entre patrim\u00f4nio hist\u00f3rico e vida litor\u00e2nea, o destino se destaca pela cultura popular vibrante e arquitetura antiga.\" \/>\n<meta name=\"robots\" content=\"index, follow, max-snippet:-1, max-image-preview:large, max-video-preview:-1\" \/>\n<link rel=\"canonical\" href=\"https:\/\/www.em.com.br\/emfoco\/2026\/03\/11\/fundada-em-1535-essa-cidade-esta-se-tornando-a-queridinha-de-quem-curte-conhecer-casaroes-praias-e-uma-das-culturas-populares-mais-fortes-do-brasil\/\" \/>\n<meta property=\"og:locale\" content=\"pt_BR\" \/>\n<meta property=\"og:type\" content=\"article\" \/>\n<meta property=\"og:title\" content=\"Fundada em 1535, essa cidade est\u00e1 se tornando a queridinha de quem curte conhecer casar\u00f5es, praias e uma das culturas populares mais fortes do Brasil - Estado de Minas - Em foco\" \/>\n<meta property=\"og:description\" content=\"Entre patrim\u00f4nio hist\u00f3rico e vida litor\u00e2nea, o destino se destaca pela cultura popular vibrante e arquitetura antiga.\" \/>\n<meta property=\"og:url\" content=\"https:\/\/www.em.com.br\/emfoco\/2026\/03\/11\/fundada-em-1535-essa-cidade-esta-se-tornando-a-queridinha-de-quem-curte-conhecer-casaroes-praias-e-uma-das-culturas-populares-mais-fortes-do-brasil\/\" \/>\n<meta property=\"og:site_name\" content=\"Estado de Minas - Em foco\" \/>\n<meta property=\"article:published_time\" content=\"2026-03-11T22:55:00+00:00\" \/>\n<meta property=\"article:modified_time\" content=\"2026-03-11T22:55:59+00:00\" \/>\n<meta property=\"og:image\" content=\"https:\/\/www.em.com.br\/emfoco\/wp-content\/uploads\/2025\/12\/Olinda_1748735737719.jpg\" \/>\n\t<meta property=\"og:image:width\" content=\"1279\" \/>\n\t<meta property=\"og:image:height\" content=\"720\" \/>\n\t<meta property=\"og:image:type\" content=\"image\/jpeg\" \/>\n<meta name=\"author\" content=\"Vitor Bruno\" \/>\n<meta name=\"twitter:card\" content=\"summary_large_image\" \/>\n<meta name=\"twitter:label1\" content=\"Escrito por\" \/>\n\t<meta name=\"twitter:data1\" content=\"Vitor Bruno\" \/>\n\t<meta name=\"twitter:label2\" content=\"Est. tempo de leitura\" \/>\n\t<meta name=\"twitter:data2\" content=\"5 minutos\" \/>\n<!-- \/ Yoast SEO plugin. -->","yoast_head_json":{"title":"Fundada em 1535, essa cidade est\u00e1 se tornando a queridinha de quem curte conhecer casar\u00f5es, praias e uma das culturas populares mais fortes do Brasil - Estado de Minas - Em foco","description":"Entre patrim\u00f4nio hist\u00f3rico e vida litor\u00e2nea, o destino se destaca pela cultura popular vibrante e arquitetura antiga.","robots":{"index":"index","follow":"follow","max-snippet":"max-snippet:-1","max-image-preview":"max-image-preview:large","max-video-preview":"max-video-preview:-1"},"canonical":"https:\/\/www.em.com.br\/emfoco\/2026\/03\/11\/fundada-em-1535-essa-cidade-esta-se-tornando-a-queridinha-de-quem-curte-conhecer-casaroes-praias-e-uma-das-culturas-populares-mais-fortes-do-brasil\/","og_locale":"pt_BR","og_type":"article","og_title":"Fundada em 1535, essa cidade est\u00e1 se tornando a queridinha de quem curte conhecer casar\u00f5es, praias e uma das culturas populares mais fortes do Brasil - Estado de Minas - Em foco","og_description":"Entre patrim\u00f4nio hist\u00f3rico e vida litor\u00e2nea, o destino se destaca pela cultura popular vibrante e arquitetura antiga.","og_url":"https:\/\/www.em.com.br\/emfoco\/2026\/03\/11\/fundada-em-1535-essa-cidade-esta-se-tornando-a-queridinha-de-quem-curte-conhecer-casaroes-praias-e-uma-das-culturas-populares-mais-fortes-do-brasil\/","og_site_name":"Estado de Minas - Em foco","article_published_time":"2026-03-11T22:55:00+00:00","article_modified_time":"2026-03-11T22:55:59+00:00","og_image":[{"width":1279,"height":720,"url":"https:\/\/www.em.com.br\/emfoco\/wp-content\/uploads\/2025\/12\/Olinda_1748735737719.jpg","type":"image\/jpeg"}],"author":"Vitor Bruno","twitter_card":"summary_large_image","twitter_misc":{"Escrito por":"Vitor Bruno","Est. tempo de leitura":"5 minutos"},"schema":{"@context":"https:\/\/schema.org","@graph":[{"@type":"WebPage","@id":"https:\/\/www.em.com.br\/emfoco\/2026\/03\/11\/fundada-em-1535-essa-cidade-esta-se-tornando-a-queridinha-de-quem-curte-conhecer-casaroes-praias-e-uma-das-culturas-populares-mais-fortes-do-brasil\/","url":"https:\/\/www.em.com.br\/emfoco\/2026\/03\/11\/fundada-em-1535-essa-cidade-esta-se-tornando-a-queridinha-de-quem-curte-conhecer-casaroes-praias-e-uma-das-culturas-populares-mais-fortes-do-brasil\/","name":"Fundada em 1535, essa cidade est\u00e1 se tornando a queridinha de quem curte conhecer casar\u00f5es, praias e uma das culturas populares mais fortes do Brasil - Estado de Minas - Em foco","isPartOf":{"@id":"https:\/\/www.em.com.br\/emfoco\/#website"},"primaryImageOfPage":{"@id":"https:\/\/www.em.com.br\/emfoco\/2026\/03\/11\/fundada-em-1535-essa-cidade-esta-se-tornando-a-queridinha-de-quem-curte-conhecer-casaroes-praias-e-uma-das-culturas-populares-mais-fortes-do-brasil\/#primaryimage"},"image":{"@id":"https:\/\/www.em.com.br\/emfoco\/2026\/03\/11\/fundada-em-1535-essa-cidade-esta-se-tornando-a-queridinha-de-quem-curte-conhecer-casaroes-praias-e-uma-das-culturas-populares-mais-fortes-do-brasil\/#primaryimage"},"thumbnailUrl":"https:\/\/www.em.com.br\/emfoco\/wp-content\/uploads\/2025\/12\/Olinda_1748735737719.jpg","datePublished":"2026-03-11T22:55:00+00:00","dateModified":"2026-03-11T22:55:59+00:00","author":{"@id":"https:\/\/www.em.com.br\/emfoco\/#\/schema\/person\/364ac1852fafd00f1be20f0b8b237569"},"description":"Entre patrim\u00f4nio hist\u00f3rico e vida litor\u00e2nea, o destino se destaca pela cultura popular vibrante e arquitetura antiga.","breadcrumb":{"@id":"https:\/\/www.em.com.br\/emfoco\/2026\/03\/11\/fundada-em-1535-essa-cidade-esta-se-tornando-a-queridinha-de-quem-curte-conhecer-casaroes-praias-e-uma-das-culturas-populares-mais-fortes-do-brasil\/#breadcrumb"},"inLanguage":"pt-BR","potentialAction":[{"@type":"ReadAction","target":["https:\/\/www.em.com.br\/emfoco\/2026\/03\/11\/fundada-em-1535-essa-cidade-esta-se-tornando-a-queridinha-de-quem-curte-conhecer-casaroes-praias-e-uma-das-culturas-populares-mais-fortes-do-brasil\/"]}]},{"@type":"ImageObject","inLanguage":"pt-BR","@id":"https:\/\/www.em.com.br\/emfoco\/2026\/03\/11\/fundada-em-1535-essa-cidade-esta-se-tornando-a-queridinha-de-quem-curte-conhecer-casaroes-praias-e-uma-das-culturas-populares-mais-fortes-do-brasil\/#primaryimage","url":"https:\/\/www.em.com.br\/emfoco\/wp-content\/uploads\/2025\/12\/Olinda_1748735737719.jpg","contentUrl":"https:\/\/www.em.com.br\/emfoco\/wp-content\/uploads\/2025\/12\/Olinda_1748735737719.jpg","width":1279,"height":720,"caption":"Olinda: a Lisboa Pequena a 6 km de Recife que \u00e9 Patrim\u00f4nio Mundial da UNESCO \/\/ Cr\u00e9ditos: depositphotos.com \/ giannakisphoto"},{"@type":"BreadcrumbList","@id":"https:\/\/www.em.com.br\/emfoco\/2026\/03\/11\/fundada-em-1535-essa-cidade-esta-se-tornando-a-queridinha-de-quem-curte-conhecer-casaroes-praias-e-uma-das-culturas-populares-mais-fortes-do-brasil\/#breadcrumb","itemListElement":[{"@type":"ListItem","position":1,"name":"In\u00edcio","item":"https:\/\/www.em.com.br\/emfoco\/"},{"@type":"ListItem","position":2,"name":"Fundada em 1535, essa cidade est\u00e1 se tornando a queridinha de quem curte conhecer casar\u00f5es, praias e uma das culturas populares mais fortes do Brasil"}]},{"@type":"WebSite","@id":"https:\/\/www.em.com.br\/emfoco\/#website","url":"https:\/\/www.em.com.br\/emfoco\/","name":"Estado de Minas - Em foco","description":"Acompanhe as \u00faltimas not\u00edcias e fique bem informado sobre tudo o que acontece em Minas Gerais, Brasil e no mundo.","potentialAction":[{"@type":"SearchAction","target":{"@type":"EntryPoint","urlTemplate":"https:\/\/www.em.com.br\/emfoco\/?s={search_term_string}"},"query-input":{"@type":"PropertyValueSpecification","valueRequired":true,"valueName":"search_term_string"}}],"inLanguage":"pt-BR"},{"@type":"Person","@id":"https:\/\/www.em.com.br\/emfoco\/#\/schema\/person\/364ac1852fafd00f1be20f0b8b237569","name":"Vitor Bruno","image":{"@type":"ImageObject","inLanguage":"pt-BR","@id":"https:\/\/www.em.com.br\/emfoco\/#\/schema\/person\/image\/","url":"https:\/\/secure.gravatar.com\/avatar\/b719e5cdede09f942064960883b5524d?s=96&d=mm&r=g","contentUrl":"https:\/\/secure.gravatar.com\/avatar\/b719e5cdede09f942064960883b5524d?s=96&d=mm&r=g","caption":"Vitor Bruno"},"sameAs":["https:\/\/www.em.com.br\/emfoco\/"],"url":"https:\/\/www.em.com.br\/emfoco\/author\/vitormyth\/"}]}},"_links":{"self":[{"href":"https:\/\/www.em.com.br\/emfoco\/wp-json\/wp\/v2\/posts\/180312","targetHints":{"allow":["GET"]}}],"collection":[{"href":"https:\/\/www.em.com.br\/emfoco\/wp-json\/wp\/v2\/posts"}],"about":[{"href":"https:\/\/www.em.com.br\/emfoco\/wp-json\/wp\/v2\/types\/post"}],"author":[{"embeddable":true,"href":"https:\/\/www.em.com.br\/emfoco\/wp-json\/wp\/v2\/users\/6"}],"replies":[{"embeddable":true,"href":"https:\/\/www.em.com.br\/emfoco\/wp-json\/wp\/v2\/comments?post=180312"}],"version-history":[{"count":3,"href":"https:\/\/www.em.com.br\/emfoco\/wp-json\/wp\/v2\/posts\/180312\/revisions"}],"predecessor-version":[{"id":180512,"href":"https:\/\/www.em.com.br\/emfoco\/wp-json\/wp\/v2\/posts\/180312\/revisions\/180512"}],"wp:featuredmedia":[{"embeddable":true,"href":"https:\/\/www.em.com.br\/emfoco\/wp-json\/wp\/v2\/media\/147665"}],"wp:attachment":[{"href":"https:\/\/www.em.com.br\/emfoco\/wp-json\/wp\/v2\/media?parent=180312"}],"wp:term":[{"taxonomy":"category","embeddable":true,"href":"https:\/\/www.em.com.br\/emfoco\/wp-json\/wp\/v2\/categories?post=180312"},{"taxonomy":"post_tag","embeddable":true,"href":"https:\/\/www.em.com.br\/emfoco\/wp-json\/wp\/v2\/tags?post=180312"}],"curies":[{"name":"wp","href":"https:\/\/api.w.org\/{rel}","templated":true}]}}