{"id":180310,"date":"2026-03-11T18:05:00","date_gmt":"2026-03-11T21:05:00","guid":{"rendered":"https:\/\/www.em.com.br\/emfoco\/?p=180310"},"modified":"2026-03-11T18:06:25","modified_gmt":"2026-03-11T21:06:25","slug":"a-pequena-vila-nordestina-que-os-cineastas-franceses-descobriram-praias-que-conquistam-turistas-do-mundo-inteiro","status":"publish","type":"post","link":"https:\/\/www.em.com.br\/emfoco\/2026\/03\/11\/a-pequena-vila-nordestina-que-os-cineastas-franceses-descobriram-praias-que-conquistam-turistas-do-mundo-inteiro\/","title":{"rendered":"A pequena vila nordestina que os cineastas franceses descobriram: praias que conquistam turistas do mundo inteiro"},"content":{"rendered":"\n<p>Uma lua crescente e uma estrela esculpidas num pared\u00e3o vermelho recebem quem desce as escadarias rumo \u00e0 praia. <strong>Canoa Quebrada<\/strong>, no litoral leste do <strong>Cear\u00e1<\/strong>, nasceu como vila de pescadores, foi descoberta por cineastas da <strong>Nouvelle Vague<\/strong> francesa nos anos 1960, virou ref\u00fagio hippie na d\u00e9cada seguinte e hoje atrai visitantes do mundo inteiro sem perder o clima de liberdade que a marcou desde o in\u00edcio.<\/p>\n\n\n\n<h2 class=\"wp-block-heading\">O naufr\u00e1gio de 1650 que batizou a praia<\/h2>\n\n\n\n<p>A hist\u00f3ria do nome remonta ao s\u00e9culo XVII. Em 1650, o navegador portugu\u00eas <strong>Francisco Soares da Cunha<\/strong> encalhou sua embarca\u00e7\u00e3o na costa entre <strong>Ponta Grossa<\/strong> e <strong>Aracati<\/strong> enquanto mapeava a regi\u00e3o. Sem conseguir reparar o barco, a tripula\u00e7\u00e3o o entregou a um morador chamado <strong>Sim\u00e3o<\/strong>. Quando outros pescadores vieram ajudar a desmontar a embarca\u00e7\u00e3o, a frase ficou: \u201cvamos quebrar a canoa\u201d. O nome pegou e nunca mais saiu do mapa.<\/p>\n\n\n\n<p>A vila permaneceu isolada por mais de tr\u00eas s\u00e9culos. At\u00e9 os anos 1960, o acesso era prec\u00e1rio e a popula\u00e7\u00e3o vivia quase exclusivamente da pesca com jangadas. A estrada que liga Canoa Quebrada a <strong>Aracati<\/strong> s\u00f3 foi asfaltada em 1995.<\/p>\n\n\n<div class=\"wp-block-image\">\n<figure class=\"aligncenter size-large\"><img loading=\"lazy\" decoding=\"async\" width=\"1024\" height=\"576\" src=\"https:\/\/www.em.com.br\/emfoco\/wp-content\/uploads\/2025\/12\/Canoa-Quebrada_1761437437480-1024x576.jpg\" alt=\"\" class=\"wp-image-141593\" srcset=\"https:\/\/www.em.com.br\/emfoco\/wp-content\/uploads\/2025\/12\/Canoa-Quebrada_1761437437480-1024x576.jpg 1024w, https:\/\/www.em.com.br\/emfoco\/wp-content\/uploads\/2025\/12\/Canoa-Quebrada_1761437437480-300x169.jpg 300w, https:\/\/www.em.com.br\/emfoco\/wp-content\/uploads\/2025\/12\/Canoa-Quebrada_1761437437480-768x432.jpg 768w, https:\/\/www.em.com.br\/emfoco\/wp-content\/uploads\/2025\/12\/Canoa-Quebrada_1761437437480-750x422.jpg 750w, https:\/\/www.em.com.br\/emfoco\/wp-content\/uploads\/2025\/12\/Canoa-Quebrada_1761437437480-1140x641.jpg 1140w, https:\/\/www.em.com.br\/emfoco\/wp-content\/uploads\/2025\/12\/Canoa-Quebrada_1761437437480.jpg 1280w\" sizes=\"auto, (max-width: 1024px) 100vw, 1024px\" \/><figcaption class=\"wp-element-caption\">Canoa Quebrada combina paisagens \u00fanicas, p\u00f4r do sol inesquec\u00edvel e clima acolhedor \/\/ Cr\u00e9ditos: depositphotos.com \/ phaelnogueira<\/figcaption><\/figure><\/div>\n\n\n<h2 class=\"wp-block-heading\">De onde vem a lua e a estrela das fal\u00e9sias?<\/h2>\n\n\n\n<p>O s\u00edmbolo mais fotografado do <strong>Cear\u00e1<\/strong> tem pelo menos tr\u00eas vers\u00f5es de origem. Uma delas conta que cineastas franceses, ligados ao movimento <strong>Nouvelle Vague<\/strong>, filmaram cenas do longa <strong>Le Grabuge<\/strong> (1968), dirigido por <strong>\u00c9douard Luntz<\/strong>, na vila e em Aracati. Na equipe havia um marroquino mu\u00e7ulmano que, segundo a tradi\u00e7\u00e3o local, mandou esculpir a lua e a estrela nas fal\u00e9sias como refer\u00eancia \u00e0 sua f\u00e9.<\/p>\n\n\n\n<p>Outra vers\u00e3o aponta o artes\u00e3o <strong>Chico Elizi\u00e1rio<\/strong>, que nos anos 1970 come\u00e7ou a gravar a meia-lua e a estrela em pe\u00e7as de artesanato a pedido de um visitante paquistan\u00eas. Mais tarde, o arquiteto <strong>Carlos Limaverde<\/strong> (conhecido como Kako) esculpiu o desenho diretamente na fal\u00e9sia em 1977 e passou dez anos restaurando a obra contra a a\u00e7\u00e3o do vento e da chuva. Desde 1986, o s\u00edmbolo \u00e9 a marca registrada da praia. Hoje h\u00e1 quatro vers\u00f5es esculpidas ao longo do pared\u00e3o.<\/p>\n\n\n\n<p><strong>Leia tamb\u00e9m: <a href=\"https:\/\/www.em.com.br\/emfoco\/2026\/03\/04\/uma-montanha-1-385-metros-desapareceu-a-cidade-mineira-a-2-horas-de-belo-horizonte-onde-a-paisagem-valia-menos-que-os-lucros-e-o-maior-poeta-brasileiro-nasceu\/\" target=\"_blank\" rel=\"noreferrer noopener\">Uma montanha de 1.385 metros desapareceu, a cidade mineira a 2 horas de Belo Horizonte onde a paisagem valia menos que os lucros e o maior poeta brasileiro nasceu<\/a><\/strong><\/p>\n\n\n\n<h2 class=\"wp-block-heading\">A Broadway que homenageia um her\u00f3i abolicionista<\/h2>\n\n\n\n<p>A rua principal de Canoa Quebrada \u00e9 conhecida como Broadway pelo movimento noturno que mistura forr\u00f3, reggae e m\u00fasica ao vivo at\u00e9 o amanhecer. O nome oficial, por\u00e9m, \u00e9 <strong>Rua Drag\u00e3o do Mar<\/strong>, em homenagem a <strong>Francisco Jos\u00e9 do Nascimento<\/strong>, o Chico da Matilde, nascido na regi\u00e3o em 1839. Ele liderou a greve dos jangadeiros em 1881 e impediu o embarque de pessoas escravizadas no porto de <strong>Fortaleza<\/strong>, ajudando o Cear\u00e1 a se tornar a primeira prov\u00edncia brasileira a abolir a escravid\u00e3o, em 1884, quatro anos antes da <strong>Lei \u00c1urea<\/strong>.<\/p>\n\n\n\n<p>A cal\u00e7ada de pedra portuguesa chegou \u00e0 Broadway s\u00f3 em 2003. Hoje, o cal\u00e7ad\u00e3o re\u00fane pousadas, restaurantes, lojas de artesanato e barracas que servem de ponto de encontro entre moradores e turistas.<\/p>\n\n\n<div class=\"wp-block-image\">\n<figure class=\"aligncenter size-large\"><img loading=\"lazy\" decoding=\"async\" width=\"1024\" height=\"576\" src=\"https:\/\/www.em.com.br\/emfoco\/wp-content\/uploads\/2025\/12\/Canoa-Quebrada_1761437398861-1024x576.jpg\" alt=\"\" class=\"wp-image-141592\" srcset=\"https:\/\/www.em.com.br\/emfoco\/wp-content\/uploads\/2025\/12\/Canoa-Quebrada_1761437398861-1024x576.jpg 1024w, https:\/\/www.em.com.br\/emfoco\/wp-content\/uploads\/2025\/12\/Canoa-Quebrada_1761437398861-300x169.jpg 300w, https:\/\/www.em.com.br\/emfoco\/wp-content\/uploads\/2025\/12\/Canoa-Quebrada_1761437398861-768x432.jpg 768w, https:\/\/www.em.com.br\/emfoco\/wp-content\/uploads\/2025\/12\/Canoa-Quebrada_1761437398861-750x422.jpg 750w, https:\/\/www.em.com.br\/emfoco\/wp-content\/uploads\/2025\/12\/Canoa-Quebrada_1761437398861-1140x641.jpg 1140w, https:\/\/www.em.com.br\/emfoco\/wp-content\/uploads\/2025\/12\/Canoa-Quebrada_1761437398861.jpg 1280w\" sizes=\"auto, (max-width: 1024px) 100vw, 1024px\" \/><figcaption class=\"wp-element-caption\">A vila de Canoa Quebrada \u00e9 um ref\u00fagio paradis\u00edaco que conquista brasileiros e estrangeiros \/\/ Cr\u00e9ditos: depositphotos.com \/ ammonite<\/figcaption><\/figure><\/div>\n\n\n<h2 class=\"wp-block-heading\">O que fazer entre fal\u00e9sias e dunas em Canoa Quebrada?<\/h2>\n\n\n\n<p>A paisagem combina pared\u00f5es avermelhados de at\u00e9 30 metros com dunas brancas, lagoas e um mar esverdeado. A <a href=\"https:\/\/www.semace.ce.gov.br\/2010\/12\/09\/area-de-protecao-ambiental-de-canoa-quebrada\/\" target=\"_blank\" rel=\"noreferrer noopener\"><strong>Superintend\u00eancia Estadual do Meio Ambiente (SEMACE)<\/strong><\/a> classifica toda a regi\u00e3o como \u00c1rea de Prote\u00e7\u00e3o Ambiental desde 1998. Dentro dessa \u00e1rea protegida, os passeios mais procurados incluem:<\/p>\n\n\n\n<ul class=\"wp-block-list has-medium-font-size\">\n<li><strong>Passeio de buggy pelas dunas<\/strong>: roteiros de uma a tr\u00eas horas com paradas para esquibunda e tirolesa sobre lagoas. A maior tirolesa tem 300 metros de extens\u00e3o.<\/li>\n\n\n\n<li><strong>Duna do P\u00f4r do Sol<\/strong>: ponto mais alto da regi\u00e3o, com vista panor\u00e2mica de toda a costa. A <a href=\"https:\/\/www.aracati.ce.gov.br\/informa.php?id=776\" target=\"_blank\" rel=\"noreferrer noopener\"><strong>Prefeitura de Aracati<\/strong><\/a> promove luaus e apresenta\u00e7\u00f5es musicais no local.<\/li>\n\n\n\n<li><strong>Passeio de jangada<\/strong>: navega\u00e7\u00e3o tradicional que permite ver as fal\u00e9sias coloridas do mar e acompanhar o trabalho dos pescadores locais.<\/li>\n\n\n\n<li><strong>Kitesurf e parapente<\/strong>: os ventos al\u00edsios constantes e as correntes t\u00e9rmicas das fal\u00e9sias fazem de Canoa um dos melhores pontos do <strong>Brasil<\/strong> para esportes de vento, segundo o <a href=\"https:\/\/www.ceara.gov.br\/2010\/03\/12\/canoa-quebrada\/\" target=\"_blank\" rel=\"noreferrer noopener\"><strong>Governo do Cear\u00e1<\/strong><\/a>.<\/li>\n\n\n\n<li><strong>Ponta Grossa<\/strong>: passeio de buggy que segue pelo litoral at\u00e9 o munic\u00edpio vizinho de <strong>Icapu\u00ed<\/strong>, passando por fal\u00e9sias ainda mais preservadas e praias quase desertas.<\/li>\n<\/ul>\n\n\n\n<p>Quem planeja viajar para o <strong>Cear\u00e1<\/strong>, vai curtir esse v\u00eddeo especialmente selecionado do canal <strong>Dream Big<\/strong>, que conta com mais de <strong>95 mil<\/strong> visualiza\u00e7\u00f5es, onde <strong>Daniel e Renata<\/strong> mostram as fal\u00e9sias, a famosa Broadway e o p\u00f4r do sol em <strong>Canoa Quebrada<\/strong>:<\/p>\n\n\n\n<figure class=\"wp-block-embed is-type-video is-provider-youtube wp-block-embed-youtube wp-embed-aspect-16-9 wp-has-aspect-ratio\"><div class=\"wp-block-embed__wrapper\">\n<div class=\"jeg_video_container jeg_video_content\"><iframe loading=\"lazy\" title=\"CANOA QUEBRADA - Uma das praias mais famosas do Cear\u00e1\" width=\"500\" height=\"281\" src=\"https:\/\/www.youtube.com\/embed\/VznA0Yr2lxg?feature=oembed\" frameborder=\"0\" allow=\"accelerometer; autoplay; clipboard-write; encrypted-media; gyroscope; picture-in-picture; web-share\" referrerpolicy=\"strict-origin-when-cross-origin\" allowfullscreen><\/iframe><\/div>\n<\/div><\/figure>\n\n\n\n<h2 class=\"wp-block-heading\">A cidade colonial a 13 km da praia<\/h2>\n\n\n\n<p>Canoa Quebrada pertence ao munic\u00edpio de Aracati, fundado como vila em 1747 e enriquecido pelo com\u00e9rcio de charque no per\u00edodo colonial. A sede municipal guarda mais de 2.500 edifica\u00e7\u00f5es com fachadas de azulejos portugueses dos s\u00e9culos XVIII e XIX, tombadas como patrim\u00f4nio nacional pelo <a href=\"http:\/\/portal.iphan.gov.br\/pagina\/detalhes\/248\" target=\"_blank\" rel=\"noreferrer noopener\"><strong>Instituto do Patrim\u00f4nio Hist\u00f3rico e Art\u00edstico Nacional (IPHAN)<\/strong><\/a> em 2001. O <strong>Museu Jaguaribano<\/strong>, instalado no Solar do Bar\u00e3o de Aracati, e a <strong>Igreja Matriz de Nossa Senhora do Ros\u00e1rio<\/strong> s\u00e3o paradas obrigat\u00f3rias para quem quer entender como o interior do Cear\u00e1 financiou parte da economia colonial brasileira.<\/p>\n\n\n\n<h2 class=\"wp-block-heading\">Como chegar a Canoa Quebrada<\/h2>\n\n\n\n<p>A praia fica a cerca de 160 km de <strong>Fortaleza<\/strong>, com acesso pela <strong>CE-040<\/strong> (Rota do Sol Nascente) e depois pela <strong>BR-304<\/strong>. O trajeto de carro leva em torno de duas horas por estrada duplicada e bem sinalizada. De \u00f4nibus, a <strong>Via\u00e7\u00e3o S\u00e3o Benedito<\/strong> opera linhas di\u00e1rias saindo da rodovi\u00e1ria de Fortaleza at\u00e9 Canoa Quebrada. A regi\u00e3o tamb\u00e9m conta com o <strong>Aeroporto Regional Drag\u00e3o do Mar<\/strong>, em Aracati, a 20 km da praia, que recebe voos regionais.<\/p>\n\n\n\n<iframe src=\"https:\/\/www.google.com\/maps\/embed?pb=!1m18!1m12!1m3!1d7954.76022191152!2d-37.70866970586423!3d-4.525357481796281!2m3!1f0!2f0!3f0!3m2!1i1024!2i768!4f13.1!3m3!1m2!1s0x7b84b3b26eac955%3A0xadd5f8faff3b42b7!2sCanoa%20Quebrada%20-%20Aracati%2C%20CE!5e0!3m2!1spt-BR!2sbr!4v1773263154278!5m2!1spt-BR!2sbr\" width=\"600\" height=\"450\" style=\"border:0;\" allowfullscreen=\"\" loading=\"lazy\" referrerpolicy=\"no-referrer-when-downgrade\"><\/iframe>\n\n\n\n<h2 class=\"wp-block-heading\">Onde o vento conta hist\u00f3rias nas fal\u00e9sias<\/h2>\n\n\n\n<p>Canoa Quebrada guarda camadas de hist\u00f3ria em cada pared\u00e3o vermelho: um naufr\u00e1gio do s\u00e9culo XVII no nome, um s\u00edmbolo de inspira\u00e7\u00e3o isl\u00e2mica nas fal\u00e9sias, um her\u00f3i abolicionista no nome da rua e a heran\u00e7a de cineastas e hippies que transformaram uma vila de pescadores em destino internacional.<\/p>\n\n\n\n<p>Voc\u00ea precisa subir a Duna do P\u00f4r do Sol, deixar o vento do litoral cearense bater no rosto e entender por que tanta gente, desde os anos 1960, chega a Canoa e resolve ficar.<\/p>\n","protected":false},"excerpt":{"rendered":"<p>Uma lua crescente e uma estrela esculpidas num pared\u00e3o vermelho recebem quem desce as escadarias rumo \u00e0 praia. Canoa Quebrada, no litoral leste do Cear\u00e1, nasceu como vila de pescadores, foi descoberta por cineastas da Nouvelle Vague francesa nos anos 1960, virou ref\u00fagio hippie na d\u00e9cada seguinte e hoje atrai visitantes do mundo inteiro sem [&hellip;]<\/p>\n","protected":false},"author":6,"featured_media":141590,"comment_status":"open","ping_status":"open","sticky":false,"template":"","format":"standard","meta":{"jnews-multi-image_gallery":[],"jnews_single_post":{"format":"standard"},"jnews_primary_category":[],"jnews_social_meta":[],"jnews_override_counter":[],"footnotes":""},"categories":[26],"tags":[18477,3260,183],"class_list":["post-180310","post","type-post","status-publish","format-standard","has-post-thumbnail","hentry","category-cidades","tag-canoa-quebrada","tag-ceara","tag-cidades"],"yoast_head":"<!-- This site is optimized with the Yoast SEO plugin v23.8 - https:\/\/yoast.com\/wordpress\/plugins\/seo\/ -->\n<title>A pequena vila nordestina que os cineastas franceses descobriram: praias que conquistam turistas do mundo inteiro - Estado de Minas - Em foco<\/title>\n<meta name=\"description\" content=\"Uma vila nordestina discreta ganhou proje\u00e7\u00e3o internacional ap\u00f3s chamar a aten\u00e7\u00e3o de cineastas estrangeiros.\" \/>\n<meta name=\"robots\" content=\"index, follow, max-snippet:-1, max-image-preview:large, max-video-preview:-1\" \/>\n<link rel=\"canonical\" href=\"https:\/\/www.em.com.br\/emfoco\/2026\/03\/11\/a-pequena-vila-nordestina-que-os-cineastas-franceses-descobriram-praias-que-conquistam-turistas-do-mundo-inteiro\/\" \/>\n<meta property=\"og:locale\" content=\"pt_BR\" \/>\n<meta property=\"og:type\" content=\"article\" \/>\n<meta property=\"og:title\" content=\"A pequena vila nordestina que os cineastas franceses descobriram: praias que conquistam turistas do mundo inteiro - Estado de Minas - Em foco\" \/>\n<meta property=\"og:description\" content=\"Uma vila nordestina discreta ganhou proje\u00e7\u00e3o internacional ap\u00f3s chamar a aten\u00e7\u00e3o de cineastas estrangeiros.\" \/>\n<meta property=\"og:url\" content=\"https:\/\/www.em.com.br\/emfoco\/2026\/03\/11\/a-pequena-vila-nordestina-que-os-cineastas-franceses-descobriram-praias-que-conquistam-turistas-do-mundo-inteiro\/\" \/>\n<meta property=\"og:site_name\" content=\"Estado de Minas - Em foco\" \/>\n<meta property=\"article:published_time\" content=\"2026-03-11T21:05:00+00:00\" \/>\n<meta property=\"article:modified_time\" content=\"2026-03-11T21:06:25+00:00\" \/>\n<meta property=\"og:image\" content=\"https:\/\/www.em.com.br\/emfoco\/wp-content\/uploads\/2025\/12\/Canoa-Quebrada_1761382076778.jpg\" \/>\n\t<meta property=\"og:image:width\" content=\"1280\" \/>\n\t<meta property=\"og:image:height\" content=\"720\" \/>\n\t<meta property=\"og:image:type\" content=\"image\/jpeg\" \/>\n<meta name=\"author\" content=\"Vitor Bruno\" \/>\n<meta name=\"twitter:card\" content=\"summary_large_image\" \/>\n<meta name=\"twitter:label1\" content=\"Escrito por\" \/>\n\t<meta name=\"twitter:data1\" content=\"Vitor Bruno\" \/>\n\t<meta name=\"twitter:label2\" content=\"Est. tempo de leitura\" \/>\n\t<meta name=\"twitter:data2\" content=\"7 minutos\" \/>\n<!-- \/ Yoast SEO plugin. -->","yoast_head_json":{"title":"A pequena vila nordestina que os cineastas franceses descobriram: praias que conquistam turistas do mundo inteiro - Estado de Minas - Em foco","description":"Uma vila nordestina discreta ganhou proje\u00e7\u00e3o internacional ap\u00f3s chamar a aten\u00e7\u00e3o de cineastas estrangeiros.","robots":{"index":"index","follow":"follow","max-snippet":"max-snippet:-1","max-image-preview":"max-image-preview:large","max-video-preview":"max-video-preview:-1"},"canonical":"https:\/\/www.em.com.br\/emfoco\/2026\/03\/11\/a-pequena-vila-nordestina-que-os-cineastas-franceses-descobriram-praias-que-conquistam-turistas-do-mundo-inteiro\/","og_locale":"pt_BR","og_type":"article","og_title":"A pequena vila nordestina que os cineastas franceses descobriram: praias que conquistam turistas do mundo inteiro - Estado de Minas - Em foco","og_description":"Uma vila nordestina discreta ganhou proje\u00e7\u00e3o internacional ap\u00f3s chamar a aten\u00e7\u00e3o de cineastas estrangeiros.","og_url":"https:\/\/www.em.com.br\/emfoco\/2026\/03\/11\/a-pequena-vila-nordestina-que-os-cineastas-franceses-descobriram-praias-que-conquistam-turistas-do-mundo-inteiro\/","og_site_name":"Estado de Minas - Em foco","article_published_time":"2026-03-11T21:05:00+00:00","article_modified_time":"2026-03-11T21:06:25+00:00","og_image":[{"width":1280,"height":720,"url":"https:\/\/www.em.com.br\/emfoco\/wp-content\/uploads\/2025\/12\/Canoa-Quebrada_1761382076778.jpg","type":"image\/jpeg"}],"author":"Vitor Bruno","twitter_card":"summary_large_image","twitter_misc":{"Escrito por":"Vitor Bruno","Est. tempo de leitura":"7 minutos"},"schema":{"@context":"https:\/\/schema.org","@graph":[{"@type":"WebPage","@id":"https:\/\/www.em.com.br\/emfoco\/2026\/03\/11\/a-pequena-vila-nordestina-que-os-cineastas-franceses-descobriram-praias-que-conquistam-turistas-do-mundo-inteiro\/","url":"https:\/\/www.em.com.br\/emfoco\/2026\/03\/11\/a-pequena-vila-nordestina-que-os-cineastas-franceses-descobriram-praias-que-conquistam-turistas-do-mundo-inteiro\/","name":"A pequena vila nordestina que os cineastas franceses descobriram: praias que conquistam turistas do mundo inteiro - Estado de Minas - Em foco","isPartOf":{"@id":"https:\/\/www.em.com.br\/emfoco\/#website"},"primaryImageOfPage":{"@id":"https:\/\/www.em.com.br\/emfoco\/2026\/03\/11\/a-pequena-vila-nordestina-que-os-cineastas-franceses-descobriram-praias-que-conquistam-turistas-do-mundo-inteiro\/#primaryimage"},"image":{"@id":"https:\/\/www.em.com.br\/emfoco\/2026\/03\/11\/a-pequena-vila-nordestina-que-os-cineastas-franceses-descobriram-praias-que-conquistam-turistas-do-mundo-inteiro\/#primaryimage"},"thumbnailUrl":"https:\/\/www.em.com.br\/emfoco\/wp-content\/uploads\/2025\/12\/Canoa-Quebrada_1761382076778.jpg","datePublished":"2026-03-11T21:05:00+00:00","dateModified":"2026-03-11T21:06:25+00:00","author":{"@id":"https:\/\/www.em.com.br\/emfoco\/#\/schema\/person\/364ac1852fafd00f1be20f0b8b237569"},"description":"Uma vila nordestina discreta ganhou proje\u00e7\u00e3o internacional ap\u00f3s chamar a aten\u00e7\u00e3o de cineastas estrangeiros.","breadcrumb":{"@id":"https:\/\/www.em.com.br\/emfoco\/2026\/03\/11\/a-pequena-vila-nordestina-que-os-cineastas-franceses-descobriram-praias-que-conquistam-turistas-do-mundo-inteiro\/#breadcrumb"},"inLanguage":"pt-BR","potentialAction":[{"@type":"ReadAction","target":["https:\/\/www.em.com.br\/emfoco\/2026\/03\/11\/a-pequena-vila-nordestina-que-os-cineastas-franceses-descobriram-praias-que-conquistam-turistas-do-mundo-inteiro\/"]}]},{"@type":"ImageObject","inLanguage":"pt-BR","@id":"https:\/\/www.em.com.br\/emfoco\/2026\/03\/11\/a-pequena-vila-nordestina-que-os-cineastas-franceses-descobriram-praias-que-conquistam-turistas-do-mundo-inteiro\/#primaryimage","url":"https:\/\/www.em.com.br\/emfoco\/wp-content\/uploads\/2025\/12\/Canoa-Quebrada_1761382076778.jpg","contentUrl":"https:\/\/www.em.com.br\/emfoco\/wp-content\/uploads\/2025\/12\/Canoa-Quebrada_1761382076778.jpg","width":1280,"height":720,"caption":"Canoa Quebrada encanta com fal\u00e9sias vermelhas e ventos ideais para o kitesurf no Cear\u00e1 \/\/ Cr\u00e9ditos: depositphotos.com \/ phaelnogueira"},{"@type":"BreadcrumbList","@id":"https:\/\/www.em.com.br\/emfoco\/2026\/03\/11\/a-pequena-vila-nordestina-que-os-cineastas-franceses-descobriram-praias-que-conquistam-turistas-do-mundo-inteiro\/#breadcrumb","itemListElement":[{"@type":"ListItem","position":1,"name":"In\u00edcio","item":"https:\/\/www.em.com.br\/emfoco\/"},{"@type":"ListItem","position":2,"name":"A pequena vila nordestina que os cineastas franceses descobriram: praias que conquistam turistas do mundo inteiro"}]},{"@type":"WebSite","@id":"https:\/\/www.em.com.br\/emfoco\/#website","url":"https:\/\/www.em.com.br\/emfoco\/","name":"Estado de Minas - Em foco","description":"Acompanhe as \u00faltimas not\u00edcias e fique bem informado sobre tudo o que acontece em Minas Gerais, Brasil e no mundo.","potentialAction":[{"@type":"SearchAction","target":{"@type":"EntryPoint","urlTemplate":"https:\/\/www.em.com.br\/emfoco\/?s={search_term_string}"},"query-input":{"@type":"PropertyValueSpecification","valueRequired":true,"valueName":"search_term_string"}}],"inLanguage":"pt-BR"},{"@type":"Person","@id":"https:\/\/www.em.com.br\/emfoco\/#\/schema\/person\/364ac1852fafd00f1be20f0b8b237569","name":"Vitor Bruno","image":{"@type":"ImageObject","inLanguage":"pt-BR","@id":"https:\/\/www.em.com.br\/emfoco\/#\/schema\/person\/image\/","url":"https:\/\/secure.gravatar.com\/avatar\/b719e5cdede09f942064960883b5524d?s=96&d=mm&r=g","contentUrl":"https:\/\/secure.gravatar.com\/avatar\/b719e5cdede09f942064960883b5524d?s=96&d=mm&r=g","caption":"Vitor Bruno"},"sameAs":["https:\/\/www.em.com.br\/emfoco\/"],"url":"https:\/\/www.em.com.br\/emfoco\/author\/vitormyth\/"}]}},"_links":{"self":[{"href":"https:\/\/www.em.com.br\/emfoco\/wp-json\/wp\/v2\/posts\/180310","targetHints":{"allow":["GET"]}}],"collection":[{"href":"https:\/\/www.em.com.br\/emfoco\/wp-json\/wp\/v2\/posts"}],"about":[{"href":"https:\/\/www.em.com.br\/emfoco\/wp-json\/wp\/v2\/types\/post"}],"author":[{"embeddable":true,"href":"https:\/\/www.em.com.br\/emfoco\/wp-json\/wp\/v2\/users\/6"}],"replies":[{"embeddable":true,"href":"https:\/\/www.em.com.br\/emfoco\/wp-json\/wp\/v2\/comments?post=180310"}],"version-history":[{"count":2,"href":"https:\/\/www.em.com.br\/emfoco\/wp-json\/wp\/v2\/posts\/180310\/revisions"}],"predecessor-version":[{"id":180468,"href":"https:\/\/www.em.com.br\/emfoco\/wp-json\/wp\/v2\/posts\/180310\/revisions\/180468"}],"wp:featuredmedia":[{"embeddable":true,"href":"https:\/\/www.em.com.br\/emfoco\/wp-json\/wp\/v2\/media\/141590"}],"wp:attachment":[{"href":"https:\/\/www.em.com.br\/emfoco\/wp-json\/wp\/v2\/media?parent=180310"}],"wp:term":[{"taxonomy":"category","embeddable":true,"href":"https:\/\/www.em.com.br\/emfoco\/wp-json\/wp\/v2\/categories?post=180310"},{"taxonomy":"post_tag","embeddable":true,"href":"https:\/\/www.em.com.br\/emfoco\/wp-json\/wp\/v2\/tags?post=180310"}],"curies":[{"name":"wp","href":"https:\/\/api.w.org\/{rel}","templated":true}]}}