{"id":180298,"date":"2026-03-12T21:05:38","date_gmt":"2026-03-13T00:05:38","guid":{"rendered":"https:\/\/www.em.com.br\/emfoco\/?p=180298"},"modified":"2026-03-11T16:01:31","modified_gmt":"2026-03-11T19:01:31","slug":"a-arvore-brasileira-que-combate-a-retencao-de-liquidos-e-o-inchaco-nas-pernas","status":"publish","type":"post","link":"https:\/\/www.em.com.br\/emfoco\/2026\/03\/12\/a-arvore-brasileira-que-combate-a-retencao-de-liquidos-e-o-inchaco-nas-pernas\/","title":{"rendered":"A \u00e1rvore brasileira que combate a reten\u00e7\u00e3o de l\u00edquidos e o incha\u00e7o nas pernas"},"content":{"rendered":"\n<p>Voc\u00ea j\u00e1 ouviu algu\u00e9m falar que toma um ch\u00e1 de <b>Pata-de-vaca<\/b> para \u201cbaixar o a\u00e7\u00facar do sangue\u201d? Em muitas fam\u00edlias, essa planta \u00e9 parte da rotina de cuidados com a <b>sa\u00fade<\/b>, seja para ajudar na glicemia, seja para diminuir a reten\u00e7\u00e3o de l\u00edquidos. Mas, mesmo sendo uma planta popular, ainda existem muitas d\u00favidas sobre como usar, para quem \u00e9 indicada e quais cuidados s\u00e3o realmente importantes.<\/p>\n\n\n\n<h2 class=\"wp-block-heading\">O que \u00e9 Pata-de-vaca e por que ficou conhecida como insulina vegetal<\/h2>\n\n\n\n<p>A <b>Pata-de-vaca<\/b>, de nome cient\u00edfico <b>Bauhinia forficata<\/b>, \u00e9 uma \u00e1rvore de m\u00e9dio porte com folhas em formato que lembra a marca da pata de uma vaca. As folhas s\u00e3o as partes mais usadas, principalmente em forma de ch\u00e1 caseiro ou em prepara\u00e7\u00f5es prontas encontradas em farm\u00e1cias e lojas de produtos naturais.<\/p>\n\n\n\n<p>Ela ganhou o apelido de <b>\u201cinsulina vegetal\u201d<\/b> porque, na cultura popular, \u00e9 associada \u00e0 ajuda no controle do a\u00e7\u00facar no sangue, especialmente em pessoas com pr\u00e9-diabetes ou <b>diabetes tipo 2<\/b>. Estudos apontam que compostos como flavonoides podem atuar no metabolismo da glicose, mas ainda como complemento, e n\u00e3o como substituto dos rem\u00e9dios tradicionais.<\/p>\n\n\n\n<figure class=\"wp-block-embed is-type-rich is-provider-pinterest wp-block-embed-pinterest\"><div class=\"wp-block-embed__wrapper\">\n<iframe loading=\"lazy\" title=\"Pata de vaca\" src=\"https:\/\/assets.pinterest.com\/ext\/embed.html?id=3518505954906458&#038;src=oembed\" height=\"899\" width=\"450\" frameborder=\"0\" scrolling=\"no\" ><\/iframe>\n<\/div><\/figure>\n\n\n\n<p>Leia tamb\u00e9m:&nbsp;<a href=\"https:\/\/www.em.com.br\/emfoco\/2026\/01\/20\/planta-medicinal-comum-em-quintais-brasileiros-levanta-alerta-veja-a-unica-forma-segura-de-usar-essa-planta\/\" target=\"_blank\" rel=\"noopener\">Planta medicinal comum em quintais brasileiros levanta alerta: veja a \u00fanica forma segura de usar essa planta<\/a><\/p>\n\n\n\n<h2 class=\"wp-block-heading\">Como a Pata-de-vaca pode ajudar no controle da glicemia<\/h2>\n\n\n\n<p>Relatos populares e algumas pesquisas sugerem que a <b>Pata-de-vaca<\/b> pode contribuir para melhorar a forma como o corpo usa a <b>glicose<\/b>. Em estudos com animais, por exemplo, o extrato da planta mostrou redu\u00e7\u00e3o nos n\u00edveis de a\u00e7\u00facar no sangue, possivelmente ajudando na sensibilidade \u00e0 insulina ou na entrada de glicose nas c\u00e9lulas.<\/p>\n\n\n\n<p>No dia a dia, isso significa que a planta pode ser vista como um apoio, junto com alimenta\u00e7\u00e3o equilibrada, movimento regular e sono de qualidade. Quem j\u00e1 faz uso de insulina ou rem\u00e9dios para <b>diabetes<\/b> n\u00e3o deve ajustar doses por conta pr\u00f3pria, pois a combina\u00e7\u00e3o com o ch\u00e1 pode causar queda excessiva de <b>glicemia<\/b>.<\/p>\n\n\n\n<h2 class=\"wp-block-heading\">A Pata-de-vaca realmente tem efeito diur\u00e9tico<\/h2>\n\n\n\n<p>Muita gente toma ch\u00e1 de <b>Pata-de-vaca<\/b> para se sentir \u201cmenos inchada\u201d e eliminar l\u00edquidos com mais facilidade. Em alguns casos, observa-se aumento da produ\u00e7\u00e3o de <b>urina<\/b>, o que d\u00e1 a sensa\u00e7\u00e3o de al\u00edvio da reten\u00e7\u00e3o h\u00eddrica, especialmente em dias mais quentes ou em quem passa muito tempo sentado.<\/p>\n\n\n\n<p>Por outro lado, esse efeito diur\u00e9tico exige cuidado, porque o corpo tamb\u00e9m pode perder mais sais minerais e <b>l\u00edquidos<\/b> do que o desejado. Pessoas com problemas renais, card\u00edacos ou que j\u00e1 usam rem\u00e9dios diur\u00e9ticos precisam de orienta\u00e7\u00e3o profissional para evitar cansa\u00e7o extremo, tonturas ou altera\u00e7\u00f5es na <b>press\u00e3o<\/b> arterial.<\/p>\n\n\n\n<p>Para voc\u00ea que gosta de se cuidar, separamos um v\u00eddeo do canal da <a href=\"https:\/\/www.youtube.com\/@AngelaXavier\" target=\"_blank\" rel=\"noreferrer noopener\">Angela Xavier<\/a> com dicas de consumo e benef\u00edcios do ch\u00e1 de para de vaca:<\/p>\n\n\n\n<figure class=\"wp-block-embed is-type-video is-provider-youtube wp-block-embed-youtube wp-embed-aspect-16-9 wp-has-aspect-ratio\"><div class=\"wp-block-embed__wrapper\">\n<div class=\"jeg_video_container jeg_video_content\"><iframe loading=\"lazy\" title=\"Pata de vaca: diabetes, coagula\u00e7\u00e3o, gastrite, c\u00e2ncer\u2026\" width=\"500\" height=\"281\" src=\"https:\/\/www.youtube.com\/embed\/_awkC6l9osU?feature=oembed\" frameborder=\"0\" allow=\"accelerometer; autoplay; clipboard-write; encrypted-media; gyroscope; picture-in-picture; web-share\" referrerpolicy=\"strict-origin-when-cross-origin\" allowfullscreen><\/iframe><\/div>\n<\/div><\/figure>\n\n\n\n<h2 class=\"wp-block-heading\">Cuidados, contraindica\u00e7\u00f5es e formas seguras de uso da Pata-de-vaca<\/h2>\n\n\n\n<p>Apesar de ser uma planta \u201cnatural\u201d, a <b>Pata-de-vaca<\/b> tamb\u00e9m pode causar problemas se usada sem orienta\u00e7\u00e3o ou em excesso. Ela costuma ser consumida em forma de ch\u00e1, c\u00e1psulas ou extratos, com dose e tempo de uso definidos de acordo com a necessidade e com o hist\u00f3rico de <b>sa\u00fade<\/b> de cada pessoa.<\/p>\n\n\n\n<p>Alguns grupos precisam de aten\u00e7\u00e3o redobrada e, em muitos casos, evitar o uso sem libera\u00e7\u00e3o de um profissional. Entre eles, destacam-se:<\/p>\n\n\n\n<ul class=\"wp-block-list\">\n<li><b>Gestantes e lactantes<\/b>, devido \u00e0 falta de estudos suficientes sobre seguran\u00e7a.<\/li>\n\n\n\n<li><b>Crian\u00e7as<\/b>, que n\u00e3o devem usar fitoter\u00e1picos sem indica\u00e7\u00e3o espec\u00edfica.<\/li>\n\n\n\n<li>Pessoas com <b>diabetes<\/b> em uso de insulina ou hipoglicemiantes, pelo risco de hipoglicemia.<\/li>\n\n\n\n<li>Indiv\u00edduos com doen\u00e7a <b>renal<\/b>, hep\u00e1tica ou card\u00edaca j\u00e1 diagnosticada.<\/li>\n<\/ul>\n\n\n\n<figure class=\"wp-block-embed is-type-rich is-provider-pinterest wp-block-embed-pinterest\"><div class=\"wp-block-embed__wrapper\">\n<iframe loading=\"lazy\" title=\"Pata de vaca: para que serve e como fazer o ch\u00e1\" src=\"https:\/\/assets.pinterest.com\/ext\/embed.html?id=298574650318429438&#038;src=oembed\" height=\"899\" width=\"450\" frameborder=\"0\" scrolling=\"no\" ><\/iframe>\n<\/div><\/figure>\n\n\n\n<h2 class=\"wp-block-heading\">Como preparar o ch\u00e1 de Pata-de-vaca e usar de forma consciente<\/h2>\n\n\n\n<p>Quando h\u00e1 libera\u00e7\u00e3o profissional, o ch\u00e1 de <b>Pata-de-vaca<\/b> costuma ser uma das formas mais simples de uso no dia a dia. A ideia \u00e9 preparar uma bebida leve, em quantidade adequada, sem exageros, sempre observando como o corpo reage e mantendo o acompanhamento com m\u00e9dico ou nutricionista habituados ao uso de <b>fitoter\u00e1picos<\/b>.<\/p>\n\n\n\n<p>De modo geral, o preparo inclui ferver \u00e1gua, adicionar a quantidade de folhas secas recomendada, deixar em infus\u00e3o por alguns minutos, coar e consumir nos hor\u00e1rios combinados. \u00c9 importante respeitar o limite di\u00e1rio, fazer pausas no uso e acompanhar exames de <b>sangue<\/b> e glicemia, para que a planta seja uma aliada dentro de um cuidado mais amplo, equilibrando saber tradicional, ci\u00eancia e orienta\u00e7\u00e3o profissional.<\/p>\n","protected":false},"excerpt":{"rendered":"<p>Voc\u00ea j\u00e1 ouviu algu\u00e9m falar que toma um ch\u00e1 de Pata-de-vaca para \u201cbaixar o a\u00e7\u00facar do sangue\u201d? Em muitas fam\u00edlias, essa planta \u00e9 parte da rotina de cuidados com a sa\u00fade, seja para ajudar na glicemia, seja para diminuir a reten\u00e7\u00e3o de l\u00edquidos. Mas, mesmo sendo uma planta popular, ainda existem muitas d\u00favidas sobre como [&hellip;]<\/p>\n","protected":false},"author":9,"featured_media":180331,"comment_status":"open","ping_status":"open","sticky":false,"template":"","format":"standard","meta":{"jnews-multi-image_gallery":[],"jnews_single_post":{"format":"standard"},"jnews_primary_category":[],"jnews_social_meta":[],"jnews_override_counter":[],"footnotes":""},"categories":[8819,1],"tags":[3506,15676,8282],"class_list":["post-180298","post","type-post","status-publish","format-standard","has-post-thumbnail","hentry","category-curiosidades","category-noticias","tag-diabetes","tag-insulina","tag-pata-de-vaca"],"yoast_head":"<!-- This site is optimized with the Yoast SEO plugin v23.8 - https:\/\/yoast.com\/wordpress\/plugins\/seo\/ -->\n<title>A \u00e1rvore brasileira que combate a reten\u00e7\u00e3o de l\u00edquidos e o incha\u00e7o nas pernas - Estado de Minas - Em foco<\/title>\n<meta name=\"description\" content=\"Entenda como a pata-de-vaca auxilia no controle da glicemia e combate o incha\u00e7o com seguran\u00e7a e efic\u00e1cia\" \/>\n<meta name=\"robots\" content=\"index, follow, max-snippet:-1, max-image-preview:large, max-video-preview:-1\" \/>\n<link rel=\"canonical\" href=\"https:\/\/www.em.com.br\/emfoco\/2026\/03\/12\/a-arvore-brasileira-que-combate-a-retencao-de-liquidos-e-o-inchaco-nas-pernas\/\" \/>\n<meta property=\"og:locale\" content=\"pt_BR\" \/>\n<meta property=\"og:type\" content=\"article\" \/>\n<meta property=\"og:title\" content=\"A \u00e1rvore brasileira que combate a reten\u00e7\u00e3o de l\u00edquidos e o incha\u00e7o nas pernas - Estado de Minas - Em foco\" \/>\n<meta property=\"og:description\" content=\"Entenda como a pata-de-vaca auxilia no controle da glicemia e combate o incha\u00e7o com seguran\u00e7a e efic\u00e1cia\" \/>\n<meta property=\"og:url\" content=\"https:\/\/www.em.com.br\/emfoco\/2026\/03\/12\/a-arvore-brasileira-que-combate-a-retencao-de-liquidos-e-o-inchaco-nas-pernas\/\" \/>\n<meta property=\"og:site_name\" content=\"Estado de Minas - Em foco\" \/>\n<meta property=\"article:published_time\" content=\"2026-03-13T00:05:38+00:00\" \/>\n<meta property=\"article:modified_time\" content=\"2026-03-11T19:01:31+00:00\" \/>\n<meta property=\"og:image\" content=\"https:\/\/www.em.com.br\/emfoco\/wp-content\/uploads\/2026\/03\/Gemini_Generated_Image_8v8qe38v8qe38v8q-1.png\" \/>\n\t<meta property=\"og:image:width\" content=\"1280\" \/>\n\t<meta property=\"og:image:height\" content=\"720\" \/>\n\t<meta property=\"og:image:type\" content=\"image\/png\" \/>\n<meta name=\"author\" content=\"Daniely Cardoso\" \/>\n<meta name=\"twitter:card\" content=\"summary_large_image\" \/>\n<meta name=\"twitter:label1\" content=\"Escrito por\" \/>\n\t<meta name=\"twitter:data1\" content=\"Daniely Cardoso\" \/>\n\t<meta name=\"twitter:label2\" content=\"Est. tempo de leitura\" \/>\n\t<meta name=\"twitter:data2\" content=\"5 minutos\" \/>\n<!-- \/ Yoast SEO plugin. -->","yoast_head_json":{"title":"A \u00e1rvore brasileira que combate a reten\u00e7\u00e3o de l\u00edquidos e o incha\u00e7o nas pernas - Estado de Minas - Em foco","description":"Entenda como a pata-de-vaca auxilia no controle da glicemia e combate o incha\u00e7o com seguran\u00e7a e efic\u00e1cia","robots":{"index":"index","follow":"follow","max-snippet":"max-snippet:-1","max-image-preview":"max-image-preview:large","max-video-preview":"max-video-preview:-1"},"canonical":"https:\/\/www.em.com.br\/emfoco\/2026\/03\/12\/a-arvore-brasileira-que-combate-a-retencao-de-liquidos-e-o-inchaco-nas-pernas\/","og_locale":"pt_BR","og_type":"article","og_title":"A \u00e1rvore brasileira que combate a reten\u00e7\u00e3o de l\u00edquidos e o incha\u00e7o nas pernas - Estado de Minas - Em foco","og_description":"Entenda como a pata-de-vaca auxilia no controle da glicemia e combate o incha\u00e7o com seguran\u00e7a e efic\u00e1cia","og_url":"https:\/\/www.em.com.br\/emfoco\/2026\/03\/12\/a-arvore-brasileira-que-combate-a-retencao-de-liquidos-e-o-inchaco-nas-pernas\/","og_site_name":"Estado de Minas - Em foco","article_published_time":"2026-03-13T00:05:38+00:00","article_modified_time":"2026-03-11T19:01:31+00:00","og_image":[{"width":1280,"height":720,"url":"https:\/\/www.em.com.br\/emfoco\/wp-content\/uploads\/2026\/03\/Gemini_Generated_Image_8v8qe38v8qe38v8q-1.png","type":"image\/png"}],"author":"Daniely Cardoso","twitter_card":"summary_large_image","twitter_misc":{"Escrito por":"Daniely Cardoso","Est. tempo de leitura":"5 minutos"},"schema":{"@context":"https:\/\/schema.org","@graph":[{"@type":"WebPage","@id":"https:\/\/www.em.com.br\/emfoco\/2026\/03\/12\/a-arvore-brasileira-que-combate-a-retencao-de-liquidos-e-o-inchaco-nas-pernas\/","url":"https:\/\/www.em.com.br\/emfoco\/2026\/03\/12\/a-arvore-brasileira-que-combate-a-retencao-de-liquidos-e-o-inchaco-nas-pernas\/","name":"A \u00e1rvore brasileira que combate a reten\u00e7\u00e3o de l\u00edquidos e o incha\u00e7o nas pernas - Estado de Minas - Em foco","isPartOf":{"@id":"https:\/\/www.em.com.br\/emfoco\/#website"},"primaryImageOfPage":{"@id":"https:\/\/www.em.com.br\/emfoco\/2026\/03\/12\/a-arvore-brasileira-que-combate-a-retencao-de-liquidos-e-o-inchaco-nas-pernas\/#primaryimage"},"image":{"@id":"https:\/\/www.em.com.br\/emfoco\/2026\/03\/12\/a-arvore-brasileira-que-combate-a-retencao-de-liquidos-e-o-inchaco-nas-pernas\/#primaryimage"},"thumbnailUrl":"https:\/\/www.em.com.br\/emfoco\/wp-content\/uploads\/2026\/03\/Gemini_Generated_Image_8v8qe38v8qe38v8q-1.png","datePublished":"2026-03-13T00:05:38+00:00","dateModified":"2026-03-11T19:01:31+00:00","author":{"@id":"https:\/\/www.em.com.br\/emfoco\/#\/schema\/person\/0a8186d72f2c3a5c6276d90b41f271a0"},"description":"Entenda como a pata-de-vaca auxilia no controle da glicemia e combate o incha\u00e7o com seguran\u00e7a e efic\u00e1cia","breadcrumb":{"@id":"https:\/\/www.em.com.br\/emfoco\/2026\/03\/12\/a-arvore-brasileira-que-combate-a-retencao-de-liquidos-e-o-inchaco-nas-pernas\/#breadcrumb"},"inLanguage":"pt-BR","potentialAction":[{"@type":"ReadAction","target":["https:\/\/www.em.com.br\/emfoco\/2026\/03\/12\/a-arvore-brasileira-que-combate-a-retencao-de-liquidos-e-o-inchaco-nas-pernas\/"]}]},{"@type":"ImageObject","inLanguage":"pt-BR","@id":"https:\/\/www.em.com.br\/emfoco\/2026\/03\/12\/a-arvore-brasileira-que-combate-a-retencao-de-liquidos-e-o-inchaco-nas-pernas\/#primaryimage","url":"https:\/\/www.em.com.br\/emfoco\/wp-content\/uploads\/2026\/03\/Gemini_Generated_Image_8v8qe38v8qe38v8q-1.png","contentUrl":"https:\/\/www.em.com.br\/emfoco\/wp-content\/uploads\/2026\/03\/Gemini_Generated_Image_8v8qe38v8qe38v8q-1.png","width":1280,"height":720,"caption":"Ela ganhou o apelido de \u201cinsulina vegetal\u201d porque, na cultura popular, \u00e9 associada \u00e0 ajuda no controle do a\u00e7\u00facar no sangue"},{"@type":"BreadcrumbList","@id":"https:\/\/www.em.com.br\/emfoco\/2026\/03\/12\/a-arvore-brasileira-que-combate-a-retencao-de-liquidos-e-o-inchaco-nas-pernas\/#breadcrumb","itemListElement":[{"@type":"ListItem","position":1,"name":"In\u00edcio","item":"https:\/\/www.em.com.br\/emfoco\/"},{"@type":"ListItem","position":2,"name":"A \u00e1rvore brasileira que combate a reten\u00e7\u00e3o de l\u00edquidos e o incha\u00e7o nas pernas"}]},{"@type":"WebSite","@id":"https:\/\/www.em.com.br\/emfoco\/#website","url":"https:\/\/www.em.com.br\/emfoco\/","name":"Estado de Minas - Em foco","description":"Acompanhe as \u00faltimas not\u00edcias e fique bem informado sobre tudo o que acontece em Minas Gerais, Brasil e no mundo.","potentialAction":[{"@type":"SearchAction","target":{"@type":"EntryPoint","urlTemplate":"https:\/\/www.em.com.br\/emfoco\/?s={search_term_string}"},"query-input":{"@type":"PropertyValueSpecification","valueRequired":true,"valueName":"search_term_string"}}],"inLanguage":"pt-BR"},{"@type":"Person","@id":"https:\/\/www.em.com.br\/emfoco\/#\/schema\/person\/0a8186d72f2c3a5c6276d90b41f271a0","name":"Daniely Cardoso","image":{"@type":"ImageObject","inLanguage":"pt-BR","@id":"https:\/\/www.em.com.br\/emfoco\/#\/schema\/person\/image\/","url":"https:\/\/secure.gravatar.com\/avatar\/4b80ddbd124d1f071b626d52d62e5dff?s=96&d=mm&r=g","contentUrl":"https:\/\/secure.gravatar.com\/avatar\/4b80ddbd124d1f071b626d52d62e5dff?s=96&d=mm&r=g","caption":"Daniely Cardoso"},"url":"https:\/\/www.em.com.br\/emfoco\/author\/danielymyth\/"}]}},"_links":{"self":[{"href":"https:\/\/www.em.com.br\/emfoco\/wp-json\/wp\/v2\/posts\/180298","targetHints":{"allow":["GET"]}}],"collection":[{"href":"https:\/\/www.em.com.br\/emfoco\/wp-json\/wp\/v2\/posts"}],"about":[{"href":"https:\/\/www.em.com.br\/emfoco\/wp-json\/wp\/v2\/types\/post"}],"author":[{"embeddable":true,"href":"https:\/\/www.em.com.br\/emfoco\/wp-json\/wp\/v2\/users\/9"}],"replies":[{"embeddable":true,"href":"https:\/\/www.em.com.br\/emfoco\/wp-json\/wp\/v2\/comments?post=180298"}],"version-history":[{"count":2,"href":"https:\/\/www.em.com.br\/emfoco\/wp-json\/wp\/v2\/posts\/180298\/revisions"}],"predecessor-version":[{"id":180332,"href":"https:\/\/www.em.com.br\/emfoco\/wp-json\/wp\/v2\/posts\/180298\/revisions\/180332"}],"wp:featuredmedia":[{"embeddable":true,"href":"https:\/\/www.em.com.br\/emfoco\/wp-json\/wp\/v2\/media\/180331"}],"wp:attachment":[{"href":"https:\/\/www.em.com.br\/emfoco\/wp-json\/wp\/v2\/media?parent=180298"}],"wp:term":[{"taxonomy":"category","embeddable":true,"href":"https:\/\/www.em.com.br\/emfoco\/wp-json\/wp\/v2\/categories?post=180298"},{"taxonomy":"post_tag","embeddable":true,"href":"https:\/\/www.em.com.br\/emfoco\/wp-json\/wp\/v2\/tags?post=180298"}],"curies":[{"name":"wp","href":"https:\/\/api.w.org\/{rel}","templated":true}]}}